{"id":6425,"date":"2026-03-16T18:56:42","date_gmt":"2026-03-16T21:56:42","guid":{"rendered":"https:\/\/dogtagclan.com.br\/blog\/?p=6425"},"modified":"2026-03-16T18:57:29","modified_gmt":"2026-03-16T21:57:29","slug":"credencial-de-pastor-para-que-serve-como-fazer-e-onde-comprar-uma-credencial-ministerial","status":"publish","type":"post","link":"https:\/\/dogtagclan.com.br\/blog\/credencial-de-pastor-para-que-serve-como-fazer-e-onde-comprar-uma-credencial-ministerial\/","title":{"rendered":"Credencial de Pastor: Para Que Serve, Como Fazer e Onde Comprar uma Credencial Ministerial"},"content":{"rendered":"\n<p>A <strong>credencial de pastor<\/strong> \u00e9 um documento de identifica\u00e7\u00e3o utilizado por l\u00edderes religiosos para comprovar sua fun\u00e7\u00e3o ministerial. Ela \u00e9 muito utilizada em visitas pastorais, hospitais, pres\u00eddios, eventos religiosos e atividades mission\u00e1rias.<\/p>\n\n\n\n<p>Nos \u00faltimos anos, muitas igrejas passaram a adotar <strong>credenciais pastorais em PVC<\/strong>, semelhantes a cart\u00f5es banc\u00e1rios, por serem mais dur\u00e1veis, profissionais e f\u00e1ceis de portar.<\/p>\n\n\n\n<p>Neste artigo voc\u00ea vai entender:<\/p>\n\n\n\n<ul>\n<li>O que \u00e9 uma credencial pastoral<\/li>\n\n\n\n<li>Para que ela serve<\/li>\n\n\n\n<li>Como fazer uma credencial de pastor<\/li>\n\n\n\n<li>Onde comprar uma credencial ministerial personalizada<\/li>\n<\/ul>\n\n\n\n<figure class=\"wp-block-image size-large is-resized\"><img decoding=\"async\" width=\"1024\" height=\"1024\" src=\"https:\/\/dogtagclan.com.br\/blog\/wp-content\/uploads\/2026\/03\/image-33-1024x1024.png\" alt=\"\" class=\"wp-image-6421\" style=\"width:670px;height:auto\" srcset=\"https:\/\/dogtagclan.com.br\/blog\/wp-content\/uploads\/2026\/03\/image-33-1024x1024.png 1024w, https:\/\/dogtagclan.com.br\/blog\/wp-content\/uploads\/2026\/03\/image-33-300x300.png 300w, https:\/\/dogtagclan.com.br\/blog\/wp-content\/uploads\/2026\/03\/image-33-150x150.png 150w, https:\/\/dogtagclan.com.br\/blog\/wp-content\/uploads\/2026\/03\/image-33-768x768.png 768w, https:\/\/dogtagclan.com.br\/blog\/wp-content\/uploads\/2026\/03\/image-33-1536x1536.png 1536w, https:\/\/dogtagclan.com.br\/blog\/wp-content\/uploads\/2026\/03\/image-33-96x96.png 96w, https:\/\/dogtagclan.com.br\/blog\/wp-content\/uploads\/2026\/03\/image-33.png 1600w\" sizes=\"(max-width: 1024px) 100vw, 1024px\" \/><\/figure>\n\n\n\n<hr class=\"wp-block-separator has-alpha-channel-opacity\"\/>\n\n\n\n<h1 class=\"wp-block-heading\" id=\"h-o-que-uma-credencial-de-pastor\">O que \u00e9 uma Credencial de Pastor<\/h1>\n\n\n\n<p>A <strong>credencial pastoral<\/strong> \u00e9 um cart\u00e3o de identifica\u00e7\u00e3o que confirma que determinada pessoa exerce fun\u00e7\u00e3o ministerial dentro de uma igreja ou minist\u00e9rio.<\/p>\n\n\n\n<p>Ela pode conter informa\u00e7\u00f5es como:<\/p>\n\n\n\n<ul>\n<li>Nome do pastor<\/li>\n\n\n\n<li>Foto<\/li>\n\n\n\n<li>Nome da igreja ou minist\u00e9rio<\/li>\n\n\n\n<li>Cargo ministerial<\/li>\n\n\n\n<li>N\u00famero da credencial<\/li>\n\n\n\n<li>Data de validade<\/li>\n\n\n\n<li>Assinatura do respons\u00e1vel ou presidente do minist\u00e9rio<\/li>\n<\/ul>\n\n\n\n<p>Esse documento ajuda a <strong>identificar oficialmente o l\u00edder religioso<\/strong> em diversas situa\u00e7\u00f5es do dia a dia.<\/p>\n\n\n\n<hr class=\"wp-block-separator has-alpha-channel-opacity\"\/>\n\n\n\n<h1 class=\"wp-block-heading\" id=\"h-para-que-serve-a-credencial-pastoral\">Para Que Serve a Credencial Pastoral<\/h1>\n\n\n\n<p>A credencial ministerial tem v\u00e1rias finalidades importantes.<\/p>\n\n\n\n<h2 class=\"wp-block-heading\" id=\"h-identifica-o-em-hospitais\">Identifica\u00e7\u00e3o em hospitais<\/h2>\n\n\n\n<p>Pastores frequentemente realizam <strong>visitas pastorais em hospitais<\/strong>, levando ora\u00e7\u00e3o e apoio espiritual aos enfermos.<\/p>\n\n\n\n<p>Ter uma credencial facilita a identifica\u00e7\u00e3o junto \u00e0 recep\u00e7\u00e3o ou equipe m\u00e9dica.<\/p>\n\n\n\n<hr class=\"wp-block-separator has-alpha-channel-opacity\"\/>\n\n\n\n<h2 class=\"wp-block-heading\" id=\"h-entrada-em-pres-dios\">Entrada em pres\u00eddios<\/h2>\n\n\n\n<p>Em muitos pres\u00eddios, l\u00edderes religiosos realizam:<\/p>\n\n\n\n<ul>\n<li>cultos<\/li>\n\n\n\n<li>aconselhamento espiritual<\/li>\n\n\n\n<li>assist\u00eancia religiosa<\/li>\n<\/ul>\n\n\n\n<p>A <strong>credencial pastoral<\/strong> ajuda a comprovar que o visitante est\u00e1 autorizado a exercer atividade religiosa.<\/p>\n\n\n\n<hr class=\"wp-block-separator has-alpha-channel-opacity\"\/>\n\n\n\n<h2 class=\"wp-block-heading\" id=\"h-participa-o-em-eventos-e-congressos\">Participa\u00e7\u00e3o em eventos e congressos<\/h2>\n\n\n\n<p>Em confer\u00eancias e eventos evang\u00e9licos, a credencial tamb\u00e9m serve como <strong>documento de identifica\u00e7\u00e3o ministerial<\/strong>.<\/p>\n\n\n\n<p>Ela pode indicar:<\/p>\n\n\n\n<ul>\n<li>cargo<\/li>\n\n\n\n<li>igreja<\/li>\n\n\n\n<li>minist\u00e9rio<\/li>\n\n\n\n<li>fun\u00e7\u00e3o no evento<\/li>\n<\/ul>\n\n\n\n<hr class=\"wp-block-separator has-alpha-channel-opacity\"\/>\n\n\n\n<h1 class=\"wp-block-heading\" id=\"h-diferen-a-entre-credencial-pastoral-e-ordena-o-ministerial\">Diferen\u00e7a Entre Credencial Pastoral e Ordena\u00e7\u00e3o Ministerial<\/h1>\n\n\n\n<p>Muitas pessoas confundem esses dois conceitos.<\/p>\n\n\n\n<h2 class=\"wp-block-heading\" id=\"h-ordena-o-pastoral\">Ordena\u00e7\u00e3o pastoral<\/h2>\n\n\n\n<p>A <strong>ordena\u00e7\u00e3o pastoral<\/strong> \u00e9 um reconhecimento espiritual e institucional feito pela igreja ou conven\u00e7\u00e3o.<\/p>\n\n\n\n<p>Ela normalmente envolve:<\/p>\n\n\n\n<ul>\n<li>consagra\u00e7\u00e3o<\/li>\n\n\n\n<li>imposi\u00e7\u00e3o de m\u00e3os<\/li>\n\n\n\n<li>reconhecimento ministerial<\/li>\n<\/ul>\n\n\n\n<figure class=\"wp-block-image size-full\"><img decoding=\"async\" width=\"500\" height=\"500\" src=\"https:\/\/dogtagclan.com.br\/blog\/wp-content\/uploads\/2026\/03\/na-mesa-1.jpg\" alt=\"\" class=\"wp-image-6396\" srcset=\"https:\/\/dogtagclan.com.br\/blog\/wp-content\/uploads\/2026\/03\/na-mesa-1.jpg 500w, https:\/\/dogtagclan.com.br\/blog\/wp-content\/uploads\/2026\/03\/na-mesa-1-300x300.jpg 300w, https:\/\/dogtagclan.com.br\/blog\/wp-content\/uploads\/2026\/03\/na-mesa-1-150x150.jpg 150w, https:\/\/dogtagclan.com.br\/blog\/wp-content\/uploads\/2026\/03\/na-mesa-1-96x96.jpg 96w\" sizes=\"(max-width: 500px) 100vw, 500px\" \/><\/figure>\n\n\n\n<hr class=\"wp-block-separator has-alpha-channel-opacity\"\/>\n\n\n\n<h2 class=\"wp-block-heading\" id=\"h-credencial-pastoral\">Credencial pastoral<\/h2>\n\n\n\n<p>A credencial \u00e9 apenas o <strong>documento de identifica\u00e7\u00e3o f\u00edsica<\/strong>.<\/p>\n\n\n\n<p>Ela comprova visualmente que o l\u00edder exerce aquela fun\u00e7\u00e3o dentro de um minist\u00e9rio.<\/p>\n\n\n\n<hr class=\"wp-block-separator has-alpha-channel-opacity\"\/>\n\n\n\n<h1 class=\"wp-block-heading\" id=\"h-como-fazer-uma-credencial-de-pastor\">Como Fazer uma Credencial de Pastor<\/h1>\n\n\n\n<p>Existem duas formas principais de obter uma credencial pastoral.<\/p>\n\n\n\n<hr class=\"wp-block-separator has-alpha-channel-opacity\"\/>\n\n\n\n<h2 class=\"wp-block-heading\" id=\"h-1-emitida-por-conven-es-ou-conselhos-de-pastores\">1\ufe0f\u20e3 Emitida por conven\u00e7\u00f5es ou conselhos de pastores<\/h2>\n\n\n\n<p>Algumas conven\u00e7\u00f5es religiosas fornecem credenciais ministeriais oficiais para pastores filiados.<\/p>\n\n\n\n<p>Normalmente exige:<\/p>\n\n\n\n<ul>\n<li>comprova\u00e7\u00e3o de ordena\u00e7\u00e3o<\/li>\n\n\n\n<li>cadastro no minist\u00e9rio<\/li>\n\n\n\n<li>taxa anual<\/li>\n<\/ul>\n\n\n\n<figure class=\"wp-block-image size-large is-resized\"><img decoding=\"async\" width=\"1024\" height=\"683\" src=\"https:\/\/dogtagclan.com.br\/blog\/wp-content\/uploads\/2026\/03\/ac001254-0e0b-4175-9e90-51d0f8797a92-1024x683.png\" alt=\"Modelos de credencial de pastor e carteirinha de membro em PVC para identifica\u00e7\u00e3o de igrejas\" class=\"wp-image-6420\" style=\"width:516px;height:auto\" srcset=\"https:\/\/dogtagclan.com.br\/blog\/wp-content\/uploads\/2026\/03\/ac001254-0e0b-4175-9e90-51d0f8797a92-1024x683.png 1024w, https:\/\/dogtagclan.com.br\/blog\/wp-content\/uploads\/2026\/03\/ac001254-0e0b-4175-9e90-51d0f8797a92-300x200.png 300w, https:\/\/dogtagclan.com.br\/blog\/wp-content\/uploads\/2026\/03\/ac001254-0e0b-4175-9e90-51d0f8797a92-768x512.png 768w, https:\/\/dogtagclan.com.br\/blog\/wp-content\/uploads\/2026\/03\/ac001254-0e0b-4175-9e90-51d0f8797a92-150x100.png 150w, https:\/\/dogtagclan.com.br\/blog\/wp-content\/uploads\/2026\/03\/ac001254-0e0b-4175-9e90-51d0f8797a92.png 1536w\" sizes=\"(max-width: 1024px) 100vw, 1024px\" \/><figcaption class=\"wp-element-caption\">Exemplo de credencial de pastor e carteirinha de membro em PVC 0,76 mm utilizadas para identifica\u00e7\u00e3o em igrejas e minist\u00e9rios.<\/figcaption><\/figure>\n\n\n\n<hr class=\"wp-block-separator has-alpha-channel-opacity\"\/>\n\n\n\n<h2 class=\"wp-block-heading\" id=\"h-2-credencial-de-identifica-o-feita-pela-pr-pria-igreja\">2\ufe0f\u20e3 Credencial de identifica\u00e7\u00e3o feita pela pr\u00f3pria igreja<\/h2>\n\n\n\n<p>Muitas igrejas produzem <strong>credenciais internas para seus l\u00edderes<\/strong>.<\/p>\n\n\n\n<p>Esse modelo \u00e9 utilizado para:<\/p>\n\n\n\n<ul>\n<li>pastores<\/li>\n\n\n\n<li>mission\u00e1rios<\/li>\n\n\n\n<li>evangelistas<\/li>\n\n\n\n<li>obreiros<\/li>\n\n\n\n<li>l\u00edderes de minist\u00e9rio<\/li>\n<\/ul>\n\n\n\n<p>Hoje o formato mais utilizado \u00e9 o <strong>cart\u00e3o em PVC<\/strong>, pela durabilidade e apar\u00eancia profissional.<\/p>\n\n\n\n<hr class=\"wp-block-separator has-alpha-channel-opacity\"\/>\n\n\n\n<h1 class=\"wp-block-heading\" id=\"h-modelos-de-credencial-de-pastor\">Modelos de Credencial de Pastor<\/h1>\n\n\n\n<p>Uma credencial pastoral pode ter diversos formatos.<\/p>\n\n\n\n<p>Entre os mais comuns est\u00e3o:<\/p>\n\n\n\n<h3 class=\"wp-block-heading\" id=\"h-credencial-com-foto\">Credencial com foto<\/h3>\n\n\n\n<p>Modelo mais utilizado.<\/p>\n\n\n\n<p>Inclui:<\/p>\n\n\n\n<ul>\n<li>foto<\/li>\n\n\n\n<li>nome<\/li>\n\n\n\n<li>cargo<\/li>\n\n\n\n<li>igreja<\/li>\n<\/ul>\n\n\n\n<hr class=\"wp-block-separator has-alpha-channel-opacity\"\/>\n\n\n\n<h3 class=\"wp-block-heading\" id=\"h-credencial-ministerial-com-validade\">Credencial ministerial com validade<\/h3>\n\n\n\n<p>Algumas igrejas colocam:<\/p>\n\n\n\n<ul>\n<li>data de emiss\u00e3o<\/li>\n\n\n\n<li>data de validade<\/li>\n<\/ul>\n\n\n\n<p>Isso ajuda no controle interno da institui\u00e7\u00e3o.<\/p>\n\n\n\n<hr class=\"wp-block-separator has-alpha-channel-opacity\"\/>\n\n\n\n<h3 class=\"wp-block-heading\" id=\"h-carteirinha-de-membro-da-igreja\">Carteirinha de membro da igreja<\/h3>\n\n\n\n<p>Al\u00e9m da credencial pastoral, muitas igrejas tamb\u00e9m criam <strong>carteirinhas para membros<\/strong>.<\/p>\n\n\n\n<p>Elas ajudam na organiza\u00e7\u00e3o da igreja e identifica\u00e7\u00e3o dos participantes.<\/p>\n\n\n\n<hr class=\"wp-block-separator has-alpha-channel-opacity\"\/>\n\n\n\n<h1 class=\"wp-block-heading\" id=\"h-onde-comprar-credencial-de-pastor-personalizada\">Onde Comprar Credencial de Pastor Personalizada<\/h1>\n\n\n\n<p>Hoje \u00e9 poss\u00edvel produzir credenciais ministeriais profissionais em <strong>PVC 0,76 mm<\/strong>, o mesmo material utilizado em cart\u00f5es banc\u00e1rios.<\/p>\n\n\n\n<p>Esse tipo de cart\u00e3o oferece:<\/p>\n\n\n\n<ul>\n<li>alta durabilidade<\/li>\n\n\n\n<li>acabamento profissional<\/li>\n\n\n\n<li>resist\u00eancia ao uso di\u00e1rio<\/li>\n\n\n\n<li>impress\u00e3o de alta qualidade<\/li>\n<\/ul>\n\n\n\n<p>Voc\u00ea pode conhecer um modelo profissional neste link:<\/p>\n\n\n\n<p>\ud83d\udc49<br><a href=\"https:\/\/dogtagclan.com.br\/departamento\/crachas-e-cartoes\/cartao-de-membro-em-pvc-personalizado\/credencial-de-pastor-e-carteirinha-de-membro-em-pvc-0,76mm-personalizada\">https:\/\/dogtagclan.com.br\/departamento\/crachas-e-cartoes\/cartao-de-membro-em-pvc-personalizado\/credencial-de-pastor-e-carteirinha-de-membro-em-pvc-0,76mm-personalizada<\/a><\/p>\n\n\n\n<p>Produzimos <strong>credenciais pastorais personalizadas para igrejas e minist\u00e9rios<\/strong>.<\/p>\n\n\n\n<p>\u00c9 poss\u00edvel incluir:<\/p>\n\n\n\n<ul>\n<li>foto<\/li>\n\n\n\n<li>nome<\/li>\n\n\n\n<li>cargo<\/li>\n\n\n\n<li>nome da igreja<\/li>\n\n\n\n<li>n\u00famero da credencial<\/li>\n\n\n\n<li>data de validade<\/li>\n<\/ul>\n\n\n\n<p>As credenciais s\u00e3o produzidas sob medida e enviadas <strong>para todo o Brasil<\/strong>.<\/p>\n\n\n\n<p>Se quiser falar diretamente conosco:<\/p>\n\n\n\n<p>\ud83d\udc49 <a href=\"https:\/\/wa.me\/554174001990\" target=\"_blank\" rel=\"noopener\">https:\/\/wa.me\/554174001990<\/a><\/p>\n\n\n\n<hr class=\"wp-block-separator has-alpha-channel-opacity\"\/>\n\n\n\n<h1 class=\"wp-block-heading\" id=\"h-por-que-usar-credencial-em-pvc-na-igreja\">Por Que Usar Credencial em PVC na Igreja<\/h1>\n\n\n\n<p>Muitas igrejas est\u00e3o substituindo credenciais simples por cart\u00f5es profissionais em PVC.<\/p>\n\n\n\n<p>Isso acontece porque eles oferecem:<\/p>\n\n\n\n<p>\u2714 apar\u00eancia mais profissional<br>\u2714 maior durabilidade<br>\u2714 facilidade de identifica\u00e7\u00e3o<br>\u2714 melhor organiza\u00e7\u00e3o da igreja<\/p>\n\n\n\n<p>Al\u00e9m disso, o cart\u00e3o pode ser usado com:<\/p>\n\n\n\n<ul>\n<li>cord\u00e3o de crach\u00e1<\/li>\n\n\n\n<li>porta-crach\u00e1<\/li>\n\n\n\n<li>suporte para eventos<\/li>\n<\/ul>\n\n\n\n<hr class=\"wp-block-separator has-alpha-channel-opacity\"\/>\n\n\n\n<h1 class=\"wp-block-heading\" id=\"h-conclus-o\">Conclus\u00e3o<\/h1>\n\n\n\n<p>A <strong>credencial de pastor<\/strong> \u00e9 um documento importante para identifica\u00e7\u00e3o ministerial e organiza\u00e7\u00e3o da igreja.<\/p>\n\n\n\n<p>Ela pode ser usada em diversas situa\u00e7\u00f5es, como:<\/p>\n\n\n\n<ul>\n<li>visitas pastorais<\/li>\n\n\n\n<li>hospitais<\/li>\n\n\n\n<li>pres\u00eddios<\/li>\n\n\n\n<li>eventos religiosos<\/li>\n<\/ul>\n\n\n\n<p>Hoje, o modelo mais moderno e profissional \u00e9 a <strong>credencial em PVC personalizada<\/strong>, que oferece durabilidade e apresenta\u00e7\u00e3o adequada para l\u00edderes religiosos.<\/p>\n\n\n\n<p>Se sua igreja deseja produzir credenciais pastorais ou carteirinhas de membro, conhe\u00e7a o modelo dispon\u00edvel no site:<\/p>\n\n\n\n<p>\ud83d\udc49 <a href=\"https:\/\/dogtagclan.com.br\/departamento\/crachas-e-cartoes\/cartao-de-membro-em-pvc-personalizado\/credencial-de-pastor-e-carteirinha-de-membro-em-pvc-0,76mm-personalizada\">https:\/\/dogtagclan.com.br\/departamento\/crachas-e-cartoes\/cartao-de-membro-em-pvc-personalizado\/credencial-de-pastor-e-carteirinha-de-membro-em-pvc-0,76mm-personalizada<\/a><\/p>\n\n\n\n<p>Produzimos sob medida e enviamos <strong>para todo o Brasil<\/strong>.<\/p>\n","protected":false},"excerpt":{"rendered":"<p>A credencial de pastor \u00e9 um documento de identifica\u00e7\u00e3o utilizado por l\u00edderes religiosos para comprovar sua fun\u00e7\u00e3o ministerial. Ela \u00e9<\/p>\n","protected":false},"author":1,"featured_media":6422,"comment_status":"open","ping_status":"open","sticky":false,"template":"","format":"standard","meta":{"footnotes":""},"categories":[1207,557,554],"tags":[],"yoast_head":"<!-- This site is optimized with the Yoast SEO Premium plugin v15.5 - https:\/\/yoast.com\/wordpress\/plugins\/seo\/ -->\n<title>Credencial de Pastor: Para Que Serve, Como Fazer e Onde Comprar uma Credencial Ministerial | DogTagClan Blog<\/title>\n<meta name=\"description\" content=\"A credencial de pastor \u00e9 um documento de identifica\u00e7\u00e3o utilizado por l\u00edderes religiosos para comprovar sua fun\u00e7\u00e3o ministerial. Ela \u00e9 muito utilizada em visitas\" \/>\n<meta name=\"robots\" content=\"index, follow, max-snippet:-1, max-image-preview:large, max-video-preview:-1\" \/>\n<link rel=\"canonical\" href=\"https:\/\/dogtagclan.com.br\/blog\/credencial-de-pastor-para-que-serve-como-fazer-e-onde-comprar-uma-credencial-ministerial\/\" \/>\n<meta property=\"og:locale\" content=\"pt_BR\" \/>\n<meta property=\"og:type\" content=\"article\" \/>\n<meta property=\"og:title\" content=\"Credencial de Pastor: Para Que Serve, Como Fazer e Onde Comprar uma Credencial Ministerial | DogTagClan Blog\" \/>\n<meta property=\"og:description\" content=\"A credencial de pastor \u00e9 um documento de identifica\u00e7\u00e3o utilizado por l\u00edderes religiosos para comprovar sua fun\u00e7\u00e3o ministerial. Ela \u00e9 muito utilizada em visitas\" \/>\n<meta property=\"og:url\" content=\"https:\/\/dogtagclan.com.br\/blog\/credencial-de-pastor-para-que-serve-como-fazer-e-onde-comprar-uma-credencial-ministerial\/\" \/>\n<meta property=\"og:site_name\" content=\"DogTagClan Blog\" \/>\n<meta property=\"article:publisher\" content=\"https:\/\/www.facebook.com\/dogtagclan\" \/>\n<meta property=\"article:author\" content=\"https:\/\/www.facebook.com\/dogtagclan\" \/>\n<meta property=\"article:published_time\" content=\"2026-03-16T21:56:42+00:00\" \/>\n<meta property=\"article:modified_time\" content=\"2026-03-16T21:57:29+00:00\" \/>\n<meta property=\"og:image\" content=\"https:\/\/dogtagclan.com.br\/blog\/wp-content\/uploads\/2026\/03\/image-34.png\" \/>\n\t<meta property=\"og:image:width\" content=\"500\" \/>\n\t<meta property=\"og:image:height\" content=\"500\" \/>\n<meta name=\"twitter:card\" content=\"summary_large_image\" \/>\n<meta name=\"twitter:creator\" content=\"@https:\/\/x.com\/Dogtagclanclan\" \/>\n<meta name=\"twitter:label1\" content=\"Est. tempo de leitura\">\n\t<meta name=\"twitter:data1\" content=\"3 minutos\">\n<script type=\"application\/ld+json\" class=\"yoast-schema-graph\">{\"@context\":\"https:\/\/schema.org\",\"@graph\":[{\"@type\":\"Organization\",\"@id\":\"https:\/\/dogtagclan.com.br\/blog\/#organization\",\"name\":\"DogTagClan | Dog Tags, Crach\\u00e1s e Acess\\u00f3rios Personalizados\",\"url\":\"https:\/\/dogtagclan.com.br\/blog\/\",\"sameAs\":[\"https:\/\/www.facebook.com\/dogtagclan\"],\"logo\":{\"@type\":\"ImageObject\",\"@id\":\"https:\/\/dogtagclan.com.br\/blog\/#logo\",\"inLanguage\":\"pt-BR\",\"url\":\"https:\/\/dogtagclan.com.br\/blog\/wp-content\/uploads\/2023\/02\/cropped-doftagclan-logo.png\",\"width\":250,\"height\":140,\"caption\":\"DogTagClan | Dog Tags, Crach\\u00e1s e Acess\\u00f3rios Personalizados\"},\"image\":{\"@id\":\"https:\/\/dogtagclan.com.br\/blog\/#logo\"}},{\"@type\":\"WebSite\",\"@id\":\"https:\/\/dogtagclan.com.br\/blog\/#website\",\"url\":\"https:\/\/dogtagclan.com.br\/blog\/\",\"name\":\"DogTagClan Blog\",\"description\":\"A gente faz, do seu Jeito\",\"publisher\":{\"@id\":\"https:\/\/dogtagclan.com.br\/blog\/#organization\"},\"potentialAction\":[{\"@type\":\"SearchAction\",\"target\":\"https:\/\/dogtagclan.com.br\/blog\/?s={search_term_string}\",\"query-input\":\"required name=search_term_string\"}],\"inLanguage\":\"pt-BR\"},{\"@type\":\"ImageObject\",\"@id\":\"https:\/\/dogtagclan.com.br\/blog\/credencial-de-pastor-para-que-serve-como-fazer-e-onde-comprar-uma-credencial-ministerial\/#primaryimage\",\"inLanguage\":\"pt-BR\",\"url\":\"https:\/\/dogtagclan.com.br\/blog\/wp-content\/uploads\/2026\/03\/image-34.png\",\"width\":500,\"height\":500,\"caption\":\"Exemplo de credencial de pastor em PVC utilizada para identifica\\u00e7\\u00e3o ministerial em igrejas e eventos religiosos.\"},{\"@type\":\"WebPage\",\"@id\":\"https:\/\/dogtagclan.com.br\/blog\/credencial-de-pastor-para-que-serve-como-fazer-e-onde-comprar-uma-credencial-ministerial\/#webpage\",\"url\":\"https:\/\/dogtagclan.com.br\/blog\/credencial-de-pastor-para-que-serve-como-fazer-e-onde-comprar-uma-credencial-ministerial\/\",\"name\":\"Credencial de Pastor: Para Que Serve, Como Fazer e Onde Comprar uma Credencial Ministerial | DogTagClan Blog\",\"isPartOf\":{\"@id\":\"https:\/\/dogtagclan.com.br\/blog\/#website\"},\"primaryImageOfPage\":{\"@id\":\"https:\/\/dogtagclan.com.br\/blog\/credencial-de-pastor-para-que-serve-como-fazer-e-onde-comprar-uma-credencial-ministerial\/#primaryimage\"},\"datePublished\":\"2026-03-16T21:56:42+00:00\",\"dateModified\":\"2026-03-16T21:57:29+00:00\",\"description\":\"A credencial de pastor \\u00e9 um documento de identifica\\u00e7\\u00e3o utilizado por l\\u00edderes religiosos para comprovar sua fun\\u00e7\\u00e3o ministerial. Ela \\u00e9 muito utilizada em visitas\",\"inLanguage\":\"pt-BR\",\"potentialAction\":[{\"@type\":\"ReadAction\",\"target\":[\"https:\/\/dogtagclan.com.br\/blog\/credencial-de-pastor-para-que-serve-como-fazer-e-onde-comprar-uma-credencial-ministerial\/\"]}]},{\"@type\":\"Article\",\"@id\":\"https:\/\/dogtagclan.com.br\/blog\/credencial-de-pastor-para-que-serve-como-fazer-e-onde-comprar-uma-credencial-ministerial\/#article\",\"isPartOf\":{\"@id\":\"https:\/\/dogtagclan.com.br\/blog\/credencial-de-pastor-para-que-serve-como-fazer-e-onde-comprar-uma-credencial-ministerial\/#webpage\"},\"author\":{\"@id\":\"https:\/\/dogtagclan.com.br\/blog\/#\/schema\/person\/b7279d930f15e2a85c89cd3b2f1d8df5\"},\"headline\":\"Credencial de Pastor: Para Que Serve, Como Fazer e Onde Comprar uma Credencial Ministerial\",\"datePublished\":\"2026-03-16T21:56:42+00:00\",\"dateModified\":\"2026-03-16T21:57:29+00:00\",\"mainEntityOfPage\":{\"@id\":\"https:\/\/dogtagclan.com.br\/blog\/credencial-de-pastor-para-que-serve-como-fazer-e-onde-comprar-uma-credencial-ministerial\/#webpage\"},\"commentCount\":0,\"publisher\":{\"@id\":\"https:\/\/dogtagclan.com.br\/blog\/#organization\"},\"image\":{\"@id\":\"https:\/\/dogtagclan.com.br\/blog\/credencial-de-pastor-para-que-serve-como-fazer-e-onde-comprar-uma-credencial-ministerial\/#primaryimage\"},\"articleSection\":\"Cart\\u00f5es Assistenciais,Crach\\u00e1 de Identifica\\u00e7\\u00e3o,Crachas e broches personalizados\",\"inLanguage\":\"pt-BR\",\"potentialAction\":[{\"@type\":\"CommentAction\",\"name\":\"Comment\",\"target\":[\"https:\/\/dogtagclan.com.br\/blog\/credencial-de-pastor-para-que-serve-como-fazer-e-onde-comprar-uma-credencial-ministerial\/#respond\"]}]},{\"@type\":\"Person\",\"@id\":\"https:\/\/dogtagclan.com.br\/blog\/#\/schema\/person\/b7279d930f15e2a85c89cd3b2f1d8df5\",\"name\":\"dogtagclan\",\"description\":\"\\\"A DogTagClan \\u00e9 especializada na fabrica\\u00e7\\u00e3o e personaliza\\u00e7\\u00e3o de Dog Tags, crach\\u00e1s e acess\\u00f3rios. Produzimos pe\\u00e7as em a\\u00e7o inoxid\\u00e1vel com grava\\u00e7\\u00f5es de alta precis\\u00e3o para identifica\\u00e7\\u00e3o pessoal e profissional.\\\"\",\"sameAs\":[\"https:\/\/blog.dogtagclan.com.br\",\"https:\/\/www.facebook.com\/dogtagclan\",\"https:\/\/www.instagram.com\/dogtagclan\",\"https:\/\/twitter.com\/https:\/\/x.com\/Dogtagclanclan\",\"https:\/\/www.youtube.com\/dogtagclan\"]}]}<\/script>\n<!-- \/ Yoast SEO Premium plugin. -->","_links":{"self":[{"href":"https:\/\/dogtagclan.com.br\/blog\/wp-json\/wp\/v2\/posts\/6425"}],"collection":[{"href":"https:\/\/dogtagclan.com.br\/blog\/wp-json\/wp\/v2\/posts"}],"about":[{"href":"https:\/\/dogtagclan.com.br\/blog\/wp-json\/wp\/v2\/types\/post"}],"author":[{"embeddable":true,"href":"https:\/\/dogtagclan.com.br\/blog\/wp-json\/wp\/v2\/users\/1"}],"replies":[{"embeddable":true,"href":"https:\/\/dogtagclan.com.br\/blog\/wp-json\/wp\/v2\/comments?post=6425"}],"version-history":[{"count":2,"href":"https:\/\/dogtagclan.com.br\/blog\/wp-json\/wp\/v2\/posts\/6425\/revisions"}],"predecessor-version":[{"id":6428,"href":"https:\/\/dogtagclan.com.br\/blog\/wp-json\/wp\/v2\/posts\/6425\/revisions\/6428"}],"wp:featuredmedia":[{"embeddable":true,"href":"https:\/\/dogtagclan.com.br\/blog\/wp-json\/wp\/v2\/media\/6422"}],"wp:attachment":[{"href":"https:\/\/dogtagclan.com.br\/blog\/wp-json\/wp\/v2\/media?parent=6425"}],"wp:term":[{"taxonomy":"category","embeddable":true,"href":"https:\/\/dogtagclan.com.br\/blog\/wp-json\/wp\/v2\/categories?post=6425"},{"taxonomy":"post_tag","embeddable":true,"href":"https:\/\/dogtagclan.com.br\/blog\/wp-json\/wp\/v2\/tags?post=6425"}],"curies":[{"name":"wp","href":"https:\/\/api.w.org\/{rel}","templated":true}]}}