{"id":6407,"date":"2026-03-14T21:12:57","date_gmt":"2026-03-15T00:12:57","guid":{"rendered":"https:\/\/dogtagclan.com.br\/blog\/?p=6407"},"modified":"2026-03-14T21:13:00","modified_gmt":"2026-03-15T00:13:00","slug":"credencial-de-pastor-para-que-serve-e-como-fazer-uma-carteira-ministerial","status":"publish","type":"post","link":"https:\/\/dogtagclan.com.br\/blog\/credencial-de-pastor-para-que-serve-e-como-fazer-uma-carteira-ministerial\/","title":{"rendered":"Credencial de Pastor: Para Que Serve e Como Fazer uma Carteira Ministerial"},"content":{"rendered":"\n<p>A <strong>credencial de pastor<\/strong>, tamb\u00e9m chamada de <strong>carteira ministerial ou credencial pastoral<\/strong>, \u00e9 um documento de identifica\u00e7\u00e3o que comprova a fun\u00e7\u00e3o de um l\u00edder religioso dentro de sua igreja, minist\u00e9rio ou conven\u00e7\u00e3o. Esse documento ajuda a confirmar a autoridade espiritual e institucional do pastor em atividades religiosas, eventos e servi\u00e7os ministeriais.<\/p>\n\n\n\n<p>Em muitas igrejas e denomina\u00e7\u00f5es, a credencial pastoral funciona como uma <strong>forma oficial de identifica\u00e7\u00e3o ministerial<\/strong>, permitindo que o pastor represente sua igreja em reuni\u00f5es, eventos, visitas pastorais, assist\u00eancia religiosa e atividades eclesi\u00e1sticas.<\/p>\n\n\n\n<p>Hoje, muitas igrejas tamb\u00e9m utilizam <strong>credenciais em PVC personalizadas<\/strong>, semelhantes a cart\u00f5es banc\u00e1rios, com foto e dados do pastor, tornando a identifica\u00e7\u00e3o pr\u00e1tica e segura.<\/p>\n\n\n\n<figure class=\"wp-block-image size-large is-resized\"><img decoding=\"async\" width=\"1024\" height=\"1024\" src=\"https:\/\/dogtagclan.com.br\/blog\/wp-content\/uploads\/2026\/03\/credencialc-5-1024x1024.jpg\" alt=\"\" class=\"wp-image-6408\" style=\"width:570px;height:auto\" srcset=\"https:\/\/dogtagclan.com.br\/blog\/wp-content\/uploads\/2026\/03\/credencialc-5-1024x1024.jpg 1024w, https:\/\/dogtagclan.com.br\/blog\/wp-content\/uploads\/2026\/03\/credencialc-5-300x300.jpg 300w, https:\/\/dogtagclan.com.br\/blog\/wp-content\/uploads\/2026\/03\/credencialc-5-150x150.jpg 150w, https:\/\/dogtagclan.com.br\/blog\/wp-content\/uploads\/2026\/03\/credencialc-5-768x768.jpg 768w, https:\/\/dogtagclan.com.br\/blog\/wp-content\/uploads\/2026\/03\/credencialc-5-1536x1536.jpg 1536w, https:\/\/dogtagclan.com.br\/blog\/wp-content\/uploads\/2026\/03\/credencialc-5-2048x2048.jpg 2048w, https:\/\/dogtagclan.com.br\/blog\/wp-content\/uploads\/2026\/03\/credencialc-5-96x96.jpg 96w\" sizes=\"(max-width: 1024px) 100vw, 1024px\" \/><\/figure>\n\n\n\n<hr class=\"wp-block-separator has-alpha-channel-opacity\"\/>\n\n\n\n<h1 class=\"wp-block-heading\" id=\"h-para-que-serve-a-credencial-de-pastor\">Para Que Serve a Credencial de Pastor<\/h1>\n\n\n\n<p>A credencial pastoral possui diversas fun\u00e7\u00f5es importantes dentro da vida ministerial.<\/p>\n\n\n\n<h3 class=\"wp-block-heading\" id=\"h-1-identifica-o-ministerial\">1\ufe0f\u20e3 Identifica\u00e7\u00e3o ministerial<\/h3>\n\n\n\n<p>A credencial permite identificar rapidamente o pastor em eventos, congressos, reuni\u00f5es ministeriais ou atividades da igreja.<\/p>\n\n\n\n<h3 class=\"wp-block-heading\" id=\"h-2-representa-o-da-igreja\">2\ufe0f\u20e3 Representa\u00e7\u00e3o da igreja<\/h3>\n\n\n\n<p>Ela demonstra que o l\u00edder religioso possui v\u00ednculo com uma igreja, minist\u00e9rio ou conven\u00e7\u00e3o religiosa.<\/p>\n\n\n\n<h3 class=\"wp-block-heading\" id=\"h-3-acesso-a-atividades-religiosas\">3\ufe0f\u20e3 Acesso a atividades religiosas<\/h3>\n\n\n\n<p>Pastores frequentemente realizam:<\/p>\n\n\n\n<ul>\n<li>aconselhamento pastoral<\/li>\n\n\n\n<li>celebra\u00e7\u00e3o de casamentos<\/li>\n\n\n\n<li>batismos<\/li>\n\n\n\n<li>visitas hospitalares<\/li>\n\n\n\n<li>assist\u00eancia espiritual<\/li>\n<\/ul>\n\n\n\n<p>A credencial ajuda a comprovar a fun\u00e7\u00e3o ministerial nessas situa\u00e7\u00f5es.<\/p>\n\n\n\n<h3 class=\"wp-block-heading\" id=\"h-4-organiza-o-eclesi-stica\">4\ufe0f\u20e3 Organiza\u00e7\u00e3o eclesi\u00e1stica<\/h3>\n\n\n\n<p>Muitas igrejas utilizam credenciais para:<\/p>\n\n\n\n<ul>\n<li>registrar l\u00edderes<\/li>\n\n\n\n<li>identificar pastores e obreiros<\/li>\n\n\n\n<li>organizar eventos e congressos<\/li>\n<\/ul>\n\n\n\n<figure class=\"wp-block-image size-full\"><img decoding=\"async\" width=\"500\" height=\"500\" src=\"https:\/\/dogtagclan.com.br\/blog\/wp-content\/uploads\/2026\/03\/image-31.png\" alt=\"\" class=\"wp-image-6409\" srcset=\"https:\/\/dogtagclan.com.br\/blog\/wp-content\/uploads\/2026\/03\/image-31.png 500w, https:\/\/dogtagclan.com.br\/blog\/wp-content\/uploads\/2026\/03\/image-31-300x300.png 300w, https:\/\/dogtagclan.com.br\/blog\/wp-content\/uploads\/2026\/03\/image-31-150x150.png 150w, https:\/\/dogtagclan.com.br\/blog\/wp-content\/uploads\/2026\/03\/image-31-96x96.png 96w\" sizes=\"(max-width: 500px) 100vw, 500px\" \/><\/figure>\n\n\n\n<hr class=\"wp-block-separator has-alpha-channel-opacity\"\/>\n\n\n\n<h1 class=\"wp-block-heading\" id=\"h-o-que-deve-conter-em-uma-credencial-de-pastor\">O Que Deve Conter em uma Credencial de Pastor<\/h1>\n\n\n\n<p>Uma <strong>credencial pastoral completa<\/strong> normalmente inclui informa\u00e7\u00f5es essenciais de identifica\u00e7\u00e3o.<\/p>\n\n\n\n<p>Entre os dados mais comuns est\u00e3o:<\/p>\n\n\n\n<ul>\n<li>Nome completo do pastor<\/li>\n\n\n\n<li>Foto do pastor<\/li>\n\n\n\n<li>Cargo ministerial (Pastor, Bispo, Evangelista etc.)<\/li>\n\n\n\n<li>Nome da igreja ou minist\u00e9rio<\/li>\n\n\n\n<li>N\u00famero de registro ministerial (se houver)<\/li>\n\n\n\n<li>Assinatura da lideran\u00e7a ou igreja<\/li>\n\n\n\n<li>Data de emiss\u00e3o ou validade<\/li>\n<\/ul>\n\n\n\n<p>Algumas igrejas tamb\u00e9m incluem:<\/p>\n\n\n\n<ul>\n<li>QR Code de verifica\u00e7\u00e3o<\/li>\n\n\n\n<li>Vers\u00edculo b\u00edblico<\/li>\n\n\n\n<li>selo da igreja<\/li>\n<\/ul>\n\n\n\n<p>Esses elementos ajudam a tornar o documento mais confi\u00e1vel.<\/p>\n\n\n\n<hr class=\"wp-block-separator has-alpha-channel-opacity\"\/>\n\n\n\n<h1 class=\"wp-block-heading\" id=\"h-qual-o-tamanho-da-credencial-pastoral\">Qual o Tamanho da Credencial Pastoral<\/h1>\n\n\n\n<p>A maioria das igrejas utiliza o <strong>tamanho padr\u00e3o CR80<\/strong>, o mesmo de cart\u00f5es banc\u00e1rios.<\/p>\n\n\n\n<p>Medidas:<\/p>\n\n\n\n<p><strong>8,6 cm x 5,4 cm<\/strong><\/p>\n\n\n\n<p>Esse padr\u00e3o \u00e9 usado porque:<\/p>\n\n\n\n<ul>\n<li>cabe na carteira<\/li>\n\n\n\n<li>\u00e9 resistente<\/li>\n\n\n\n<li>permite impress\u00e3o de foto e dados em alta qualidade.<\/li>\n<\/ul>\n\n\n\n<hr class=\"wp-block-separator has-alpha-channel-opacity\"\/>\n\n\n\n<h1 class=\"wp-block-heading\" id=\"h-como-fazer-uma-credencial-de-pastor\">Como Fazer uma Credencial de Pastor<\/h1>\n\n\n\n<p>Existem tr\u00eas formas comuns de emitir uma credencial pastoral.<\/p>\n\n\n\n<h3 class=\"wp-block-heading\" id=\"h-1-pela-pr-pria-igreja\">1\ufe0f\u20e3 Pela pr\u00f3pria igreja<\/h3>\n\n\n\n<p>Muitas igrejas emitem a credencial diretamente para seus pastores e l\u00edderes.<\/p>\n\n\n\n<h3 class=\"wp-block-heading\" id=\"h-2-por-conven-es-ou-conselhos-pastorais\">2\ufe0f\u20e3 Por conven\u00e7\u00f5es ou conselhos pastorais<\/h3>\n\n\n\n<p>Algumas denomina\u00e7\u00f5es possuem conven\u00e7\u00f5es que fornecem credenciais oficiais para seus ministros.<\/p>\n\n\n\n<h3 class=\"wp-block-heading\" id=\"h-3-por-empresas-especializadas\">3\ufe0f\u20e3 Por empresas especializadas<\/h3>\n\n\n\n<p>Hoje tamb\u00e9m \u00e9 poss\u00edvel produzir <strong>credenciais personalizadas em PVC<\/strong>, com foto e dados do pastor.<\/p>\n\n\n\n<p>Esse modelo \u00e9 muito utilizado porque oferece:<\/p>\n\n\n\n<ul>\n<li>alta durabilidade<\/li>\n\n\n\n<li>impress\u00e3o profissional<\/li>\n\n\n\n<li>apar\u00eancia semelhante a documento oficial<\/li>\n<\/ul>\n\n\n\n<figure class=\"wp-block-image size-full\"><img decoding=\"async\" width=\"1016\" height=\"638\" src=\"https:\/\/dogtagclan.com.br\/blog\/wp-content\/uploads\/2026\/03\/image-32.png\" alt=\"\" class=\"wp-image-6410\" srcset=\"https:\/\/dogtagclan.com.br\/blog\/wp-content\/uploads\/2026\/03\/image-32.png 1016w, https:\/\/dogtagclan.com.br\/blog\/wp-content\/uploads\/2026\/03\/image-32-300x188.png 300w, https:\/\/dogtagclan.com.br\/blog\/wp-content\/uploads\/2026\/03\/image-32-768x482.png 768w, https:\/\/dogtagclan.com.br\/blog\/wp-content\/uploads\/2026\/03\/image-32-150x94.png 150w\" sizes=\"(max-width: 1016px) 100vw, 1016px\" \/><\/figure>\n\n\n\n<hr class=\"wp-block-separator has-alpha-channel-opacity\"\/>\n\n\n\n<h1 class=\"wp-block-heading\" id=\"h-onde-fazer-credencial-de-pastor-personalizada\">Onde Fazer Credencial de Pastor Personalizada<\/h1>\n\n\n\n<p>Se voc\u00ea precisa de uma credencial pastoral profissional, pode personalizar diretamente no site da DogTagClan.<\/p>\n\n\n\n<p>A credencial \u00e9 produzida em <strong>PVC 0,76 mm<\/strong>, material resistente semelhante ao de cart\u00f5es banc\u00e1rios, com impress\u00e3o de alta qualidade e personaliza\u00e7\u00e3o completa.<\/p>\n\n\n\n<p>\ud83d\udc49 Personalize sua credencial aqui:<br><a href=\"https:\/\/dogtagclan.com.br\/departamento\/crachas-e-cartoes\/cartao-de-membro-em-pvc-personalizado\/credencial-de-pastor-e-carteirinha-de-membro-em-pvc-0,76mm-personalizada\">https:\/\/dogtagclan.com.br\/departamento\/crachas-e-cartoes\/cartao-de-membro-em-pvc-personalizado\/credencial-de-pastor-e-carteirinha-de-membro-em-pvc-0,76mm-personalizada<\/a><\/p>\n\n\n\n<p>Tamb\u00e9m \u00e9 poss\u00edvel solicitar informa\u00e7\u00f5es ou or\u00e7amento pelo WhatsApp:<\/p>\n\n\n\n<p>\ud83d\udc49 <a>https:\/\/wa.me\/554174001990<\/a><\/p>\n\n\n\n<p>A DogTagClan envia credenciais personalizadas <strong>para todo o Brasil<\/strong>.<\/p>\n\n\n\n<hr class=\"wp-block-separator has-alpha-channel-opacity\"\/>\n\n\n\n<h1 class=\"wp-block-heading\" id=\"h-qual-a-diferen-a-entre-credencial-de-pastor-e-carteirinha-de-membro\">Qual a Diferen\u00e7a Entre Credencial de Pastor e Carteirinha de Membro<\/h1>\n\n\n\n<p>Muitas pessoas confundem esses dois documentos.<\/p>\n\n\n\n<h3 class=\"wp-block-heading\" id=\"h-credencial-de-pastor\">Credencial de Pastor<\/h3>\n\n\n\n<p>Documento que identifica o l\u00edder religioso e comprova sua fun\u00e7\u00e3o ministerial.<\/p>\n\n\n\n<h3 class=\"wp-block-heading\" id=\"h-carteirinha-de-membro\">Carteirinha de Membro<\/h3>\n\n\n\n<p>Documento usado para identificar membros da igreja e ajudar na organiza\u00e7\u00e3o administrativa da congrega\u00e7\u00e3o.<\/p>\n\n\n\n<p>Ambos podem ser feitos em PVC personalizado.<\/p>\n\n\n\n<hr class=\"wp-block-separator has-alpha-channel-opacity\"\/>\n\n\n\n<h1 class=\"wp-block-heading\" id=\"h-perguntas-frequentes-sobre-credencial-pastoral\">Perguntas Frequentes Sobre Credencial Pastoral<\/h1>\n\n\n\n<h3 class=\"wp-block-heading\" id=\"h-quem-pode-ter-credencial-de-pastor\">Quem pode ter credencial de pastor?<\/h3>\n\n\n\n<p>Normalmente pastores consagrados ou reconhecidos por uma igreja ou minist\u00e9rio.<\/p>\n\n\n\n<h3 class=\"wp-block-heading\" id=\"h-a-credencial-pastoral-um-documento-civil\">A credencial pastoral \u00e9 um documento civil?<\/h3>\n\n\n\n<p>N\u00e3o. Ela n\u00e3o substitui documentos oficiais como RG ou CPF, mas serve como identifica\u00e7\u00e3o ministerial dentro do contexto religioso.<\/p>\n\n\n\n<h3 class=\"wp-block-heading\" id=\"h-obrigat-rio-ter-credencial-de-pastor\">\u00c9 obrigat\u00f3rio ter credencial de pastor?<\/h3>\n\n\n\n<p>N\u00e3o \u00e9 obrigat\u00f3rio, mas muitas igrejas utilizam para organiza\u00e7\u00e3o e identifica\u00e7\u00e3o ministerial.<\/p>\n\n\n\n<h3 class=\"wp-block-heading\" id=\"h-a-credencial-pode-ter-foto\">A credencial pode ter foto?<\/h3>\n\n\n\n<p>Sim. A maioria das credenciais pastorais possui foto, nome e dados do pastor.<\/p>\n\n\n\n<hr class=\"wp-block-separator has-alpha-channel-opacity\"\/>\n\n\n\n<h1 class=\"wp-block-heading\" id=\"h-conclus-o\">Conclus\u00e3o<\/h1>\n\n\n\n<p>A <strong>credencial de pastor<\/strong> \u00e9 um documento importante para identifica\u00e7\u00e3o ministerial, organiza\u00e7\u00e3o da igreja e representa\u00e7\u00e3o do l\u00edder religioso em diversas atividades. Al\u00e9m de fortalecer a identidade pastoral, ela tamb\u00e9m ajuda a manter organiza\u00e7\u00e3o e reconhecimento dentro da comunidade crist\u00e3.<\/p>\n\n\n\n<p>Se sua igreja deseja criar credenciais profissionais para pastores, l\u00edderes ou membros, o ideal \u00e9 utilizar um modelo dur\u00e1vel e personalizado.<\/p>\n\n\n\n<p>\ud83d\udc49 Veja como fazer sua credencial personalizada:<br><a href=\"https:\/\/dogtagclan.com.br\/departamento\/crachas-e-cartoes\/cartao-de-membro-em-pvc-personalizado\/credencial-de-pastor-e-carteirinha-de-membro-em-pvc-0,76mm-personalizada\">https:\/\/dogtagclan.com.br\/departamento\/crachas-e-cartoes\/cartao-de-membro-em-pvc-personalizado\/credencial-de-pastor-e-carteirinha-de-membro-em-pvc-0,76mm-personalizada<\/a><\/p>\n\n\n\n<p>Ou fale direto no WhatsApp:<\/p>\n\n\n\n<p>\ud83d\udc49 <a>https:\/\/wa.me\/554174001990<\/a><\/p>\n","protected":false},"excerpt":{"rendered":"<p>A credencial de pastor, tamb\u00e9m chamada de carteira ministerial ou credencial pastoral, \u00e9 um documento de identifica\u00e7\u00e3o que comprova a<\/p>\n","protected":false},"author":1,"featured_media":6409,"comment_status":"open","ping_status":"open","sticky":false,"template":"","format":"standard","meta":{"footnotes":""},"categories":[1207,557,554],"tags":[],"yoast_head":"<!-- This site is optimized with the Yoast SEO Premium plugin v15.5 - https:\/\/yoast.com\/wordpress\/plugins\/seo\/ -->\n<title>Credencial de Pastor: Para Que Serve e Como Fazer uma Carteira Ministerial | DogTagClan Blog<\/title>\n<meta name=\"description\" content=\"A credencial de pastor, tamb\u00e9m chamada de carteira ministerial ou credencial pastoral, \u00e9 um documento de identifica\u00e7\u00e3o que comprova a fun\u00e7\u00e3o de um l\u00edder\" \/>\n<meta name=\"robots\" content=\"index, follow, max-snippet:-1, max-image-preview:large, max-video-preview:-1\" \/>\n<link rel=\"canonical\" href=\"https:\/\/dogtagclan.com.br\/blog\/credencial-de-pastor-para-que-serve-e-como-fazer-uma-carteira-ministerial\/\" \/>\n<meta property=\"og:locale\" content=\"pt_BR\" \/>\n<meta property=\"og:type\" content=\"article\" \/>\n<meta property=\"og:title\" content=\"Credencial de Pastor: Para Que Serve e Como Fazer uma Carteira Ministerial | DogTagClan Blog\" \/>\n<meta property=\"og:description\" content=\"A credencial de pastor, tamb\u00e9m chamada de carteira ministerial ou credencial pastoral, \u00e9 um documento de identifica\u00e7\u00e3o que comprova a fun\u00e7\u00e3o de um l\u00edder\" \/>\n<meta property=\"og:url\" content=\"https:\/\/dogtagclan.com.br\/blog\/credencial-de-pastor-para-que-serve-e-como-fazer-uma-carteira-ministerial\/\" \/>\n<meta property=\"og:site_name\" content=\"DogTagClan Blog\" \/>\n<meta property=\"article:publisher\" content=\"https:\/\/www.facebook.com\/dogtagclan\" \/>\n<meta property=\"article:author\" content=\"https:\/\/www.facebook.com\/dogtagclan\" \/>\n<meta property=\"article:published_time\" content=\"2026-03-15T00:12:57+00:00\" \/>\n<meta property=\"article:modified_time\" content=\"2026-03-15T00:13:00+00:00\" \/>\n<meta property=\"og:image\" content=\"https:\/\/dogtagclan.com.br\/blog\/wp-content\/uploads\/2026\/03\/image-31.png\" \/>\n\t<meta property=\"og:image:width\" content=\"500\" \/>\n\t<meta property=\"og:image:height\" content=\"500\" \/>\n<meta name=\"twitter:card\" content=\"summary_large_image\" \/>\n<meta name=\"twitter:creator\" content=\"@https:\/\/x.com\/Dogtagclanclan\" \/>\n<meta name=\"twitter:label1\" content=\"Est. tempo de leitura\">\n\t<meta name=\"twitter:data1\" content=\"3 minutos\">\n<script type=\"application\/ld+json\" class=\"yoast-schema-graph\">{\"@context\":\"https:\/\/schema.org\",\"@graph\":[{\"@type\":\"Organization\",\"@id\":\"https:\/\/dogtagclan.com.br\/blog\/#organization\",\"name\":\"DogTagClan | Dog Tags, Crach\\u00e1s e Acess\\u00f3rios Personalizados\",\"url\":\"https:\/\/dogtagclan.com.br\/blog\/\",\"sameAs\":[\"https:\/\/www.facebook.com\/dogtagclan\"],\"logo\":{\"@type\":\"ImageObject\",\"@id\":\"https:\/\/dogtagclan.com.br\/blog\/#logo\",\"inLanguage\":\"pt-BR\",\"url\":\"https:\/\/dogtagclan.com.br\/blog\/wp-content\/uploads\/2023\/02\/cropped-doftagclan-logo.png\",\"width\":250,\"height\":140,\"caption\":\"DogTagClan | Dog Tags, Crach\\u00e1s e Acess\\u00f3rios Personalizados\"},\"image\":{\"@id\":\"https:\/\/dogtagclan.com.br\/blog\/#logo\"}},{\"@type\":\"WebSite\",\"@id\":\"https:\/\/dogtagclan.com.br\/blog\/#website\",\"url\":\"https:\/\/dogtagclan.com.br\/blog\/\",\"name\":\"DogTagClan Blog\",\"description\":\"A gente faz, do seu Jeito\",\"publisher\":{\"@id\":\"https:\/\/dogtagclan.com.br\/blog\/#organization\"},\"potentialAction\":[{\"@type\":\"SearchAction\",\"target\":\"https:\/\/dogtagclan.com.br\/blog\/?s={search_term_string}\",\"query-input\":\"required name=search_term_string\"}],\"inLanguage\":\"pt-BR\"},{\"@type\":\"ImageObject\",\"@id\":\"https:\/\/dogtagclan.com.br\/blog\/credencial-de-pastor-para-que-serve-e-como-fazer-uma-carteira-ministerial\/#primaryimage\",\"inLanguage\":\"pt-BR\",\"url\":\"https:\/\/dogtagclan.com.br\/blog\/wp-content\/uploads\/2026\/03\/image-31.png\",\"width\":500,\"height\":500,\"caption\":\"Modelo de credencial de pastor personalizada usada para identifica\\u00e7\\u00e3o ministerial em igrejas e eventos religiosos.\"},{\"@type\":\"WebPage\",\"@id\":\"https:\/\/dogtagclan.com.br\/blog\/credencial-de-pastor-para-que-serve-e-como-fazer-uma-carteira-ministerial\/#webpage\",\"url\":\"https:\/\/dogtagclan.com.br\/blog\/credencial-de-pastor-para-que-serve-e-como-fazer-uma-carteira-ministerial\/\",\"name\":\"Credencial de Pastor: Para Que Serve e Como Fazer uma Carteira Ministerial | DogTagClan Blog\",\"isPartOf\":{\"@id\":\"https:\/\/dogtagclan.com.br\/blog\/#website\"},\"primaryImageOfPage\":{\"@id\":\"https:\/\/dogtagclan.com.br\/blog\/credencial-de-pastor-para-que-serve-e-como-fazer-uma-carteira-ministerial\/#primaryimage\"},\"datePublished\":\"2026-03-15T00:12:57+00:00\",\"dateModified\":\"2026-03-15T00:13:00+00:00\",\"description\":\"A credencial de pastor, tamb\\u00e9m chamada de carteira ministerial ou credencial pastoral, \\u00e9 um documento de identifica\\u00e7\\u00e3o que comprova a fun\\u00e7\\u00e3o de um l\\u00edder\",\"inLanguage\":\"pt-BR\",\"potentialAction\":[{\"@type\":\"ReadAction\",\"target\":[\"https:\/\/dogtagclan.com.br\/blog\/credencial-de-pastor-para-que-serve-e-como-fazer-uma-carteira-ministerial\/\"]}]},{\"@type\":\"Article\",\"@id\":\"https:\/\/dogtagclan.com.br\/blog\/credencial-de-pastor-para-que-serve-e-como-fazer-uma-carteira-ministerial\/#article\",\"isPartOf\":{\"@id\":\"https:\/\/dogtagclan.com.br\/blog\/credencial-de-pastor-para-que-serve-e-como-fazer-uma-carteira-ministerial\/#webpage\"},\"author\":{\"@id\":\"https:\/\/dogtagclan.com.br\/blog\/#\/schema\/person\/b7279d930f15e2a85c89cd3b2f1d8df5\"},\"headline\":\"Credencial de Pastor: Para Que Serve e Como Fazer uma Carteira Ministerial\",\"datePublished\":\"2026-03-15T00:12:57+00:00\",\"dateModified\":\"2026-03-15T00:13:00+00:00\",\"mainEntityOfPage\":{\"@id\":\"https:\/\/dogtagclan.com.br\/blog\/credencial-de-pastor-para-que-serve-e-como-fazer-uma-carteira-ministerial\/#webpage\"},\"commentCount\":0,\"publisher\":{\"@id\":\"https:\/\/dogtagclan.com.br\/blog\/#organization\"},\"image\":{\"@id\":\"https:\/\/dogtagclan.com.br\/blog\/credencial-de-pastor-para-que-serve-e-como-fazer-uma-carteira-ministerial\/#primaryimage\"},\"articleSection\":\"Cart\\u00f5es Assistenciais,Crach\\u00e1 de Identifica\\u00e7\\u00e3o,Crachas e broches personalizados\",\"inLanguage\":\"pt-BR\",\"potentialAction\":[{\"@type\":\"CommentAction\",\"name\":\"Comment\",\"target\":[\"https:\/\/dogtagclan.com.br\/blog\/credencial-de-pastor-para-que-serve-e-como-fazer-uma-carteira-ministerial\/#respond\"]}]},{\"@type\":\"Person\",\"@id\":\"https:\/\/dogtagclan.com.br\/blog\/#\/schema\/person\/b7279d930f15e2a85c89cd3b2f1d8df5\",\"name\":\"dogtagclan\",\"description\":\"\\\"A DogTagClan \\u00e9 especializada na fabrica\\u00e7\\u00e3o e personaliza\\u00e7\\u00e3o de Dog Tags, crach\\u00e1s e acess\\u00f3rios. Produzimos pe\\u00e7as em a\\u00e7o inoxid\\u00e1vel com grava\\u00e7\\u00f5es de alta precis\\u00e3o para identifica\\u00e7\\u00e3o pessoal e profissional.\\\"\",\"sameAs\":[\"https:\/\/blog.dogtagclan.com.br\",\"https:\/\/www.facebook.com\/dogtagclan\",\"https:\/\/www.instagram.com\/dogtagclan\",\"https:\/\/twitter.com\/https:\/\/x.com\/Dogtagclanclan\",\"https:\/\/www.youtube.com\/dogtagclan\"]}]}<\/script>\n<!-- \/ Yoast SEO Premium plugin. -->","_links":{"self":[{"href":"https:\/\/dogtagclan.com.br\/blog\/wp-json\/wp\/v2\/posts\/6407"}],"collection":[{"href":"https:\/\/dogtagclan.com.br\/blog\/wp-json\/wp\/v2\/posts"}],"about":[{"href":"https:\/\/dogtagclan.com.br\/blog\/wp-json\/wp\/v2\/types\/post"}],"author":[{"embeddable":true,"href":"https:\/\/dogtagclan.com.br\/blog\/wp-json\/wp\/v2\/users\/1"}],"replies":[{"embeddable":true,"href":"https:\/\/dogtagclan.com.br\/blog\/wp-json\/wp\/v2\/comments?post=6407"}],"version-history":[{"count":1,"href":"https:\/\/dogtagclan.com.br\/blog\/wp-json\/wp\/v2\/posts\/6407\/revisions"}],"predecessor-version":[{"id":6411,"href":"https:\/\/dogtagclan.com.br\/blog\/wp-json\/wp\/v2\/posts\/6407\/revisions\/6411"}],"wp:featuredmedia":[{"embeddable":true,"href":"https:\/\/dogtagclan.com.br\/blog\/wp-json\/wp\/v2\/media\/6409"}],"wp:attachment":[{"href":"https:\/\/dogtagclan.com.br\/blog\/wp-json\/wp\/v2\/media?parent=6407"}],"wp:term":[{"taxonomy":"category","embeddable":true,"href":"https:\/\/dogtagclan.com.br\/blog\/wp-json\/wp\/v2\/categories?post=6407"},{"taxonomy":"post_tag","embeddable":true,"href":"https:\/\/dogtagclan.com.br\/blog\/wp-json\/wp\/v2\/tags?post=6407"}],"curies":[{"name":"wp","href":"https:\/\/api.w.org\/{rel}","templated":true}]}}