{"id":6375,"date":"2026-03-11T08:04:43","date_gmt":"2026-03-11T11:04:43","guid":{"rendered":"https:\/\/dogtagclan.com.br\/blog\/?p=6375"},"modified":"2026-03-12T19:23:48","modified_gmt":"2026-03-12T22:23:48","slug":"credencial-pastoral-onde-comprar-credencial-de-pastor-evangelico-personalizada","status":"publish","type":"post","link":"https:\/\/dogtagclan.com.br\/blog\/credencial-pastoral-onde-comprar-credencial-de-pastor-evangelico-personalizada\/","title":{"rendered":"Credencial Pastoral: Onde Comprar Credencial de Pastor Evang\u00e9lico Personalizada"},"content":{"rendered":"\n<p>A <strong>credencial pastoral<\/strong> \u00e9 um documento de identifica\u00e7\u00e3o ministerial utilizado por igrejas e minist\u00e9rios para identificar pastores, obreiros e l\u00edderes religiosos em atividades da igreja. Ela comprova a fun\u00e7\u00e3o do l\u00edder dentro da institui\u00e7\u00e3o religiosa e facilita a identifica\u00e7\u00e3o em eventos, visitas hospitalares, congressos e atividades ministeriais.<\/p>\n\n\n\n<p>Hoje muitas igrejas utilizam <strong>credenciais em PVC padr\u00e3o cart\u00e3o<\/strong>, semelhantes a cart\u00f5es banc\u00e1rios, pois oferecem maior durabilidade, apar\u00eancia profissional e organiza\u00e7\u00e3o institucional.<\/p>\n\n\n\n<p>Se voc\u00ea est\u00e1 procurando <strong>onde comprar credencial pastoral personalizada<\/strong>, neste artigo voc\u00ea vai entender:<\/p>\n\n\n\n<ul>\n<li>O que \u00e9 uma credencial pastoral<\/li>\n\n\n\n<li>Para que ela serve<\/li>\n\n\n\n<li>O que deve conter<\/li>\n\n\n\n<li>Onde comprar uma credencial de pastor profissional<\/li>\n\n\n\n<li><strong>Fale conosco pelo WhatsApp para solicitar or\u00e7amento ou tirar d\u00favidas:<\/strong><br><a href=\"https:\/\/wa.me\/554174001990\" target=\"_blank\" rel=\"noopener\">https:\/\/wa.me\/554174001990<\/a><\/li>\n<\/ul>\n\n\n\n<figure class=\"wp-block-image size-full\"><img decoding=\"async\" width=\"500\" height=\"500\" src=\"https:\/\/dogtagclan.com.br\/blog\/wp-content\/uploads\/2026\/03\/pastor-com-credencial-na-mao.jpg\" alt=\"\" class=\"wp-image-6376\" srcset=\"https:\/\/dogtagclan.com.br\/blog\/wp-content\/uploads\/2026\/03\/pastor-com-credencial-na-mao.jpg 500w, https:\/\/dogtagclan.com.br\/blog\/wp-content\/uploads\/2026\/03\/pastor-com-credencial-na-mao-300x300.jpg 300w, https:\/\/dogtagclan.com.br\/blog\/wp-content\/uploads\/2026\/03\/pastor-com-credencial-na-mao-150x150.jpg 150w, https:\/\/dogtagclan.com.br\/blog\/wp-content\/uploads\/2026\/03\/pastor-com-credencial-na-mao-96x96.jpg 96w\" sizes=\"(max-width: 500px) 100vw, 500px\" \/><\/figure>\n\n\n\n<hr class=\"wp-block-separator has-alpha-channel-opacity\"\/>\n\n\n\n<h1 class=\"wp-block-heading\" id=\"h-o-que-credencial-pastoral\">O Que \u00e9 Credencial Pastoral<\/h1>\n\n\n\n<p>A credencial pastoral \u00e9 um <strong>documento de identifica\u00e7\u00e3o ministerial<\/strong> emitido pela igreja ou minist\u00e9rio para identificar oficialmente um pastor ou l\u00edder religioso.<\/p>\n\n\n\n<p>Ela pode ser usada para:<\/p>\n\n\n\n<ul>\n<li>Identifica\u00e7\u00e3o em eventos religiosos<\/li>\n\n\n\n<li>Visitas hospitalares<\/li>\n\n\n\n<li>Assist\u00eancia espiritual<\/li>\n\n\n\n<li>Congressos e conven\u00e7\u00f5es<\/li>\n\n\n\n<li>Identifica\u00e7\u00e3o institucional da igreja<\/li>\n<\/ul>\n\n\n\n<p>Muitos pastores utilizam essa credencial quando realizam:<\/p>\n\n\n\n<ul>\n<li>visitas em hospitais<\/li>\n\n\n\n<li>atendimento espiritual em pres\u00eddios<\/li>\n\n\n\n<li>participa\u00e7\u00e3o em eventos religiosos<\/li>\n\n\n\n<li>atividades administrativas da igreja<\/li>\n\n\n\n<li><strong>Fale conosco pelo WhatsApp para solicitar or\u00e7amento ou tirar d\u00favidas:<\/strong><br><a href=\"https:\/\/wa.me\/554174001990\" target=\"_blank\" rel=\"noopener\">https:\/\/wa.me\/554174001990<\/a><\/li>\n<\/ul>\n\n\n\n<p>Al\u00e9m disso, a credencial ajuda a transmitir <strong>autoridade e organiza\u00e7\u00e3o ministerial<\/strong>.<\/p>\n\n\n\n<figure class=\"wp-block-image size-full\"><img decoding=\"async\" width=\"500\" height=\"500\" src=\"https:\/\/dogtagclan.com.br\/blog\/wp-content\/uploads\/2026\/03\/na-carteira-pastor.jpg\" alt=\"\" class=\"wp-image-6391\" srcset=\"https:\/\/dogtagclan.com.br\/blog\/wp-content\/uploads\/2026\/03\/na-carteira-pastor.jpg 500w, https:\/\/dogtagclan.com.br\/blog\/wp-content\/uploads\/2026\/03\/na-carteira-pastor-300x300.jpg 300w, https:\/\/dogtagclan.com.br\/blog\/wp-content\/uploads\/2026\/03\/na-carteira-pastor-150x150.jpg 150w, https:\/\/dogtagclan.com.br\/blog\/wp-content\/uploads\/2026\/03\/na-carteira-pastor-96x96.jpg 96w\" sizes=\"(max-width: 500px) 100vw, 500px\" \/><\/figure>\n\n\n\n<hr class=\"wp-block-separator has-alpha-channel-opacity\"\/>\n\n\n\n<h1 class=\"wp-block-heading\" id=\"h-o-que-deve-conter-em-uma-credencial-de-pastor\">O Que Deve Conter em Uma Credencial de Pastor<\/h1>\n\n\n\n<p>Uma <strong>credencial de pastor evang\u00e9lico profissional<\/strong> geralmente cont\u00e9m as seguintes informa\u00e7\u00f5es:<\/p>\n\n\n\n<h3 class=\"wp-block-heading\" id=\"h-dados-pessoais\">Dados pessoais<\/h3>\n\n\n\n<ul>\n<li>Nome completo<\/li>\n\n\n\n<li>Foto<\/li>\n\n\n\n<li>Documento (RG ou CPF)<\/li>\n\n\n\n<li>Data de nascimento<\/li>\n<\/ul>\n\n\n\n<h3 class=\"wp-block-heading\" id=\"h-dados-ministeriais\">Dados ministeriais<\/h3>\n\n\n\n<ul>\n<li>Cargo (Pastor, Presb\u00edtero, Mission\u00e1rio etc.)<\/li>\n\n\n\n<li>Nome da igreja<\/li>\n\n\n\n<li>CNPJ da igreja (opcional)<\/li>\n\n\n\n<li>Data de emiss\u00e3o<\/li>\n<\/ul>\n\n\n\n<h3 class=\"wp-block-heading\" id=\"h-informa-es-institucionais\">Informa\u00e7\u00f5es institucionais<\/h3>\n\n\n\n<ul>\n<li>Data de validade<\/li>\n\n\n\n<li>Assinatura do pastor presidente<\/li>\n\n\n\n<li>QR Code (opcional)<\/li>\n\n\n\n<li>Endere\u00e7o da igreja<\/li>\n<\/ul>\n\n\n\n<p>Esses dados ajudam a criar uma <strong>identifica\u00e7\u00e3o ministerial completa e confi\u00e1vel<\/strong>.<\/p>\n\n\n\n<figure class=\"wp-block-image size-full\"><img decoding=\"async\" width=\"500\" height=\"500\" src=\"https:\/\/dogtagclan.com.br\/blog\/wp-content\/uploads\/2026\/03\/antes-de-gravar-criamos-arta.jpg\" alt=\"\" class=\"wp-image-6377\" srcset=\"https:\/\/dogtagclan.com.br\/blog\/wp-content\/uploads\/2026\/03\/antes-de-gravar-criamos-arta.jpg 500w, https:\/\/dogtagclan.com.br\/blog\/wp-content\/uploads\/2026\/03\/antes-de-gravar-criamos-arta-300x300.jpg 300w, https:\/\/dogtagclan.com.br\/blog\/wp-content\/uploads\/2026\/03\/antes-de-gravar-criamos-arta-150x150.jpg 150w, https:\/\/dogtagclan.com.br\/blog\/wp-content\/uploads\/2026\/03\/antes-de-gravar-criamos-arta-96x96.jpg 96w\" sizes=\"(max-width: 500px) 100vw, 500px\" \/><\/figure>\n\n\n\n<hr class=\"wp-block-separator has-alpha-channel-opacity\"\/>\n\n\n\n<h1 class=\"wp-block-heading\" id=\"h-credencial-de-pastor-em-pvc-por-que-a-melhor-op-o\">Credencial de Pastor em PVC: Por Que \u00e9 a Melhor Op\u00e7\u00e3o<\/h1>\n\n\n\n<p>Hoje a maioria das igrejas est\u00e1 adotando <strong>credenciais em PVC 0,76mm<\/strong>, o mesmo padr\u00e3o utilizado em cart\u00f5es banc\u00e1rios.<\/p>\n\n\n\n<p>Esse tipo de credencial oferece:<\/p>\n\n\n\n<p>\u2714 alta durabilidade<br>\u2714 resist\u00eancia \u00e0 \u00e1gua<br>\u2714 impress\u00e3o profissional<br>\u2714 apar\u00eancia institucional<br>\u2714 maior credibilidade<\/p>\n\n\n\n<p>Diferente de papel plastificado, o PVC transmite <strong>profissionalismo e organiza\u00e7\u00e3o da igreja<\/strong>.<\/p>\n\n\n\n<p><strong>Fale conosco pelo WhatsApp para solicitar or\u00e7amento ou tirar d\u00favidas:<\/strong><br><a href=\"https:\/\/wa.me\/554174001990\" target=\"_blank\" rel=\"noopener\">https:\/\/wa.me\/554174001990<\/a><\/p>\n\n\n\n<hr class=\"wp-block-separator has-alpha-channel-opacity\"\/>\n\n\n\n<h1 class=\"wp-block-heading\" id=\"h-credencial-pastoral-e-carteirinha-de-membro\">Credencial Pastoral e Carteirinha de Membro<\/h1>\n\n\n\n<p>Al\u00e9m da credencial pastoral, muitas igrejas tamb\u00e9m utilizam <strong>carteirinhas de membro<\/strong>.<\/p>\n\n\n\n<p>Essas carteirinhas ajudam a organizar:<\/p>\n\n\n\n<ul>\n<li>cadastro de membros<\/li>\n\n\n\n<li>departamentos da igreja<\/li>\n\n\n\n<li>eventos e congressos<\/li>\n\n\n\n<li>controle administrativo<\/li>\n<\/ul>\n\n\n\n<p>Departamentos que costumam usar:<\/p>\n\n\n\n<ul>\n<li>jovens<\/li>\n\n\n\n<li>mulheres<\/li>\n\n\n\n<li>obreiros<\/li>\n\n\n\n<li>di\u00e1conos<\/li>\n\n\n\n<li>minist\u00e9rio infantil<\/li>\n<\/ul>\n\n\n\n<p>Isso ajuda a igreja a ter <strong>organiza\u00e7\u00e3o e identidade institucional<\/strong>.<\/p>\n\n\n\n<figure class=\"wp-block-image size-large\"><img decoding=\"async\" width=\"1024\" height=\"1024\" src=\"https:\/\/dogtagclan.com.br\/blog\/wp-content\/uploads\/2026\/03\/credencialc-4-1024x1024.jpg\" alt=\"\" class=\"wp-image-6378\" srcset=\"https:\/\/dogtagclan.com.br\/blog\/wp-content\/uploads\/2026\/03\/credencialc-4-1024x1024.jpg 1024w, https:\/\/dogtagclan.com.br\/blog\/wp-content\/uploads\/2026\/03\/credencialc-4-300x300.jpg 300w, https:\/\/dogtagclan.com.br\/blog\/wp-content\/uploads\/2026\/03\/credencialc-4-150x150.jpg 150w, https:\/\/dogtagclan.com.br\/blog\/wp-content\/uploads\/2026\/03\/credencialc-4-768x768.jpg 768w, https:\/\/dogtagclan.com.br\/blog\/wp-content\/uploads\/2026\/03\/credencialc-4-1536x1536.jpg 1536w, https:\/\/dogtagclan.com.br\/blog\/wp-content\/uploads\/2026\/03\/credencialc-4-2048x2048.jpg 2048w, https:\/\/dogtagclan.com.br\/blog\/wp-content\/uploads\/2026\/03\/credencialc-4-96x96.jpg 96w\" sizes=\"(max-width: 1024px) 100vw, 1024px\" \/><\/figure>\n\n\n\n<hr class=\"wp-block-separator has-alpha-channel-opacity\"\/>\n\n\n\n<h1 class=\"wp-block-heading\" id=\"h-onde-comprar-credencial-pastoral-personalizada\">Onde Comprar Credencial Pastoral Personalizada<\/h1>\n\n\n\n<p>Se sua igreja precisa produzir <strong>credenciais pastorais ou carteirinhas de membro<\/strong>, o ideal \u00e9 escolher um fornecedor especializado em cart\u00f5es PVC personalizados.<\/p>\n\n\n\n<p>Voc\u00ea pode ver um modelo profissional aqui:<\/p>\n\n\n\n<p>\ud83d\udc49<br><a href=\"https:\/\/dogtagclan.com.br\/departamento\/crachas-e-cartoes\/cartao-de-membro-em-pvc-personalizado\/credencial-de-pastor-e-carteirinha-de-membro-em-pvc-0,76mm-personalizada\">https:\/\/dogtagclan.com.br\/departamento\/crachas-e-cartoes\/cartao-de-membro-em-pvc-personalizado\/credencial-de-pastor-e-carteirinha-de-membro-em-pvc-0,76mm-personalizada<\/a><\/p>\n\n\n\n<p>Esse modelo permite personalizar:<\/p>\n\n\n\n<ul>\n<li>nome do pastor<\/li>\n\n\n\n<li>foto<\/li>\n\n\n\n<li>nome da igreja<\/li>\n\n\n\n<li>cargo ministerial<\/li>\n\n\n\n<li>dados institucionais<\/li>\n<\/ul>\n\n\n\n<p>Tudo com impress\u00e3o profissional em PVC.<\/p>\n\n\n\n<p><strong>Fale conosco pelo WhatsApp para solicitar or\u00e7amento ou tirar d\u00favidas:<\/strong><br><a href=\"https:\/\/wa.me\/554174001990\" target=\"_blank\" rel=\"noopener\">https:\/\/wa.me\/554174001990<\/a><\/p>\n\n\n\n<hr class=\"wp-block-separator has-alpha-channel-opacity\"\/>\n\n\n\n<h1 class=\"wp-block-heading\" id=\"h-quem-pode-fazer-credencial-pastoral\">Quem Pode Fazer Credencial Pastoral<\/h1>\n\n\n\n<p>A credencial pode ser produzida para:<\/p>\n\n\n\n<ul>\n<li>Igreja Assembleia de Deus<\/li>\n\n\n\n<li>Igreja Batista<\/li>\n\n\n\n<li>Igreja Quadrangular<\/li>\n\n\n\n<li>Igrejas independentes<\/li>\n\n\n\n<li>Minist\u00e9rios locais<\/li>\n\n\n\n<li>Conven\u00e7\u00f5es e associa\u00e7\u00f5es<\/li>\n<\/ul>\n\n\n\n<p>Ou seja, <strong>qualquer igreja pode criar sua pr\u00f3pria credencial ministerial<\/strong> para organiza\u00e7\u00e3o interna.<\/p>\n\n\n\n<hr class=\"wp-block-separator has-alpha-channel-opacity\"\/>\n\n\n\n<h1 class=\"wp-block-heading\" id=\"h-credencial-de-pastor-evang-lico-profissionalismo-para-o-minist-rio\">Credencial de Pastor Evang\u00e9lico: Profissionalismo para o Minist\u00e9rio<\/h1>\n\n\n\n<p>Ter uma credencial pastoral bem feita n\u00e3o \u00e9 apenas est\u00e9tica.<\/p>\n\n\n\n<p>Ela transmite:<\/p>\n\n\n\n<p>\u2714 autoridade ministerial<br>\u2714 organiza\u00e7\u00e3o da igreja<br>\u2714 identidade institucional<br>\u2714 facilidade de identifica\u00e7\u00e3o em eventos<\/p>\n\n\n\n<p><strong>Fale conosco pelo WhatsApp para solicitar or\u00e7amento ou tirar d\u00favidas:<\/strong><br><a href=\"https:\/\/wa.me\/554174001990\" target=\"_blank\" rel=\"noopener\">https:\/\/wa.me\/554174001990<\/a><\/p>\n\n\n\n<p>Por isso muitas igrejas est\u00e3o substituindo modelos simples por <strong>credenciais profissionais em PVC<\/strong>.<\/p>\n\n\n\n<figure class=\"wp-block-image size-full\"><img decoding=\"async\" width=\"500\" height=\"500\" src=\"https:\/\/dogtagclan.com.br\/blog\/wp-content\/uploads\/2026\/03\/na-mesa.jpg\" alt=\"\" class=\"wp-image-6393\" srcset=\"https:\/\/dogtagclan.com.br\/blog\/wp-content\/uploads\/2026\/03\/na-mesa.jpg 500w, https:\/\/dogtagclan.com.br\/blog\/wp-content\/uploads\/2026\/03\/na-mesa-300x300.jpg 300w, https:\/\/dogtagclan.com.br\/blog\/wp-content\/uploads\/2026\/03\/na-mesa-150x150.jpg 150w, https:\/\/dogtagclan.com.br\/blog\/wp-content\/uploads\/2026\/03\/na-mesa-96x96.jpg 96w\" sizes=\"(max-width: 500px) 100vw, 500px\" \/><\/figure>\n\n\n\n<hr class=\"wp-block-separator has-alpha-channel-opacity\"\/>\n\n\n\n<h1 class=\"wp-block-heading\" id=\"h-conclus-o\">Conclus\u00e3o<\/h1>\n\n\n\n<p>A <strong>credencial pastoral personalizada<\/strong> \u00e9 uma ferramenta importante para identifica\u00e7\u00e3o e organiza\u00e7\u00e3o dentro da igreja.<\/p>\n\n\n\n<p>Seja para pastores, obreiros ou membros, uma credencial bem produzida transmite profissionalismo e fortalece a identidade da institui\u00e7\u00e3o.<\/p>\n\n\n\n<p>Se voc\u00ea deseja fazer credenciais para sua igreja, veja um modelo profissional aqui:<\/p>\n\n\n\n<p>\ud83d\udc49<br><a href=\"https:\/\/dogtagclan.com.br\/departamento\/crachas-e-cartoes\/cartao-de-membro-em-pvc-personalizado\/credencial-de-pastor-e-carteirinha-de-membro-em-pvc-0,76mm-personalizada\">https:\/\/dogtagclan.com.br\/departamento\/crachas-e-cartoes\/cartao-de-membro-em-pvc-personalizado\/credencial-de-pastor-e-carteirinha-de-membro-em-pvc-0,76mm-personalizada<\/a><\/p>\n","protected":false},"excerpt":{"rendered":"<p>A credencial pastoral \u00e9 um documento de identifica\u00e7\u00e3o ministerial utilizado por igrejas e minist\u00e9rios para identificar pastores, obreiros e l\u00edderes<\/p>\n","protected":false},"author":1,"featured_media":6378,"comment_status":"open","ping_status":"open","sticky":false,"template":"","format":"standard","meta":{"footnotes":""},"categories":[1207,557,554],"tags":[],"yoast_head":"<!-- This site is optimized with the Yoast SEO Premium plugin v15.5 - https:\/\/yoast.com\/wordpress\/plugins\/seo\/ -->\n<title>Credencial Pastoral: Onde Comprar Credencial de Pastor Evang\u00e9lico Personalizada | DogTagClan Blog<\/title>\n<meta name=\"description\" content=\"A credencial pastoral \u00e9 um documento de identifica\u00e7\u00e3o ministerial utilizado por igrejas e minist\u00e9rios para identificar pastores, obreiros e l\u00edderes religiosos em\" \/>\n<meta name=\"robots\" content=\"index, follow, max-snippet:-1, max-image-preview:large, max-video-preview:-1\" \/>\n<link rel=\"canonical\" href=\"https:\/\/dogtagclan.com.br\/blog\/credencial-pastoral-onde-comprar-credencial-de-pastor-evangelico-personalizada\/\" \/>\n<meta property=\"og:locale\" content=\"pt_BR\" \/>\n<meta property=\"og:type\" content=\"article\" \/>\n<meta property=\"og:title\" content=\"Credencial Pastoral: Onde Comprar Credencial de Pastor Evang\u00e9lico Personalizada | DogTagClan Blog\" \/>\n<meta property=\"og:description\" content=\"A credencial pastoral \u00e9 um documento de identifica\u00e7\u00e3o ministerial utilizado por igrejas e minist\u00e9rios para identificar pastores, obreiros e l\u00edderes religiosos em\" \/>\n<meta property=\"og:url\" content=\"https:\/\/dogtagclan.com.br\/blog\/credencial-pastoral-onde-comprar-credencial-de-pastor-evangelico-personalizada\/\" \/>\n<meta property=\"og:site_name\" content=\"DogTagClan Blog\" \/>\n<meta property=\"article:publisher\" content=\"https:\/\/www.facebook.com\/dogtagclan\" \/>\n<meta property=\"article:author\" content=\"https:\/\/www.facebook.com\/dogtagclan\" \/>\n<meta property=\"article:published_time\" content=\"2026-03-11T11:04:43+00:00\" \/>\n<meta property=\"article:modified_time\" content=\"2026-03-12T22:23:48+00:00\" \/>\n<meta property=\"og:image\" content=\"https:\/\/dogtagclan.com.br\/blog\/wp-content\/uploads\/2026\/03\/credencialc-4-scaled.jpg\" \/>\n\t<meta property=\"og:image:width\" content=\"2560\" \/>\n\t<meta property=\"og:image:height\" content=\"2560\" \/>\n<meta name=\"twitter:card\" content=\"summary_large_image\" \/>\n<meta name=\"twitter:creator\" content=\"@https:\/\/x.com\/Dogtagclanclan\" \/>\n<meta name=\"twitter:label1\" content=\"Est. tempo de leitura\">\n\t<meta name=\"twitter:data1\" content=\"3 minutos\">\n<script type=\"application\/ld+json\" class=\"yoast-schema-graph\">{\"@context\":\"https:\/\/schema.org\",\"@graph\":[{\"@type\":\"Organization\",\"@id\":\"https:\/\/dogtagclan.com.br\/blog\/#organization\",\"name\":\"DogTagClan | Dog Tags, Crach\\u00e1s e Acess\\u00f3rios Personalizados\",\"url\":\"https:\/\/dogtagclan.com.br\/blog\/\",\"sameAs\":[\"https:\/\/www.facebook.com\/dogtagclan\"],\"logo\":{\"@type\":\"ImageObject\",\"@id\":\"https:\/\/dogtagclan.com.br\/blog\/#logo\",\"inLanguage\":\"pt-BR\",\"url\":\"https:\/\/dogtagclan.com.br\/blog\/wp-content\/uploads\/2023\/02\/cropped-doftagclan-logo.png\",\"width\":250,\"height\":140,\"caption\":\"DogTagClan | Dog Tags, Crach\\u00e1s e Acess\\u00f3rios Personalizados\"},\"image\":{\"@id\":\"https:\/\/dogtagclan.com.br\/blog\/#logo\"}},{\"@type\":\"WebSite\",\"@id\":\"https:\/\/dogtagclan.com.br\/blog\/#website\",\"url\":\"https:\/\/dogtagclan.com.br\/blog\/\",\"name\":\"DogTagClan Blog\",\"description\":\"A gente faz, do seu Jeito\",\"publisher\":{\"@id\":\"https:\/\/dogtagclan.com.br\/blog\/#organization\"},\"potentialAction\":[{\"@type\":\"SearchAction\",\"target\":\"https:\/\/dogtagclan.com.br\/blog\/?s={search_term_string}\",\"query-input\":\"required name=search_term_string\"}],\"inLanguage\":\"pt-BR\"},{\"@type\":\"ImageObject\",\"@id\":\"https:\/\/dogtagclan.com.br\/blog\/credencial-pastoral-onde-comprar-credencial-de-pastor-evangelico-personalizada\/#primaryimage\",\"inLanguage\":\"pt-BR\",\"url\":\"https:\/\/dogtagclan.com.br\/blog\/wp-content\/uploads\/2026\/03\/credencialc-4-scaled.jpg\",\"width\":2560,\"height\":2560,\"caption\":\"Modelo de credencial pastoral profissional em PVC utilizada por pastores para identifica\\u00e7\\u00e3o em igrejas, eventos, hospitais e visitas ministeriais.\"},{\"@type\":\"WebPage\",\"@id\":\"https:\/\/dogtagclan.com.br\/blog\/credencial-pastoral-onde-comprar-credencial-de-pastor-evangelico-personalizada\/#webpage\",\"url\":\"https:\/\/dogtagclan.com.br\/blog\/credencial-pastoral-onde-comprar-credencial-de-pastor-evangelico-personalizada\/\",\"name\":\"Credencial Pastoral: Onde Comprar Credencial de Pastor Evang\\u00e9lico Personalizada | DogTagClan Blog\",\"isPartOf\":{\"@id\":\"https:\/\/dogtagclan.com.br\/blog\/#website\"},\"primaryImageOfPage\":{\"@id\":\"https:\/\/dogtagclan.com.br\/blog\/credencial-pastoral-onde-comprar-credencial-de-pastor-evangelico-personalizada\/#primaryimage\"},\"datePublished\":\"2026-03-11T11:04:43+00:00\",\"dateModified\":\"2026-03-12T22:23:48+00:00\",\"description\":\"A credencial pastoral \\u00e9 um documento de identifica\\u00e7\\u00e3o ministerial utilizado por igrejas e minist\\u00e9rios para identificar pastores, obreiros e l\\u00edderes religiosos em\",\"inLanguage\":\"pt-BR\",\"potentialAction\":[{\"@type\":\"ReadAction\",\"target\":[\"https:\/\/dogtagclan.com.br\/blog\/credencial-pastoral-onde-comprar-credencial-de-pastor-evangelico-personalizada\/\"]}]},{\"@type\":\"Article\",\"@id\":\"https:\/\/dogtagclan.com.br\/blog\/credencial-pastoral-onde-comprar-credencial-de-pastor-evangelico-personalizada\/#article\",\"isPartOf\":{\"@id\":\"https:\/\/dogtagclan.com.br\/blog\/credencial-pastoral-onde-comprar-credencial-de-pastor-evangelico-personalizada\/#webpage\"},\"author\":{\"@id\":\"https:\/\/dogtagclan.com.br\/blog\/#\/schema\/person\/b7279d930f15e2a85c89cd3b2f1d8df5\"},\"headline\":\"Credencial Pastoral: Onde Comprar Credencial de Pastor Evang\\u00e9lico Personalizada\",\"datePublished\":\"2026-03-11T11:04:43+00:00\",\"dateModified\":\"2026-03-12T22:23:48+00:00\",\"mainEntityOfPage\":{\"@id\":\"https:\/\/dogtagclan.com.br\/blog\/credencial-pastoral-onde-comprar-credencial-de-pastor-evangelico-personalizada\/#webpage\"},\"commentCount\":4,\"publisher\":{\"@id\":\"https:\/\/dogtagclan.com.br\/blog\/#organization\"},\"image\":{\"@id\":\"https:\/\/dogtagclan.com.br\/blog\/credencial-pastoral-onde-comprar-credencial-de-pastor-evangelico-personalizada\/#primaryimage\"},\"articleSection\":\"Cart\\u00f5es Assistenciais,Crach\\u00e1 de Identifica\\u00e7\\u00e3o,Crachas e broches personalizados\",\"inLanguage\":\"pt-BR\",\"potentialAction\":[{\"@type\":\"CommentAction\",\"name\":\"Comment\",\"target\":[\"https:\/\/dogtagclan.com.br\/blog\/credencial-pastoral-onde-comprar-credencial-de-pastor-evangelico-personalizada\/#respond\"]}]},{\"@type\":\"Person\",\"@id\":\"https:\/\/dogtagclan.com.br\/blog\/#\/schema\/person\/b7279d930f15e2a85c89cd3b2f1d8df5\",\"name\":\"dogtagclan\",\"description\":\"\\\"A DogTagClan \\u00e9 especializada na fabrica\\u00e7\\u00e3o e personaliza\\u00e7\\u00e3o de Dog Tags, crach\\u00e1s e acess\\u00f3rios. Produzimos pe\\u00e7as em a\\u00e7o inoxid\\u00e1vel com grava\\u00e7\\u00f5es de alta precis\\u00e3o para identifica\\u00e7\\u00e3o pessoal e profissional.\\\"\",\"sameAs\":[\"https:\/\/blog.dogtagclan.com.br\",\"https:\/\/www.facebook.com\/dogtagclan\",\"https:\/\/www.instagram.com\/dogtagclan\",\"https:\/\/twitter.com\/https:\/\/x.com\/Dogtagclanclan\",\"https:\/\/www.youtube.com\/dogtagclan\"]}]}<\/script>\n<!-- \/ Yoast SEO Premium plugin. -->","_links":{"self":[{"href":"https:\/\/dogtagclan.com.br\/blog\/wp-json\/wp\/v2\/posts\/6375"}],"collection":[{"href":"https:\/\/dogtagclan.com.br\/blog\/wp-json\/wp\/v2\/posts"}],"about":[{"href":"https:\/\/dogtagclan.com.br\/blog\/wp-json\/wp\/v2\/types\/post"}],"author":[{"embeddable":true,"href":"https:\/\/dogtagclan.com.br\/blog\/wp-json\/wp\/v2\/users\/1"}],"replies":[{"embeddable":true,"href":"https:\/\/dogtagclan.com.br\/blog\/wp-json\/wp\/v2\/comments?post=6375"}],"version-history":[{"count":3,"href":"https:\/\/dogtagclan.com.br\/blog\/wp-json\/wp\/v2\/posts\/6375\/revisions"}],"predecessor-version":[{"id":6394,"href":"https:\/\/dogtagclan.com.br\/blog\/wp-json\/wp\/v2\/posts\/6375\/revisions\/6394"}],"wp:featuredmedia":[{"embeddable":true,"href":"https:\/\/dogtagclan.com.br\/blog\/wp-json\/wp\/v2\/media\/6378"}],"wp:attachment":[{"href":"https:\/\/dogtagclan.com.br\/blog\/wp-json\/wp\/v2\/media?parent=6375"}],"wp:term":[{"taxonomy":"category","embeddable":true,"href":"https:\/\/dogtagclan.com.br\/blog\/wp-json\/wp\/v2\/categories?post=6375"},{"taxonomy":"post_tag","embeddable":true,"href":"https:\/\/dogtagclan.com.br\/blog\/wp-json\/wp\/v2\/tags?post=6375"}],"curies":[{"name":"wp","href":"https:\/\/api.w.org\/{rel}","templated":true}]}}