{"id":5575,"date":"2026-01-16T10:43:19","date_gmt":"2026-01-16T13:43:19","guid":{"rendered":"https:\/\/dogtagclan.com.br\/blog\/?p=5575"},"modified":"2026-01-16T10:43:21","modified_gmt":"2026-01-16T13:43:21","slug":"cracha-broche-com-ima-ou-alfinete-diferencas-vantagens-e-qual-e-o-melhor-para-uso-profissional","status":"publish","type":"post","link":"https:\/\/dogtagclan.com.br\/blog\/cracha-broche-com-ima-ou-alfinete-diferencas-vantagens-e-qual-e-o-melhor-para-uso-profissional\/","title":{"rendered":"Crach\u00e1 Broche com \u00cdm\u00e3 ou Alfinete: Diferen\u00e7as, Vantagens e Qual \u00e9 o Melhor Para Uso Profissional"},"content":{"rendered":"\n<p>Escolher o crach\u00e1 certo vai muito al\u00e9m de est\u00e9tica. Para quem trabalha com atendimento ao p\u00fablico, sa\u00fade, eventos, ind\u00fastria, com\u00e9rcio ou servi\u00e7os corporativos, o <strong>tipo de fixa\u00e7\u00e3o do crach\u00e1<\/strong> impacta diretamente no conforto, seguran\u00e7a, durabilidade e at\u00e9 na imagem profissional.<\/p>\n\n\n\n<p>Entre as op\u00e7\u00f5es mais procuradas hoje est\u00e3o o <strong>crach\u00e1 broche com \u00edm\u00e3<\/strong> e o <strong>crach\u00e1 broche com alfinete<\/strong>. Mas afinal:<br>\ud83d\udc49 <strong>qual \u00e9 o melhor para uso profissional?<\/strong><br>\ud83d\udc49 <strong>qual escolher em cada situa\u00e7\u00e3o?<\/strong><\/p>\n\n\n\n<figure class=\"wp-block-image size-full\"><img decoding=\"async\" width=\"500\" height=\"500\" src=\"https:\/\/dogtagclan.com.br\/blog\/wp-content\/uploads\/2026\/01\/broche-pisicologia.jpg\" alt=\"\" class=\"wp-image-5576\" srcset=\"https:\/\/dogtagclan.com.br\/blog\/wp-content\/uploads\/2026\/01\/broche-pisicologia.jpg 500w, https:\/\/dogtagclan.com.br\/blog\/wp-content\/uploads\/2026\/01\/broche-pisicologia-300x300.jpg 300w, https:\/\/dogtagclan.com.br\/blog\/wp-content\/uploads\/2026\/01\/broche-pisicologia-150x150.jpg 150w, https:\/\/dogtagclan.com.br\/blog\/wp-content\/uploads\/2026\/01\/broche-pisicologia-96x96.jpg 96w\" sizes=\"(max-width: 500px) 100vw, 500px\" \/><\/figure>\n\n\n\n<p>Neste guia completo, voc\u00ea vai entender as diferen\u00e7as, vantagens e quando usar cada modelo \u2014 com base em uso real, n\u00e3o teoria.<\/p>\n\n\n\n<hr class=\"wp-block-separator has-alpha-channel-opacity\"\/>\n\n\n\n<h2 class=\"wp-block-heading\" id=\"h-o-que-um-crach-broche-profissional\">O que \u00e9 um Crach\u00e1 Broche Profissional?<\/h2>\n\n\n\n<p>O <strong>crach\u00e1 broche<\/strong> \u00e9 um modelo de identifica\u00e7\u00e3o que dispensa cord\u00e3o no pesco\u00e7o. Ele \u00e9 fixado diretamente na roupa e traz um visual mais limpo, elegante e profissional.<\/p>\n\n\n\n<p>Na <strong>DogTagClan<\/strong>, os crach\u00e1s broche s\u00e3o fabricados em <strong>a\u00e7o inox<\/strong>, com grava\u00e7\u00e3o de alta durabilidade, podendo incluir:<\/p>\n\n\n\n<ul>\n<li>Nome<\/li>\n\n\n\n<li>Cargo<\/li>\n\n\n\n<li>Logo da empresa<\/li>\n\n\n\n<li>QR Code<\/li>\n\n\n\n<li>Acabamento premium (escovado, polido, dourado, etc.)<\/li>\n<\/ul>\n\n\n\n<p>O que muda entre os modelos \u00e9 <strong>a forma de fixa\u00e7\u00e3o<\/strong>: <strong>\u00edm\u00e3 magn\u00e9tico<\/strong> ou <strong>alfinete (pino)<\/strong>.<\/p>\n\n\n\n<figure class=\"wp-block-image size-large\"><img decoding=\"async\" width=\"768\" height=\"1024\" src=\"https:\/\/dogtagclan.com.br\/blog\/wp-content\/uploads\/2026\/01\/WhatsApp-Image-2025-03-19-at-11.19.08-1-1-768x1024.jpeg\" alt=\"\" class=\"wp-image-5577\" srcset=\"https:\/\/dogtagclan.com.br\/blog\/wp-content\/uploads\/2026\/01\/WhatsApp-Image-2025-03-19-at-11.19.08-1-1-768x1024.jpeg 768w, https:\/\/dogtagclan.com.br\/blog\/wp-content\/uploads\/2026\/01\/WhatsApp-Image-2025-03-19-at-11.19.08-1-1-225x300.jpeg 225w, https:\/\/dogtagclan.com.br\/blog\/wp-content\/uploads\/2026\/01\/WhatsApp-Image-2025-03-19-at-11.19.08-1-1-640x853.jpeg 640w, https:\/\/dogtagclan.com.br\/blog\/wp-content\/uploads\/2026\/01\/WhatsApp-Image-2025-03-19-at-11.19.08-1-1-150x200.jpeg 150w, https:\/\/dogtagclan.com.br\/blog\/wp-content\/uploads\/2026\/01\/WhatsApp-Image-2025-03-19-at-11.19.08-1-1.jpeg 960w\" sizes=\"(max-width: 768px) 100vw, 768px\" \/><\/figure>\n\n\n\n<hr class=\"wp-block-separator has-alpha-channel-opacity\"\/>\n\n\n\n<h2 class=\"wp-block-heading\" id=\"h-crach-broche-com-m-magn-tico-quando-usar\">Crach\u00e1 Broche com \u00cdm\u00e3 Magn\u00e9tico: Quando Usar?<\/h2>\n\n\n\n<p>O <strong>crach\u00e1 com \u00edm\u00e3 magn\u00e9tico<\/strong> \u00e9 uma das op\u00e7\u00f5es mais modernas e procuradas atualmente.<\/p>\n\n\n\n<h3 class=\"wp-block-heading\" id=\"h-vantagens-do-m\">\u2705 Vantagens do \u00edm\u00e3:<\/h3>\n\n\n\n<ul>\n<li>\u274c <strong>N\u00e3o fura a roupa<\/strong><\/li>\n\n\n\n<li>Ideal para tecidos delicados (camisas sociais, jalecos, blusas femininas)<\/li>\n\n\n\n<li>Visual mais limpo e sofisticado<\/li>\n\n\n\n<li>F\u00e1cil de colocar e remover<\/li>\n\n\n\n<li>Muito usado em ambientes corporativos e de atendimento<\/li>\n<\/ul>\n\n\n\n<h3 class=\"wp-block-heading\" id=\"h-indicado-para\">\ud83d\udc54 Indicado para:<\/h3>\n\n\n\n<ul>\n<li>Cl\u00ednicas e hospitais<\/li>\n\n\n\n<li>Consult\u00f3rios<\/li>\n\n\n\n<li>Recep\u00e7\u00e3o e atendimento ao p\u00fablico<\/li>\n\n\n\n<li>Eventos corporativos<\/li>\n\n\n\n<li>Escrit\u00f3rios<\/li>\n\n\n\n<li>Hot\u00e9is e restaurantes<\/li>\n<\/ul>\n\n\n\n<h3 class=\"wp-block-heading\" id=\"h-aten-es-importantes\">\u26a0\ufe0f Aten\u00e7\u00f5es importantes:<\/h3>\n\n\n\n<ul>\n<li>N\u00e3o \u00e9 indicado para pessoas com <strong>marca-passo<\/strong><\/li>\n\n\n\n<li>Evitar contato direto com cart\u00f5es magn\u00e9ticos<\/li>\n\n\n\n<li>Em tecidos muito grossos, o \u00edm\u00e3 pode perder for\u00e7a<\/li>\n<\/ul>\n\n\n\n<p>\ud83d\udc49 Em resumo: <strong>\u00e9 a melhor escolha para quem busca conforto, eleg\u00e2ncia e preserva\u00e7\u00e3o da roupa.<\/strong><\/p>\n\n\n\n<hr class=\"wp-block-separator has-alpha-channel-opacity\"\/>\n\n\n\n<h2 class=\"wp-block-heading\" id=\"h-crach-broche-com-alfinete-quando-a-melhor-op-o\">Crach\u00e1 Broche com Alfinete: Quando \u00e9 a Melhor Op\u00e7\u00e3o?<\/h2>\n\n\n\n<p>O <strong>crach\u00e1 com alfinete (pino)<\/strong> \u00e9 o modelo mais tradicional \u2014 e ainda extremamente eficiente.<\/p>\n\n\n\n<h3 class=\"wp-block-heading\" id=\"h-vantagens-do-alfinete\">\u2705 Vantagens do alfinete:<\/h3>\n\n\n\n<ul>\n<li>Fixa\u00e7\u00e3o extremamente firme<\/li>\n\n\n\n<li>N\u00e3o sofre interfer\u00eancia magn\u00e9tica<\/li>\n\n\n\n<li>Ideal para ambientes mais agressivos<\/li>\n\n\n\n<li>Funciona bem em qualquer tipo de tecido<\/li>\n<\/ul>\n\n\n\n<h3 class=\"wp-block-heading\" id=\"h-indicado-para-1\">\ud83c\udfed Indicado para:<\/h3>\n\n\n\n<ul>\n<li>Ind\u00fastria<\/li>\n\n\n\n<li>Log\u00edstica<\/li>\n\n\n\n<li>Obras<\/li>\n\n\n\n<li>Feiras e exposi\u00e7\u00f5es<\/li>\n\n\n\n<li>Ambientes externos<\/li>\n\n\n\n<li>Uniformes grossos<\/li>\n<\/ul>\n\n\n\n<h3 class=\"wp-block-heading\" id=\"h-ponto-de-aten-o\">\u2757 Ponto de aten\u00e7\u00e3o:<\/h3>\n\n\n\n<ul>\n<li>Fura a roupa (o que n\u00e3o \u00e9 problema em uniformes)<\/li>\n\n\n\n<li>Visual um pouco mais funcional do que est\u00e9tico<\/li>\n<\/ul>\n\n\n\n<p>\ud83d\udc49 Em resumo: <strong>\u00e9 a melhor escolha quando a prioridade \u00e9 resist\u00eancia e firmeza absoluta.<\/strong><\/p>\n\n\n\n<figure class=\"wp-block-image size-full is-resized\"><img decoding=\"async\" width=\"1000\" height=\"1000\" src=\"https:\/\/dogtagclan.com.br\/blog\/wp-content\/uploads\/2026\/01\/WhatsApp-Image-2025-03-04-at-13.45.59-3.jpeg\" alt=\"\" class=\"wp-image-5578\" style=\"width:333px;height:auto\" srcset=\"https:\/\/dogtagclan.com.br\/blog\/wp-content\/uploads\/2026\/01\/WhatsApp-Image-2025-03-04-at-13.45.59-3.jpeg 1000w, https:\/\/dogtagclan.com.br\/blog\/wp-content\/uploads\/2026\/01\/WhatsApp-Image-2025-03-04-at-13.45.59-3-300x300.jpeg 300w, https:\/\/dogtagclan.com.br\/blog\/wp-content\/uploads\/2026\/01\/WhatsApp-Image-2025-03-04-at-13.45.59-3-150x150.jpeg 150w, https:\/\/dogtagclan.com.br\/blog\/wp-content\/uploads\/2026\/01\/WhatsApp-Image-2025-03-04-at-13.45.59-3-768x768.jpeg 768w, https:\/\/dogtagclan.com.br\/blog\/wp-content\/uploads\/2026\/01\/WhatsApp-Image-2025-03-04-at-13.45.59-3-96x96.jpeg 96w\" sizes=\"(max-width: 1000px) 100vw, 1000px\" \/><\/figure>\n\n\n\n<hr class=\"wp-block-separator has-alpha-channel-opacity\"\/>\n\n\n\n<h2 class=\"wp-block-heading\" id=\"h-m-ou-alfinete-qual-melhor-para-uso-profissional\">\u00cdm\u00e3 ou Alfinete: Qual \u00e9 Melhor Para Uso Profissional?<\/h2>\n\n\n\n<p>A resposta certa \u00e9: <strong>depende do seu ambiente de trabalho<\/strong>.<\/p>\n\n\n\n<h3 class=\"wp-block-heading\" id=\"h-compara-o-direta\">\ud83d\udd0d Compara\u00e7\u00e3o direta:<\/h3>\n\n\n\n<figure class=\"wp-block-table\"><table><thead><tr><th>Situa\u00e7\u00e3o<\/th><th>Melhor op\u00e7\u00e3o<\/th><\/tr><\/thead><tbody><tr><td>Roupa social ou delicada<\/td><td>\u00cdm\u00e3 magn\u00e9tico<\/td><\/tr><tr><td>Uso di\u00e1rio com troca de roupa<\/td><td>\u00cdm\u00e3 magn\u00e9tico<\/td><\/tr><tr><td>Uniforme grosso<\/td><td>Alfinete<\/td><\/tr><tr><td>Ambiente industrial<\/td><td>Alfinete<\/td><\/tr><tr><td>Atendimento ao p\u00fablico<\/td><td>\u00cdm\u00e3<\/td><\/tr><tr><td>Uso externo intenso<\/td><td>Alfinete<\/td><\/tr><\/tbody><\/table><\/figure>\n\n\n\n<p>\ud83d\udc49 O erro comum \u00e9 achar que um \u00e9 \u201cmelhor\u201d que o outro.<br>\ud83d\udc49 <strong>Na pr\u00e1tica, cada um resolve um problema diferente.<\/strong><\/p>\n\n\n\n<hr class=\"wp-block-separator has-alpha-channel-opacity\"\/>\n\n\n\n<h2 class=\"wp-block-heading\" id=\"h-personaliza-o-profissional-faz-toda-a-diferen-a\">Personaliza\u00e7\u00e3o Profissional Faz Toda a Diferen\u00e7a<\/h2>\n\n\n\n<p>Um crach\u00e1 profissional n\u00e3o \u00e9 s\u00f3 identifica\u00e7\u00e3o \u2014 \u00e9 <strong>imagem da empresa<\/strong>.<\/p>\n\n\n\n<p>Na DogTagClan, os crach\u00e1s broche podem ser personalizados com:<\/p>\n\n\n\n<ul>\n<li>Nome e sobrenome<\/li>\n\n\n\n<li>Cargo ou fun\u00e7\u00e3o<\/li>\n\n\n\n<li>Logo da empresa<\/li>\n\n\n\n<li>QR Code (para contato, redes sociais, ficha profissional, Pix, etc.)<\/li>\n\n\n\n<li>Grava\u00e7\u00e3o dur\u00e1vel em a\u00e7o inox (n\u00e3o apaga, n\u00e3o descasca)<\/li>\n<\/ul>\n\n\n\n<p>Isso transforma o crach\u00e1 em:<\/p>\n\n\n\n<ul>\n<li>Ferramenta de credibilidade<\/li>\n\n\n\n<li>Refor\u00e7o de marca<\/li>\n\n\n\n<li>Identidade profissional real<\/li>\n\n\n\n<li><\/li>\n<\/ul>\n\n\n\n<figure class=\"wp-block-image size-large\"><img decoding=\"async\" width=\"768\" height=\"1024\" src=\"https:\/\/dogtagclan.com.br\/blog\/wp-content\/uploads\/2026\/01\/WhatsApp-Image-2025-04-22-at-14.45.55-1-768x1024.jpeg\" alt=\"\" class=\"wp-image-5579\" srcset=\"https:\/\/dogtagclan.com.br\/blog\/wp-content\/uploads\/2026\/01\/WhatsApp-Image-2025-04-22-at-14.45.55-1-768x1024.jpeg 768w, https:\/\/dogtagclan.com.br\/blog\/wp-content\/uploads\/2026\/01\/WhatsApp-Image-2025-04-22-at-14.45.55-1-225x300.jpeg 225w, https:\/\/dogtagclan.com.br\/blog\/wp-content\/uploads\/2026\/01\/WhatsApp-Image-2025-04-22-at-14.45.55-1-640x853.jpeg 640w, https:\/\/dogtagclan.com.br\/blog\/wp-content\/uploads\/2026\/01\/WhatsApp-Image-2025-04-22-at-14.45.55-1-150x200.jpeg 150w, https:\/\/dogtagclan.com.br\/blog\/wp-content\/uploads\/2026\/01\/WhatsApp-Image-2025-04-22-at-14.45.55-1.jpeg 960w\" sizes=\"(max-width: 768px) 100vw, 768px\" \/><\/figure>\n\n\n\n<hr class=\"wp-block-separator has-alpha-channel-opacity\"\/>\n\n\n\n<h2 class=\"wp-block-heading\" id=\"h-onde-comprar-crach-broche-com-m-ou-alfinete-no-brasil\">Onde Comprar Crach\u00e1 Broche com \u00cdm\u00e3 ou Alfinete no Brasil?<\/h2>\n\n\n\n<p>Se voc\u00ea busca <strong>qualidade de verdade<\/strong>, evite solu\u00e7\u00f5es gen\u00e9ricas de marketplace.<\/p>\n\n\n\n<p>\ud83d\udc49 <strong>Compre direto de quem fabrica<\/strong>.<\/p>\n\n\n\n<p>\ud83d\udd17 <strong>Link oficial para compra:<\/strong><br>\ud83d\udc49 <a href=\"https:\/\/dogtagclan.com.br\/departamento\/adicionais\/cracha-broche\">https:\/\/dogtagclan.com.br\/departamento\/adicionais\/cracha-broche<\/a><\/p>\n\n\n\n<p>Na DogTagClan voc\u00ea encontra:<\/p>\n\n\n\n<ul>\n<li>Crach\u00e1s broche em a\u00e7o inox<\/li>\n\n\n\n<li>Op\u00e7\u00e3o com \u00edm\u00e3 ou alfinete<\/li>\n\n\n\n<li>Personaliza\u00e7\u00e3o completa<\/li>\n\n\n\n<li>Envio para todo o Brasil<\/li>\n\n\n\n<li>Produ\u00e7\u00e3o profissional e acabamento premium<\/li>\n<\/ul>\n\n\n\n<hr class=\"wp-block-separator has-alpha-channel-opacity\"\/>\n\n\n\n<h2 class=\"wp-block-heading\" id=\"h-conclus-o-qual-escolher\">Conclus\u00e3o: Qual Escolher?<\/h2>\n\n\n\n<ul>\n<li>Quer <strong>conforto, eleg\u00e2ncia e n\u00e3o furar a roupa?<\/strong> \u2192 V\u00e1 de <strong>\u00edm\u00e3<\/strong><\/li>\n\n\n\n<li>Precisa de <strong>fixa\u00e7\u00e3o m\u00e1xima e resist\u00eancia extrema?<\/strong> \u2192 V\u00e1 de <strong>alfinete<\/strong><\/li>\n\n\n\n<li>Quer transmitir profissionalismo? \u2192 Escolha <strong>material de qualidade e personaliza\u00e7\u00e3o real<\/strong><\/li>\n<\/ul>\n\n\n\n<p>\ud83d\udc49 O crach\u00e1 certo valoriza voc\u00ea e sua empresa.<\/p>\n","protected":false},"excerpt":{"rendered":"<p>Escolher o crach\u00e1 certo vai muito al\u00e9m de est\u00e9tica. Para quem trabalha com atendimento ao p\u00fablico, sa\u00fade, eventos, ind\u00fastria, com\u00e9rcio<\/p>\n","protected":false},"author":1,"featured_media":5577,"comment_status":"open","ping_status":"open","sticky":false,"template":"","format":"standard","meta":{"footnotes":""},"categories":[557,554],"tags":[],"yoast_head":"<!-- This site is optimized with the Yoast SEO Premium plugin v15.5 - https:\/\/yoast.com\/wordpress\/plugins\/seo\/ -->\n<title>Crach\u00e1 Broche com \u00cdm\u00e3 ou Alfinete: Diferen\u00e7as, Vantagens e Qual \u00e9 o Melhor Para Uso Profissional | DogTagClan Blog<\/title>\n<meta name=\"description\" content=\"Escolher o crach\u00e1 certo vai muito al\u00e9m de est\u00e9tica. Para quem trabalha com atendimento ao p\u00fablico, sa\u00fade, eventos, ind\u00fastria, com\u00e9rcio ou servi\u00e7os corporativos,\" \/>\n<meta name=\"robots\" content=\"index, follow, max-snippet:-1, max-image-preview:large, max-video-preview:-1\" \/>\n<link rel=\"canonical\" href=\"https:\/\/dogtagclan.com.br\/blog\/cracha-broche-com-ima-ou-alfinete-diferencas-vantagens-e-qual-e-o-melhor-para-uso-profissional\/\" \/>\n<meta property=\"og:locale\" content=\"pt_BR\" \/>\n<meta property=\"og:type\" content=\"article\" \/>\n<meta property=\"og:title\" content=\"Crach\u00e1 Broche com \u00cdm\u00e3 ou Alfinete: Diferen\u00e7as, Vantagens e Qual \u00e9 o Melhor Para Uso Profissional | DogTagClan Blog\" \/>\n<meta property=\"og:description\" content=\"Escolher o crach\u00e1 certo vai muito al\u00e9m de est\u00e9tica. Para quem trabalha com atendimento ao p\u00fablico, sa\u00fade, eventos, ind\u00fastria, com\u00e9rcio ou servi\u00e7os corporativos,\" \/>\n<meta property=\"og:url\" content=\"https:\/\/dogtagclan.com.br\/blog\/cracha-broche-com-ima-ou-alfinete-diferencas-vantagens-e-qual-e-o-melhor-para-uso-profissional\/\" \/>\n<meta property=\"og:site_name\" content=\"DogTagClan Blog\" \/>\n<meta property=\"article:publisher\" content=\"https:\/\/www.facebook.com\/dogtagclan\" \/>\n<meta property=\"article:author\" content=\"https:\/\/www.facebook.com\/dogtagclan\" \/>\n<meta property=\"article:published_time\" content=\"2026-01-16T13:43:19+00:00\" \/>\n<meta property=\"article:modified_time\" content=\"2026-01-16T13:43:21+00:00\" \/>\n<meta property=\"og:image\" content=\"https:\/\/dogtagclan.com.br\/blog\/wp-content\/uploads\/2026\/01\/WhatsApp-Image-2025-03-19-at-11.19.08-1-1.jpeg\" \/>\n\t<meta property=\"og:image:width\" content=\"960\" \/>\n\t<meta property=\"og:image:height\" content=\"1280\" \/>\n<meta name=\"twitter:card\" content=\"summary_large_image\" \/>\n<meta name=\"twitter:creator\" content=\"@https:\/\/x.com\/Dogtagclanclan\" \/>\n<meta name=\"twitter:label1\" content=\"Est. tempo de leitura\">\n\t<meta name=\"twitter:data1\" content=\"3 minutos\">\n<script type=\"application\/ld+json\" class=\"yoast-schema-graph\">{\"@context\":\"https:\/\/schema.org\",\"@graph\":[{\"@type\":\"Organization\",\"@id\":\"https:\/\/dogtagclan.com.br\/blog\/#organization\",\"name\":\"DogTagClan | Dog Tags, Crach\\u00e1s e Acess\\u00f3rios Personalizados\",\"url\":\"https:\/\/dogtagclan.com.br\/blog\/\",\"sameAs\":[\"https:\/\/www.facebook.com\/dogtagclan\"],\"logo\":{\"@type\":\"ImageObject\",\"@id\":\"https:\/\/dogtagclan.com.br\/blog\/#logo\",\"inLanguage\":\"pt-BR\",\"url\":\"https:\/\/dogtagclan.com.br\/blog\/wp-content\/uploads\/2023\/02\/cropped-doftagclan-logo.png\",\"width\":250,\"height\":140,\"caption\":\"DogTagClan | Dog Tags, Crach\\u00e1s e Acess\\u00f3rios Personalizados\"},\"image\":{\"@id\":\"https:\/\/dogtagclan.com.br\/blog\/#logo\"}},{\"@type\":\"WebSite\",\"@id\":\"https:\/\/dogtagclan.com.br\/blog\/#website\",\"url\":\"https:\/\/dogtagclan.com.br\/blog\/\",\"name\":\"DogTagClan Blog\",\"description\":\"A gente faz, do seu Jeito\",\"publisher\":{\"@id\":\"https:\/\/dogtagclan.com.br\/blog\/#organization\"},\"potentialAction\":[{\"@type\":\"SearchAction\",\"target\":\"https:\/\/dogtagclan.com.br\/blog\/?s={search_term_string}\",\"query-input\":\"required name=search_term_string\"}],\"inLanguage\":\"pt-BR\"},{\"@type\":\"ImageObject\",\"@id\":\"https:\/\/dogtagclan.com.br\/blog\/cracha-broche-com-ima-ou-alfinete-diferencas-vantagens-e-qual-e-o-melhor-para-uso-profissional\/#primaryimage\",\"inLanguage\":\"pt-BR\",\"url\":\"https:\/\/dogtagclan.com.br\/blog\/wp-content\/uploads\/2026\/01\/WhatsApp-Image-2025-03-19-at-11.19.08-1-1.jpeg\",\"width\":960,\"height\":1280,\"caption\":\"Crach\\u00e1 broche personalizado com op\\u00e7\\u00e3o de \\u00edm\\u00e3 magn\\u00e9tico ou alfinete, feito em a\\u00e7o inox para uso profissional di\\u00e1rio.\"},{\"@type\":\"WebPage\",\"@id\":\"https:\/\/dogtagclan.com.br\/blog\/cracha-broche-com-ima-ou-alfinete-diferencas-vantagens-e-qual-e-o-melhor-para-uso-profissional\/#webpage\",\"url\":\"https:\/\/dogtagclan.com.br\/blog\/cracha-broche-com-ima-ou-alfinete-diferencas-vantagens-e-qual-e-o-melhor-para-uso-profissional\/\",\"name\":\"Crach\\u00e1 Broche com \\u00cdm\\u00e3 ou Alfinete: Diferen\\u00e7as, Vantagens e Qual \\u00e9 o Melhor Para Uso Profissional | DogTagClan Blog\",\"isPartOf\":{\"@id\":\"https:\/\/dogtagclan.com.br\/blog\/#website\"},\"primaryImageOfPage\":{\"@id\":\"https:\/\/dogtagclan.com.br\/blog\/cracha-broche-com-ima-ou-alfinete-diferencas-vantagens-e-qual-e-o-melhor-para-uso-profissional\/#primaryimage\"},\"datePublished\":\"2026-01-16T13:43:19+00:00\",\"dateModified\":\"2026-01-16T13:43:21+00:00\",\"description\":\"Escolher o crach\\u00e1 certo vai muito al\\u00e9m de est\\u00e9tica. Para quem trabalha com atendimento ao p\\u00fablico, sa\\u00fade, eventos, ind\\u00fastria, com\\u00e9rcio ou servi\\u00e7os corporativos,\",\"inLanguage\":\"pt-BR\",\"potentialAction\":[{\"@type\":\"ReadAction\",\"target\":[\"https:\/\/dogtagclan.com.br\/blog\/cracha-broche-com-ima-ou-alfinete-diferencas-vantagens-e-qual-e-o-melhor-para-uso-profissional\/\"]}]},{\"@type\":\"Article\",\"@id\":\"https:\/\/dogtagclan.com.br\/blog\/cracha-broche-com-ima-ou-alfinete-diferencas-vantagens-e-qual-e-o-melhor-para-uso-profissional\/#article\",\"isPartOf\":{\"@id\":\"https:\/\/dogtagclan.com.br\/blog\/cracha-broche-com-ima-ou-alfinete-diferencas-vantagens-e-qual-e-o-melhor-para-uso-profissional\/#webpage\"},\"author\":{\"@id\":\"https:\/\/dogtagclan.com.br\/blog\/#\/schema\/person\/b7279d930f15e2a85c89cd3b2f1d8df5\"},\"headline\":\"Crach\\u00e1 Broche com \\u00cdm\\u00e3 ou Alfinete: Diferen\\u00e7as, Vantagens e Qual \\u00e9 o Melhor Para Uso Profissional\",\"datePublished\":\"2026-01-16T13:43:19+00:00\",\"dateModified\":\"2026-01-16T13:43:21+00:00\",\"mainEntityOfPage\":{\"@id\":\"https:\/\/dogtagclan.com.br\/blog\/cracha-broche-com-ima-ou-alfinete-diferencas-vantagens-e-qual-e-o-melhor-para-uso-profissional\/#webpage\"},\"commentCount\":0,\"publisher\":{\"@id\":\"https:\/\/dogtagclan.com.br\/blog\/#organization\"},\"image\":{\"@id\":\"https:\/\/dogtagclan.com.br\/blog\/cracha-broche-com-ima-ou-alfinete-diferencas-vantagens-e-qual-e-o-melhor-para-uso-profissional\/#primaryimage\"},\"articleSection\":\"Crach\\u00e1 de Identifica\\u00e7\\u00e3o,Crachas e broches personalizados\",\"inLanguage\":\"pt-BR\",\"potentialAction\":[{\"@type\":\"CommentAction\",\"name\":\"Comment\",\"target\":[\"https:\/\/dogtagclan.com.br\/blog\/cracha-broche-com-ima-ou-alfinete-diferencas-vantagens-e-qual-e-o-melhor-para-uso-profissional\/#respond\"]}]},{\"@type\":\"Person\",\"@id\":\"https:\/\/dogtagclan.com.br\/blog\/#\/schema\/person\/b7279d930f15e2a85c89cd3b2f1d8df5\",\"name\":\"dogtagclan\",\"description\":\"\\\"A DogTagClan \\u00e9 especializada na fabrica\\u00e7\\u00e3o e personaliza\\u00e7\\u00e3o de Dog Tags, crach\\u00e1s e acess\\u00f3rios. Produzimos pe\\u00e7as em a\\u00e7o inoxid\\u00e1vel com grava\\u00e7\\u00f5es de alta precis\\u00e3o para identifica\\u00e7\\u00e3o pessoal e profissional.\\\"\",\"sameAs\":[\"https:\/\/blog.dogtagclan.com.br\",\"https:\/\/www.facebook.com\/dogtagclan\",\"https:\/\/www.instagram.com\/dogtagclan\",\"https:\/\/twitter.com\/https:\/\/x.com\/Dogtagclanclan\",\"https:\/\/www.youtube.com\/dogtagclan\"]}]}<\/script>\n<!-- \/ Yoast SEO Premium plugin. -->","_links":{"self":[{"href":"https:\/\/dogtagclan.com.br\/blog\/wp-json\/wp\/v2\/posts\/5575"}],"collection":[{"href":"https:\/\/dogtagclan.com.br\/blog\/wp-json\/wp\/v2\/posts"}],"about":[{"href":"https:\/\/dogtagclan.com.br\/blog\/wp-json\/wp\/v2\/types\/post"}],"author":[{"embeddable":true,"href":"https:\/\/dogtagclan.com.br\/blog\/wp-json\/wp\/v2\/users\/1"}],"replies":[{"embeddable":true,"href":"https:\/\/dogtagclan.com.br\/blog\/wp-json\/wp\/v2\/comments?post=5575"}],"version-history":[{"count":1,"href":"https:\/\/dogtagclan.com.br\/blog\/wp-json\/wp\/v2\/posts\/5575\/revisions"}],"predecessor-version":[{"id":5580,"href":"https:\/\/dogtagclan.com.br\/blog\/wp-json\/wp\/v2\/posts\/5575\/revisions\/5580"}],"wp:featuredmedia":[{"embeddable":true,"href":"https:\/\/dogtagclan.com.br\/blog\/wp-json\/wp\/v2\/media\/5577"}],"wp:attachment":[{"href":"https:\/\/dogtagclan.com.br\/blog\/wp-json\/wp\/v2\/media?parent=5575"}],"wp:term":[{"taxonomy":"category","embeddable":true,"href":"https:\/\/dogtagclan.com.br\/blog\/wp-json\/wp\/v2\/categories?post=5575"},{"taxonomy":"post_tag","embeddable":true,"href":"https:\/\/dogtagclan.com.br\/blog\/wp-json\/wp\/v2\/tags?post=5575"}],"curies":[{"name":"wp","href":"https:\/\/api.w.org\/{rel}","templated":true}]}}