{"id":5562,"date":"2026-01-15T22:41:09","date_gmt":"2026-01-16T01:41:09","guid":{"rendered":"https:\/\/dogtagclan.com.br\/blog\/?p=5562"},"modified":"2026-01-15T22:41:12","modified_gmt":"2026-01-16T01:41:12","slug":"cracha-broche-com-ima-ou-alfinete-qual-escolher-para-uso-profissional","status":"publish","type":"post","link":"https:\/\/dogtagclan.com.br\/blog\/cracha-broche-com-ima-ou-alfinete-qual-escolher-para-uso-profissional\/","title":{"rendered":"Crach\u00e1 Broche com \u00cdm\u00e3 ou Alfinete: Qual Escolher Para Uso Profissional?"},"content":{"rendered":"\n<p>Na identifica\u00e7\u00e3o profissional, <strong>o detalhe faz toda a diferen\u00e7a<\/strong>.<br>Escolher entre <strong>crach\u00e1 broche com \u00edm\u00e3<\/strong> ou <strong>crach\u00e1 broche com alfinete<\/strong> pode impactar diretamente o conforto, a durabilidade do uniforme e at\u00e9 a imagem profissional de quem usa.<\/p>\n\n\n\n<p>Seja em cl\u00ednicas, empresas, eventos, com\u00e9rcios ou equipes corporativas, entender essa diferen\u00e7a evita erros comuns e garante um crach\u00e1 funcional, bonito e seguro.<\/p>\n\n\n\n<p>Neste guia completo, voc\u00ea vai entender <strong>qual escolher<\/strong>, <strong>quando usar cada modelo<\/strong> e <strong>por que o material e a personaliza\u00e7\u00e3o s\u00e3o t\u00e3o importantes<\/strong>.<\/p>\n\n\n\n<figure class=\"wp-block-image size-full is-resized\"><a href=\"https:\/\/dogtagclan.com.br\/departamento\/adicionais\/cracha-broche\"><img decoding=\"async\" width=\"649\" height=\"757\" src=\"https:\/\/dogtagclan.com.br\/blog\/wp-content\/uploads\/2026\/01\/sindicowwee.jpg\" alt=\"\" class=\"wp-image-5563\" style=\"width:1141px;height:auto\" srcset=\"https:\/\/dogtagclan.com.br\/blog\/wp-content\/uploads\/2026\/01\/sindicowwee.jpg 649w, https:\/\/dogtagclan.com.br\/blog\/wp-content\/uploads\/2026\/01\/sindicowwee-257x300.jpg 257w, https:\/\/dogtagclan.com.br\/blog\/wp-content\/uploads\/2026\/01\/sindicowwee-150x175.jpg 150w\" sizes=\"(max-width: 649px) 100vw, 649px\" \/><\/a><\/figure>\n\n\n\n<hr class=\"wp-block-separator has-alpha-channel-opacity\"\/>\n\n\n\n<h2 class=\"wp-block-heading\" id=\"h-o-que-um-crach-broche-profissional\">O Que \u00e9 um Crach\u00e1 Broche Profissional?<\/h2>\n\n\n\n<p>O <strong>crach\u00e1 broche<\/strong> \u00e9 um modelo de identifica\u00e7\u00e3o que dispensa cord\u00e3o ou presilha tradicional.<br>Ele \u00e9 fixado diretamente na roupa e pode utilizar dois tipos principais de fixa\u00e7\u00e3o:<\/p>\n\n\n\n<ul>\n<li><strong>\u00cdm\u00e3 (magn\u00e9tico)<\/strong><\/li>\n\n\n\n<li><strong>Alfinete (pino met\u00e1lico)<\/strong><\/li>\n<\/ul>\n\n\n\n<p>Na <strong>DogTagClan<\/strong>, os crach\u00e1s broche s\u00e3o fabricados em <strong>a\u00e7o inox<\/strong>, com acabamento profissional e personaliza\u00e7\u00e3o sob medida para empresas e profissionais.<\/p>\n\n\n\n<hr class=\"wp-block-separator has-alpha-channel-opacity\"\/>\n\n\n\n<h2 class=\"wp-block-heading\" id=\"h-crach-broche-com-m-quando-escolher\">Crach\u00e1 Broche com \u00cdm\u00e3: Quando Escolher?<\/h2>\n\n\n\n<p>O <strong>crach\u00e1 broche com \u00edm\u00e3<\/strong> \u00e9 a op\u00e7\u00e3o mais moderna e confort\u00e1vel para o uso di\u00e1rio.<\/p>\n\n\n\n<h3 class=\"wp-block-heading\" id=\"h-principais-vantagens\">\u2705 Principais Vantagens:<\/h3>\n\n\n\n<ul>\n<li><strong>N\u00e3o fura o tecido<\/strong><\/li>\n\n\n\n<li>Ideal para <strong>jalecos, camisas sociais e roupas delicadas<\/strong><\/li>\n\n\n\n<li>Mais confort\u00e1vel para uso prolongado<\/li>\n\n\n\n<li>Apar\u00eancia mais limpa e elegante<\/li>\n\n\n\n<li>Fixa\u00e7\u00e3o firme sem danificar o uniforme<\/li>\n<\/ul>\n\n\n\n<h3 class=\"wp-block-heading\" id=\"h-indicado-para\">\ud83d\udd0e Indicado para:<\/h3>\n\n\n\n<ul>\n<li>Profissionais da sa\u00fade (m\u00e9dicos, enfermeiros, dentistas)<\/li>\n\n\n\n<li>Escrit\u00f3rios e ambientes corporativos<\/li>\n\n\n\n<li>Eventos, feiras e recep\u00e7\u00e3o<\/li>\n\n\n\n<li>Empresas que prezam pela est\u00e9tica do uniforme<\/li>\n<\/ul>\n\n\n\n<p>\ud83d\udca1 <strong>Opini\u00e3o profissional:<\/strong><br>Se o uniforme \u00e9 caro, delicado ou precisa estar sempre impec\u00e1vel, <strong>\u00edm\u00e3 \u00e9 a melhor escolha<\/strong>.<\/p>\n\n\n\n<figure class=\"wp-block-image size-large\"><a href=\"https:\/\/dogtagclan.com.br\/departamento\/adicionais\/cracha-broche\"><img decoding=\"async\" width=\"768\" height=\"1024\" src=\"https:\/\/dogtagclan.com.br\/blog\/wp-content\/uploads\/2026\/01\/crachasxcvxxxcv-768x1024.jpg\" alt=\"\" class=\"wp-image-5564\" srcset=\"https:\/\/dogtagclan.com.br\/blog\/wp-content\/uploads\/2026\/01\/crachasxcvxxxcv-768x1024.jpg 768w, https:\/\/dogtagclan.com.br\/blog\/wp-content\/uploads\/2026\/01\/crachasxcvxxxcv-225x300.jpg 225w, https:\/\/dogtagclan.com.br\/blog\/wp-content\/uploads\/2026\/01\/crachasxcvxxxcv-640x853.jpg 640w, https:\/\/dogtagclan.com.br\/blog\/wp-content\/uploads\/2026\/01\/crachasxcvxxxcv-150x200.jpg 150w, https:\/\/dogtagclan.com.br\/blog\/wp-content\/uploads\/2026\/01\/crachasxcvxxxcv.jpg 960w\" sizes=\"(max-width: 768px) 100vw, 768px\" \/><\/a><\/figure>\n\n\n\n<hr class=\"wp-block-separator has-alpha-channel-opacity\"\/>\n\n\n\n<h2 class=\"wp-block-heading\" id=\"h-crach-broche-com-alfinete-quando-a-melhor-op-o\">Crach\u00e1 Broche com Alfinete: Quando \u00e9 a Melhor Op\u00e7\u00e3o?<\/h2>\n\n\n\n<p>O <strong>crach\u00e1 broche com alfinete<\/strong> \u00e9 o modelo mais tradicional e extremamente resistente.<\/p>\n\n\n\n<h3 class=\"wp-block-heading\" id=\"h-principais-vantagens-1\">\u2705 Principais Vantagens:<\/h3>\n\n\n\n<ul>\n<li>Fixa\u00e7\u00e3o muito firme<\/li>\n\n\n\n<li>Ideal para roupas mais grossas<\/li>\n\n\n\n<li>\u00d3timo custo-benef\u00edcio<\/li>\n\n\n\n<li>N\u00e3o depende de magnetismo<\/li>\n<\/ul>\n\n\n\n<h3 class=\"wp-block-heading\" id=\"h-indicado-para-1\">\ud83d\udd0e Indicado para:<\/h3>\n\n\n\n<ul>\n<li>Uniformes industriais<\/li>\n\n\n\n<li>Camisas de brim ou tecidos grossos<\/li>\n\n\n\n<li>Ambientes operacionais<\/li>\n\n\n\n<li>Uso eventual ou tempor\u00e1rio<\/li>\n<\/ul>\n\n\n\n<p>\u26a0\ufe0f <strong>Ponto de aten\u00e7\u00e3o:<\/strong><br>O alfinete <strong>fura o tecido<\/strong>, o que pode n\u00e3o ser ideal para roupas finas ou jalecos.<\/p>\n\n\n\n<hr class=\"wp-block-separator has-alpha-channel-opacity\"\/>\n\n\n\n<h2 class=\"wp-block-heading\" id=\"h-m-ou-alfinete-compara-o-direta\">\u00cdm\u00e3 ou Alfinete: Compara\u00e7\u00e3o Direta<\/h2>\n\n\n\n<figure class=\"wp-block-table\"><table><thead><tr><th>Caracter\u00edstica<\/th><th>\u00cdm\u00e3<\/th><th>Alfinete<\/th><\/tr><\/thead><tbody><tr><td>Fura a roupa?<\/td><td>\u274c N\u00e3o<\/td><td>\u2705 Sim<\/td><\/tr><tr><td>Conforto<\/td><td>\u2b50\u2b50\u2b50\u2b50\u2b50<\/td><td>\u2b50\u2b50\u2b50\u2b50<\/td><\/tr><tr><td>Fixa\u00e7\u00e3o<\/td><td>\u2b50\u2b50\u2b50\u2b50<\/td><td>\u2b50\u2b50\u2b50\u2b50\u2b50<\/td><\/tr><tr><td>Visual<\/td><td>Moderno<\/td><td>Tradicional<\/td><\/tr><tr><td>Ideal para<\/td><td>Jaleco, social<\/td><td>Uniforme grosso<\/td><\/tr><\/tbody><\/table><\/figure>\n\n\n\n<p>\ud83d\udc49 <strong>Conclus\u00e3o r\u00e1pida:<\/strong><\/p>\n\n\n\n<ul>\n<li><strong>Conforto e est\u00e9tica<\/strong> \u2192 \u00cdm\u00e3<\/li>\n\n\n\n<li><strong>Robustez e simplicidade<\/strong> \u2192 Alfinete<\/li>\n<\/ul>\n\n\n\n<hr class=\"wp-block-separator has-alpha-channel-opacity\"\/>\n\n\n\n<h2 class=\"wp-block-heading\" id=\"h-por-que-o-material-do-crach-importa-muito\">Por Que o Material do Crach\u00e1 Importa (Muito)?<\/h2>\n\n\n\n<p>Al\u00e9m da fixa\u00e7\u00e3o, o <strong>material do crach\u00e1<\/strong> define durabilidade e imagem profissional.<\/p>\n\n\n\n<h3 class=\"wp-block-heading\" id=\"h-a-o-inox-padr-o-dogtagclan\">A\u00e7o Inox (padr\u00e3o DogTagClan):<\/h3>\n\n\n\n<ul>\n<li>N\u00e3o enferruja<\/li>\n\n\n\n<li>N\u00e3o descasca<\/li>\n\n\n\n<li>Acabamento premium<\/li>\n\n\n\n<li>Alta durabilidade<\/li>\n\n\n\n<li>Ideal para grava\u00e7\u00e3o a laser ou personaliza\u00e7\u00e3o profissional<\/li>\n<\/ul>\n\n\n\n<p>\ud83d\udccc Muitos crach\u00e1s baratos do mercado usam <strong>PVC ou alum\u00ednio fino<\/strong>, que desgastam r\u00e1pido e passam uma imagem amadora.<\/p>\n\n\n\n<figure class=\"wp-block-image size-large\"><a href=\"https:\/\/dogtagclan.com.br\/departamento\/adicionais\/cracha-broche\"><img decoding=\"async\" width=\"768\" height=\"1024\" src=\"https:\/\/dogtagclan.com.br\/blog\/wp-content\/uploads\/2026\/01\/WhatsApp-Image-2025-03-19-at-11.19.08-1-768x1024.jpeg\" alt=\"\" class=\"wp-image-5565\" srcset=\"https:\/\/dogtagclan.com.br\/blog\/wp-content\/uploads\/2026\/01\/WhatsApp-Image-2025-03-19-at-11.19.08-1-768x1024.jpeg 768w, https:\/\/dogtagclan.com.br\/blog\/wp-content\/uploads\/2026\/01\/WhatsApp-Image-2025-03-19-at-11.19.08-1-225x300.jpeg 225w, https:\/\/dogtagclan.com.br\/blog\/wp-content\/uploads\/2026\/01\/WhatsApp-Image-2025-03-19-at-11.19.08-1-640x853.jpeg 640w, https:\/\/dogtagclan.com.br\/blog\/wp-content\/uploads\/2026\/01\/WhatsApp-Image-2025-03-19-at-11.19.08-1-150x200.jpeg 150w, https:\/\/dogtagclan.com.br\/blog\/wp-content\/uploads\/2026\/01\/WhatsApp-Image-2025-03-19-at-11.19.08-1.jpeg 960w\" sizes=\"(max-width: 768px) 100vw, 768px\" \/><\/a><\/figure>\n\n\n\n<hr class=\"wp-block-separator has-alpha-channel-opacity\"\/>\n\n\n\n<h2 class=\"wp-block-heading\" id=\"h-personaliza-o-profissional-nome-cargo-e-logo\">Personaliza\u00e7\u00e3o Profissional: Nome, Cargo e Logo<\/h2>\n\n\n\n<p>Um bom crach\u00e1 n\u00e3o \u00e9 apenas identifica\u00e7\u00e3o \u2014 \u00e9 <strong>representa\u00e7\u00e3o da marca<\/strong>.<\/p>\n\n\n\n<p>Na DogTagClan, os crach\u00e1s broche podem ser personalizados com:<\/p>\n\n\n\n<ul>\n<li>Nome do profissional<\/li>\n\n\n\n<li>Cargo ou fun\u00e7\u00e3o<\/li>\n\n\n\n<li>Logo da empresa<\/li>\n\n\n\n<li>Acabamento escovado, dourado ou personalizado<\/li>\n\n\n\n<li>Op\u00e7\u00e3o de <strong>\u00edm\u00e3 ou alfinete<\/strong> no mesmo modelo<\/li>\n<\/ul>\n\n\n\n<p>\ud83d\udcac <strong>Minha opini\u00e3o:<\/strong><br>Empresas que investem em crach\u00e1 profissional passam mais confian\u00e7a, organiza\u00e7\u00e3o e autoridade.<\/p>\n\n\n\n<hr class=\"wp-block-separator has-alpha-channel-opacity\"\/>\n\n\n\n<h2 class=\"wp-block-heading\" id=\"h-kit-de-crach-s-broche-por-que-vale-mais-a-pena\">Kit de Crach\u00e1s Broche: Por Que Vale Mais a Pena?<\/h2>\n\n\n\n<p>Comprar <strong>kits de crach\u00e1s<\/strong> \u00e9 mais vantajoso do que unidades soltas.<\/p>\n\n\n\n<h3 class=\"wp-block-heading\" id=\"h-benef-cios-do-kit\">Benef\u00edcios do kit:<\/h3>\n\n\n\n<ul>\n<li>Padroniza\u00e7\u00e3o visual da equipe<\/li>\n\n\n\n<li>Melhor custo por unidade<\/li>\n\n\n\n<li>Ideal para empresas e cl\u00ednicas<\/li>\n\n\n\n<li>Reposi\u00e7\u00e3o f\u00e1cil<\/li>\n\n\n\n<li>Profissionalismo imediato<\/li>\n<\/ul>\n\n\n\n<p>\ud83d\udc49 \u00c9 por isso que os <strong>kits de 10 ou mais unidades<\/strong> s\u00e3o os mais procurados.<\/p>\n\n\n\n<hr class=\"wp-block-separator has-alpha-channel-opacity\"\/>\n\n\n\n<h2 class=\"wp-block-heading\" id=\"h-onde-comprar-crach-broche-com-m-ou-alfinete\">Onde Comprar Crach\u00e1 Broche com \u00cdm\u00e3 ou Alfinete?<\/h2>\n\n\n\n<p>Se voc\u00ea busca <strong>qualidade real<\/strong>, personaliza\u00e7\u00e3o profissional e envio para todo o Brasil, a DogTagClan \u00e9 refer\u00eancia no segmento.<\/p>\n\n\n\n<p>\ud83d\udd17 <strong>Compre direto no site oficial:<\/strong><br>\ud83d\udc49 <a href=\"https:\/\/dogtagclan.com.br\/departamento\/adicionais\/cracha-broche\">https:\/\/dogtagclan.com.br\/departamento\/adicionais\/cracha-broche<\/a><\/p>\n\n\n\n<p>\ud83d\udce6 Produ\u00e7\u00e3o pr\u00f3pria<br>\ud83d\ude9a Envio para todo o Brasil<br>\ud83d\udee0\ufe0f A\u00e7o inox de verdade<br>\ud83d\udcde Atendimento via WhatsApp: <a>https:\/\/wa.me\/554174001990<\/a><\/p>\n\n\n\n<figure class=\"wp-block-image size-large\"><a href=\"https:\/\/dogtagclan.com.br\/departamento\/adicionais\/cracha-broche\"><img decoding=\"async\" width=\"768\" height=\"1024\" src=\"https:\/\/dogtagclan.com.br\/blog\/wp-content\/uploads\/2026\/01\/WhatsApp-Image-2025-04-22-at-14.45.55-768x1024.jpeg\" alt=\"\" class=\"wp-image-5566\" srcset=\"https:\/\/dogtagclan.com.br\/blog\/wp-content\/uploads\/2026\/01\/WhatsApp-Image-2025-04-22-at-14.45.55-768x1024.jpeg 768w, https:\/\/dogtagclan.com.br\/blog\/wp-content\/uploads\/2026\/01\/WhatsApp-Image-2025-04-22-at-14.45.55-225x300.jpeg 225w, https:\/\/dogtagclan.com.br\/blog\/wp-content\/uploads\/2026\/01\/WhatsApp-Image-2025-04-22-at-14.45.55-640x853.jpeg 640w, https:\/\/dogtagclan.com.br\/blog\/wp-content\/uploads\/2026\/01\/WhatsApp-Image-2025-04-22-at-14.45.55-150x200.jpeg 150w, https:\/\/dogtagclan.com.br\/blog\/wp-content\/uploads\/2026\/01\/WhatsApp-Image-2025-04-22-at-14.45.55.jpeg 960w\" sizes=\"(max-width: 768px) 100vw, 768px\" \/><\/a><\/figure>\n\n\n\n<hr class=\"wp-block-separator has-alpha-channel-opacity\"\/>\n\n\n\n<h2 class=\"wp-block-heading\" id=\"h-perguntas-frequentes-faq\">Perguntas Frequentes (FAQ)<\/h2>\n\n\n\n<p><strong>Posso escolher \u00edm\u00e3 ou alfinete no mesmo modelo?<\/strong><br>Sim. Voc\u00ea escolhe a fixa\u00e7\u00e3o ideal no momento da compra.<\/p>\n\n\n\n<p><strong>O \u00edm\u00e3 segura bem?<\/strong><br>Sim. Os \u00edm\u00e3s s\u00e3o fortes e pr\u00f3prios para uso profissional di\u00e1rio.<\/p>\n\n\n\n<p><strong>O crach\u00e1 enferruja?<\/strong><br>N\u00e3o. O a\u00e7o inox n\u00e3o oxida.<\/p>\n\n\n\n<p><strong>Voc\u00eas fazem pedidos em lote?<\/strong><br>Sim, com condi\u00e7\u00f5es especiais para empresas.<\/p>\n\n\n\n<hr class=\"wp-block-separator has-alpha-channel-opacity\"\/>\n\n\n\n<h2 class=\"wp-block-heading\" id=\"h-conclus-o-qual-escolher-afinal\">Conclus\u00e3o: Qual Escolher Afinal?<\/h2>\n\n\n\n<p>\u2714\ufe0f Quer conforto, eleg\u00e2ncia e zero dano ao uniforme? \u2192 <strong>\u00cdm\u00e3<\/strong><br>\u2714\ufe0f Precisa de m\u00e1xima firmeza e simplicidade? \u2192 <strong>Alfinete<\/strong><\/p>\n\n\n\n<p>O mais importante \u00e9 escolher <strong>um crach\u00e1 bem feito<\/strong>, em <strong>a\u00e7o inox<\/strong>, com <strong>personaliza\u00e7\u00e3o profissional<\/strong> \u2014 e nisso, a DogTagClan entrega exatamente o que promete.<\/p>\n","protected":false},"excerpt":{"rendered":"<p>Na identifica\u00e7\u00e3o profissional, o detalhe faz toda a diferen\u00e7a.Escolher entre crach\u00e1 broche com \u00edm\u00e3 ou crach\u00e1 broche com alfinete pode<\/p>\n","protected":false},"author":1,"featured_media":5563,"comment_status":"open","ping_status":"open","sticky":false,"template":"","format":"standard","meta":{"footnotes":""},"categories":[557,554],"tags":[],"yoast_head":"<!-- This site is optimized with the Yoast SEO Premium plugin v15.5 - https:\/\/yoast.com\/wordpress\/plugins\/seo\/ -->\n<title>Crach\u00e1 Broche com \u00cdm\u00e3 ou Alfinete: Qual Escolher Para Uso Profissional? | DogTagClan Blog<\/title>\n<meta name=\"description\" content=\"Na identifica\u00e7\u00e3o profissional, o detalhe faz toda a diferen\u00e7a.Escolher entre crach\u00e1 broche com \u00edm\u00e3 ou crach\u00e1 broche com alfinete pode impactar diretamente o conforto, a durabilidade do uniforme e at\u00e9 a imagem\" \/>\n<meta name=\"robots\" content=\"index, follow, max-snippet:-1, max-image-preview:large, max-video-preview:-1\" \/>\n<link rel=\"canonical\" href=\"https:\/\/dogtagclan.com.br\/blog\/cracha-broche-com-ima-ou-alfinete-qual-escolher-para-uso-profissional\/\" \/>\n<meta property=\"og:locale\" content=\"pt_BR\" \/>\n<meta property=\"og:type\" content=\"article\" \/>\n<meta property=\"og:title\" content=\"Crach\u00e1 Broche com \u00cdm\u00e3 ou Alfinete: Qual Escolher Para Uso Profissional? | DogTagClan Blog\" \/>\n<meta property=\"og:description\" content=\"Na identifica\u00e7\u00e3o profissional, o detalhe faz toda a diferen\u00e7a.Escolher entre crach\u00e1 broche com \u00edm\u00e3 ou crach\u00e1 broche com alfinete pode impactar diretamente o conforto, a durabilidade do uniforme e at\u00e9 a imagem\" \/>\n<meta property=\"og:url\" content=\"https:\/\/dogtagclan.com.br\/blog\/cracha-broche-com-ima-ou-alfinete-qual-escolher-para-uso-profissional\/\" \/>\n<meta property=\"og:site_name\" content=\"DogTagClan Blog\" \/>\n<meta property=\"article:publisher\" content=\"https:\/\/www.facebook.com\/dogtagclan\" \/>\n<meta property=\"article:author\" content=\"https:\/\/www.facebook.com\/dogtagclan\" \/>\n<meta property=\"article:published_time\" content=\"2026-01-16T01:41:09+00:00\" \/>\n<meta property=\"article:modified_time\" content=\"2026-01-16T01:41:12+00:00\" \/>\n<meta property=\"og:image\" content=\"https:\/\/dogtagclan.com.br\/blog\/wp-content\/uploads\/2026\/01\/sindicowwee.jpg\" \/>\n\t<meta property=\"og:image:width\" content=\"649\" \/>\n\t<meta property=\"og:image:height\" content=\"757\" \/>\n<meta name=\"twitter:card\" content=\"summary_large_image\" \/>\n<meta name=\"twitter:creator\" content=\"@https:\/\/x.com\/Dogtagclanclan\" \/>\n<meta name=\"twitter:label1\" content=\"Est. tempo de leitura\">\n\t<meta name=\"twitter:data1\" content=\"3 minutos\">\n<script type=\"application\/ld+json\" class=\"yoast-schema-graph\">{\"@context\":\"https:\/\/schema.org\",\"@graph\":[{\"@type\":\"Organization\",\"@id\":\"https:\/\/dogtagclan.com.br\/blog\/#organization\",\"name\":\"DogTagClan | Dog Tags, Crach\\u00e1s e Acess\\u00f3rios Personalizados\",\"url\":\"https:\/\/dogtagclan.com.br\/blog\/\",\"sameAs\":[\"https:\/\/www.facebook.com\/dogtagclan\"],\"logo\":{\"@type\":\"ImageObject\",\"@id\":\"https:\/\/dogtagclan.com.br\/blog\/#logo\",\"inLanguage\":\"pt-BR\",\"url\":\"https:\/\/dogtagclan.com.br\/blog\/wp-content\/uploads\/2023\/02\/cropped-doftagclan-logo.png\",\"width\":250,\"height\":140,\"caption\":\"DogTagClan | Dog Tags, Crach\\u00e1s e Acess\\u00f3rios Personalizados\"},\"image\":{\"@id\":\"https:\/\/dogtagclan.com.br\/blog\/#logo\"}},{\"@type\":\"WebSite\",\"@id\":\"https:\/\/dogtagclan.com.br\/blog\/#website\",\"url\":\"https:\/\/dogtagclan.com.br\/blog\/\",\"name\":\"DogTagClan Blog\",\"description\":\"A gente faz, do seu Jeito\",\"publisher\":{\"@id\":\"https:\/\/dogtagclan.com.br\/blog\/#organization\"},\"potentialAction\":[{\"@type\":\"SearchAction\",\"target\":\"https:\/\/dogtagclan.com.br\/blog\/?s={search_term_string}\",\"query-input\":\"required name=search_term_string\"}],\"inLanguage\":\"pt-BR\"},{\"@type\":\"ImageObject\",\"@id\":\"https:\/\/dogtagclan.com.br\/blog\/cracha-broche-com-ima-ou-alfinete-qual-escolher-para-uso-profissional\/#primaryimage\",\"inLanguage\":\"pt-BR\",\"url\":\"https:\/\/dogtagclan.com.br\/blog\/wp-content\/uploads\/2026\/01\/sindicowwee.jpg\",\"width\":649,\"height\":757,\"caption\":\"Crach\\u00e1 broche profissional com op\\u00e7\\u00e3o de \\u00edm\\u00e3 ou alfinete, feito em a\\u00e7o inox e personalizado para empresas e profissionais.\"},{\"@type\":\"WebPage\",\"@id\":\"https:\/\/dogtagclan.com.br\/blog\/cracha-broche-com-ima-ou-alfinete-qual-escolher-para-uso-profissional\/#webpage\",\"url\":\"https:\/\/dogtagclan.com.br\/blog\/cracha-broche-com-ima-ou-alfinete-qual-escolher-para-uso-profissional\/\",\"name\":\"Crach\\u00e1 Broche com \\u00cdm\\u00e3 ou Alfinete: Qual Escolher Para Uso Profissional? | DogTagClan Blog\",\"isPartOf\":{\"@id\":\"https:\/\/dogtagclan.com.br\/blog\/#website\"},\"primaryImageOfPage\":{\"@id\":\"https:\/\/dogtagclan.com.br\/blog\/cracha-broche-com-ima-ou-alfinete-qual-escolher-para-uso-profissional\/#primaryimage\"},\"datePublished\":\"2026-01-16T01:41:09+00:00\",\"dateModified\":\"2026-01-16T01:41:12+00:00\",\"description\":\"Na identifica\\u00e7\\u00e3o profissional, o detalhe faz toda a diferen\\u00e7a.Escolher entre crach\\u00e1 broche com \\u00edm\\u00e3 ou crach\\u00e1 broche com alfinete pode impactar diretamente o conforto, a durabilidade do uniforme e at\\u00e9 a imagem\",\"inLanguage\":\"pt-BR\",\"potentialAction\":[{\"@type\":\"ReadAction\",\"target\":[\"https:\/\/dogtagclan.com.br\/blog\/cracha-broche-com-ima-ou-alfinete-qual-escolher-para-uso-profissional\/\"]}]},{\"@type\":\"Article\",\"@id\":\"https:\/\/dogtagclan.com.br\/blog\/cracha-broche-com-ima-ou-alfinete-qual-escolher-para-uso-profissional\/#article\",\"isPartOf\":{\"@id\":\"https:\/\/dogtagclan.com.br\/blog\/cracha-broche-com-ima-ou-alfinete-qual-escolher-para-uso-profissional\/#webpage\"},\"author\":{\"@id\":\"https:\/\/dogtagclan.com.br\/blog\/#\/schema\/person\/b7279d930f15e2a85c89cd3b2f1d8df5\"},\"headline\":\"Crach\\u00e1 Broche com \\u00cdm\\u00e3 ou Alfinete: Qual Escolher Para Uso Profissional?\",\"datePublished\":\"2026-01-16T01:41:09+00:00\",\"dateModified\":\"2026-01-16T01:41:12+00:00\",\"mainEntityOfPage\":{\"@id\":\"https:\/\/dogtagclan.com.br\/blog\/cracha-broche-com-ima-ou-alfinete-qual-escolher-para-uso-profissional\/#webpage\"},\"commentCount\":0,\"publisher\":{\"@id\":\"https:\/\/dogtagclan.com.br\/blog\/#organization\"},\"image\":{\"@id\":\"https:\/\/dogtagclan.com.br\/blog\/cracha-broche-com-ima-ou-alfinete-qual-escolher-para-uso-profissional\/#primaryimage\"},\"articleSection\":\"Crach\\u00e1 de Identifica\\u00e7\\u00e3o,Crachas e broches personalizados\",\"inLanguage\":\"pt-BR\",\"potentialAction\":[{\"@type\":\"CommentAction\",\"name\":\"Comment\",\"target\":[\"https:\/\/dogtagclan.com.br\/blog\/cracha-broche-com-ima-ou-alfinete-qual-escolher-para-uso-profissional\/#respond\"]}]},{\"@type\":\"Person\",\"@id\":\"https:\/\/dogtagclan.com.br\/blog\/#\/schema\/person\/b7279d930f15e2a85c89cd3b2f1d8df5\",\"name\":\"dogtagclan\",\"description\":\"\\\"A DogTagClan \\u00e9 especializada na fabrica\\u00e7\\u00e3o e personaliza\\u00e7\\u00e3o de Dog Tags, crach\\u00e1s e acess\\u00f3rios. Produzimos pe\\u00e7as em a\\u00e7o inoxid\\u00e1vel com grava\\u00e7\\u00f5es de alta precis\\u00e3o para identifica\\u00e7\\u00e3o pessoal e profissional.\\\"\",\"sameAs\":[\"https:\/\/blog.dogtagclan.com.br\",\"https:\/\/www.facebook.com\/dogtagclan\",\"https:\/\/www.instagram.com\/dogtagclan\",\"https:\/\/twitter.com\/https:\/\/x.com\/Dogtagclanclan\",\"https:\/\/www.youtube.com\/dogtagclan\"]}]}<\/script>\n<!-- \/ Yoast SEO Premium plugin. -->","_links":{"self":[{"href":"https:\/\/dogtagclan.com.br\/blog\/wp-json\/wp\/v2\/posts\/5562"}],"collection":[{"href":"https:\/\/dogtagclan.com.br\/blog\/wp-json\/wp\/v2\/posts"}],"about":[{"href":"https:\/\/dogtagclan.com.br\/blog\/wp-json\/wp\/v2\/types\/post"}],"author":[{"embeddable":true,"href":"https:\/\/dogtagclan.com.br\/blog\/wp-json\/wp\/v2\/users\/1"}],"replies":[{"embeddable":true,"href":"https:\/\/dogtagclan.com.br\/blog\/wp-json\/wp\/v2\/comments?post=5562"}],"version-history":[{"count":1,"href":"https:\/\/dogtagclan.com.br\/blog\/wp-json\/wp\/v2\/posts\/5562\/revisions"}],"predecessor-version":[{"id":5567,"href":"https:\/\/dogtagclan.com.br\/blog\/wp-json\/wp\/v2\/posts\/5562\/revisions\/5567"}],"wp:featuredmedia":[{"embeddable":true,"href":"https:\/\/dogtagclan.com.br\/blog\/wp-json\/wp\/v2\/media\/5563"}],"wp:attachment":[{"href":"https:\/\/dogtagclan.com.br\/blog\/wp-json\/wp\/v2\/media?parent=5562"}],"wp:term":[{"taxonomy":"category","embeddable":true,"href":"https:\/\/dogtagclan.com.br\/blog\/wp-json\/wp\/v2\/categories?post=5562"},{"taxonomy":"post_tag","embeddable":true,"href":"https:\/\/dogtagclan.com.br\/blog\/wp-json\/wp\/v2\/tags?post=5562"}],"curies":[{"name":"wp","href":"https:\/\/api.w.org\/{rel}","templated":true}]}}