{"id":5361,"date":"2026-01-02T07:57:52","date_gmt":"2026-01-02T10:57:52","guid":{"rendered":"https:\/\/dogtagclan.com.br\/blog\/?p=5361"},"modified":"2026-01-02T08:00:04","modified_gmt":"2026-01-02T11:00:04","slug":"tarjeta-plaqueta-militar-em-aco-inox-em-2026-identificacao-profissional-com-autoridade-e-presenca","status":"publish","type":"post","link":"https:\/\/dogtagclan.com.br\/blog\/tarjeta-plaqueta-militar-em-aco-inox-em-2026-identificacao-profissional-com-autoridade-e-presenca\/","title":{"rendered":"Tarjeta Plaqueta Militar em A\u00e7o Inox em 2026: Identifica\u00e7\u00e3o Profissional com Autoridade e Presen\u00e7a"},"content":{"rendered":"\n<p>Em 2026, a identifica\u00e7\u00e3o profissional passou a ser muito mais que um detalhe. Empresas, institui\u00e7\u00f5es, eventos e profissionais est\u00e3o buscando solu\u00e7\u00f5es que tragam <strong>imagem corporativa, credibilidade e presen\u00e7a visual marcante<\/strong> \u2014 sem comprometer a funcionalidade.<\/p>\n\n\n\n<p>A <strong>Tarjeta Plaqueta Militar em A\u00e7o Inox<\/strong> com fixa\u00e7\u00e3o por im\u00e3 ou alfinete representa exatamente isso: um item de identifica\u00e7\u00e3o robusto, vers\u00e1til e duradouro, ideal tanto para ambientes profissionais quanto para eventos e uniformes.<\/p>\n\n\n\n<figure class=\"wp-block-image size-full\"><img decoding=\"async\" width=\"500\" height=\"500\" src=\"https:\/\/dogtagclan.com.br\/blog\/wp-content\/uploads\/2026\/01\/image.png\" alt=\"\" class=\"wp-image-5362\" srcset=\"https:\/\/dogtagclan.com.br\/blog\/wp-content\/uploads\/2026\/01\/image.png 500w, https:\/\/dogtagclan.com.br\/blog\/wp-content\/uploads\/2026\/01\/image-300x300.png 300w, https:\/\/dogtagclan.com.br\/blog\/wp-content\/uploads\/2026\/01\/image-150x150.png 150w, https:\/\/dogtagclan.com.br\/blog\/wp-content\/uploads\/2026\/01\/image-96x96.png 96w\" sizes=\"(max-width: 500px) 100vw, 500px\" \/><\/figure>\n\n\n\n<hr class=\"wp-block-separator has-alpha-channel-opacity\"\/>\n\n\n\n<h2 class=\"wp-block-heading\" id=\"h-o-que-significa-identifica-o-profissional-em-2026\">\ud83e\udde0 O Que Significa \u201cIdentifica\u00e7\u00e3o Profissional\u201d em 2026?<\/h2>\n\n\n\n<p>Hoje, identificar um profissional vai al\u00e9m de um nome.<br>Significa:<\/p>\n\n\n\n<ul>\n<li>Apresentar <strong>imediatamente quem a pessoa \u00e9<\/strong><\/li>\n\n\n\n<li>Transmitir <strong>profissionalismo e organiza\u00e7\u00e3o<\/strong><\/li>\n\n\n\n<li>Criar uma <strong>primeira impress\u00e3o forte e clara<\/strong><\/li>\n\n\n\n<li>Garantir que a informa\u00e7\u00e3o esteja sempre vis\u00edvel<\/li>\n<\/ul>\n\n\n\n<p>Em contextos corporativos ou oficiais, isso faz toda a diferen\u00e7a.<\/p>\n\n\n\n<hr class=\"wp-block-separator has-alpha-channel-opacity\"\/>\n\n\n\n<h2 class=\"wp-block-heading\" id=\"h-caracter-sticas-da-tarjeta-plaqueta-militar-em-a-o-inox\"> Caracter\u00edsticas da Tarjeta Plaqueta Militar em A\u00e7o Inox<\/h2>\n\n\n\n<h3 class=\"wp-block-heading\" id=\"h-material-resistente-e-dur-vel\"> Material Resistente e Dur\u00e1vel<\/h3>\n\n\n\n<p>Produzida em <strong>a\u00e7o inoxid\u00e1vel de alta qualidade<\/strong>, essa plaqueta:<\/p>\n\n\n\n<ul>\n<li>n\u00e3o enferruja<\/li>\n\n\n\n<li>n\u00e3o desgasta com o tempo<\/li>\n\n\n\n<li>tem acabamento profissional<\/li>\n\n\n\n<li>mant\u00e9m o visual impec\u00e1vel mesmo ap\u00f3s uso cont\u00ednuo<\/li>\n<\/ul>\n\n\n\n<hr class=\"wp-block-separator has-alpha-channel-opacity\"\/>\n\n\n\n<h3 class=\"wp-block-heading\" id=\"h-tamanho-ideal\"> Tamanho Ideal<\/h3>\n\n\n\n<p>Com <strong>dimens\u00f5es aproximadas de 6&#215;2,5 cm<\/strong>, ela \u00e9 discreta, elegante e funcional \u2014 do tipo que se integra bem em qualquer uniforme ou traje profissional.<\/p>\n\n\n\n<hr class=\"wp-block-separator has-alpha-channel-opacity\"\/>\n\n\n\n<h3 class=\"wp-block-heading\" id=\"h-fixa-o-com-im-ou-alfinete\"> Fixa\u00e7\u00e3o com Im\u00e3 ou Alfinete<\/h3>\n\n\n\n<p>Voc\u00ea escolhe como deseja fixar:<\/p>\n\n\n\n<ul>\n<li><strong>Im\u00e3:<\/strong> pr\u00e1tico, n\u00e3o danifica roupas<\/li>\n\n\n\n<li><strong>Alfinete N\u00edquel:<\/strong> cl\u00e1ssico e seguro<\/li>\n<\/ul>\n\n\n\n<p>Essa flexibilidade torna aplaqueta \u00fatil para diversas aplica\u00e7\u00f5es sem risco de dano ao tecido.<\/p>\n\n\n\n<hr class=\"wp-block-separator has-alpha-channel-opacity\"\/>\n\n\n\n<h3 class=\"wp-block-heading\" id=\"h-personaliza-o-sob-medida\"> Personaliza\u00e7\u00e3o Sob Medida<\/h3>\n\n\n\n<p>Cada plaqueta pode ser personalizada com:<\/p>\n\n\n\n<ul>\n<li>Nome completo<\/li>\n\n\n\n<li>Logo da institui\u00e7\u00e3o<\/li>\n\n\n\n<li>Cargo ou fun\u00e7\u00e3o<\/li>\n<\/ul>\n\n\n\n<p>Isso transforma a plaqueta em um <strong>cart\u00e3o de visita funcional<\/strong> com poder de comunica\u00e7\u00e3o instant\u00e2nea.<\/p>\n\n\n\n<hr class=\"wp-block-separator has-alpha-channel-opacity\"\/>\n\n\n\n<h3 class=\"wp-block-heading\" id=\"h-grava-o-por-sublima-o-no-a-o\"> Grava\u00e7\u00e3o por Sublima\u00e7\u00e3o no A\u00e7o<\/h3>\n\n\n\n<p>O m\u00e9todo de grava\u00e7\u00e3o usado \u00e9 a <strong>sublima\u00e7\u00e3o<\/strong>, garantindo:<\/p>\n\n\n\n<ul>\n<li>clareza de texto e imagem<\/li>\n\n\n\n<li>resist\u00eancia \u00e0 abras\u00e3o<\/li>\n\n\n\n<li>visual profissional<\/li>\n<\/ul>\n\n\n\n<figure class=\"wp-block-image size-full\"><img decoding=\"async\" width=\"500\" height=\"500\" src=\"https:\/\/dogtagclan.com.br\/blog\/wp-content\/uploads\/2026\/01\/image-1.png\" alt=\"\" class=\"wp-image-5363\" srcset=\"https:\/\/dogtagclan.com.br\/blog\/wp-content\/uploads\/2026\/01\/image-1.png 500w, https:\/\/dogtagclan.com.br\/blog\/wp-content\/uploads\/2026\/01\/image-1-300x300.png 300w, https:\/\/dogtagclan.com.br\/blog\/wp-content\/uploads\/2026\/01\/image-1-150x150.png 150w, https:\/\/dogtagclan.com.br\/blog\/wp-content\/uploads\/2026\/01\/image-1-96x96.png 96w\" sizes=\"(max-width: 500px) 100vw, 500px\" \/><\/figure>\n\n\n\n<hr class=\"wp-block-separator has-alpha-channel-opacity\"\/>\n\n\n\n<h2 class=\"wp-block-heading\" id=\"h-para-quem-essa-plaqueta-ideal-em-2026\"> Para Quem Essa Plaqueta \u00e9 Ideal em 2026?<\/h2>\n\n\n\n<p>Esse produto atende a uma ampla gama de necessidades:<\/p>\n\n\n\n<h3 class=\"wp-block-heading\" id=\"h-empresas-e-corpora-es\"> Empresas e Corpora\u00e7\u00f5es<\/h3>\n\n\n\n<p>Uniformiza\u00e7\u00e3o de equipes, identifica\u00e7\u00e3o de setores e melhoria da presen\u00e7a institucional.<\/p>\n\n\n\n<h3 class=\"wp-block-heading\" id=\"h-eventos-e-confer-ncias\"> Eventos e Confer\u00eancias<\/h3>\n\n\n\n<p>Credenciamento r\u00e1pido, identifica\u00e7\u00e3o clara e imagem s\u00f3lida do evento.<\/p>\n\n\n\n<h3 class=\"wp-block-heading\" id=\"h-institui-es-militares-e-oficiais\"> Institui\u00e7\u00f5es Militares e Oficiais<\/h3>\n\n\n\n<p>Distintivos que refletem <strong>for\u00e7a, dignidade e presen\u00e7a<\/strong>, com qualidade que transmite respeitabilidade.<\/p>\n\n\n\n<h3 class=\"wp-block-heading\" id=\"h-t-cnicos-e-profissionais-liberais\"> T\u00e9cnicos e Profissionais Liberais<\/h3>\n\n\n\n<p>Desde treinadores at\u00e9 instrutores, todos ganham um meio de identifica\u00e7\u00e3o visual forte e elegante.<\/p>\n\n\n\n<hr class=\"wp-block-separator has-alpha-channel-opacity\"\/>\n\n\n\n<h2 class=\"wp-block-heading\" id=\"h-por-que-essa-plaqueta-se-destaca-em-2026\"> Por Que Essa Plaqueta se Destaca em 2026<\/h2>\n\n\n\n<p>O mercado est\u00e1 cansado de:<\/p>\n\n\n\n<ul>\n<li>plaquetas fr\u00e1geis que se desgastam<\/li>\n\n\n\n<li>materiais que enferrujam<\/li>\n\n\n\n<li>identifica\u00e7\u00e3o que n\u00e3o comunica com clareza<\/li>\n<\/ul>\n\n\n\n<p>Em 2026, a palavra de ordem \u00e9 <strong>qualidade associada \u00e0 imagem profissional<\/strong>.<\/p>\n\n\n\n<p>Essa plaqueta:<\/p>\n\n\n\n<ul>\n<li>entrega funcionalidade<\/li>\n\n\n\n<li>transmite autoridade<\/li>\n\n\n\n<li>\u00e9 feita para durar<\/li>\n\n\n\n<li>refor\u00e7a a identidade visual do grupo ou institui\u00e7\u00e3o<\/li>\n<\/ul>\n\n\n\n<hr class=\"wp-block-separator has-alpha-channel-opacity\"\/>\n\n\n\n<h2 class=\"wp-block-heading\" id=\"h-onde-encontrar-a-tarjeta-plaqueta-militar-em-a-o-inox\">\ud83d\udce6 Onde Encontrar a Tarjeta Plaqueta Militar em A\u00e7o Inox<\/h2>\n\n\n\n<p>Voc\u00ea encontra esse produto diretamente no departamento oficial da DogTagClan:<\/p>\n\n\n\n<p>\ud83d\udc49 <strong><a href=\"https:\/\/dogtagclan.com.br\/departamento\/adicionais\/tarjeta-e-plaqueta\">https:\/\/dogtagclan.com.br\/departamento\/adicionais\/tarjeta-e-plaqueta<\/a><\/strong><\/p>\n\n\n\n<p>Aqui voc\u00ea escolhe formato, personaliza\u00e7\u00e3o e tipo de fixa\u00e7\u00e3o que mais combina com sua necessidade.<\/p>\n\n\n\n<hr class=\"wp-block-separator has-alpha-channel-opacity\"\/>\n\n\n\n<h2 class=\"wp-block-heading\" id=\"h-conclus-o\"> Conclus\u00e3o<\/h2>\n\n\n\n<p>A <strong>Tarjeta Plaqueta Militar em A\u00e7o Inox em 2026<\/strong> n\u00e3o \u00e9 apenas um item de identifica\u00e7\u00e3o.<br>Ela \u00e9:<\/p>\n\n\n\n<p>\u2714 s\u00edmbolo de profissionalismo<br>\u2714 ferramenta de presen\u00e7a<br>\u2714 comunica\u00e7\u00e3o visual eficiente<br>\u2714 sinal de credibilidade<\/p>\n\n\n\n<p>Se o objetivo \u00e9 marcar presen\u00e7a, comunicar com clareza e transmitir autoridade \u2014 essa plaqueta \u00e9 a escolha ideal.<\/p>\n","protected":false},"excerpt":{"rendered":"<p>Em 2026, a identifica\u00e7\u00e3o profissional passou a ser muito mais que um detalhe. Empresas, institui\u00e7\u00f5es, eventos e profissionais est\u00e3o buscando<\/p>\n","protected":false},"author":1,"featured_media":5362,"comment_status":"open","ping_status":"open","sticky":false,"template":"","format":"standard","meta":{"footnotes":""},"categories":[557,554],"tags":[],"yoast_head":"<!-- This site is optimized with the Yoast SEO Premium plugin v15.5 - https:\/\/yoast.com\/wordpress\/plugins\/seo\/ -->\n<title>Tarjeta Plaqueta Militar em A\u00e7o Inox em 2026: Identifica\u00e7\u00e3o Profissional com Autoridade e Presen\u00e7a | DogTagClan Blog<\/title>\n<meta name=\"description\" content=\"Em 2026, a identifica\u00e7\u00e3o profissional passou a ser muito mais que um detalhe. Empresas, institui\u00e7\u00f5es, eventos e profissionais est\u00e3o buscando solu\u00e7\u00f5es que tragam\" \/>\n<meta name=\"robots\" content=\"index, follow, max-snippet:-1, max-image-preview:large, max-video-preview:-1\" \/>\n<link rel=\"canonical\" href=\"https:\/\/dogtagclan.com.br\/blog\/tarjeta-plaqueta-militar-em-aco-inox-em-2026-identificacao-profissional-com-autoridade-e-presenca\/\" \/>\n<meta property=\"og:locale\" content=\"pt_BR\" \/>\n<meta property=\"og:type\" content=\"article\" \/>\n<meta property=\"og:title\" content=\"Tarjeta Plaqueta Militar em A\u00e7o Inox em 2026: Identifica\u00e7\u00e3o Profissional com Autoridade e Presen\u00e7a | DogTagClan Blog\" \/>\n<meta property=\"og:description\" content=\"Em 2026, a identifica\u00e7\u00e3o profissional passou a ser muito mais que um detalhe. Empresas, institui\u00e7\u00f5es, eventos e profissionais est\u00e3o buscando solu\u00e7\u00f5es que tragam\" \/>\n<meta property=\"og:url\" content=\"https:\/\/dogtagclan.com.br\/blog\/tarjeta-plaqueta-militar-em-aco-inox-em-2026-identificacao-profissional-com-autoridade-e-presenca\/\" \/>\n<meta property=\"og:site_name\" content=\"DogTagClan Blog\" \/>\n<meta property=\"article:publisher\" content=\"https:\/\/www.facebook.com\/dogtagclan\" \/>\n<meta property=\"article:author\" content=\"https:\/\/www.facebook.com\/dogtagclan\" \/>\n<meta property=\"article:published_time\" content=\"2026-01-02T10:57:52+00:00\" \/>\n<meta property=\"article:modified_time\" content=\"2026-01-02T11:00:04+00:00\" \/>\n<meta property=\"og:image\" content=\"https:\/\/dogtagclan.com.br\/blog\/wp-content\/uploads\/2026\/01\/image.png\" \/>\n\t<meta property=\"og:image:width\" content=\"500\" \/>\n\t<meta property=\"og:image:height\" content=\"500\" \/>\n<meta name=\"twitter:card\" content=\"summary_large_image\" \/>\n<meta name=\"twitter:creator\" content=\"@https:\/\/x.com\/Dogtagclanclan\" \/>\n<meta name=\"twitter:label1\" content=\"Est. tempo de leitura\">\n\t<meta name=\"twitter:data1\" content=\"2 minutos\">\n<script type=\"application\/ld+json\" class=\"yoast-schema-graph\">{\"@context\":\"https:\/\/schema.org\",\"@graph\":[{\"@type\":\"Organization\",\"@id\":\"https:\/\/dogtagclan.com.br\/blog\/#organization\",\"name\":\"DogTagClan | Dog Tags, Crach\\u00e1s e Acess\\u00f3rios Personalizados\",\"url\":\"https:\/\/dogtagclan.com.br\/blog\/\",\"sameAs\":[\"https:\/\/www.facebook.com\/dogtagclan\"],\"logo\":{\"@type\":\"ImageObject\",\"@id\":\"https:\/\/dogtagclan.com.br\/blog\/#logo\",\"inLanguage\":\"pt-BR\",\"url\":\"https:\/\/dogtagclan.com.br\/blog\/wp-content\/uploads\/2023\/02\/cropped-doftagclan-logo.png\",\"width\":250,\"height\":140,\"caption\":\"DogTagClan | Dog Tags, Crach\\u00e1s e Acess\\u00f3rios Personalizados\"},\"image\":{\"@id\":\"https:\/\/dogtagclan.com.br\/blog\/#logo\"}},{\"@type\":\"WebSite\",\"@id\":\"https:\/\/dogtagclan.com.br\/blog\/#website\",\"url\":\"https:\/\/dogtagclan.com.br\/blog\/\",\"name\":\"DogTagClan Blog\",\"description\":\"A gente faz, do seu Jeito\",\"publisher\":{\"@id\":\"https:\/\/dogtagclan.com.br\/blog\/#organization\"},\"potentialAction\":[{\"@type\":\"SearchAction\",\"target\":\"https:\/\/dogtagclan.com.br\/blog\/?s={search_term_string}\",\"query-input\":\"required name=search_term_string\"}],\"inLanguage\":\"pt-BR\"},{\"@type\":\"ImageObject\",\"@id\":\"https:\/\/dogtagclan.com.br\/blog\/tarjeta-plaqueta-militar-em-aco-inox-em-2026-identificacao-profissional-com-autoridade-e-presenca\/#primaryimage\",\"inLanguage\":\"pt-BR\",\"url\":\"https:\/\/dogtagclan.com.br\/blog\/wp-content\/uploads\/2026\/01\/image.png\",\"width\":500,\"height\":500,\"caption\":\"Identifica\\u00e7\\u00e3o profissional em a\\u00e7o inox com personaliza\\u00e7\\u00e3o de nome ou logo, ideal para uso corporativo, institucional e militar em 2026.\"},{\"@type\":\"WebPage\",\"@id\":\"https:\/\/dogtagclan.com.br\/blog\/tarjeta-plaqueta-militar-em-aco-inox-em-2026-identificacao-profissional-com-autoridade-e-presenca\/#webpage\",\"url\":\"https:\/\/dogtagclan.com.br\/blog\/tarjeta-plaqueta-militar-em-aco-inox-em-2026-identificacao-profissional-com-autoridade-e-presenca\/\",\"name\":\"Tarjeta Plaqueta Militar em A\\u00e7o Inox em 2026: Identifica\\u00e7\\u00e3o Profissional com Autoridade e Presen\\u00e7a | DogTagClan Blog\",\"isPartOf\":{\"@id\":\"https:\/\/dogtagclan.com.br\/blog\/#website\"},\"primaryImageOfPage\":{\"@id\":\"https:\/\/dogtagclan.com.br\/blog\/tarjeta-plaqueta-militar-em-aco-inox-em-2026-identificacao-profissional-com-autoridade-e-presenca\/#primaryimage\"},\"datePublished\":\"2026-01-02T10:57:52+00:00\",\"dateModified\":\"2026-01-02T11:00:04+00:00\",\"description\":\"Em 2026, a identifica\\u00e7\\u00e3o profissional passou a ser muito mais que um detalhe. Empresas, institui\\u00e7\\u00f5es, eventos e profissionais est\\u00e3o buscando solu\\u00e7\\u00f5es que tragam\",\"inLanguage\":\"pt-BR\",\"potentialAction\":[{\"@type\":\"ReadAction\",\"target\":[\"https:\/\/dogtagclan.com.br\/blog\/tarjeta-plaqueta-militar-em-aco-inox-em-2026-identificacao-profissional-com-autoridade-e-presenca\/\"]}]},{\"@type\":\"Article\",\"@id\":\"https:\/\/dogtagclan.com.br\/blog\/tarjeta-plaqueta-militar-em-aco-inox-em-2026-identificacao-profissional-com-autoridade-e-presenca\/#article\",\"isPartOf\":{\"@id\":\"https:\/\/dogtagclan.com.br\/blog\/tarjeta-plaqueta-militar-em-aco-inox-em-2026-identificacao-profissional-com-autoridade-e-presenca\/#webpage\"},\"author\":{\"@id\":\"https:\/\/dogtagclan.com.br\/blog\/#\/schema\/person\/b7279d930f15e2a85c89cd3b2f1d8df5\"},\"headline\":\"Tarjeta Plaqueta Militar em A\\u00e7o Inox em 2026: Identifica\\u00e7\\u00e3o Profissional com Autoridade e Presen\\u00e7a\",\"datePublished\":\"2026-01-02T10:57:52+00:00\",\"dateModified\":\"2026-01-02T11:00:04+00:00\",\"mainEntityOfPage\":{\"@id\":\"https:\/\/dogtagclan.com.br\/blog\/tarjeta-plaqueta-militar-em-aco-inox-em-2026-identificacao-profissional-com-autoridade-e-presenca\/#webpage\"},\"commentCount\":0,\"publisher\":{\"@id\":\"https:\/\/dogtagclan.com.br\/blog\/#organization\"},\"image\":{\"@id\":\"https:\/\/dogtagclan.com.br\/blog\/tarjeta-plaqueta-militar-em-aco-inox-em-2026-identificacao-profissional-com-autoridade-e-presenca\/#primaryimage\"},\"articleSection\":\"Crach\\u00e1 de Identifica\\u00e7\\u00e3o,Crachas e broches personalizados\",\"inLanguage\":\"pt-BR\",\"potentialAction\":[{\"@type\":\"CommentAction\",\"name\":\"Comment\",\"target\":[\"https:\/\/dogtagclan.com.br\/blog\/tarjeta-plaqueta-militar-em-aco-inox-em-2026-identificacao-profissional-com-autoridade-e-presenca\/#respond\"]}]},{\"@type\":\"Person\",\"@id\":\"https:\/\/dogtagclan.com.br\/blog\/#\/schema\/person\/b7279d930f15e2a85c89cd3b2f1d8df5\",\"name\":\"dogtagclan\",\"description\":\"\\\"A DogTagClan \\u00e9 especializada na fabrica\\u00e7\\u00e3o e personaliza\\u00e7\\u00e3o de Dog Tags, crach\\u00e1s e acess\\u00f3rios. Produzimos pe\\u00e7as em a\\u00e7o inoxid\\u00e1vel com grava\\u00e7\\u00f5es de alta precis\\u00e3o para identifica\\u00e7\\u00e3o pessoal e profissional.\\\"\",\"sameAs\":[\"https:\/\/blog.dogtagclan.com.br\",\"https:\/\/www.facebook.com\/dogtagclan\",\"https:\/\/www.instagram.com\/dogtagclan\",\"https:\/\/twitter.com\/https:\/\/x.com\/Dogtagclanclan\",\"https:\/\/www.youtube.com\/dogtagclan\"]}]}<\/script>\n<!-- \/ Yoast SEO Premium plugin. -->","_links":{"self":[{"href":"https:\/\/dogtagclan.com.br\/blog\/wp-json\/wp\/v2\/posts\/5361"}],"collection":[{"href":"https:\/\/dogtagclan.com.br\/blog\/wp-json\/wp\/v2\/posts"}],"about":[{"href":"https:\/\/dogtagclan.com.br\/blog\/wp-json\/wp\/v2\/types\/post"}],"author":[{"embeddable":true,"href":"https:\/\/dogtagclan.com.br\/blog\/wp-json\/wp\/v2\/users\/1"}],"replies":[{"embeddable":true,"href":"https:\/\/dogtagclan.com.br\/blog\/wp-json\/wp\/v2\/comments?post=5361"}],"version-history":[{"count":2,"href":"https:\/\/dogtagclan.com.br\/blog\/wp-json\/wp\/v2\/posts\/5361\/revisions"}],"predecessor-version":[{"id":5366,"href":"https:\/\/dogtagclan.com.br\/blog\/wp-json\/wp\/v2\/posts\/5361\/revisions\/5366"}],"wp:featuredmedia":[{"embeddable":true,"href":"https:\/\/dogtagclan.com.br\/blog\/wp-json\/wp\/v2\/media\/5362"}],"wp:attachment":[{"href":"https:\/\/dogtagclan.com.br\/blog\/wp-json\/wp\/v2\/media?parent=5361"}],"wp:term":[{"taxonomy":"category","embeddable":true,"href":"https:\/\/dogtagclan.com.br\/blog\/wp-json\/wp\/v2\/categories?post=5361"},{"taxonomy":"post_tag","embeddable":true,"href":"https:\/\/dogtagclan.com.br\/blog\/wp-json\/wp\/v2\/tags?post=5361"}],"curies":[{"name":"wp","href":"https:\/\/api.w.org\/{rel}","templated":true}]}}