{"id":5306,"date":"2025-12-27T20:40:49","date_gmt":"2025-12-27T23:40:49","guid":{"rendered":"https:\/\/dogtagclan.com.br\/blog\/?p=5306"},"modified":"2025-12-27T20:40:52","modified_gmt":"2025-12-27T23:40:52","slug":"cracha-para-autismo-quando-usar-para-que-serve-e-onde-fazer-um-modelo-personalizado","status":"publish","type":"post","link":"https:\/\/dogtagclan.com.br\/blog\/cracha-para-autismo-quando-usar-para-que-serve-e-onde-fazer-um-modelo-personalizado\/","title":{"rendered":"Crach\u00e1 para Autismo: Quando Usar, Para Que Serve e Onde Fazer um Modelo Personalizado"},"content":{"rendered":"\n<p>Quando algu\u00e9m pesquisa sobre <strong>crach\u00e1 para autismo<\/strong>, geralmente n\u00e3o est\u00e1 apenas buscando um produto.<br>Est\u00e1 buscando <strong>orienta\u00e7\u00e3o, seguran\u00e7a e acolhimento<\/strong>.<\/p>\n\n\n\n<p>Muitas fam\u00edlias convivem diariamente com situa\u00e7\u00f5es em que uma identifica\u00e7\u00e3o simples pode evitar constrangimentos, explicar comportamentos e facilitar atendimentos. \u00c9 nesse contexto que o <strong>crach\u00e1 informativo para autismo<\/strong> se torna uma ferramenta pr\u00e1tica e muito utilizada.<\/p>\n\n\n\n<p>Mas antes de tudo, \u00e9 importante entender <strong>o que ele \u00e9 \u2014 e o que ele n\u00e3o \u00e9<\/strong>.<\/p>\n\n\n\n<figure class=\"wp-block-image size-full\"><img decoding=\"async\" width=\"500\" height=\"500\" src=\"https:\/\/dogtagclan.com.br\/blog\/wp-content\/uploads\/2025\/11\/crachassautista-0.webp\" alt=\"Crach\u00e1 de identifica\u00e7\u00e3o para autismo (TEA) com QR Code, cord\u00e3o girassol e dados personalizados \u2014 modelo DogTagClan \/ IdentificaMe.\" class=\"wp-image-4955\" srcset=\"https:\/\/dogtagclan.com.br\/blog\/wp-content\/uploads\/2025\/11\/crachassautista-0.webp 500w, https:\/\/dogtagclan.com.br\/blog\/wp-content\/uploads\/2025\/11\/crachassautista-0-300x300.webp 300w, https:\/\/dogtagclan.com.br\/blog\/wp-content\/uploads\/2025\/11\/crachassautista-0-150x150.webp 150w, https:\/\/dogtagclan.com.br\/blog\/wp-content\/uploads\/2025\/11\/crachassautista-0-96x96.webp 96w\" sizes=\"(max-width: 500px) 100vw, 500px\" \/><figcaption class=\"wp-element-caption\">Crach\u00e1 de identifica\u00e7\u00e3o para autismo com QR Code, nome, foto e cord\u00e3o girassol.<\/figcaption><\/figure>\n\n\n\n<hr class=\"wp-block-separator has-alpha-channel-opacity\"\/>\n\n\n\n<h2 class=\"wp-block-heading\" id=\"h-crach-para-autismo-documento-oficial\">\ud83e\udde9 Crach\u00e1 para Autismo \u00e9 Documento Oficial?<\/h2>\n\n\n\n<p>N\u00e3o.<\/p>\n\n\n\n<p>O <strong>documento oficial no Brasil<\/strong> para identifica\u00e7\u00e3o da pessoa com Transtorno do Espectro Autista \u00e9 a <strong>CIPTEA (Carteira de Identifica\u00e7\u00e3o da Pessoa com TEA)<\/strong>, emitida por \u00f3rg\u00e3os p\u00fablicos estaduais ou municipais.<\/p>\n\n\n\n<p>O <strong>crach\u00e1 para autismo<\/strong> \u00e9 um <strong>item N\u00c3O OFICIAL<\/strong>, de uso informativo e volunt\u00e1rio, criado para facilitar a comunica\u00e7\u00e3o em situa\u00e7\u00f5es do dia a dia.<\/p>\n\n\n\n<p>\ud83d\udc49 Ele <strong>n\u00e3o substitui<\/strong> a CIPTEA<br>\ud83d\udc49 N\u00e3o garante direitos legais<br>\ud83d\udc49 N\u00e3o tem validade jur\u00eddica<\/p>\n\n\n\n<p>Mas\u2026<br>\ud83d\udc49 <strong>ajuda muito na pr\u00e1tica<\/strong><\/p>\n\n\n\n<p>E \u00e9 exatamente por isso que tantas fam\u00edlias utilizam.<\/p>\n\n\n\n<hr class=\"wp-block-separator has-alpha-channel-opacity\"\/>\n\n\n\n<h2 class=\"wp-block-heading\" id=\"h-quando-o-crach-para-autismo-til\">\ud83d\udc99 Quando o Crach\u00e1 para Autismo \u00e9 \u00datil?<\/h2>\n\n\n\n<p>O crach\u00e1 \u00e9 mais usado em situa\u00e7\u00f5es cotidianas onde <strong>uma explica\u00e7\u00e3o r\u00e1pida faz diferen\u00e7a<\/strong>, como:<\/p>\n\n\n\n<ul>\n<li>\ud83c\udfeb Escola e atividades escolares<\/li>\n\n\n\n<li>\ud83d\uded2 Locais p\u00fablicos (mercados, shoppings, filas)<\/li>\n\n\n\n<li>\u2708\ufe0f Viagens e deslocamentos<\/li>\n\n\n\n<li>\ud83d\ude91 Situa\u00e7\u00f5es de emerg\u00eancia<\/li>\n\n\n\n<li>\ud83d\udc68\u200d\ud83d\udc69\u200d\ud83d\udc67 Passeios e ambientes com muita gente<\/li>\n\n\n\n<li>\ud83d\ude8c Transporte p\u00fablico<\/li>\n<\/ul>\n\n\n\n<p>Ele funciona como uma <strong>identifica\u00e7\u00e3o visual discreta<\/strong>, evitando julgamentos precipitados e ajudando outras pessoas a entenderem o contexto.<\/p>\n\n\n\n<hr class=\"wp-block-separator has-alpha-channel-opacity\"\/>\n\n\n\n<h2 class=\"wp-block-heading\" id=\"h-para-que-serve-um-crach-informativo-de-autismo\">\ud83e\udeaa Para Que Serve um Crach\u00e1 Informativo de Autismo?<\/h2>\n\n\n\n<p>O objetivo principal \u00e9 <strong>comunicar<\/strong>, n\u00e3o provar nada.<\/p>\n\n\n\n<p>Ele serve para:<\/p>\n\n\n\n<ul>\n<li>Informar que a pessoa \u00e9 autista (TEA)<\/li>\n\n\n\n<li>Indicar contato do respons\u00e1vel<\/li>\n\n\n\n<li>Facilitar abordagens respeitosas<\/li>\n\n\n\n<li>Ajudar em situa\u00e7\u00f5es inesperadas<\/li>\n\n\n\n<li>Reduzir estresse e explica\u00e7\u00f5es repetidas<\/li>\n<\/ul>\n\n\n\n<p>Em muitos casos, o crach\u00e1 \u00e9 usado <strong>junto com a CIPTEA<\/strong>, n\u00e3o no lugar dela.<\/p>\n\n\n\n<hr class=\"wp-block-separator has-alpha-channel-opacity\"\/>\n\n\n\n<h2 class=\"wp-block-heading\" id=\"h-o-que-pode-constar-em-um-crach-para-autismo\">\u270d\ufe0f O Que Pode Constar em um Crach\u00e1 para Autismo?<\/h2>\n\n\n\n<p>Cada fam\u00edlia decide o que faz sentido, mas os dados mais comuns s\u00e3o:<\/p>\n\n\n\n<ul>\n<li>Nome da crian\u00e7a ou adulto<\/li>\n\n\n\n<li>Nome do respons\u00e1vel<\/li>\n\n\n\n<li>Telefone para contato<\/li>\n\n\n\n<li>Informa\u00e7\u00e3o \u201cPessoa com TEA\u201d ou \u201cAutismo\u201d<\/li>\n\n\n\n<li>Observa\u00e7\u00f5es importantes (opcional)<\/li>\n\n\n\n<li>QR Code com dados complementares (se desejado)<\/li>\n<\/ul>\n\n\n\n<p>Tudo de forma <strong>respeitosa, clara e sem exposi\u00e7\u00e3o excessiva<\/strong>.<\/p>\n\n\n\n<hr class=\"wp-block-separator has-alpha-channel-opacity\"\/>\n\n\n\n<h2 class=\"wp-block-heading\" id=\"h-crach-para-autismo-d-direito-fila-preferencial\">\u26a0\ufe0f Crach\u00e1 para Autismo D\u00e1 Direito \u00e0 Fila Preferencial?<\/h2>\n\n\n\n<p>N\u00e3o.<\/p>\n\n\n\n<p>Quem garante direitos legais \u00e9 a <strong>CIPTEA<\/strong>, conforme a legisla\u00e7\u00e3o.<br>O crach\u00e1 <strong>n\u00e3o cria direitos<\/strong>, mas pode <strong>facilitar o entendimento<\/strong> em locais onde o atendimento humano faz a diferen\u00e7a.<\/p>\n\n\n\n<p>Transpar\u00eancia aqui \u00e9 essencial \u2014 e o Google valoriza esse tipo de clareza.<\/p>\n\n\n\n<hr class=\"wp-block-separator has-alpha-channel-opacity\"\/>\n\n\n\n<h2 class=\"wp-block-heading\" id=\"h-onde-fazer-um-crach-para-autismo-personalizado\">\ud83d\udee0\ufe0f Onde Fazer um Crach\u00e1 para Autismo Personalizado?<\/h2>\n\n\n\n<p>Hoje existem crach\u00e1s prontos e modelos gen\u00e9ricos, mas muitas fam\u00edlias preferem um <strong>modelo personalizado<\/strong>, feito sob medida para a rotina da pessoa.<\/p>\n\n\n\n<p>Um crach\u00e1 personalizado permite:<\/p>\n\n\n\n<ul>\n<li>Escolher cores<\/li>\n\n\n\n<li>Definir layout mais discreto ou mais vis\u00edvel<\/li>\n\n\n\n<li>Adaptar texto conforme idade e necessidade<\/li>\n\n\n\n<li>Incluir QR Code ou informa\u00e7\u00f5es espec\u00edficas<\/li>\n<\/ul>\n\n\n\n<p>Na <strong>DogTagClan \/ IdentificaME<\/strong>, os crach\u00e1s s\u00e3o produzidos com foco em:<br>\u2714\ufe0f uso informativo<br>\u2714\ufe0f personaliza\u00e7\u00e3o respons\u00e1vel<br>\u2714\ufe0f material resistente<br>\u2714\ufe0f identifica\u00e7\u00e3o clara e segura<\/p>\n\n\n\n<p>Sempre deixando claro que <strong>n\u00e3o substituem documentos oficiais<\/strong>.<\/p>\n\n\n\n<hr class=\"wp-block-separator has-alpha-channel-opacity\"\/>\n\n\n\n<h2 class=\"wp-block-heading\" id=\"h-por-que-esse-tema-aparece-tanto-no-google\">\ud83e\udde0 Por Que Esse Tema Aparece Tanto no Google?<\/h2>\n\n\n\n<p>Porque muitas pessoas pesquisam assim:<\/p>\n\n\n\n<ul>\n<li>\u201conde fazer crach\u00e1 autismo\u201d<\/li>\n\n\n\n<li>\u201ccrach\u00e1 para crian\u00e7a com autismo\u201d<\/li>\n\n\n\n<li>\u201cidentifica\u00e7\u00e3o para autista\u201d<\/li>\n\n\n\n<li>\u201ccrach\u00e1 informativo TEA\u201d<\/li>\n<\/ul>\n\n\n\n<p>E nem sempre sabem diferenciar documento oficial de identifica\u00e7\u00e3o pr\u00e1tica.<\/p>\n\n\n\n<p>Quando o conte\u00fado explica isso de forma correta, humana e transparente, o Google entende como <strong>resposta \u00fatil<\/strong> \u2014 exatamente o que a <strong>IA de busca (SGE)<\/strong> procura.<\/p>\n\n\n\n<hr class=\"wp-block-separator has-alpha-channel-opacity\"\/>\n\n\n\n<h2 class=\"wp-block-heading\" id=\"h-conclus-o\">\u2705 Conclus\u00e3o<\/h2>\n\n\n\n<p>O <strong>crach\u00e1 para autismo<\/strong> n\u00e3o \u00e9 um documento legal.<br>Mas \u00e9, sim, uma <strong>ferramenta de apoio real<\/strong> para o dia a dia de muitas fam\u00edlias.<\/p>\n\n\n\n<p>Usado com consci\u00eancia, respeito e informa\u00e7\u00e3o correta, ele:<\/p>\n\n\n\n<ul>\n<li>ajuda<\/li>\n\n\n\n<li>protege<\/li>\n\n\n\n<li>acolhe<\/li>\n\n\n\n<li>comunica<\/li>\n<\/ul>\n\n\n\n<p>E quando bem explicado, <strong>gera confian\u00e7a<\/strong>, n\u00e3o confus\u00e3o.<\/p>\n","protected":false},"excerpt":{"rendered":"<p>Quando algu\u00e9m pesquisa sobre crach\u00e1 para autismo, geralmente n\u00e3o est\u00e1 apenas buscando um produto.Est\u00e1 buscando orienta\u00e7\u00e3o, seguran\u00e7a e acolhimento. Muitas<\/p>\n","protected":false},"author":1,"featured_media":4955,"comment_status":"open","ping_status":"open","sticky":false,"template":"","format":"standard","meta":{"footnotes":""},"categories":[557,554],"tags":[],"yoast_head":"<!-- This site is optimized with the Yoast SEO Premium plugin v15.5 - https:\/\/yoast.com\/wordpress\/plugins\/seo\/ -->\n<title>Crach\u00e1 para Autismo: Quando Usar, Para Que Serve e Onde Fazer um Modelo Personalizado | DogTagClan Blog<\/title>\n<meta name=\"description\" content=\"Quando algu\u00e9m pesquisa sobre crach\u00e1 para autismo, geralmente n\u00e3o est\u00e1 apenas buscando um produto.\" \/>\n<meta name=\"robots\" content=\"index, follow, max-snippet:-1, max-image-preview:large, max-video-preview:-1\" \/>\n<link rel=\"canonical\" href=\"https:\/\/dogtagclan.com.br\/blog\/cracha-para-autismo-quando-usar-para-que-serve-e-onde-fazer-um-modelo-personalizado\/\" \/>\n<meta property=\"og:locale\" content=\"pt_BR\" \/>\n<meta property=\"og:type\" content=\"article\" \/>\n<meta property=\"og:title\" content=\"Crach\u00e1 para Autismo: Quando Usar, Para Que Serve e Onde Fazer um Modelo Personalizado | DogTagClan Blog\" \/>\n<meta property=\"og:description\" content=\"Quando algu\u00e9m pesquisa sobre crach\u00e1 para autismo, geralmente n\u00e3o est\u00e1 apenas buscando um produto.\" \/>\n<meta property=\"og:url\" content=\"https:\/\/dogtagclan.com.br\/blog\/cracha-para-autismo-quando-usar-para-que-serve-e-onde-fazer-um-modelo-personalizado\/\" \/>\n<meta property=\"og:site_name\" content=\"DogTagClan Blog\" \/>\n<meta property=\"article:publisher\" content=\"https:\/\/www.facebook.com\/dogtagclan\" \/>\n<meta property=\"article:author\" content=\"https:\/\/www.facebook.com\/dogtagclan\" \/>\n<meta property=\"article:published_time\" content=\"2025-12-27T23:40:49+00:00\" \/>\n<meta property=\"article:modified_time\" content=\"2025-12-27T23:40:52+00:00\" \/>\n<meta name=\"twitter:card\" content=\"summary_large_image\" \/>\n<meta name=\"twitter:image\" content=\"https:\/\/dogtagclan.com.br\/blog\/wp-content\/uploads\/2025\/11\/crachassautista-0.webp\" \/>\n<meta name=\"twitter:creator\" content=\"@https:\/\/x.com\/Dogtagclanclan\" \/>\n<meta name=\"twitter:label1\" content=\"Est. tempo de leitura\">\n\t<meta name=\"twitter:data1\" content=\"3 minutos\">\n<script type=\"application\/ld+json\" class=\"yoast-schema-graph\">{\"@context\":\"https:\/\/schema.org\",\"@graph\":[{\"@type\":\"Organization\",\"@id\":\"https:\/\/dogtagclan.com.br\/blog\/#organization\",\"name\":\"DogTagClan | Dog Tags, Crach\\u00e1s e Acess\\u00f3rios Personalizados\",\"url\":\"https:\/\/dogtagclan.com.br\/blog\/\",\"sameAs\":[\"https:\/\/www.facebook.com\/dogtagclan\"],\"logo\":{\"@type\":\"ImageObject\",\"@id\":\"https:\/\/dogtagclan.com.br\/blog\/#logo\",\"inLanguage\":\"pt-BR\",\"url\":\"https:\/\/dogtagclan.com.br\/blog\/wp-content\/uploads\/2023\/02\/cropped-doftagclan-logo.png\",\"width\":250,\"height\":140,\"caption\":\"DogTagClan | Dog Tags, Crach\\u00e1s e Acess\\u00f3rios Personalizados\"},\"image\":{\"@id\":\"https:\/\/dogtagclan.com.br\/blog\/#logo\"}},{\"@type\":\"WebSite\",\"@id\":\"https:\/\/dogtagclan.com.br\/blog\/#website\",\"url\":\"https:\/\/dogtagclan.com.br\/blog\/\",\"name\":\"DogTagClan Blog\",\"description\":\"A gente faz, do seu Jeito\",\"publisher\":{\"@id\":\"https:\/\/dogtagclan.com.br\/blog\/#organization\"},\"potentialAction\":[{\"@type\":\"SearchAction\",\"target\":\"https:\/\/dogtagclan.com.br\/blog\/?s={search_term_string}\",\"query-input\":\"required name=search_term_string\"}],\"inLanguage\":\"pt-BR\"},{\"@type\":\"ImageObject\",\"@id\":\"https:\/\/dogtagclan.com.br\/blog\/cracha-para-autismo-quando-usar-para-que-serve-e-onde-fazer-um-modelo-personalizado\/#primaryimage\",\"inLanguage\":\"pt-BR\",\"url\":\"https:\/\/dogtagclan.com.br\/blog\/wp-content\/uploads\/2025\/11\/crachassautista-0.webp\",\"width\":500,\"height\":500,\"caption\":\"Crach\\u00e1 de identifica\\u00e7\\u00e3o para autismo com QR Code, nome, foto e cord\\u00e3o girassol.\"},{\"@type\":\"WebPage\",\"@id\":\"https:\/\/dogtagclan.com.br\/blog\/cracha-para-autismo-quando-usar-para-que-serve-e-onde-fazer-um-modelo-personalizado\/#webpage\",\"url\":\"https:\/\/dogtagclan.com.br\/blog\/cracha-para-autismo-quando-usar-para-que-serve-e-onde-fazer-um-modelo-personalizado\/\",\"name\":\"Crach\\u00e1 para Autismo: Quando Usar, Para Que Serve e Onde Fazer um Modelo Personalizado | DogTagClan Blog\",\"isPartOf\":{\"@id\":\"https:\/\/dogtagclan.com.br\/blog\/#website\"},\"primaryImageOfPage\":{\"@id\":\"https:\/\/dogtagclan.com.br\/blog\/cracha-para-autismo-quando-usar-para-que-serve-e-onde-fazer-um-modelo-personalizado\/#primaryimage\"},\"datePublished\":\"2025-12-27T23:40:49+00:00\",\"dateModified\":\"2025-12-27T23:40:52+00:00\",\"description\":\"Quando algu\\u00e9m pesquisa sobre crach\\u00e1 para autismo, geralmente n\\u00e3o est\\u00e1 apenas buscando um produto.\",\"inLanguage\":\"pt-BR\",\"potentialAction\":[{\"@type\":\"ReadAction\",\"target\":[\"https:\/\/dogtagclan.com.br\/blog\/cracha-para-autismo-quando-usar-para-que-serve-e-onde-fazer-um-modelo-personalizado\/\"]}]},{\"@type\":\"Article\",\"@id\":\"https:\/\/dogtagclan.com.br\/blog\/cracha-para-autismo-quando-usar-para-que-serve-e-onde-fazer-um-modelo-personalizado\/#article\",\"isPartOf\":{\"@id\":\"https:\/\/dogtagclan.com.br\/blog\/cracha-para-autismo-quando-usar-para-que-serve-e-onde-fazer-um-modelo-personalizado\/#webpage\"},\"author\":{\"@id\":\"https:\/\/dogtagclan.com.br\/blog\/#\/schema\/person\/b7279d930f15e2a85c89cd3b2f1d8df5\"},\"headline\":\"Crach\\u00e1 para Autismo: Quando Usar, Para Que Serve e Onde Fazer um Modelo Personalizado\",\"datePublished\":\"2025-12-27T23:40:49+00:00\",\"dateModified\":\"2025-12-27T23:40:52+00:00\",\"mainEntityOfPage\":{\"@id\":\"https:\/\/dogtagclan.com.br\/blog\/cracha-para-autismo-quando-usar-para-que-serve-e-onde-fazer-um-modelo-personalizado\/#webpage\"},\"commentCount\":0,\"publisher\":{\"@id\":\"https:\/\/dogtagclan.com.br\/blog\/#organization\"},\"image\":{\"@id\":\"https:\/\/dogtagclan.com.br\/blog\/cracha-para-autismo-quando-usar-para-que-serve-e-onde-fazer-um-modelo-personalizado\/#primaryimage\"},\"articleSection\":\"Crach\\u00e1 de Identifica\\u00e7\\u00e3o,Crachas e broches personalizados\",\"inLanguage\":\"pt-BR\",\"potentialAction\":[{\"@type\":\"CommentAction\",\"name\":\"Comment\",\"target\":[\"https:\/\/dogtagclan.com.br\/blog\/cracha-para-autismo-quando-usar-para-que-serve-e-onde-fazer-um-modelo-personalizado\/#respond\"]}]},{\"@type\":\"Person\",\"@id\":\"https:\/\/dogtagclan.com.br\/blog\/#\/schema\/person\/b7279d930f15e2a85c89cd3b2f1d8df5\",\"name\":\"dogtagclan\",\"description\":\"\\\"A DogTagClan \\u00e9 especializada na fabrica\\u00e7\\u00e3o e personaliza\\u00e7\\u00e3o de Dog Tags, crach\\u00e1s e acess\\u00f3rios. Produzimos pe\\u00e7as em a\\u00e7o inoxid\\u00e1vel com grava\\u00e7\\u00f5es de alta precis\\u00e3o para identifica\\u00e7\\u00e3o pessoal e profissional.\\\"\",\"sameAs\":[\"https:\/\/blog.dogtagclan.com.br\",\"https:\/\/www.facebook.com\/dogtagclan\",\"https:\/\/www.instagram.com\/dogtagclan\",\"https:\/\/twitter.com\/https:\/\/x.com\/Dogtagclanclan\",\"https:\/\/www.youtube.com\/dogtagclan\"]}]}<\/script>\n<!-- \/ Yoast SEO Premium plugin. -->","_links":{"self":[{"href":"https:\/\/dogtagclan.com.br\/blog\/wp-json\/wp\/v2\/posts\/5306"}],"collection":[{"href":"https:\/\/dogtagclan.com.br\/blog\/wp-json\/wp\/v2\/posts"}],"about":[{"href":"https:\/\/dogtagclan.com.br\/blog\/wp-json\/wp\/v2\/types\/post"}],"author":[{"embeddable":true,"href":"https:\/\/dogtagclan.com.br\/blog\/wp-json\/wp\/v2\/users\/1"}],"replies":[{"embeddable":true,"href":"https:\/\/dogtagclan.com.br\/blog\/wp-json\/wp\/v2\/comments?post=5306"}],"version-history":[{"count":1,"href":"https:\/\/dogtagclan.com.br\/blog\/wp-json\/wp\/v2\/posts\/5306\/revisions"}],"predecessor-version":[{"id":5307,"href":"https:\/\/dogtagclan.com.br\/blog\/wp-json\/wp\/v2\/posts\/5306\/revisions\/5307"}],"wp:featuredmedia":[{"embeddable":true,"href":"https:\/\/dogtagclan.com.br\/blog\/wp-json\/wp\/v2\/media\/4955"}],"wp:attachment":[{"href":"https:\/\/dogtagclan.com.br\/blog\/wp-json\/wp\/v2\/media?parent=5306"}],"wp:term":[{"taxonomy":"category","embeddable":true,"href":"https:\/\/dogtagclan.com.br\/blog\/wp-json\/wp\/v2\/categories?post=5306"},{"taxonomy":"post_tag","embeddable":true,"href":"https:\/\/dogtagclan.com.br\/blog\/wp-json\/wp\/v2\/tags?post=5306"}],"curies":[{"name":"wp","href":"https:\/\/api.w.org\/{rel}","templated":true}]}}