{"id":5266,"date":"2025-12-10T14:13:27","date_gmt":"2025-12-10T17:13:27","guid":{"rendered":"https:\/\/dogtagclan.com.br\/blog\/?p=5266"},"modified":"2025-12-10T14:13:29","modified_gmt":"2025-12-10T17:13:29","slug":"dog-tag-com-gravacao-frente-e-verso-duas-faces-para-contar-a-sua-historia-no-aco","status":"publish","type":"post","link":"https:\/\/dogtagclan.com.br\/blog\/dog-tag-com-gravacao-frente-e-verso-duas-faces-para-contar-a-sua-historia-no-aco\/","title":{"rendered":"Dog Tag com Grava\u00e7\u00e3o Frente e Verso \u2013 Duas Faces para Contar a Sua Hist\u00f3ria no A\u00e7o"},"content":{"rendered":"\n<p><strong>A dog tag com grava\u00e7\u00e3o frente e verso \u00e9 a escolha ideal para quem precisa de mais espa\u00e7o para personalizar e mais significado para carregar no peito.<\/strong><br>Diferente do modelo tradicional, ela permite gravar dois lados da pe\u00e7a \u2014 ampliando as possibilidades para informa\u00e7\u00f5es importantes e tamb\u00e9m para mensagens emocionais.<\/p>\n\n\n\n<p>Com ela, voc\u00ea pode incluir nome, telefone de emerg\u00eancia, tipo sangu\u00edneo, frase b\u00edblica, data marcante, coordenadas de um lugar especial, dedicat\u00f3ria, s\u00edmbolo ou combina\u00e7\u00e3o personalizada.<br>\u00c9 uma pe\u00e7a feita em <strong>a\u00e7o inoxid\u00e1vel<\/strong>, resistente, elegante e criada para durar muitos anos sem perder brilho nem defini\u00e7\u00e3o.<\/p>\n\n\n\n<figure class=\"wp-block-image size-large is-resized\"><img decoding=\"async\" width=\"768\" height=\"1024\" src=\"https:\/\/dogtagclan.com.br\/blog\/wp-content\/uploads\/2025\/11\/579254262_1272263084940132_87244-768x1024.jpg\" alt=\"Dog Tag Dourada Personalizada com Corrente Dourada \u2013 Grava\u00e7\u00e3o em A\u00e7o Inox pela DogTagClan\" class=\"wp-image-4907\" style=\"width:291px;height:auto\" srcset=\"https:\/\/dogtagclan.com.br\/blog\/wp-content\/uploads\/2025\/11\/579254262_1272263084940132_87244-768x1024.jpg 768w, https:\/\/dogtagclan.com.br\/blog\/wp-content\/uploads\/2025\/11\/579254262_1272263084940132_87244-225x300.jpg 225w, https:\/\/dogtagclan.com.br\/blog\/wp-content\/uploads\/2025\/11\/579254262_1272263084940132_87244-640x853.jpg 640w, https:\/\/dogtagclan.com.br\/blog\/wp-content\/uploads\/2025\/11\/579254262_1272263084940132_87244-150x200.jpg 150w, https:\/\/dogtagclan.com.br\/blog\/wp-content\/uploads\/2025\/11\/579254262_1272263084940132_87244.jpg 960w\" sizes=\"(max-width: 768px) 100vw, 768px\" \/><figcaption class=\"wp-element-caption\">Dog Tag Dourada feita em a\u00e7o inox 316L com corrente dourada. Personalize com nome, foto ou logo e grave sua hist\u00f3ria no a\u00e7o.<\/figcaption><\/figure>\n\n\n\n<h2 class=\"wp-block-heading\" id=\"h-por-que-escolher-a-dog-tag-frente-e-verso\"><strong>Por que escolher a Dog Tag Frente e Verso?<\/strong><\/h2>\n\n\n\n<ul>\n<li><strong>Mais espa\u00e7o de personaliza\u00e7\u00e3o<\/strong><br>Grave dados, frases, s\u00edmbolos ou arte \u2014 sem limitar sua criatividade.<\/li>\n\n\n\n<li><strong>Ideal para presentes com prop\u00f3sito<\/strong><br>Para namorado(a), filhos, pais, militares, viagens, anivers\u00e1rios e datas importantes.<\/li>\n\n\n\n<li><strong>Funcional e emocional ao mesmo tempo<\/strong><br>Serve como identifica\u00e7\u00e3o segura e tamb\u00e9m como lembran\u00e7a afetiva.<\/li>\n\n\n\n<li><strong>Durabilidade superior<\/strong><br>A\u00e7o inox que n\u00e3o enferruja e mant\u00e9m a grava\u00e7\u00e3o n\u00edtida por muito tempo.<\/li>\n\n\n\n<li><strong>Personaliza\u00e7\u00e3o do seu jeito<\/strong><br>Voc\u00ea escolhe o texto, o estilo e o significado. A hist\u00f3ria \u00e9 sua \u2014 n\u00f3s apenas gravamos no a\u00e7o.<\/li>\n<\/ul>\n\n\n\n<figure class=\"wp-block-image size-full is-resized\"><img decoding=\"async\" width=\"1000\" height=\"1000\" src=\"https:\/\/dogtagclan.com.br\/blog\/wp-content\/uploads\/2025\/09\/dog-tag-formaturas-5.jpg\" alt=\"Dog Tag Personalizada para Formatura \u2013 Grava\u00e7\u00e3o com Nome, Data e Mensagem no A\u00e7o Inox\" class=\"wp-image-4714\" style=\"width:346px;height:auto\" srcset=\"https:\/\/dogtagclan.com.br\/blog\/wp-content\/uploads\/2025\/09\/dog-tag-formaturas-5.jpg 1000w, https:\/\/dogtagclan.com.br\/blog\/wp-content\/uploads\/2025\/09\/dog-tag-formaturas-5-300x300.jpg 300w, https:\/\/dogtagclan.com.br\/blog\/wp-content\/uploads\/2025\/09\/dog-tag-formaturas-5-150x150.jpg 150w, https:\/\/dogtagclan.com.br\/blog\/wp-content\/uploads\/2025\/09\/dog-tag-formaturas-5-768x768.jpg 768w, https:\/\/dogtagclan.com.br\/blog\/wp-content\/uploads\/2025\/09\/dog-tag-formaturas-5-96x96.jpg 96w\" sizes=\"(max-width: 1000px) 100vw, 1000px\" \/><figcaption class=\"wp-element-caption\">Dog Tag personalizada com corrente em a\u00e7o inox \u2013 ideal para presentear em formaturas.<\/figcaption><\/figure>\n\n\n\n<h2 class=\"wp-block-heading\" id=\"h-como-funciona\"><strong>Como funciona?<\/strong><\/h2>\n\n\n\n<ol>\n<li>Escolha o modelo <strong>Frente e Verso<\/strong> no site DogTagClan.<\/li>\n\n\n\n<li>Envie os dados, frase, s\u00edmbolo ou imagem que deseja gravar.<\/li>\n\n\n\n<li>A equipe prepara a arte e grava a pe\u00e7a com precis\u00e3o.<\/li>\n\n\n\n<li>Voc\u00ea recebe a dog tag pronta, empacotada com carinho e enviada para todo o Brasil.<\/li>\n<\/ol>\n\n\n\n<p><\/p>\n\n\n\n<h2 class=\"wp-block-heading\" id=\"h-pe-a-sua-dog-tag-frente-e-verso\"><strong>Pe\u00e7a sua Dog Tag Frente e Verso<\/strong><\/h2>\n\n\n\n<p>Personalize com significado real e receba uma pe\u00e7a feita exclusivamente para voc\u00ea.<br>\ud83d\udc49 <strong><a href=\"http:\/\/www.dogtagclan.com.br\">www.dogtagclan.com.br<\/a><\/strong><br>\ud83d\udc49 Whatsapp: <strong><a href=\"https:\/\/wa.me\/554174001990\" target=\"_blank\" rel=\"noopener\">https:\/\/wa.me\/554174001990<\/a><\/strong><\/p>\n","protected":false},"excerpt":{"rendered":"<p>A dog tag com grava\u00e7\u00e3o frente e verso \u00e9 a escolha ideal para quem precisa de mais espa\u00e7o para personalizar<\/p>\n","protected":false},"author":1,"featured_media":5267,"comment_status":"open","ping_status":"open","sticky":false,"template":"","format":"standard","meta":{"footnotes":""},"categories":[11,17],"tags":[],"yoast_head":"<!-- This site is optimized with the Yoast SEO Premium plugin v15.5 - https:\/\/yoast.com\/wordpress\/plugins\/seo\/ -->\n<title>Dog Tag com Grava\u00e7\u00e3o Frente e Verso \u2013 Duas Faces para Contar a Sua Hist\u00f3ria no A\u00e7o | DogTagClan Blog<\/title>\n<meta name=\"description\" content=\"A dog tag com grava\u00e7\u00e3o frente e verso \u00e9 a escolha ideal para quem precisa de mais espa\u00e7o para personalizar e mais significado para carregar no peito.\" \/>\n<meta name=\"robots\" content=\"index, follow, max-snippet:-1, max-image-preview:large, max-video-preview:-1\" \/>\n<link rel=\"canonical\" href=\"https:\/\/dogtagclan.com.br\/blog\/dog-tag-com-gravacao-frente-e-verso-duas-faces-para-contar-a-sua-historia-no-aco\/\" \/>\n<meta property=\"og:locale\" content=\"pt_BR\" \/>\n<meta property=\"og:type\" content=\"article\" \/>\n<meta property=\"og:title\" content=\"Dog Tag com Grava\u00e7\u00e3o Frente e Verso \u2013 Duas Faces para Contar a Sua Hist\u00f3ria no A\u00e7o | DogTagClan Blog\" \/>\n<meta property=\"og:description\" content=\"A dog tag com grava\u00e7\u00e3o frente e verso \u00e9 a escolha ideal para quem precisa de mais espa\u00e7o para personalizar e mais significado para carregar no peito.\" \/>\n<meta property=\"og:url\" content=\"https:\/\/dogtagclan.com.br\/blog\/dog-tag-com-gravacao-frente-e-verso-duas-faces-para-contar-a-sua-historia-no-aco\/\" \/>\n<meta property=\"og:site_name\" content=\"DogTagClan Blog\" \/>\n<meta property=\"article:publisher\" content=\"https:\/\/www.facebook.com\/dogtagclan\" \/>\n<meta property=\"article:author\" content=\"https:\/\/www.facebook.com\/dogtagclan\" \/>\n<meta property=\"article:published_time\" content=\"2025-12-10T17:13:27+00:00\" \/>\n<meta property=\"article:modified_time\" content=\"2025-12-10T17:13:29+00:00\" \/>\n<meta property=\"og:image\" content=\"https:\/\/dogtagclan.com.br\/blog\/wp-content\/uploads\/2025\/12\/content-5.jpg\" \/>\n\t<meta property=\"og:image:width\" content=\"1024\" \/>\n\t<meta property=\"og:image:height\" content=\"1024\" \/>\n<meta name=\"twitter:card\" content=\"summary_large_image\" \/>\n<meta name=\"twitter:creator\" content=\"@https:\/\/x.com\/Dogtagclanclan\" \/>\n<meta name=\"twitter:label1\" content=\"Est. tempo de leitura\">\n\t<meta name=\"twitter:data1\" content=\"1 minuto\">\n<script type=\"application\/ld+json\" class=\"yoast-schema-graph\">{\"@context\":\"https:\/\/schema.org\",\"@graph\":[{\"@type\":\"Organization\",\"@id\":\"https:\/\/dogtagclan.com.br\/blog\/#organization\",\"name\":\"DogTagClan | Dog Tags, Crach\\u00e1s e Acess\\u00f3rios Personalizados\",\"url\":\"https:\/\/dogtagclan.com.br\/blog\/\",\"sameAs\":[\"https:\/\/www.facebook.com\/dogtagclan\"],\"logo\":{\"@type\":\"ImageObject\",\"@id\":\"https:\/\/dogtagclan.com.br\/blog\/#logo\",\"inLanguage\":\"pt-BR\",\"url\":\"https:\/\/dogtagclan.com.br\/blog\/wp-content\/uploads\/2023\/02\/cropped-doftagclan-logo.png\",\"width\":250,\"height\":140,\"caption\":\"DogTagClan | Dog Tags, Crach\\u00e1s e Acess\\u00f3rios Personalizados\"},\"image\":{\"@id\":\"https:\/\/dogtagclan.com.br\/blog\/#logo\"}},{\"@type\":\"WebSite\",\"@id\":\"https:\/\/dogtagclan.com.br\/blog\/#website\",\"url\":\"https:\/\/dogtagclan.com.br\/blog\/\",\"name\":\"DogTagClan Blog\",\"description\":\"A gente faz, do seu Jeito\",\"publisher\":{\"@id\":\"https:\/\/dogtagclan.com.br\/blog\/#organization\"},\"potentialAction\":[{\"@type\":\"SearchAction\",\"target\":\"https:\/\/dogtagclan.com.br\/blog\/?s={search_term_string}\",\"query-input\":\"required name=search_term_string\"}],\"inLanguage\":\"pt-BR\"},{\"@type\":\"ImageObject\",\"@id\":\"https:\/\/dogtagclan.com.br\/blog\/dog-tag-com-gravacao-frente-e-verso-duas-faces-para-contar-a-sua-historia-no-aco\/#primaryimage\",\"inLanguage\":\"pt-BR\",\"url\":\"https:\/\/dogtagclan.com.br\/blog\/wp-content\/uploads\/2025\/12\/content-5.jpg\",\"width\":1024,\"height\":1024,\"caption\":\"Dog tag personalizada com grava\\u00e7\\u00e3o dos dois lados \\u2014 nome, frase, vers\\u00edculo, tipo sangu\\u00edneo ou imagem.\"},{\"@type\":\"WebPage\",\"@id\":\"https:\/\/dogtagclan.com.br\/blog\/dog-tag-com-gravacao-frente-e-verso-duas-faces-para-contar-a-sua-historia-no-aco\/#webpage\",\"url\":\"https:\/\/dogtagclan.com.br\/blog\/dog-tag-com-gravacao-frente-e-verso-duas-faces-para-contar-a-sua-historia-no-aco\/\",\"name\":\"Dog Tag com Grava\\u00e7\\u00e3o Frente e Verso \\u2013 Duas Faces para Contar a Sua Hist\\u00f3ria no A\\u00e7o | DogTagClan Blog\",\"isPartOf\":{\"@id\":\"https:\/\/dogtagclan.com.br\/blog\/#website\"},\"primaryImageOfPage\":{\"@id\":\"https:\/\/dogtagclan.com.br\/blog\/dog-tag-com-gravacao-frente-e-verso-duas-faces-para-contar-a-sua-historia-no-aco\/#primaryimage\"},\"datePublished\":\"2025-12-10T17:13:27+00:00\",\"dateModified\":\"2025-12-10T17:13:29+00:00\",\"description\":\"A dog tag com grava\\u00e7\\u00e3o frente e verso \\u00e9 a escolha ideal para quem precisa de mais espa\\u00e7o para personalizar e mais significado para carregar no peito.\",\"inLanguage\":\"pt-BR\",\"potentialAction\":[{\"@type\":\"ReadAction\",\"target\":[\"https:\/\/dogtagclan.com.br\/blog\/dog-tag-com-gravacao-frente-e-verso-duas-faces-para-contar-a-sua-historia-no-aco\/\"]}]},{\"@type\":\"Article\",\"@id\":\"https:\/\/dogtagclan.com.br\/blog\/dog-tag-com-gravacao-frente-e-verso-duas-faces-para-contar-a-sua-historia-no-aco\/#article\",\"isPartOf\":{\"@id\":\"https:\/\/dogtagclan.com.br\/blog\/dog-tag-com-gravacao-frente-e-verso-duas-faces-para-contar-a-sua-historia-no-aco\/#webpage\"},\"author\":{\"@id\":\"https:\/\/dogtagclan.com.br\/blog\/#\/schema\/person\/b7279d930f15e2a85c89cd3b2f1d8df5\"},\"headline\":\"Dog Tag com Grava\\u00e7\\u00e3o Frente e Verso \\u2013 Duas Faces para Contar a Sua Hist\\u00f3ria no A\\u00e7o\",\"datePublished\":\"2025-12-10T17:13:27+00:00\",\"dateModified\":\"2025-12-10T17:13:29+00:00\",\"mainEntityOfPage\":{\"@id\":\"https:\/\/dogtagclan.com.br\/blog\/dog-tag-com-gravacao-frente-e-verso-duas-faces-para-contar-a-sua-historia-no-aco\/#webpage\"},\"commentCount\":0,\"publisher\":{\"@id\":\"https:\/\/dogtagclan.com.br\/blog\/#organization\"},\"image\":{\"@id\":\"https:\/\/dogtagclan.com.br\/blog\/dog-tag-com-gravacao-frente-e-verso-duas-faces-para-contar-a-sua-historia-no-aco\/#primaryimage\"},\"articleSection\":\"Dog tags,Dog Tags Personalizadas\",\"inLanguage\":\"pt-BR\",\"potentialAction\":[{\"@type\":\"CommentAction\",\"name\":\"Comment\",\"target\":[\"https:\/\/dogtagclan.com.br\/blog\/dog-tag-com-gravacao-frente-e-verso-duas-faces-para-contar-a-sua-historia-no-aco\/#respond\"]}]},{\"@type\":\"Person\",\"@id\":\"https:\/\/dogtagclan.com.br\/blog\/#\/schema\/person\/b7279d930f15e2a85c89cd3b2f1d8df5\",\"name\":\"dogtagclan\",\"description\":\"\\\"A DogTagClan \\u00e9 especializada na fabrica\\u00e7\\u00e3o e personaliza\\u00e7\\u00e3o de Dog Tags, crach\\u00e1s e acess\\u00f3rios. Produzimos pe\\u00e7as em a\\u00e7o inoxid\\u00e1vel com grava\\u00e7\\u00f5es de alta precis\\u00e3o para identifica\\u00e7\\u00e3o pessoal e profissional.\\\"\",\"sameAs\":[\"https:\/\/blog.dogtagclan.com.br\",\"https:\/\/www.facebook.com\/dogtagclan\",\"https:\/\/www.instagram.com\/dogtagclan\",\"https:\/\/twitter.com\/https:\/\/x.com\/Dogtagclanclan\",\"https:\/\/www.youtube.com\/dogtagclan\"]}]}<\/script>\n<!-- \/ Yoast SEO Premium plugin. -->","_links":{"self":[{"href":"https:\/\/dogtagclan.com.br\/blog\/wp-json\/wp\/v2\/posts\/5266"}],"collection":[{"href":"https:\/\/dogtagclan.com.br\/blog\/wp-json\/wp\/v2\/posts"}],"about":[{"href":"https:\/\/dogtagclan.com.br\/blog\/wp-json\/wp\/v2\/types\/post"}],"author":[{"embeddable":true,"href":"https:\/\/dogtagclan.com.br\/blog\/wp-json\/wp\/v2\/users\/1"}],"replies":[{"embeddable":true,"href":"https:\/\/dogtagclan.com.br\/blog\/wp-json\/wp\/v2\/comments?post=5266"}],"version-history":[{"count":1,"href":"https:\/\/dogtagclan.com.br\/blog\/wp-json\/wp\/v2\/posts\/5266\/revisions"}],"predecessor-version":[{"id":5268,"href":"https:\/\/dogtagclan.com.br\/blog\/wp-json\/wp\/v2\/posts\/5266\/revisions\/5268"}],"wp:featuredmedia":[{"embeddable":true,"href":"https:\/\/dogtagclan.com.br\/blog\/wp-json\/wp\/v2\/media\/5267"}],"wp:attachment":[{"href":"https:\/\/dogtagclan.com.br\/blog\/wp-json\/wp\/v2\/media?parent=5266"}],"wp:term":[{"taxonomy":"category","embeddable":true,"href":"https:\/\/dogtagclan.com.br\/blog\/wp-json\/wp\/v2\/categories?post=5266"},{"taxonomy":"post_tag","embeddable":true,"href":"https:\/\/dogtagclan.com.br\/blog\/wp-json\/wp\/v2\/tags?post=5266"}],"curies":[{"name":"wp","href":"https:\/\/api.w.org\/{rel}","templated":true}]}}