{"id":5257,"date":"2025-12-07T16:03:11","date_gmt":"2025-12-07T19:03:11","guid":{"rendered":"https:\/\/dogtagclan.com.br\/blog\/?p=5257"},"modified":"2025-12-07T16:09:56","modified_gmt":"2025-12-07T19:09:56","slug":"%f0%9f%a7%a9-pin-de-lapela-autismo-em-aco-inox-identificacao-conscientizacao-e-apoio-a-causa","status":"publish","type":"post","link":"https:\/\/dogtagclan.com.br\/blog\/%f0%9f%a7%a9-pin-de-lapela-autismo-em-aco-inox-identificacao-conscientizacao-e-apoio-a-causa\/","title":{"rendered":"\ud83e\udde9 Pin de Lapela Autismo em A\u00e7o Inox \u2013 Identifica\u00e7\u00e3o, Conscientiza\u00e7\u00e3o e Apoio \u00e0 Causa"},"content":{"rendered":"\n<p>O <strong>Pin de Lapela Autismo em A\u00e7o Inox<\/strong> \u00e9 um dos s\u00edmbolos mais reconhecidos e respeitados no universo da inclus\u00e3o. Usado por familiares, profissionais, apoiadores e pessoas no espectro autista (TEA), ele representa empatia, compreens\u00e3o e visibilidade.<br>Sua fun\u00e7\u00e3o vai al\u00e9m do acess\u00f3rio: o pin se tornou um <strong>marco de conscientiza\u00e7\u00e3o<\/strong> e uma forma simples, elegante e discreta de demonstrar apoio \u00e0 neurodiversidade.<\/p>\n\n\n\n<p>Na <strong>DogTagClan<\/strong>, disponibilizamos esse pin em <strong>a\u00e7o inox premium<\/strong>, com excelente durabilidade, brilho e acabamento profissional \u2014 ideal para quem deseja carregar significado no peito, no uniforme ou na mochila, todos os dias.<\/p>\n\n\n\n<figure class=\"wp-block-image size-full\"><img decoding=\"async\" width=\"500\" height=\"500\" src=\"https:\/\/dogtagclan.com.br\/blog\/wp-content\/uploads\/2025\/12\/pin.jpg\" alt=\"Pin de Lapela Autismo em metal com s\u00edmbolo quebra-cabe\u00e7a colorido \u2013 identifica\u00e7\u00e3o e conscientiza\u00e7\u00e3o TEA\" class=\"wp-image-5258\" srcset=\"https:\/\/dogtagclan.com.br\/blog\/wp-content\/uploads\/2025\/12\/pin.jpg 500w, https:\/\/dogtagclan.com.br\/blog\/wp-content\/uploads\/2025\/12\/pin-300x300.jpg 300w, https:\/\/dogtagclan.com.br\/blog\/wp-content\/uploads\/2025\/12\/pin-150x150.jpg 150w, https:\/\/dogtagclan.com.br\/blog\/wp-content\/uploads\/2025\/12\/pin-96x96.jpg 96w\" sizes=\"(max-width: 500px) 100vw, 500px\" \/><figcaption class=\"wp-element-caption\">Pin de lapela com s\u00edmbolo do autismo, ideal para identifica\u00e7\u00e3o, apoio e conscientiza\u00e7\u00e3o.<\/figcaption><\/figure>\n\n\n\n<hr class=\"wp-block-separator has-alpha-channel-opacity\"\/>\n\n\n\n<h1 class=\"wp-block-heading\" id=\"h-para-que-serve-o-pin-de-lapela-autismo\">\ud83e\udde0 <strong>Para que serve o Pin de Lapela Autismo?<\/strong><\/h1>\n\n\n\n<h3 class=\"wp-block-heading\" id=\"h-identifica-o-e-apoio\">\u2714 <strong>Identifica\u00e7\u00e3o e Apoio<\/strong><\/h3>\n\n\n\n<p>O pin ajuda outras pessoas a reconhecer que o usu\u00e1rio est\u00e1 ligado \u00e0 causa do autismo, criando um ambiente mais acolhedor e compreensivo \u2014 especialmente em escolas, cl\u00ednicas, empresas e eventos p\u00fablicos.<\/p>\n\n\n\n<h3 class=\"wp-block-heading\" id=\"h-conscientiza-o\">\u2714 <strong>Conscientiza\u00e7\u00e3o<\/strong><\/h3>\n\n\n\n<p>O s\u00edmbolo quebra-cabe\u00e7a \u00e9 mundialmente conhecido como representa\u00e7\u00e3o da neurodiversidade. Us\u00e1-lo \u00e9 uma forma de incentivar conversas, reduzir preconceitos e ampliar a informa\u00e7\u00e3o sobre o TEA.<\/p>\n\n\n\n<h3 class=\"wp-block-heading\" id=\"h-visibilidade-discreta\">\u2714 <strong>Visibilidade Discreta<\/strong><\/h3>\n\n\n\n<p>\u00c9 ideal para quem n\u00e3o quer um acess\u00f3rio grande ou chamativo, mas deseja comunicar apoio, respeito e inclus\u00e3o.<\/p>\n\n\n\n<hr class=\"wp-block-separator has-alpha-channel-opacity\"\/>\n\n\n\n<h1 class=\"wp-block-heading\" id=\"h-significado-dos-s-mbolos-presentes-no-pin\">\ud83c\udfa8 <strong>Significado dos S\u00edmbolos Presentes no Pin<\/strong><\/h1>\n\n\n\n<h3 class=\"wp-block-heading\" id=\"h-quebra-cabe-a-s-mbolo-cl-ssico-do-autismo\">\ud83e\udde9 <strong>Quebra-Cabe\u00e7a \u2013 S\u00edmbolo Cl\u00e1ssico do Autismo<\/strong><\/h3>\n\n\n\n<p>Representa a complexidade do TEA, a diversidade e a singularidade de cada indiv\u00edduo.<\/p>\n\n\n\n<h3 class=\"wp-block-heading\" id=\"h-cores-vibrantes\">\ud83c\udf08 <strong>Cores Vibrantes<\/strong><\/h3>\n\n\n\n<p>As cores usadas no s\u00edmbolo representam a variedade de perfis dentro do espectro e refor\u00e7am a mensagem de inclus\u00e3o e respeito.<\/p>\n\n\n\n<h3 class=\"wp-block-heading\" id=\"h-varia-es-com-o-infinito\">\u267e\ufe0f <strong>Varia\u00e7\u00f5es com o Infinito<\/strong><\/h3>\n\n\n\n<p>Em alguns modelos, o s\u00edmbolo do infinito colorido indica neurodiversidade e aceita\u00e7\u00e3o.<\/p>\n\n\n\n<hr class=\"wp-block-separator has-alpha-channel-opacity\"\/>\n\n\n\n<h1 class=\"wp-block-heading\" id=\"h-por-que-escolher-o-pin-de-lapela-da-dogtagclan\">\ud83d\udc8e <strong>Por que escolher o Pin de Lapela da DogTagClan?<\/strong><\/h1>\n\n\n\n<h3 class=\"wp-block-heading\" id=\"h-a-o-inox-premium\">\u2714 <strong>A\u00e7o Inox Premium<\/strong><\/h3>\n\n\n\n<p>N\u00e3o enferruja, n\u00e3o descasca, n\u00e3o perde o brilho.<\/p>\n\n\n\n<h3 class=\"wp-block-heading\" id=\"h-design-profissional\">\u2714 <strong>Design Profissional<\/strong><\/h3>\n\n\n\n<p>Feito para uso di\u00e1rio em jalecos, camisas, mochilas, bolsas e uniformes.<\/p>\n\n\n\n<h3 class=\"wp-block-heading\" id=\"h-produ-o-com-alta-precis-o\">\u2714 <strong>Produ\u00e7\u00e3o com Alta Precis\u00e3o<\/strong><\/h3>\n\n\n\n<p>Pins firmes, resistentes e com acabamento perfeito.<\/p>\n\n\n\n<h3 class=\"wp-block-heading\" id=\"h-entrega-em-todo-o-brasil\">\u2714 <strong>Entrega em Todo o Brasil<\/strong><\/h3>\n\n\n\n<p>Envio r\u00e1pido, embalagem segura e suporte direto pelo WhatsApp.<\/p>\n\n\n\n<h3 class=\"wp-block-heading\" id=\"h-produto-cheio-de-significado\">\u2714 <strong>Produto Cheio de Significado<\/strong><\/h3>\n\n\n\n<p>Perfeito como presente para familiares, professores, terapeutas e pessoas que trabalham com inclus\u00e3o.<\/p>\n\n\n\n<p>\ud83d\udd17 <strong>Compre aqui:<\/strong><br><a href=\"https:\/\/dogtagclan.com.br\/departamento\/adicionais\/pin-bottom\">https:\/\/dogtagclan.com.br\/departamento\/adicionais\/pin-bottom<\/a><\/p>\n\n\n\n<hr class=\"wp-block-separator has-alpha-channel-opacity\"\/>\n\n\n\n<h1 class=\"wp-block-heading\" id=\"h-onde-usar-o-pin-de-lapela-autismo\">\ud83d\udccc <strong>Onde usar o Pin de Lapela Autismo?<\/strong><\/h1>\n\n\n\n<ul>\n<li>Uniformes profissionais<\/li>\n\n\n\n<li>Aventais e jalecos hospitalares<\/li>\n\n\n\n<li>Mochilas e estojos escolares<\/li>\n\n\n\n<li>Bolsas, jaquetas e camisetas<\/li>\n\n\n\n<li>Em eventos de conscientiza\u00e7\u00e3o<\/li>\n<\/ul>\n\n\n\n<p>O pin pode ser usado tanto por pessoas no espectro quanto por familiares, profissionais e apoiadores da causa.<\/p>\n\n\n\n<hr class=\"wp-block-separator has-alpha-channel-opacity\"\/>\n\n\n\n<h1 class=\"wp-block-heading\" id=\"h-quem-costuma-comprar-este-pin\">\ud83c\udfaf <strong>Quem costuma comprar este pin?<\/strong><\/h1>\n\n\n\n<ul>\n<li>Pais e m\u00e3es de crian\u00e7as TEA<\/li>\n\n\n\n<li>Professores<\/li>\n\n\n\n<li>Psic\u00f3logos e terapeutas<\/li>\n\n\n\n<li>Fonoaudi\u00f3logos<\/li>\n\n\n\n<li>Enfermeiros<\/li>\n\n\n\n<li>Mediadores escolares<\/li>\n\n\n\n<li>Empresas que apoiam diversidade e inclus\u00e3o<\/li>\n\n\n\n<li>Pessoas que desejam demonstrar empatia e apoio<\/li>\n<\/ul>\n\n\n\n<hr class=\"wp-block-separator has-alpha-channel-opacity\"\/>\n\n\n\n<h1 class=\"wp-block-heading\" id=\"h-onde-comprar-o-pin-de-lapela-autismo\">\ud83d\uded2 <strong>Onde Comprar o Pin de Lapela Autismo<\/strong><\/h1>\n\n\n\n<p>Voc\u00ea pode adquirir o pin original, feito em a\u00e7o inox e com qualidade profissional, diretamente no site oficial:<\/p>\n\n\n\n<p>\ud83d\udc49 <strong>DogTagClan \u2013 Linha de Pins e Broches Personalizados<\/strong><br>\ud83d\udd17 <a href=\"https:\/\/dogtagclan.com.br\/departamento\/adicionais\/pin-bottom\">https:\/\/dogtagclan.com.br\/departamento\/adicionais\/pin-bottom<\/a><\/p>\n\n\n\n<p>Enviamos para todo o Brasil com rapidez e seguran\u00e7a.<\/p>\n","protected":false},"excerpt":{"rendered":"<p>O Pin de Lapela Autismo em A\u00e7o Inox \u00e9 um dos s\u00edmbolos mais reconhecidos e respeitados no universo da inclus\u00e3o.<\/p>\n","protected":false},"author":1,"featured_media":5258,"comment_status":"open","ping_status":"open","sticky":false,"template":"","format":"standard","meta":{"footnotes":""},"categories":[557,554],"tags":[],"yoast_head":"<!-- This site is optimized with the Yoast SEO Premium plugin v15.5 - https:\/\/yoast.com\/wordpress\/plugins\/seo\/ -->\n<title>\ud83e\udde9 Pin de Lapela Autismo em A\u00e7o Inox \u2013 Identifica\u00e7\u00e3o, Conscientiza\u00e7\u00e3o e Apoio \u00e0 Causa | DogTagClan Blog<\/title>\n<meta name=\"description\" content=\"O Pin de Lapela Autismo em A\u00e7o Inox \u00e9 um dos s\u00edmbolos mais reconhecidos e respeitados no universo da inclus\u00e3o. Usado por familiares, profissionais,\" \/>\n<meta name=\"robots\" content=\"index, follow, max-snippet:-1, max-image-preview:large, max-video-preview:-1\" \/>\n<link rel=\"canonical\" href=\"https:\/\/dogtagclan.com.br\/blog\/\ud83e\udde9-pin-de-lapela-autismo-em-aco-inox-identificacao-conscientizacao-e-apoio-a-causa\/\" \/>\n<meta property=\"og:locale\" content=\"pt_BR\" \/>\n<meta property=\"og:type\" content=\"article\" \/>\n<meta property=\"og:title\" content=\"\ud83e\udde9 Pin de Lapela Autismo em A\u00e7o Inox \u2013 Identifica\u00e7\u00e3o, Conscientiza\u00e7\u00e3o e Apoio \u00e0 Causa | DogTagClan Blog\" \/>\n<meta property=\"og:description\" content=\"O Pin de Lapela Autismo em A\u00e7o Inox \u00e9 um dos s\u00edmbolos mais reconhecidos e respeitados no universo da inclus\u00e3o. Usado por familiares, profissionais,\" \/>\n<meta property=\"og:url\" content=\"https:\/\/dogtagclan.com.br\/blog\/\ud83e\udde9-pin-de-lapela-autismo-em-aco-inox-identificacao-conscientizacao-e-apoio-a-causa\/\" \/>\n<meta property=\"og:site_name\" content=\"DogTagClan Blog\" \/>\n<meta property=\"article:publisher\" content=\"https:\/\/www.facebook.com\/dogtagclan\" \/>\n<meta property=\"article:author\" content=\"https:\/\/www.facebook.com\/dogtagclan\" \/>\n<meta property=\"article:published_time\" content=\"2025-12-07T19:03:11+00:00\" \/>\n<meta property=\"article:modified_time\" content=\"2025-12-07T19:09:56+00:00\" \/>\n<meta property=\"og:image\" content=\"https:\/\/dogtagclan.com.br\/blog\/wp-content\/uploads\/2025\/12\/pin.jpg\" \/>\n\t<meta property=\"og:image:width\" content=\"500\" \/>\n\t<meta property=\"og:image:height\" content=\"500\" \/>\n<meta name=\"twitter:card\" content=\"summary_large_image\" \/>\n<meta name=\"twitter:creator\" content=\"@https:\/\/x.com\/Dogtagclanclan\" \/>\n<meta name=\"twitter:label1\" content=\"Est. tempo de leitura\">\n\t<meta name=\"twitter:data1\" content=\"2 minutos\">\n<script type=\"application\/ld+json\" class=\"yoast-schema-graph\">{\"@context\":\"https:\/\/schema.org\",\"@graph\":[{\"@type\":\"Organization\",\"@id\":\"https:\/\/dogtagclan.com.br\/blog\/#organization\",\"name\":\"DogTagClan | Dog Tags, Crach\\u00e1s e Acess\\u00f3rios Personalizados\",\"url\":\"https:\/\/dogtagclan.com.br\/blog\/\",\"sameAs\":[\"https:\/\/www.facebook.com\/dogtagclan\"],\"logo\":{\"@type\":\"ImageObject\",\"@id\":\"https:\/\/dogtagclan.com.br\/blog\/#logo\",\"inLanguage\":\"pt-BR\",\"url\":\"https:\/\/dogtagclan.com.br\/blog\/wp-content\/uploads\/2023\/02\/cropped-doftagclan-logo.png\",\"width\":250,\"height\":140,\"caption\":\"DogTagClan | Dog Tags, Crach\\u00e1s e Acess\\u00f3rios Personalizados\"},\"image\":{\"@id\":\"https:\/\/dogtagclan.com.br\/blog\/#logo\"}},{\"@type\":\"WebSite\",\"@id\":\"https:\/\/dogtagclan.com.br\/blog\/#website\",\"url\":\"https:\/\/dogtagclan.com.br\/blog\/\",\"name\":\"DogTagClan Blog\",\"description\":\"A gente faz, do seu Jeito\",\"publisher\":{\"@id\":\"https:\/\/dogtagclan.com.br\/blog\/#organization\"},\"potentialAction\":[{\"@type\":\"SearchAction\",\"target\":\"https:\/\/dogtagclan.com.br\/blog\/?s={search_term_string}\",\"query-input\":\"required name=search_term_string\"}],\"inLanguage\":\"pt-BR\"},{\"@type\":\"ImageObject\",\"@id\":\"https:\/\/dogtagclan.com.br\/blog\/%f0%9f%a7%a9-pin-de-lapela-autismo-em-aco-inox-identificacao-conscientizacao-e-apoio-a-causa\/#primaryimage\",\"inLanguage\":\"pt-BR\",\"url\":\"https:\/\/dogtagclan.com.br\/blog\/wp-content\/uploads\/2025\/12\/pin.jpg\",\"width\":500,\"height\":500,\"caption\":\"Pin de lapela com s\\u00edmbolo do autismo, ideal para identifica\\u00e7\\u00e3o, apoio e conscientiza\\u00e7\\u00e3o.\"},{\"@type\":\"WebPage\",\"@id\":\"https:\/\/dogtagclan.com.br\/blog\/%f0%9f%a7%a9-pin-de-lapela-autismo-em-aco-inox-identificacao-conscientizacao-e-apoio-a-causa\/#webpage\",\"url\":\"https:\/\/dogtagclan.com.br\/blog\/%f0%9f%a7%a9-pin-de-lapela-autismo-em-aco-inox-identificacao-conscientizacao-e-apoio-a-causa\/\",\"name\":\"\\ud83e\\udde9 Pin de Lapela Autismo em A\\u00e7o Inox \\u2013 Identifica\\u00e7\\u00e3o, Conscientiza\\u00e7\\u00e3o e Apoio \\u00e0 Causa | DogTagClan Blog\",\"isPartOf\":{\"@id\":\"https:\/\/dogtagclan.com.br\/blog\/#website\"},\"primaryImageOfPage\":{\"@id\":\"https:\/\/dogtagclan.com.br\/blog\/%f0%9f%a7%a9-pin-de-lapela-autismo-em-aco-inox-identificacao-conscientizacao-e-apoio-a-causa\/#primaryimage\"},\"datePublished\":\"2025-12-07T19:03:11+00:00\",\"dateModified\":\"2025-12-07T19:09:56+00:00\",\"description\":\"O Pin de Lapela Autismo em A\\u00e7o Inox \\u00e9 um dos s\\u00edmbolos mais reconhecidos e respeitados no universo da inclus\\u00e3o. Usado por familiares, profissionais,\",\"inLanguage\":\"pt-BR\",\"potentialAction\":[{\"@type\":\"ReadAction\",\"target\":[\"https:\/\/dogtagclan.com.br\/blog\/%f0%9f%a7%a9-pin-de-lapela-autismo-em-aco-inox-identificacao-conscientizacao-e-apoio-a-causa\/\"]}]},{\"@type\":\"Article\",\"@id\":\"https:\/\/dogtagclan.com.br\/blog\/%f0%9f%a7%a9-pin-de-lapela-autismo-em-aco-inox-identificacao-conscientizacao-e-apoio-a-causa\/#article\",\"isPartOf\":{\"@id\":\"https:\/\/dogtagclan.com.br\/blog\/%f0%9f%a7%a9-pin-de-lapela-autismo-em-aco-inox-identificacao-conscientizacao-e-apoio-a-causa\/#webpage\"},\"author\":{\"@id\":\"https:\/\/dogtagclan.com.br\/blog\/#\/schema\/person\/b7279d930f15e2a85c89cd3b2f1d8df5\"},\"headline\":\"\\ud83e\\udde9 Pin de Lapela Autismo em A\\u00e7o Inox \\u2013 Identifica\\u00e7\\u00e3o, Conscientiza\\u00e7\\u00e3o e Apoio \\u00e0 Causa\",\"datePublished\":\"2025-12-07T19:03:11+00:00\",\"dateModified\":\"2025-12-07T19:09:56+00:00\",\"mainEntityOfPage\":{\"@id\":\"https:\/\/dogtagclan.com.br\/blog\/%f0%9f%a7%a9-pin-de-lapela-autismo-em-aco-inox-identificacao-conscientizacao-e-apoio-a-causa\/#webpage\"},\"commentCount\":0,\"publisher\":{\"@id\":\"https:\/\/dogtagclan.com.br\/blog\/#organization\"},\"image\":{\"@id\":\"https:\/\/dogtagclan.com.br\/blog\/%f0%9f%a7%a9-pin-de-lapela-autismo-em-aco-inox-identificacao-conscientizacao-e-apoio-a-causa\/#primaryimage\"},\"articleSection\":\"Crach\\u00e1 de Identifica\\u00e7\\u00e3o,Crachas e broches personalizados\",\"inLanguage\":\"pt-BR\",\"potentialAction\":[{\"@type\":\"CommentAction\",\"name\":\"Comment\",\"target\":[\"https:\/\/dogtagclan.com.br\/blog\/%f0%9f%a7%a9-pin-de-lapela-autismo-em-aco-inox-identificacao-conscientizacao-e-apoio-a-causa\/#respond\"]}]},{\"@type\":\"Person\",\"@id\":\"https:\/\/dogtagclan.com.br\/blog\/#\/schema\/person\/b7279d930f15e2a85c89cd3b2f1d8df5\",\"name\":\"dogtagclan\",\"description\":\"\\\"A DogTagClan \\u00e9 especializada na fabrica\\u00e7\\u00e3o e personaliza\\u00e7\\u00e3o de Dog Tags, crach\\u00e1s e acess\\u00f3rios. Produzimos pe\\u00e7as em a\\u00e7o inoxid\\u00e1vel com grava\\u00e7\\u00f5es de alta precis\\u00e3o para identifica\\u00e7\\u00e3o pessoal e profissional.\\\"\",\"sameAs\":[\"https:\/\/blog.dogtagclan.com.br\",\"https:\/\/www.facebook.com\/dogtagclan\",\"https:\/\/www.instagram.com\/dogtagclan\",\"https:\/\/twitter.com\/https:\/\/x.com\/Dogtagclanclan\",\"https:\/\/www.youtube.com\/dogtagclan\"]}]}<\/script>\n<!-- \/ Yoast SEO Premium plugin. -->","_links":{"self":[{"href":"https:\/\/dogtagclan.com.br\/blog\/wp-json\/wp\/v2\/posts\/5257"}],"collection":[{"href":"https:\/\/dogtagclan.com.br\/blog\/wp-json\/wp\/v2\/posts"}],"about":[{"href":"https:\/\/dogtagclan.com.br\/blog\/wp-json\/wp\/v2\/types\/post"}],"author":[{"embeddable":true,"href":"https:\/\/dogtagclan.com.br\/blog\/wp-json\/wp\/v2\/users\/1"}],"replies":[{"embeddable":true,"href":"https:\/\/dogtagclan.com.br\/blog\/wp-json\/wp\/v2\/comments?post=5257"}],"version-history":[{"count":1,"href":"https:\/\/dogtagclan.com.br\/blog\/wp-json\/wp\/v2\/posts\/5257\/revisions"}],"predecessor-version":[{"id":5259,"href":"https:\/\/dogtagclan.com.br\/blog\/wp-json\/wp\/v2\/posts\/5257\/revisions\/5259"}],"wp:featuredmedia":[{"embeddable":true,"href":"https:\/\/dogtagclan.com.br\/blog\/wp-json\/wp\/v2\/media\/5258"}],"wp:attachment":[{"href":"https:\/\/dogtagclan.com.br\/blog\/wp-json\/wp\/v2\/media?parent=5257"}],"wp:term":[{"taxonomy":"category","embeddable":true,"href":"https:\/\/dogtagclan.com.br\/blog\/wp-json\/wp\/v2\/categories?post=5257"},{"taxonomy":"post_tag","embeddable":true,"href":"https:\/\/dogtagclan.com.br\/blog\/wp-json\/wp\/v2\/tags?post=5257"}],"curies":[{"name":"wp","href":"https:\/\/api.w.org\/{rel}","templated":true}]}}