{"id":5253,"date":"2025-12-05T08:53:02","date_gmt":"2025-12-05T11:53:02","guid":{"rendered":"https:\/\/dogtagclan.com.br\/blog\/?p=5253"},"modified":"2025-12-05T09:37:20","modified_gmt":"2025-12-05T12:37:20","slug":"%e2%9c%85-cordao-dupla-face-autismo-girassol-trava-anti-sufocamento","status":"publish","type":"post","link":"https:\/\/dogtagclan.com.br\/blog\/%e2%9c%85-cordao-dupla-face-autismo-girassol-trava-anti-sufocamento\/","title":{"rendered":"\u2705 Cord\u00e3o Dupla Face Autismo + Girassol \u2013 Trava Anti-Sufocamento"},"content":{"rendered":"\n<p>O <strong>Cord\u00e3o Dupla Face Autismo + Girassol<\/strong> \u00e9 um acess\u00f3rio de identifica\u00e7\u00e3o criado para pessoas com <strong>defici\u00eancias ocultas<\/strong>, como Autismo (TEA), TDAH, epilepsia, ansiedade social, fibromialgia e outras condi\u00e7\u00f5es que n\u00e3o s\u00e3o vis\u00edveis, mas que exigem compreens\u00e3o, apoio e acolhimento no dia a dia.<\/p>\n\n\n\n<p>Ele combina dois s\u00edmbolos importantes:<\/p>\n\n\n\n<ul>\n<li><strong>Girassol<\/strong> \u2013 reconhecido internacionalmente como sinal de defici\u00eancia n\u00e3o vis\u00edvel, indicando que a pessoa pode precisar de ajuda, prioridade ou compreens\u00e3o extra.<\/li>\n\n\n\n<li><strong>Quebra-cabe\u00e7a \/ Neurodiversidade<\/strong> \u2013 s\u00edmbolo usado para representar o Autismo e a diversidade neurol\u00f3gica.<\/li>\n<\/ul>\n\n\n\n<p>Com essa combina\u00e7\u00e3o, o cord\u00e3o permite que a pessoa <strong>seja reconhecida discretamente<\/strong> em ambientes p\u00fablicos \u2014 como escolas, transporte, aeroportos, supermercados, eventos e hospitais \u2014 sem a necessidade de explica\u00e7\u00f5es longas ou constrangimentos.<\/p>\n\n\n\n<p><\/p>\n\n\n\n<hr class=\"wp-block-separator has-alpha-channel-opacity\"\/>\n\n\n\n<h2 class=\"wp-block-heading\" id=\"h-o-que-o-cord-o-dupla-face\">\ud83c\udf08 <strong>O que \u00e9 o Cord\u00e3o Dupla Face?<\/strong><\/h2>\n\n\n\n<p>\u00c9 um cord\u00e3o de poli\u00e9ster resistente, com estampa dos dois lados:<\/p>\n\n\n\n<ul>\n<li>um lado com <strong>s\u00edmbolos do Autismo<\/strong> (quebra-cabe\u00e7a ou infinito da neurodiversidade),<\/li>\n\n\n\n<li>e o outro com o <strong>s\u00edmbolo do Girassol<\/strong>.<\/li>\n<\/ul>\n\n\n\n<p>O cord\u00e3o acompanha ainda:<\/p>\n\n\n\n<ul>\n<li><strong>trava anti-sufocamento<\/strong>, garantindo seguran\u00e7a em uso escolar e di\u00e1rio;<\/li>\n\n\n\n<li><strong>porta-crach\u00e1 transparente<\/strong>, para documentos ou crach\u00e1s m\u00e9dicos;<\/li>\n\n\n\n<li>design refor\u00e7ado para uso constante, inclusive por crian\u00e7as.<\/li>\n<\/ul>\n\n\n\n<figure class=\"wp-block-image size-full\"><img decoding=\"async\" width=\"500\" height=\"500\" src=\"https:\/\/dogtagclan.com.br\/blog\/wp-content\/uploads\/2025\/12\/CordoDuplaFaceTDAHAutismoTravaAn-1.jpg\" alt=\"Cord\u00e3o Dupla Face Autismo e Girassol com trava anti-sufocamento e porta-crach\u00e1, usado para identificar defici\u00eancias ocultas como TEA e TDAH.\" class=\"wp-image-5254\" srcset=\"https:\/\/dogtagclan.com.br\/blog\/wp-content\/uploads\/2025\/12\/CordoDuplaFaceTDAHAutismoTravaAn-1.jpg 500w, https:\/\/dogtagclan.com.br\/blog\/wp-content\/uploads\/2025\/12\/CordoDuplaFaceTDAHAutismoTravaAn-1-300x300.jpg 300w, https:\/\/dogtagclan.com.br\/blog\/wp-content\/uploads\/2025\/12\/CordoDuplaFaceTDAHAutismoTravaAn-1-150x150.jpg 150w, https:\/\/dogtagclan.com.br\/blog\/wp-content\/uploads\/2025\/12\/CordoDuplaFaceTDAHAutismoTravaAn-1-96x96.jpg 96w\" sizes=\"(max-width: 500px) 100vw, 500px\" \/><figcaption class=\"wp-element-caption\">Cord\u00e3o Dupla Face Autismo + Girassol com trava anti-sufocamento \u2014 identifica\u00e7\u00e3o segura para TEA, TDAH e defici\u00eancias ocultas.<\/figcaption><\/figure>\n\n\n\n<hr class=\"wp-block-separator has-alpha-channel-opacity\"\/>\n\n\n\n<h2 class=\"wp-block-heading\" id=\"h-para-que-serve\">\ud83c\udfaf <strong>Para que Serve<\/strong><\/h2>\n\n\n\n<p>\u2714 <strong>Facilitar identifica\u00e7\u00e3o<\/strong> \u2013 ajuda equipes escolares, profissionais e o p\u00fablico em geral a entenderem que a pessoa pode precisar de suporte extra.<br>\u2714 <strong>Reduzir estresse e constrangimento<\/strong> \u2013 evita explica\u00e7\u00f5es longas sobre a condi\u00e7\u00e3o.<br>\u2714 <strong>Garantir direitos<\/strong> \u2013 facilita prioridade em filas, assentos e atendimentos, conforme a Lei 14.624\/2023, que instituiu o uso opcional de s\u00edmbolos de identifica\u00e7\u00e3o no Brasil.<br>\u2714 <strong>Promover inclus\u00e3o<\/strong> \u2013 \u00e9 um s\u00edmbolo de empatia e respeito \u00e0s defici\u00eancias invis\u00edveis.<\/p>\n\n\n\n<hr class=\"wp-block-separator has-alpha-channel-opacity\"\/>\n\n\n\n<h2 class=\"wp-block-heading\" id=\"h-quem-pode-usar\">\ud83d\udc65 <strong>Quem Pode Usar<\/strong><\/h2>\n\n\n\n<p>Este cord\u00e3o \u00e9 recomendado para:<\/p>\n\n\n\n<ul>\n<li>Pessoas com <strong>Autismo<\/strong>, <strong>TDAH<\/strong>, <strong>TEA\/TDAH combinados<\/strong>, epilepsia, ansiedade, crises sensoriais ou outras defici\u00eancias ocultas.<\/li>\n\n\n\n<li><strong>Crian\u00e7as em idade escolar<\/strong>, acompanhadas pelos respons\u00e1veis.<\/li>\n\n\n\n<li><strong>Adultos<\/strong> que desejam identifica\u00e7\u00e3o discreta, respeitosa e segura.<\/li>\n<\/ul>\n\n\n\n<hr class=\"wp-block-separator has-alpha-channel-opacity\"\/>\n\n\n\n<h2 class=\"wp-block-heading\" id=\"h-por-que-ele-t-o-procurado\">\ud83d\udccc <strong>Por que ele \u00e9 t\u00e3o procurado?<\/strong><\/h2>\n\n\n\n<ul>\n<li>\u00c9 aceito amplamente em escolas, shoppings, hospitais e aeroportos.<\/li>\n\n\n\n<li>Possui <strong>trava anti-sufocamento<\/strong>, exigida por muitas institui\u00e7\u00f5es.<\/li>\n\n\n\n<li>A combina\u00e7\u00e3o <strong>Girassol + Autismo<\/strong> gera um reconhecimento imediato.<\/li>\n\n\n\n<li>\u00c9 confort\u00e1vel, leve e dur\u00e1vel.<\/li>\n\n\n\n<li>Ajuda a evitar crises, confus\u00f5es e atendimentos inadequados.<\/li>\n<\/ul>\n\n\n\n<hr class=\"wp-block-separator has-alpha-channel-opacity\"\/>\n\n\n\n<h2 class=\"wp-block-heading\" id=\"h-onde-comprar\">\ud83d\uded2 Onde Comprar<\/h2>\n\n\n\n<p>O Cord\u00e3o Dupla Face Autismo + Girassol com <strong>Trava Anti-Sufocamento<\/strong> est\u00e1 dispon\u00edvel na <strong>DogTagClan \/ IdentificaME<\/strong>, com envio para todo o Brasil.<\/p>\n\n\n\n<p>\ud83d\udcf2 <strong>Pe\u00e7a pelo WhatsApp:<\/strong> <a>https:\/\/wa.me\/5511916665663<\/a><br>\ud83c\udf10 <strong>Site oficial:<\/strong> <a href=\"https:\/\/www.crachaidentificame.com.br\/\" target=\"_blank\" rel=\"noopener\">https:\/\/www.crachaidentificame.com.br\/<\/a><\/p>\n","protected":false},"excerpt":{"rendered":"<p>O Cord\u00e3o Dupla Face Autismo + Girassol \u00e9 um acess\u00f3rio de identifica\u00e7\u00e3o criado para pessoas com defici\u00eancias ocultas, como Autismo<\/p>\n","protected":false},"author":1,"featured_media":5254,"comment_status":"open","ping_status":"open","sticky":false,"template":"","format":"standard","meta":{"footnotes":""},"categories":[557,554],"tags":[],"yoast_head":"<!-- This site is optimized with the Yoast SEO Premium plugin v15.5 - https:\/\/yoast.com\/wordpress\/plugins\/seo\/ -->\n<title>\u2705 Cord\u00e3o Dupla Face Autismo + Girassol \u2013 Trava Anti-Sufocamento | DogTagClan Blog<\/title>\n<meta name=\"description\" content=\"O Cord\u00e3o Dupla Face Autismo + Girassol \u00e9 um acess\u00f3rio de identifica\u00e7\u00e3o criado para pessoas com defici\u00eancias ocultas, como Autismo (TEA), TDAH,\" \/>\n<meta name=\"robots\" content=\"index, follow, max-snippet:-1, max-image-preview:large, max-video-preview:-1\" \/>\n<link rel=\"canonical\" href=\"https:\/\/dogtagclan.com.br\/blog\/\u2705-cordao-dupla-face-autismo-girassol-trava-anti-sufocamento\/\" \/>\n<meta property=\"og:locale\" content=\"pt_BR\" \/>\n<meta property=\"og:type\" content=\"article\" \/>\n<meta property=\"og:title\" content=\"\u2705 Cord\u00e3o Dupla Face Autismo + Girassol \u2013 Trava Anti-Sufocamento | DogTagClan Blog\" \/>\n<meta property=\"og:description\" content=\"O Cord\u00e3o Dupla Face Autismo + Girassol \u00e9 um acess\u00f3rio de identifica\u00e7\u00e3o criado para pessoas com defici\u00eancias ocultas, como Autismo (TEA), TDAH,\" \/>\n<meta property=\"og:url\" content=\"https:\/\/dogtagclan.com.br\/blog\/\u2705-cordao-dupla-face-autismo-girassol-trava-anti-sufocamento\/\" \/>\n<meta property=\"og:site_name\" content=\"DogTagClan Blog\" \/>\n<meta property=\"article:publisher\" content=\"https:\/\/www.facebook.com\/dogtagclan\" \/>\n<meta property=\"article:author\" content=\"https:\/\/www.facebook.com\/dogtagclan\" \/>\n<meta property=\"article:published_time\" content=\"2025-12-05T11:53:02+00:00\" \/>\n<meta property=\"article:modified_time\" content=\"2025-12-05T12:37:20+00:00\" \/>\n<meta property=\"og:image\" content=\"https:\/\/dogtagclan.com.br\/blog\/wp-content\/uploads\/2025\/12\/CordoDuplaFaceTDAHAutismoTravaAn-1.jpg\" \/>\n\t<meta property=\"og:image:width\" content=\"500\" \/>\n\t<meta property=\"og:image:height\" content=\"500\" \/>\n<meta name=\"twitter:card\" content=\"summary_large_image\" \/>\n<meta name=\"twitter:creator\" content=\"@https:\/\/x.com\/Dogtagclanclan\" \/>\n<meta name=\"twitter:label1\" content=\"Est. tempo de leitura\">\n\t<meta name=\"twitter:data1\" content=\"2 minutos\">\n<script type=\"application\/ld+json\" class=\"yoast-schema-graph\">{\"@context\":\"https:\/\/schema.org\",\"@graph\":[{\"@type\":\"Organization\",\"@id\":\"https:\/\/dogtagclan.com.br\/blog\/#organization\",\"name\":\"DogTagClan | Dog Tags, Crach\\u00e1s e Acess\\u00f3rios Personalizados\",\"url\":\"https:\/\/dogtagclan.com.br\/blog\/\",\"sameAs\":[\"https:\/\/www.facebook.com\/dogtagclan\"],\"logo\":{\"@type\":\"ImageObject\",\"@id\":\"https:\/\/dogtagclan.com.br\/blog\/#logo\",\"inLanguage\":\"pt-BR\",\"url\":\"https:\/\/dogtagclan.com.br\/blog\/wp-content\/uploads\/2023\/02\/cropped-doftagclan-logo.png\",\"width\":250,\"height\":140,\"caption\":\"DogTagClan | Dog Tags, Crach\\u00e1s e Acess\\u00f3rios Personalizados\"},\"image\":{\"@id\":\"https:\/\/dogtagclan.com.br\/blog\/#logo\"}},{\"@type\":\"WebSite\",\"@id\":\"https:\/\/dogtagclan.com.br\/blog\/#website\",\"url\":\"https:\/\/dogtagclan.com.br\/blog\/\",\"name\":\"DogTagClan Blog\",\"description\":\"A gente faz, do seu Jeito\",\"publisher\":{\"@id\":\"https:\/\/dogtagclan.com.br\/blog\/#organization\"},\"potentialAction\":[{\"@type\":\"SearchAction\",\"target\":\"https:\/\/dogtagclan.com.br\/blog\/?s={search_term_string}\",\"query-input\":\"required name=search_term_string\"}],\"inLanguage\":\"pt-BR\"},{\"@type\":\"ImageObject\",\"@id\":\"https:\/\/dogtagclan.com.br\/blog\/%e2%9c%85-cordao-dupla-face-autismo-girassol-trava-anti-sufocamento\/#primaryimage\",\"inLanguage\":\"pt-BR\",\"url\":\"https:\/\/dogtagclan.com.br\/blog\/wp-content\/uploads\/2025\/12\/CordoDuplaFaceTDAHAutismoTravaAn-1.jpg\",\"width\":500,\"height\":500,\"caption\":\"Cord\\u00e3o Dupla Face Autismo + Girassol com trava anti-sufocamento \\u2014 identifica\\u00e7\\u00e3o segura para TEA, TDAH e defici\\u00eancias ocultas.\"},{\"@type\":\"WebPage\",\"@id\":\"https:\/\/dogtagclan.com.br\/blog\/%e2%9c%85-cordao-dupla-face-autismo-girassol-trava-anti-sufocamento\/#webpage\",\"url\":\"https:\/\/dogtagclan.com.br\/blog\/%e2%9c%85-cordao-dupla-face-autismo-girassol-trava-anti-sufocamento\/\",\"name\":\"\\u2705 Cord\\u00e3o Dupla Face Autismo + Girassol \\u2013 Trava Anti-Sufocamento | DogTagClan Blog\",\"isPartOf\":{\"@id\":\"https:\/\/dogtagclan.com.br\/blog\/#website\"},\"primaryImageOfPage\":{\"@id\":\"https:\/\/dogtagclan.com.br\/blog\/%e2%9c%85-cordao-dupla-face-autismo-girassol-trava-anti-sufocamento\/#primaryimage\"},\"datePublished\":\"2025-12-05T11:53:02+00:00\",\"dateModified\":\"2025-12-05T12:37:20+00:00\",\"description\":\"O Cord\\u00e3o Dupla Face Autismo + Girassol \\u00e9 um acess\\u00f3rio de identifica\\u00e7\\u00e3o criado para pessoas com defici\\u00eancias ocultas, como Autismo (TEA), TDAH,\",\"inLanguage\":\"pt-BR\",\"potentialAction\":[{\"@type\":\"ReadAction\",\"target\":[\"https:\/\/dogtagclan.com.br\/blog\/%e2%9c%85-cordao-dupla-face-autismo-girassol-trava-anti-sufocamento\/\"]}]},{\"@type\":\"Article\",\"@id\":\"https:\/\/dogtagclan.com.br\/blog\/%e2%9c%85-cordao-dupla-face-autismo-girassol-trava-anti-sufocamento\/#article\",\"isPartOf\":{\"@id\":\"https:\/\/dogtagclan.com.br\/blog\/%e2%9c%85-cordao-dupla-face-autismo-girassol-trava-anti-sufocamento\/#webpage\"},\"author\":{\"@id\":\"https:\/\/dogtagclan.com.br\/blog\/#\/schema\/person\/b7279d930f15e2a85c89cd3b2f1d8df5\"},\"headline\":\"\\u2705 Cord\\u00e3o Dupla Face Autismo + Girassol \\u2013 Trava Anti-Sufocamento\",\"datePublished\":\"2025-12-05T11:53:02+00:00\",\"dateModified\":\"2025-12-05T12:37:20+00:00\",\"mainEntityOfPage\":{\"@id\":\"https:\/\/dogtagclan.com.br\/blog\/%e2%9c%85-cordao-dupla-face-autismo-girassol-trava-anti-sufocamento\/#webpage\"},\"commentCount\":0,\"publisher\":{\"@id\":\"https:\/\/dogtagclan.com.br\/blog\/#organization\"},\"image\":{\"@id\":\"https:\/\/dogtagclan.com.br\/blog\/%e2%9c%85-cordao-dupla-face-autismo-girassol-trava-anti-sufocamento\/#primaryimage\"},\"articleSection\":\"Crach\\u00e1 de Identifica\\u00e7\\u00e3o,Crachas e broches personalizados\",\"inLanguage\":\"pt-BR\",\"potentialAction\":[{\"@type\":\"CommentAction\",\"name\":\"Comment\",\"target\":[\"https:\/\/dogtagclan.com.br\/blog\/%e2%9c%85-cordao-dupla-face-autismo-girassol-trava-anti-sufocamento\/#respond\"]}]},{\"@type\":\"Person\",\"@id\":\"https:\/\/dogtagclan.com.br\/blog\/#\/schema\/person\/b7279d930f15e2a85c89cd3b2f1d8df5\",\"name\":\"dogtagclan\",\"description\":\"\\\"A DogTagClan \\u00e9 especializada na fabrica\\u00e7\\u00e3o e personaliza\\u00e7\\u00e3o de Dog Tags, crach\\u00e1s e acess\\u00f3rios. Produzimos pe\\u00e7as em a\\u00e7o inoxid\\u00e1vel com grava\\u00e7\\u00f5es de alta precis\\u00e3o para identifica\\u00e7\\u00e3o pessoal e profissional.\\\"\",\"sameAs\":[\"https:\/\/blog.dogtagclan.com.br\",\"https:\/\/www.facebook.com\/dogtagclan\",\"https:\/\/www.instagram.com\/dogtagclan\",\"https:\/\/twitter.com\/https:\/\/x.com\/Dogtagclanclan\",\"https:\/\/www.youtube.com\/dogtagclan\"]}]}<\/script>\n<!-- \/ Yoast SEO Premium plugin. -->","_links":{"self":[{"href":"https:\/\/dogtagclan.com.br\/blog\/wp-json\/wp\/v2\/posts\/5253"}],"collection":[{"href":"https:\/\/dogtagclan.com.br\/blog\/wp-json\/wp\/v2\/posts"}],"about":[{"href":"https:\/\/dogtagclan.com.br\/blog\/wp-json\/wp\/v2\/types\/post"}],"author":[{"embeddable":true,"href":"https:\/\/dogtagclan.com.br\/blog\/wp-json\/wp\/v2\/users\/1"}],"replies":[{"embeddable":true,"href":"https:\/\/dogtagclan.com.br\/blog\/wp-json\/wp\/v2\/comments?post=5253"}],"version-history":[{"count":1,"href":"https:\/\/dogtagclan.com.br\/blog\/wp-json\/wp\/v2\/posts\/5253\/revisions"}],"predecessor-version":[{"id":5255,"href":"https:\/\/dogtagclan.com.br\/blog\/wp-json\/wp\/v2\/posts\/5253\/revisions\/5255"}],"wp:featuredmedia":[{"embeddable":true,"href":"https:\/\/dogtagclan.com.br\/blog\/wp-json\/wp\/v2\/media\/5254"}],"wp:attachment":[{"href":"https:\/\/dogtagclan.com.br\/blog\/wp-json\/wp\/v2\/media?parent=5253"}],"wp:term":[{"taxonomy":"category","embeddable":true,"href":"https:\/\/dogtagclan.com.br\/blog\/wp-json\/wp\/v2\/categories?post=5253"},{"taxonomy":"post_tag","embeddable":true,"href":"https:\/\/dogtagclan.com.br\/blog\/wp-json\/wp\/v2\/tags?post=5253"}],"curies":[{"name":"wp","href":"https:\/\/api.w.org\/{rel}","templated":true}]}}