{"id":5236,"date":"2025-12-04T10:14:53","date_gmt":"2025-12-04T13:14:53","guid":{"rendered":"https:\/\/dogtagclan.com.br\/blog\/?p=5236"},"modified":"2025-12-04T10:14:56","modified_gmt":"2025-12-04T13:14:56","slug":"%f0%9f%9f%a6-cracha-para-deficiencia-auditiva-identificacao-com-nome-foto-e-qr-code-opcional","status":"publish","type":"post","link":"https:\/\/dogtagclan.com.br\/blog\/%f0%9f%9f%a6-cracha-para-deficiencia-auditiva-identificacao-com-nome-foto-e-qr-code-opcional\/","title":{"rendered":"\ud83d\udfe6 Crach\u00e1 para Defici\u00eancia Auditiva \u2013 Identifica\u00e7\u00e3o com Nome, Foto e QR Code Opcional"},"content":{"rendered":"\n<h2 class=\"wp-block-heading\" id=\"h-introdu-o-por-que-a-identifica-o-para-pessoas-com-defici-ncia-auditiva-t-o-importante\">\ud83d\udd37 Introdu\u00e7\u00e3o: Por que a identifica\u00e7\u00e3o para pessoas com defici\u00eancia auditiva \u00e9 t\u00e3o importante?<\/h2>\n\n\n\n<p>Quando uma pessoa com defici\u00eancia auditiva entra em um ambiente desconhecido \u2014 uma escola, hospital, transporte p\u00fablico, viagem, aeroporto, reparti\u00e7\u00e3o \u2014 ela pode enfrentar situa\u00e7\u00f5es onde a comunica\u00e7\u00e3o \u00e9 dif\u00edcil ou at\u00e9 imposs\u00edvel sem apoio visual.<\/p>\n\n\n\n<p>\u00c9 por isso que o <strong>Crach\u00e1 para Defici\u00eancia Auditiva IdentificaME<\/strong> foi criado.<br>Ele n\u00e3o \u00e9 apenas um cart\u00e3o com foto:<br>\ud83d\udc49 ele \u00e9 uma forma clara, r\u00e1pida e segura de comunica\u00e7\u00e3o visual,<br>\ud83d\udc49 trazendo mais autonomia, empatia e respeito no dia a dia.<\/p>\n\n\n\n<p>E agora, com a op\u00e7\u00e3o de <strong>QR Code Inteligente\u2122<\/strong>, fica ainda mais f\u00e1cil acessar informa\u00e7\u00f5es essenciais em situa\u00e7\u00f5es de emerg\u00eancia.<\/p>\n\n\n\n<figure class=\"wp-block-image size-full\"><a href=\"https:\/\/crachaidentificame.com.br\/\" target=\"_blank\" rel=\"noopener\"><img decoding=\"async\" width=\"1024\" height=\"1024\" src=\"https:\/\/dogtagclan.com.br\/blog\/wp-content\/uploads\/2025\/12\/SUDRO-E-MUDO-rosa.jpg\" alt=\"Crach\u00e1 de Identifica\u00e7\u00e3o para Defici\u00eancia Auditiva na cor rosa, personalizado com foto, nome, CID e QR Code, modelo IdentificaME.\" class=\"wp-image-5237\" srcset=\"https:\/\/dogtagclan.com.br\/blog\/wp-content\/uploads\/2025\/12\/SUDRO-E-MUDO-rosa.jpg 1024w, https:\/\/dogtagclan.com.br\/blog\/wp-content\/uploads\/2025\/12\/SUDRO-E-MUDO-rosa-300x300.jpg 300w, https:\/\/dogtagclan.com.br\/blog\/wp-content\/uploads\/2025\/12\/SUDRO-E-MUDO-rosa-150x150.jpg 150w, https:\/\/dogtagclan.com.br\/blog\/wp-content\/uploads\/2025\/12\/SUDRO-E-MUDO-rosa-768x768.jpg 768w, https:\/\/dogtagclan.com.br\/blog\/wp-content\/uploads\/2025\/12\/SUDRO-E-MUDO-rosa-96x96.jpg 96w\" sizes=\"(max-width: 1024px) 100vw, 1024px\" \/><\/a><figcaption class=\"wp-element-caption\">Crach\u00e1 rosa para pessoas com defici\u00eancia auditiva, com foto, nome, CID e QR Code opcional.<\/figcaption><\/figure>\n\n\n\n<hr class=\"wp-block-separator has-alpha-channel-opacity\"\/>\n\n\n\n<h1 class=\"wp-block-heading\" id=\"h-o-que-o-crach-para-defici-ncia-auditiva\">\ud83d\udfe6 O que \u00e9 o Crach\u00e1 para Defici\u00eancia Auditiva?<\/h1>\n\n\n\n<p>\u00c9 um crach\u00e1 personalizado contendo:<\/p>\n\n\n\n<p>\u2714 <strong>Foto do usu\u00e1rio<\/strong><br>\u2714 <strong>Nome completo<\/strong><br>\u2714 <strong>CID (opcional)<\/strong><br>\u2714 <strong>Telefone de emerg\u00eancia<\/strong><br>\u2714 <strong>Informa\u00e7\u00f5es m\u00e9dicas relevantes<\/strong><br>\u2714 <strong>Pictograma da surdez (s\u00edmbolo internacional)<\/strong><br>\u2714 <strong>QR Code opcional para laudo m\u00e9dico e dados atualizados<\/strong><br>\u2714 <strong>Cord\u00e3o de acessibilidade (girassol)<\/strong> ou outro modelo escolhido<\/p>\n\n\n\n<p>Esse crach\u00e1 facilita a identifica\u00e7\u00e3o imediata, mesmo quando a defici\u00eancia n\u00e3o \u00e9 percebida \u00e0 primeira vista \u2014 algo muito comum na defici\u00eancia auditiva.<\/p>\n\n\n\n<hr class=\"wp-block-separator has-alpha-channel-opacity\"\/>\n\n\n\n<h1 class=\"wp-block-heading\" id=\"h-benef-cios-de-usar-o-crach-para-defici-ncia-auditiva-sge-otimizado\">\ud83d\udfe6 Benef\u00edcios de usar o Crach\u00e1 para Defici\u00eancia Auditiva (SGE otimizado)<\/h1>\n\n\n\n<p>A IA do Google j\u00e1 destaca tr\u00eas pontos-chave sobre identifica\u00e7\u00e3o para PCDs:<\/p>\n\n\n\n<ol>\n<li><strong>Rapidez na comunica\u00e7\u00e3o em emerg\u00eancias<\/strong><\/li>\n\n\n\n<li><strong>Verifica\u00e7\u00e3o segura com QR Code<\/strong><\/li>\n\n\n\n<li><strong>Empatia e atendimento preferencial<\/strong><\/li>\n<\/ol>\n\n\n\n<p>Por isso, o crach\u00e1 IdentificaME inclui exatamente esses recursos.<\/p>\n\n\n\n<h3 class=\"wp-block-heading\" id=\"h-1-comunica-o-clara-e-imediata\">\ud83d\udc49 1. Comunica\u00e7\u00e3o clara e imediata<\/h3>\n\n\n\n<p>Ao visualizar o crach\u00e1, qualquer pessoa \u2014 atendente, funcion\u00e1rio, seguran\u00e7a, motorista, professor \u2014 compreende imediatamente que a comunica\u00e7\u00e3o deve ser adaptada.<\/p>\n\n\n\n<h3 class=\"wp-block-heading\" id=\"h-2-seguran-a-em-situa-es-de-emerg-ncia\">\ud83d\udc49 2. Seguran\u00e7a em situa\u00e7\u00f5es de emerg\u00eancia<\/h3>\n\n\n\n<p>Com o <strong>QR Code Inteligente\u2122<\/strong>, \u00e9 poss\u00edvel acessar:<\/p>\n\n\n\n<ul>\n<li>laudo digital<\/li>\n\n\n\n<li>contatos familiares<\/li>\n\n\n\n<li>recomenda\u00e7\u00f5es m\u00e9dicas<\/li>\n\n\n\n<li>observa\u00e7\u00f5es importantes<\/li>\n<\/ul>\n\n\n\n<p>Sem necessidade de aplicativos.<\/p>\n\n\n\n<h3 class=\"wp-block-heading\" id=\"h-3-maior-inclus-o-e-respeito\">\ud83d\udc49 3. Maior inclus\u00e3o e respeito<\/h3>\n\n\n\n<p>O crach\u00e1 reduz constrangimentos, evita mal-entendidos e promove acessibilidade real.<\/p>\n\n\n\n<h3 class=\"wp-block-heading\" id=\"h-4-autonomia-para-o-usu-rio\">\ud83d\udc49 4. Autonomia para o usu\u00e1rio<\/h3>\n\n\n\n<p>Ele n\u00e3o precisa explicar verbalmente sua condi\u00e7\u00e3o \u2014 o crach\u00e1 fala por ele.<\/p>\n\n\n\n<hr class=\"wp-block-separator has-alpha-channel-opacity\"\/>\n\n\n\n<h1 class=\"wp-block-heading\" id=\"h-tipos-de-crach-e-s-mbolos-de-apoio\">\ud83d\udfe6 Tipos de Crach\u00e1 e S\u00edmbolos de Apoio<\/h1>\n\n\n\n<p>A IA do Google destaca tr\u00eas formatos de identifica\u00e7\u00e3o para pessoas com defici\u00eancia auditiva. O IdentificaME trabalha com todos eles:<\/p>\n\n\n\n<h3 class=\"wp-block-heading\" id=\"h-crach-personalizado-completo\">\u2714 <strong>Crach\u00e1 Personalizado Completo<\/strong><\/h3>\n\n\n\n<p>Com foto, nome, CID e dados essenciais.<br>Ideal para uso di\u00e1rio.<\/p>\n\n\n\n<h3 class=\"wp-block-heading\" id=\"h-s-mbolo-internacional-de-surdez-pictograma\">\u2714 <strong>S\u00edmbolo Internacional de Surdez (pictograma)<\/strong><\/h3>\n\n\n\n<p>Usado em muitos munic\u00edpios como identifica\u00e7\u00e3o visual oficial.<\/p>\n\n\n\n<h3 class=\"wp-block-heading\" id=\"h-cord-o-girassol-opcional\">\u2714 <strong>Cord\u00e3o Girassol (opcional)<\/strong><\/h3>\n\n\n\n<p>Sinal reconhecido nacionalmente para defici\u00eancias ocultas \u2014 inclusive a defici\u00eancia auditiva quando n\u00e3o percept\u00edvel.<\/p>\n\n\n\n<hr class=\"wp-block-separator has-alpha-channel-opacity\"\/>\n\n\n\n<h1 class=\"wp-block-heading\" id=\"h-como-funciona-o-qr-code-inteligente-no-crach\">\ud83d\udfe6 Como Funciona o QR Code Inteligente\u2122 no Crach\u00e1<\/h1>\n\n\n\n<p>Um recurso adicional e opcional, perfeito para quem deseja m\u00e1xima seguran\u00e7a.<\/p>\n\n\n\n<p>O QR Code pode abrir:<\/p>\n\n\n\n<ul>\n<li>laudo m\u00e9dico<\/li>\n\n\n\n<li>declara\u00e7\u00e3o escolar<\/li>\n\n\n\n<li>documento PDF<\/li>\n\n\n\n<li>ficha de sa\u00fade<\/li>\n\n\n\n<li>informa\u00e7\u00f5es de emerg\u00eancia<\/li>\n<\/ul>\n\n\n\n<p>Tudo hospedado de forma segura, sem aplicativos.<\/p>\n\n\n\n<hr class=\"wp-block-separator has-alpha-channel-opacity\"\/>\n\n\n\n<h1 class=\"wp-block-heading\" id=\"h-quem-deve-usar-esse-crach\">\ud83d\udfe6 Quem deve usar esse crach\u00e1?<\/h1>\n\n\n\n<p>\u2714 Pessoas com surdez parcial ou total<br>\u2714 Usu\u00e1rios de aparelho auditivo<br>\u2714 Crian\u00e7as e adultos que n\u00e3o conseguem explicar sua condi\u00e7\u00e3o<br>\u2714 Pessoas que viajam, estudam ou trabalham em locais de grande circula\u00e7\u00e3o<br>\u2714 Pacientes em acompanhamento m\u00e9dico<br>\u2714 Pessoas que desejam mais autonomia e seguran\u00e7a<\/p>\n\n\n\n<hr class=\"wp-block-separator has-alpha-channel-opacity\"\/>\n\n\n\n<h1 class=\"wp-block-heading\" id=\"h-kit-completo-que-voc-recebe\">\ud83d\udfe6 Kit completo que voc\u00ea recebe<\/h1>\n\n\n\n<p>Ao comprar seu Crach\u00e1 IdentificaME, voc\u00ea recebe:<\/p>\n\n\n\n<ul>\n<li>01 crach\u00e1 personalizado com foto + nome + CID<\/li>\n\n\n\n<li>01 cord\u00e3o de acessibilidade (girassol ou outro \u00e0 escolha)<\/li>\n\n\n\n<li>01 porta-crach\u00e1 r\u00edgido<\/li>\n\n\n\n<li>QR Code Inteligente\u2122 (opcional)<\/li>\n<\/ul>\n\n\n\n<p>\ud83d\udce6 <strong>Enviamos para todo o Brasil<\/strong><\/p>\n\n\n\n<p>\ud83d\udcf2 WhatsApp oficial: <strong><a>https:\/\/wa.me\/5511916665663<\/a><\/strong> <a href=\"https:\/\/crachaidentificame.com.br\/\" target=\"_blank\" rel=\"noopener\">https:\/\/crachaidentificame.com.br\/<\/a><\/p>\n\n\n\n<hr class=\"wp-block-separator has-alpha-channel-opacity\"\/>\n\n\n\n<h1 class=\"wp-block-heading\" id=\"h-por-que-escolher-o-identificame\">\ud83d\udfe6 Por que escolher o IdentificaME?<\/h1>\n\n\n\n<ul>\n<li>Impress\u00e3o de alta defini\u00e7\u00e3o<\/li>\n\n\n\n<li>Material r\u00edgido dur\u00e1vel (0,76mm)<\/li>\n\n\n\n<li>Personaliza\u00e7\u00e3o completa<\/li>\n\n\n\n<li>Assist\u00eancia humanizada<\/li>\n\n\n\n<li>QR Code exclusivo<\/li>\n\n\n\n<li>Entrega r\u00e1pida<\/li>\n\n\n\n<li>Marca especializada em identifica\u00e7\u00e3o m\u00e9dica<\/li>\n<\/ul>\n\n\n\n<hr class=\"wp-block-separator has-alpha-channel-opacity\"\/>\n\n\n\n<h1 class=\"wp-block-heading\" id=\"h-conclus-o\">\ud83d\udfe6 Conclus\u00e3o<\/h1>\n\n\n\n<p>A defici\u00eancia auditiva, apesar de muitas vezes invis\u00edvel, demanda compreens\u00e3o, paci\u00eancia e comunica\u00e7\u00e3o adaptada.<br>E o crach\u00e1 certo faz toda a diferen\u00e7a.<\/p>\n\n\n\n<p>O <strong>Crach\u00e1 para Defici\u00eancia Auditiva IdentificaME<\/strong> oferece:<\/p>\n\n\n\n<p>\ud83d\udd39 seguran\u00e7a<br>\ud83d\udd39 acessibilidade<br>\ud83d\udd39 respeito<br>\ud83d\udd39 identifica\u00e7\u00e3o clara<br>\ud83d\udd39 informa\u00e7\u00f5es essenciais sempre \u00e0 m\u00e3o<\/p>\n\n\n\n<p>\u00c9 mais do que um crach\u00e1 \u2014<br>\u00e9 prote\u00e7\u00e3o, empatia e autonomia no dia a dia.<\/p>\n","protected":false},"excerpt":{"rendered":"<p>\ud83d\udd37 Introdu\u00e7\u00e3o: Por que a identifica\u00e7\u00e3o para pessoas com defici\u00eancia auditiva \u00e9 t\u00e3o importante? Quando uma pessoa com defici\u00eancia auditiva<\/p>\n","protected":false},"author":1,"featured_media":5237,"comment_status":"open","ping_status":"open","sticky":false,"template":"","format":"standard","meta":{"footnotes":""},"categories":[557,554],"tags":[],"yoast_head":"<!-- This site is optimized with the Yoast SEO Premium plugin v15.5 - https:\/\/yoast.com\/wordpress\/plugins\/seo\/ -->\n<title>\ud83d\udfe6 Crach\u00e1 para Defici\u00eancia Auditiva \u2013 Identifica\u00e7\u00e3o com Nome, Foto e QR Code Opcional | DogTagClan Blog<\/title>\n<meta name=\"description\" content=\"Quando uma pessoa com defici\u00eancia auditiva entra em um ambiente desconhecido \u2014 uma escola, hospital, transporte p\u00fablico, viagem, aeroporto, reparti\u00e7\u00e3o\" \/>\n<meta name=\"robots\" content=\"index, follow, max-snippet:-1, max-image-preview:large, max-video-preview:-1\" \/>\n<link rel=\"canonical\" href=\"https:\/\/dogtagclan.com.br\/blog\/\ud83d\udfe6-cracha-para-deficiencia-auditiva-identificacao-com-nome-foto-e-qr-code-opcional\/\" \/>\n<meta property=\"og:locale\" content=\"pt_BR\" \/>\n<meta property=\"og:type\" content=\"article\" \/>\n<meta property=\"og:title\" content=\"\ud83d\udfe6 Crach\u00e1 para Defici\u00eancia Auditiva \u2013 Identifica\u00e7\u00e3o com Nome, Foto e QR Code Opcional | DogTagClan Blog\" \/>\n<meta property=\"og:description\" content=\"Quando uma pessoa com defici\u00eancia auditiva entra em um ambiente desconhecido \u2014 uma escola, hospital, transporte p\u00fablico, viagem, aeroporto, reparti\u00e7\u00e3o\" \/>\n<meta property=\"og:url\" content=\"https:\/\/dogtagclan.com.br\/blog\/\ud83d\udfe6-cracha-para-deficiencia-auditiva-identificacao-com-nome-foto-e-qr-code-opcional\/\" \/>\n<meta property=\"og:site_name\" content=\"DogTagClan Blog\" \/>\n<meta property=\"article:publisher\" content=\"https:\/\/www.facebook.com\/dogtagclan\" \/>\n<meta property=\"article:author\" content=\"https:\/\/www.facebook.com\/dogtagclan\" \/>\n<meta property=\"article:published_time\" content=\"2025-12-04T13:14:53+00:00\" \/>\n<meta property=\"article:modified_time\" content=\"2025-12-04T13:14:56+00:00\" \/>\n<meta property=\"og:image\" content=\"https:\/\/dogtagclan.com.br\/blog\/wp-content\/uploads\/2025\/12\/SUDRO-E-MUDO-rosa.jpg\" \/>\n\t<meta property=\"og:image:width\" content=\"1024\" \/>\n\t<meta property=\"og:image:height\" content=\"1024\" \/>\n<meta name=\"twitter:card\" content=\"summary_large_image\" \/>\n<meta name=\"twitter:creator\" content=\"@https:\/\/x.com\/Dogtagclanclan\" \/>\n<meta name=\"twitter:label1\" content=\"Est. tempo de leitura\">\n\t<meta name=\"twitter:data1\" content=\"3 minutos\">\n<script type=\"application\/ld+json\" class=\"yoast-schema-graph\">{\"@context\":\"https:\/\/schema.org\",\"@graph\":[{\"@type\":\"Organization\",\"@id\":\"https:\/\/dogtagclan.com.br\/blog\/#organization\",\"name\":\"DogTagClan | Dog Tags, Crach\\u00e1s e Acess\\u00f3rios Personalizados\",\"url\":\"https:\/\/dogtagclan.com.br\/blog\/\",\"sameAs\":[\"https:\/\/www.facebook.com\/dogtagclan\"],\"logo\":{\"@type\":\"ImageObject\",\"@id\":\"https:\/\/dogtagclan.com.br\/blog\/#logo\",\"inLanguage\":\"pt-BR\",\"url\":\"https:\/\/dogtagclan.com.br\/blog\/wp-content\/uploads\/2023\/02\/cropped-doftagclan-logo.png\",\"width\":250,\"height\":140,\"caption\":\"DogTagClan | Dog Tags, Crach\\u00e1s e Acess\\u00f3rios Personalizados\"},\"image\":{\"@id\":\"https:\/\/dogtagclan.com.br\/blog\/#logo\"}},{\"@type\":\"WebSite\",\"@id\":\"https:\/\/dogtagclan.com.br\/blog\/#website\",\"url\":\"https:\/\/dogtagclan.com.br\/blog\/\",\"name\":\"DogTagClan Blog\",\"description\":\"A gente faz, do seu Jeito\",\"publisher\":{\"@id\":\"https:\/\/dogtagclan.com.br\/blog\/#organization\"},\"potentialAction\":[{\"@type\":\"SearchAction\",\"target\":\"https:\/\/dogtagclan.com.br\/blog\/?s={search_term_string}\",\"query-input\":\"required name=search_term_string\"}],\"inLanguage\":\"pt-BR\"},{\"@type\":\"ImageObject\",\"@id\":\"https:\/\/dogtagclan.com.br\/blog\/%f0%9f%9f%a6-cracha-para-deficiencia-auditiva-identificacao-com-nome-foto-e-qr-code-opcional\/#primaryimage\",\"inLanguage\":\"pt-BR\",\"url\":\"https:\/\/dogtagclan.com.br\/blog\/wp-content\/uploads\/2025\/12\/SUDRO-E-MUDO-rosa.jpg\",\"width\":1024,\"height\":1024,\"caption\":\"Crach\\u00e1 rosa para pessoas com defici\\u00eancia auditiva, com foto, nome, CID e QR Code opcional.\"},{\"@type\":\"WebPage\",\"@id\":\"https:\/\/dogtagclan.com.br\/blog\/%f0%9f%9f%a6-cracha-para-deficiencia-auditiva-identificacao-com-nome-foto-e-qr-code-opcional\/#webpage\",\"url\":\"https:\/\/dogtagclan.com.br\/blog\/%f0%9f%9f%a6-cracha-para-deficiencia-auditiva-identificacao-com-nome-foto-e-qr-code-opcional\/\",\"name\":\"\\ud83d\\udfe6 Crach\\u00e1 para Defici\\u00eancia Auditiva \\u2013 Identifica\\u00e7\\u00e3o com Nome, Foto e QR Code Opcional | DogTagClan Blog\",\"isPartOf\":{\"@id\":\"https:\/\/dogtagclan.com.br\/blog\/#website\"},\"primaryImageOfPage\":{\"@id\":\"https:\/\/dogtagclan.com.br\/blog\/%f0%9f%9f%a6-cracha-para-deficiencia-auditiva-identificacao-com-nome-foto-e-qr-code-opcional\/#primaryimage\"},\"datePublished\":\"2025-12-04T13:14:53+00:00\",\"dateModified\":\"2025-12-04T13:14:56+00:00\",\"description\":\"Quando uma pessoa com defici\\u00eancia auditiva entra em um ambiente desconhecido \\u2014 uma escola, hospital, transporte p\\u00fablico, viagem, aeroporto, reparti\\u00e7\\u00e3o\",\"inLanguage\":\"pt-BR\",\"potentialAction\":[{\"@type\":\"ReadAction\",\"target\":[\"https:\/\/dogtagclan.com.br\/blog\/%f0%9f%9f%a6-cracha-para-deficiencia-auditiva-identificacao-com-nome-foto-e-qr-code-opcional\/\"]}]},{\"@type\":\"Article\",\"@id\":\"https:\/\/dogtagclan.com.br\/blog\/%f0%9f%9f%a6-cracha-para-deficiencia-auditiva-identificacao-com-nome-foto-e-qr-code-opcional\/#article\",\"isPartOf\":{\"@id\":\"https:\/\/dogtagclan.com.br\/blog\/%f0%9f%9f%a6-cracha-para-deficiencia-auditiva-identificacao-com-nome-foto-e-qr-code-opcional\/#webpage\"},\"author\":{\"@id\":\"https:\/\/dogtagclan.com.br\/blog\/#\/schema\/person\/b7279d930f15e2a85c89cd3b2f1d8df5\"},\"headline\":\"\\ud83d\\udfe6 Crach\\u00e1 para Defici\\u00eancia Auditiva \\u2013 Identifica\\u00e7\\u00e3o com Nome, Foto e QR Code Opcional\",\"datePublished\":\"2025-12-04T13:14:53+00:00\",\"dateModified\":\"2025-12-04T13:14:56+00:00\",\"mainEntityOfPage\":{\"@id\":\"https:\/\/dogtagclan.com.br\/blog\/%f0%9f%9f%a6-cracha-para-deficiencia-auditiva-identificacao-com-nome-foto-e-qr-code-opcional\/#webpage\"},\"commentCount\":0,\"publisher\":{\"@id\":\"https:\/\/dogtagclan.com.br\/blog\/#organization\"},\"image\":{\"@id\":\"https:\/\/dogtagclan.com.br\/blog\/%f0%9f%9f%a6-cracha-para-deficiencia-auditiva-identificacao-com-nome-foto-e-qr-code-opcional\/#primaryimage\"},\"articleSection\":\"Crach\\u00e1 de Identifica\\u00e7\\u00e3o,Crachas e broches personalizados\",\"inLanguage\":\"pt-BR\",\"potentialAction\":[{\"@type\":\"CommentAction\",\"name\":\"Comment\",\"target\":[\"https:\/\/dogtagclan.com.br\/blog\/%f0%9f%9f%a6-cracha-para-deficiencia-auditiva-identificacao-com-nome-foto-e-qr-code-opcional\/#respond\"]}]},{\"@type\":\"Person\",\"@id\":\"https:\/\/dogtagclan.com.br\/blog\/#\/schema\/person\/b7279d930f15e2a85c89cd3b2f1d8df5\",\"name\":\"dogtagclan\",\"description\":\"\\\"A DogTagClan \\u00e9 especializada na fabrica\\u00e7\\u00e3o e personaliza\\u00e7\\u00e3o de Dog Tags, crach\\u00e1s e acess\\u00f3rios. Produzimos pe\\u00e7as em a\\u00e7o inoxid\\u00e1vel com grava\\u00e7\\u00f5es de alta precis\\u00e3o para identifica\\u00e7\\u00e3o pessoal e profissional.\\\"\",\"sameAs\":[\"https:\/\/blog.dogtagclan.com.br\",\"https:\/\/www.facebook.com\/dogtagclan\",\"https:\/\/www.instagram.com\/dogtagclan\",\"https:\/\/twitter.com\/https:\/\/x.com\/Dogtagclanclan\",\"https:\/\/www.youtube.com\/dogtagclan\"]}]}<\/script>\n<!-- \/ Yoast SEO Premium plugin. -->","_links":{"self":[{"href":"https:\/\/dogtagclan.com.br\/blog\/wp-json\/wp\/v2\/posts\/5236"}],"collection":[{"href":"https:\/\/dogtagclan.com.br\/blog\/wp-json\/wp\/v2\/posts"}],"about":[{"href":"https:\/\/dogtagclan.com.br\/blog\/wp-json\/wp\/v2\/types\/post"}],"author":[{"embeddable":true,"href":"https:\/\/dogtagclan.com.br\/blog\/wp-json\/wp\/v2\/users\/1"}],"replies":[{"embeddable":true,"href":"https:\/\/dogtagclan.com.br\/blog\/wp-json\/wp\/v2\/comments?post=5236"}],"version-history":[{"count":1,"href":"https:\/\/dogtagclan.com.br\/blog\/wp-json\/wp\/v2\/posts\/5236\/revisions"}],"predecessor-version":[{"id":5238,"href":"https:\/\/dogtagclan.com.br\/blog\/wp-json\/wp\/v2\/posts\/5236\/revisions\/5238"}],"wp:featuredmedia":[{"embeddable":true,"href":"https:\/\/dogtagclan.com.br\/blog\/wp-json\/wp\/v2\/media\/5237"}],"wp:attachment":[{"href":"https:\/\/dogtagclan.com.br\/blog\/wp-json\/wp\/v2\/media?parent=5236"}],"wp:term":[{"taxonomy":"category","embeddable":true,"href":"https:\/\/dogtagclan.com.br\/blog\/wp-json\/wp\/v2\/categories?post=5236"},{"taxonomy":"post_tag","embeddable":true,"href":"https:\/\/dogtagclan.com.br\/blog\/wp-json\/wp\/v2\/tags?post=5236"}],"curies":[{"name":"wp","href":"https:\/\/api.w.org\/{rel}","templated":true}]}}