{"id":5163,"date":"2025-11-29T12:03:16","date_gmt":"2025-11-29T15:03:16","guid":{"rendered":"https:\/\/dogtagclan.com.br\/blog\/?p=5163"},"modified":"2025-11-29T12:03:17","modified_gmt":"2025-11-29T15:03:17","slug":"%f0%9f%9f%a6-cordao-dupla-face-tdah-autismo-trava-anti-sufocamento-identificacao-inclusiva-segura-e-essencial-para-o-dia-a-dia","status":"publish","type":"post","link":"https:\/\/dogtagclan.com.br\/blog\/%f0%9f%9f%a6-cordao-dupla-face-tdah-autismo-trava-anti-sufocamento-identificacao-inclusiva-segura-e-essencial-para-o-dia-a-dia\/","title":{"rendered":"\ud83d\udfe6 Cord\u00e3o Dupla Face TDAH + Autismo \u2013 Trava Anti-Sufocamento: Identifica\u00e7\u00e3o Inclusiva, Segura e Essencial Para o Dia a Dia"},"content":{"rendered":"\n<p>A identifica\u00e7\u00e3o correta pode transformar a rotina de uma pessoa com TDAH ou Autismo.<br>O <strong>Cord\u00e3o Dupla Face TDAH + Autismo \u2013 Trava Anti-Sufocamento<\/strong> foi criado pensando exatamente nisso: oferecer visibilidade, acolhimento e seguran\u00e7a para quem faz parte da <strong>neurodiversidade<\/strong>.<\/p>\n\n\n\n<p>Ele combina dois s\u00edmbolos extremamente reconhecidos em todo o pa\u00eds:<\/p>\n\n\n\n<p>\ud83d\udfe0 <strong>TDAH<\/strong> \u2013 representado pelas cores vibrantes e padr\u00e3o visual associado \u00e0 aten\u00e7\u00e3o, hiperatividade e impulsividade.<br>\ud83d\udd35 <strong>Autismo (Quebra-Cabe\u00e7a)<\/strong> \u2013 s\u00edmbolo mundialmente usado para representar a pluralidade, diversidade e comunica\u00e7\u00e3o dentro do espectro autista.<\/p>\n\n\n\n<p>Essa uni\u00e3o refor\u00e7a uma mensagem importante:<br><strong>\u201cEu posso precisar de compreens\u00e3o, apoio ou adapta\u00e7\u00e3o do ambiente.\u201d<\/strong><\/p>\n\n\n\n<figure class=\"wp-block-image size-full\"><img decoding=\"async\" width=\"500\" height=\"500\" src=\"https:\/\/dogtagclan.com.br\/blog\/wp-content\/uploads\/2025\/11\/Cordao-Dupla-Face-TDAH-Autismo-\u2013-Trava-Anti-Sufocamento.jpg\" alt=\"Cord\u00e3o Dupla Face TDAH e Autismo com Trava Anti-Sufocamento para Identifica\u00e7\u00e3o Inclusiva\" class=\"wp-image-5164\" srcset=\"https:\/\/dogtagclan.com.br\/blog\/wp-content\/uploads\/2025\/11\/Cordao-Dupla-Face-TDAH-Autismo-\u2013-Trava-Anti-Sufocamento.jpg 500w, https:\/\/dogtagclan.com.br\/blog\/wp-content\/uploads\/2025\/11\/Cordao-Dupla-Face-TDAH-Autismo-\u2013-Trava-Anti-Sufocamento-300x300.jpg 300w, https:\/\/dogtagclan.com.br\/blog\/wp-content\/uploads\/2025\/11\/Cordao-Dupla-Face-TDAH-Autismo-\u2013-Trava-Anti-Sufocamento-150x150.jpg 150w, https:\/\/dogtagclan.com.br\/blog\/wp-content\/uploads\/2025\/11\/Cordao-Dupla-Face-TDAH-Autismo-\u2013-Trava-Anti-Sufocamento-96x96.jpg 96w\" sizes=\"(max-width: 500px) 100vw, 500px\" \/><figcaption class=\"wp-element-caption\">Cord\u00e3o dupla face com s\u00edmbolos do TDAH e Autismo, ideal para identifica\u00e7\u00e3o segura no dia a dia.<\/figcaption><\/figure>\n\n\n\n<hr class=\"wp-block-separator has-alpha-channel-opacity\"\/>\n\n\n\n<h1 class=\"wp-block-heading\" id=\"h-por-que-o-cord-o-tdah-autismo-t-o-importante\">\ud83d\udfe7 <strong>Por Que o Cord\u00e3o TDAH + Autismo \u00c9 T\u00e3o Importante?<\/strong><\/h1>\n\n\n\n<p>Muitas pessoas que convivem com TDAH ou Autismo enfrentam desafios di\u00e1rios, como:<\/p>\n\n\n\n<ul>\n<li>sobrecarga sensorial<\/li>\n\n\n\n<li>crises repentinas<\/li>\n\n\n\n<li>dificuldade em filas<\/li>\n\n\n\n<li>julgamentos precipitados<\/li>\n\n\n\n<li>falta de paci\u00eancia do ambiente<\/li>\n\n\n\n<li>dificuldades de comunica\u00e7\u00e3o<\/li>\n<\/ul>\n\n\n\n<p>O cord\u00e3o funciona como um <strong>sinal universal de respeito e acolhimento<\/strong>, facilitando o entendimento em todos os lugares.<\/p>\n\n\n\n<p>Ele n\u00e3o exp\u00f5e, n\u00e3o estigmatiza e n\u00e3o rotula \u2014<br><strong>apenas comunica que a pessoa pode precisar de apoio.<\/strong><\/p>\n\n\n\n<hr class=\"wp-block-separator has-alpha-channel-opacity\"\/>\n\n\n\n<h1 class=\"wp-block-heading\" id=\"h-dupla-face-tdah-de-um-lado-autismo-do-outro\">\ud83d\udfe8 <strong>Dupla Face: TDAH de Um Lado, Autismo do Outro<\/strong><\/h1>\n\n\n\n<p>A estampa <strong>dupla face<\/strong> foi pensada para garantir visibilidade total.<\/p>\n\n\n\n<p>Mesmo que o cord\u00e3o gire, ambos os s\u00edmbolos permanecem aparentes.<br>Isso torna o acess\u00f3rio extremamente \u00fatil em:<\/p>\n\n\n\n<ul>\n<li>escolas<\/li>\n\n\n\n<li>shoppings<\/li>\n\n\n\n<li>transporte p\u00fablico<\/li>\n\n\n\n<li>parques<\/li>\n\n\n\n<li>cl\u00ednicas<\/li>\n\n\n\n<li>aeroportos<\/li>\n\n\n\n<li>eventos<\/li>\n\n\n\n<li>ambientes com grande circula\u00e7\u00e3o<\/li>\n<\/ul>\n\n\n\n<p>\u00c9 identifica\u00e7\u00e3o constante \u2014 sem necessidade de explicar nada verbalmente.<\/p>\n\n\n\n<hr class=\"wp-block-separator has-alpha-channel-opacity\"\/>\n\n\n\n<h1 class=\"wp-block-heading\" id=\"h-trava-anti-sufocamento-seguran-a-que-faz-diferen-a\">\ud83d\udfe9 <strong>Trava Anti-Sufocamento: Seguran\u00e7a Que Faz Diferen\u00e7a<\/strong><\/h1>\n\n\n\n<p>O cord\u00e3o possui <strong>trava anti-sufocamento<\/strong>, que abre automaticamente em caso de tra\u00e7\u00e3o forte.<\/p>\n\n\n\n<p>Um recurso essencial para:<\/p>\n\n\n\n<ul>\n<li>crian\u00e7as<\/li>\n\n\n\n<li>adolescentes agitados<\/li>\n\n\n\n<li>pessoas com sensibilidade t\u00e1til<\/li>\n\n\n\n<li>alunos que puxam o cord\u00e3o involuntariamente<\/li>\n\n\n\n<li>situa\u00e7\u00f5es de risco ou enrosco<\/li>\n<\/ul>\n\n\n\n<p>Seguran\u00e7a vem sempre em primeiro lugar.<br>Identifica\u00e7\u00e3o s\u00f3 funciona se for <strong>segura<\/strong>.<\/p>\n\n\n\n<hr class=\"wp-block-separator has-alpha-channel-opacity\"\/>\n\n\n\n<h1 class=\"wp-block-heading\" id=\"h-para-quem-indicado\">\ud83d\udfe6 <strong>Para Quem \u00c9 Indicado?<\/strong><\/h1>\n\n\n\n<p>O cord\u00e3o \u00e9 ideal para:<\/p>\n\n\n\n<ul>\n<li>Crian\u00e7as, jovens e adultos com TDAH<\/li>\n\n\n\n<li>Pessoas com Autismo (TEA)<\/li>\n\n\n\n<li>Usu\u00e1rios com TOD, Dislexia ou outras condi\u00e7\u00f5es neurodivergentes<\/li>\n\n\n\n<li>Ambientes escolares<\/li>\n\n\n\n<li>Uso em transporte p\u00fablico e viagens<\/li>\n\n\n\n<li>Consultas m\u00e9dicas e terapias<\/li>\n\n\n\n<li>Escolas, cuidadores, professores e respons\u00e1veis<\/li>\n\n\n\n<li>Fam\u00edlias que desejam identifica\u00e7\u00e3o discreta e respeitosa<\/li>\n<\/ul>\n\n\n\n<hr class=\"wp-block-separator has-alpha-channel-opacity\"\/>\n\n\n\n<h1 class=\"wp-block-heading\" id=\"h-benef-cios-do-cord-o-tdah-autismo\">\ud83d\udfe7 <strong>Benef\u00edcios do Cord\u00e3o TDAH + Autismo<\/strong><\/h1>\n\n\n\n<ul>\n<li>\u2714 Estampa dupla face extremamente vis\u00edvel<\/li>\n\n\n\n<li>\u2714 S\u00edmbolos amplamente reconhecidos<\/li>\n\n\n\n<li>\u2714 Trava anti-sufocamento<\/li>\n\n\n\n<li>\u2714 Material confort\u00e1vel e dur\u00e1vel<\/li>\n\n\n\n<li>\u2714 Ideal para ambientes escolares e p\u00fablicos<\/li>\n\n\n\n<li>\u2714 Ajuda a evitar julgamentos e constrangimentos<\/li>\n\n\n\n<li>\u2714 Compat\u00edvel com crach\u00e1s com QR Code<\/li>\n\n\n\n<li>\u2714 Indispens\u00e1vel para rotinas agitadas<\/li>\n<\/ul>\n\n\n\n<hr class=\"wp-block-separator has-alpha-channel-opacity\"\/>\n\n\n\n<h1 class=\"wp-block-heading\" id=\"h-e-se-eu-precisar-de-identifica-o-completa\">\ud83d\udfe6 <strong>E Se Eu Precisar de Identifica\u00e7\u00e3o Completa?<\/strong><\/h1>\n\n\n\n<p>No site <strong>Crach\u00e1 IdentificaME<\/strong>, voc\u00ea encontra o <strong>Crach\u00e1 com QR Code Inteligente\u2122<\/strong>, que \u00e9 o complemento ideal do cord\u00e3o.<\/p>\n\n\n\n<p>Com ele, \u00e9 poss\u00edvel adicionar:<\/p>\n\n\n\n<ul>\n<li>nome<\/li>\n\n\n\n<li>foto<\/li>\n\n\n\n<li>dados m\u00e9dicos<\/li>\n\n\n\n<li>contatos de emerg\u00eancia<\/li>\n\n\n\n<li>laudo<\/li>\n\n\n\n<li>informa\u00e7\u00f5es essenciais para situa\u00e7\u00f5es cr\u00edticas<\/li>\n<\/ul>\n\n\n\n<p>O QR Code Inteligente\u2122 abre instantaneamente no celular de quem escanea, facilitando ajuda r\u00e1pida quando importa.<\/p>\n\n\n\n<p>\ud83d\udc49 Site: <strong><a href=\"https:\/\/crachaidentificame.com.br\/\" target=\"_blank\" rel=\"noopener\">https:\/\/crachaidentificame.com.br\/<\/a><\/strong><br>\ud83d\udc49 WhatsApp oficial: <strong><a>https:\/\/wa.me\/5511916665663<\/a><\/strong><\/p>\n\n\n\n<p>Cord\u00e3o + Crach\u00e1 = <strong>Prote\u00e7\u00e3o completa e moderna.<\/strong><\/p>\n\n\n\n<hr class=\"wp-block-separator has-alpha-channel-opacity\"\/>\n\n\n\n<h1 class=\"wp-block-heading\" id=\"h-quando-usar-o-cord-o\">\ud83d\udfe9 <strong>Quando Usar o Cord\u00e3o?<\/strong><\/h1>\n\n\n\n<p>Todos os dias.<br>Em qualquer ambiente onde a pessoa possa:<\/p>\n\n\n\n<ul>\n<li>se sentir sobrecarregada<\/li>\n\n\n\n<li>enfrentar crises<\/li>\n\n\n\n<li>precisar de atendimento diferenciado<\/li>\n\n\n\n<li>n\u00e3o conseguir explicar o que est\u00e1 sentindo<\/li>\n\n\n\n<li>estar mais vulner\u00e1vel<\/li>\n<\/ul>\n\n\n\n<p>A identifica\u00e7\u00e3o previne desconfortos e oferece acolhimento imediato.<\/p>\n\n\n\n<hr class=\"wp-block-separator has-alpha-channel-opacity\"\/>\n\n\n\n<h1 class=\"wp-block-heading\" id=\"h-conclus-o-um-cord-o-que-representa-seguran-a-acolhimento-e-respeito\">\ud83d\udfe6 <strong>Conclus\u00e3o: Um Cord\u00e3o Que Representa Seguran\u00e7a, Acolhimento e Respeito<\/strong><\/h1>\n\n\n\n<p>O <strong>Cord\u00e3o Dupla Face TDAH + Autismo \u2013 Trava Anti-Sufocamento<\/strong> n\u00e3o \u00e9 apenas um acess\u00f3rio.<br>\u00c9 um s\u00edmbolo de cuidado.<\/p>\n\n\n\n<p>Ele comunica:<\/p>\n\n\n\n<p>\ud83d\udc9b Paci\u00eancia<br>\ud83d\udc99 Compreens\u00e3o<br>\ud83d\udfe0 Inclus\u00e3o<br>\ud83d\udd35 Respeito<br>\ud83d\udc9a Seguran\u00e7a<\/p>\n\n\n\n<p>E quando combinado com o <strong>Crach\u00e1 IdentificaME com QR Code Inteligente\u2122<\/strong>, oferece uma identifica\u00e7\u00e3o completa, moderna e funcional.<\/p>\n\n\n\n<p>\ud83d\udccc <strong>Compre no site oficial:<\/strong><br>\ud83d\udc49 <a href=\"https:\/\/crachaidentificame.com.br\/\" target=\"_blank\" rel=\"noopener\">https:\/\/crachaidentificame.com.br\/<\/a><\/p>\n\n\n\n<p>\ud83d\udccc <strong>Fale no WhatsApp:<\/strong><br>\ud83d\udc49 <a>https:\/\/wa.me\/5511916665663<\/a><\/p>\n","protected":false},"excerpt":{"rendered":"<p>A identifica\u00e7\u00e3o correta pode transformar a rotina de uma pessoa com TDAH ou Autismo.O Cord\u00e3o Dupla Face TDAH + Autismo<\/p>\n","protected":false},"author":1,"featured_media":5164,"comment_status":"open","ping_status":"open","sticky":false,"template":"","format":"standard","meta":{"footnotes":""},"categories":[722,557],"tags":[],"yoast_head":"<!-- This site is optimized with the Yoast SEO Premium plugin v15.5 - https:\/\/yoast.com\/wordpress\/plugins\/seo\/ -->\n<title>\ud83d\udfe6 Cord\u00e3o Dupla Face TDAH + Autismo \u2013 Trava Anti-Sufocamento: Identifica\u00e7\u00e3o Inclusiva, Segura e Essencial Para o Dia a Dia | DogTagClan Blog<\/title>\n<meta name=\"description\" content=\"A identifica\u00e7\u00e3o correta pode transformar a rotina de uma pessoa com TDAH ou Autismo.\" \/>\n<meta name=\"robots\" content=\"index, follow, max-snippet:-1, max-image-preview:large, max-video-preview:-1\" \/>\n<link rel=\"canonical\" href=\"https:\/\/dogtagclan.com.br\/blog\/\ud83d\udfe6-cordao-dupla-face-tdah-autismo-trava-anti-sufocamento-identificacao-inclusiva-segura-e-essencial-para-o-dia-a-dia\/\" \/>\n<meta property=\"og:locale\" content=\"pt_BR\" \/>\n<meta property=\"og:type\" content=\"article\" \/>\n<meta property=\"og:title\" content=\"\ud83d\udfe6 Cord\u00e3o Dupla Face TDAH + Autismo \u2013 Trava Anti-Sufocamento: Identifica\u00e7\u00e3o Inclusiva, Segura e Essencial Para o Dia a Dia | DogTagClan Blog\" \/>\n<meta property=\"og:description\" content=\"A identifica\u00e7\u00e3o correta pode transformar a rotina de uma pessoa com TDAH ou Autismo.\" \/>\n<meta property=\"og:url\" content=\"https:\/\/dogtagclan.com.br\/blog\/\ud83d\udfe6-cordao-dupla-face-tdah-autismo-trava-anti-sufocamento-identificacao-inclusiva-segura-e-essencial-para-o-dia-a-dia\/\" \/>\n<meta property=\"og:site_name\" content=\"DogTagClan Blog\" \/>\n<meta property=\"article:publisher\" content=\"https:\/\/www.facebook.com\/dogtagclan\" \/>\n<meta property=\"article:author\" content=\"https:\/\/www.facebook.com\/dogtagclan\" \/>\n<meta property=\"article:published_time\" content=\"2025-11-29T15:03:16+00:00\" \/>\n<meta property=\"article:modified_time\" content=\"2025-11-29T15:03:17+00:00\" \/>\n<meta property=\"og:image\" content=\"https:\/\/dogtagclan.com.br\/blog\/wp-content\/uploads\/2025\/11\/Cordao-Dupla-Face-TDAH-Autismo-\u2013-Trava-Anti-Sufocamento.jpg\" \/>\n\t<meta property=\"og:image:width\" content=\"500\" \/>\n\t<meta property=\"og:image:height\" content=\"500\" \/>\n<meta name=\"twitter:card\" content=\"summary_large_image\" \/>\n<meta name=\"twitter:creator\" content=\"@https:\/\/x.com\/Dogtagclanclan\" \/>\n<meta name=\"twitter:label1\" content=\"Est. tempo de leitura\">\n\t<meta name=\"twitter:data1\" content=\"3 minutos\">\n<script type=\"application\/ld+json\" class=\"yoast-schema-graph\">{\"@context\":\"https:\/\/schema.org\",\"@graph\":[{\"@type\":\"Organization\",\"@id\":\"https:\/\/dogtagclan.com.br\/blog\/#organization\",\"name\":\"DogTagClan | Dog Tags, Crach\\u00e1s e Acess\\u00f3rios Personalizados\",\"url\":\"https:\/\/dogtagclan.com.br\/blog\/\",\"sameAs\":[\"https:\/\/www.facebook.com\/dogtagclan\"],\"logo\":{\"@type\":\"ImageObject\",\"@id\":\"https:\/\/dogtagclan.com.br\/blog\/#logo\",\"inLanguage\":\"pt-BR\",\"url\":\"https:\/\/dogtagclan.com.br\/blog\/wp-content\/uploads\/2023\/02\/cropped-doftagclan-logo.png\",\"width\":250,\"height\":140,\"caption\":\"DogTagClan | Dog Tags, Crach\\u00e1s e Acess\\u00f3rios Personalizados\"},\"image\":{\"@id\":\"https:\/\/dogtagclan.com.br\/blog\/#logo\"}},{\"@type\":\"WebSite\",\"@id\":\"https:\/\/dogtagclan.com.br\/blog\/#website\",\"url\":\"https:\/\/dogtagclan.com.br\/blog\/\",\"name\":\"DogTagClan Blog\",\"description\":\"A gente faz, do seu Jeito\",\"publisher\":{\"@id\":\"https:\/\/dogtagclan.com.br\/blog\/#organization\"},\"potentialAction\":[{\"@type\":\"SearchAction\",\"target\":\"https:\/\/dogtagclan.com.br\/blog\/?s={search_term_string}\",\"query-input\":\"required name=search_term_string\"}],\"inLanguage\":\"pt-BR\"},{\"@type\":\"ImageObject\",\"@id\":\"https:\/\/dogtagclan.com.br\/blog\/%f0%9f%9f%a6-cordao-dupla-face-tdah-autismo-trava-anti-sufocamento-identificacao-inclusiva-segura-e-essencial-para-o-dia-a-dia\/#primaryimage\",\"inLanguage\":\"pt-BR\",\"url\":\"https:\/\/dogtagclan.com.br\/blog\/wp-content\/uploads\/2025\/11\/Cordao-Dupla-Face-TDAH-Autismo-\\u2013-Trava-Anti-Sufocamento.jpg\",\"width\":500,\"height\":500,\"caption\":\"Cord\\u00e3o dupla face com s\\u00edmbolos do TDAH e Autismo, ideal para identifica\\u00e7\\u00e3o segura no dia a dia.\"},{\"@type\":\"WebPage\",\"@id\":\"https:\/\/dogtagclan.com.br\/blog\/%f0%9f%9f%a6-cordao-dupla-face-tdah-autismo-trava-anti-sufocamento-identificacao-inclusiva-segura-e-essencial-para-o-dia-a-dia\/#webpage\",\"url\":\"https:\/\/dogtagclan.com.br\/blog\/%f0%9f%9f%a6-cordao-dupla-face-tdah-autismo-trava-anti-sufocamento-identificacao-inclusiva-segura-e-essencial-para-o-dia-a-dia\/\",\"name\":\"\\ud83d\\udfe6 Cord\\u00e3o Dupla Face TDAH + Autismo \\u2013 Trava Anti-Sufocamento: Identifica\\u00e7\\u00e3o Inclusiva, Segura e Essencial Para o Dia a Dia | DogTagClan Blog\",\"isPartOf\":{\"@id\":\"https:\/\/dogtagclan.com.br\/blog\/#website\"},\"primaryImageOfPage\":{\"@id\":\"https:\/\/dogtagclan.com.br\/blog\/%f0%9f%9f%a6-cordao-dupla-face-tdah-autismo-trava-anti-sufocamento-identificacao-inclusiva-segura-e-essencial-para-o-dia-a-dia\/#primaryimage\"},\"datePublished\":\"2025-11-29T15:03:16+00:00\",\"dateModified\":\"2025-11-29T15:03:17+00:00\",\"description\":\"A identifica\\u00e7\\u00e3o correta pode transformar a rotina de uma pessoa com TDAH ou Autismo.\",\"inLanguage\":\"pt-BR\",\"potentialAction\":[{\"@type\":\"ReadAction\",\"target\":[\"https:\/\/dogtagclan.com.br\/blog\/%f0%9f%9f%a6-cordao-dupla-face-tdah-autismo-trava-anti-sufocamento-identificacao-inclusiva-segura-e-essencial-para-o-dia-a-dia\/\"]}]},{\"@type\":\"Article\",\"@id\":\"https:\/\/dogtagclan.com.br\/blog\/%f0%9f%9f%a6-cordao-dupla-face-tdah-autismo-trava-anti-sufocamento-identificacao-inclusiva-segura-e-essencial-para-o-dia-a-dia\/#article\",\"isPartOf\":{\"@id\":\"https:\/\/dogtagclan.com.br\/blog\/%f0%9f%9f%a6-cordao-dupla-face-tdah-autismo-trava-anti-sufocamento-identificacao-inclusiva-segura-e-essencial-para-o-dia-a-dia\/#webpage\"},\"author\":{\"@id\":\"https:\/\/dogtagclan.com.br\/blog\/#\/schema\/person\/b7279d930f15e2a85c89cd3b2f1d8df5\"},\"headline\":\"\\ud83d\\udfe6 Cord\\u00e3o Dupla Face TDAH + Autismo \\u2013 Trava Anti-Sufocamento: Identifica\\u00e7\\u00e3o Inclusiva, Segura e Essencial Para o Dia a Dia\",\"datePublished\":\"2025-11-29T15:03:16+00:00\",\"dateModified\":\"2025-11-29T15:03:17+00:00\",\"mainEntityOfPage\":{\"@id\":\"https:\/\/dogtagclan.com.br\/blog\/%f0%9f%9f%a6-cordao-dupla-face-tdah-autismo-trava-anti-sufocamento-identificacao-inclusiva-segura-e-essencial-para-o-dia-a-dia\/#webpage\"},\"commentCount\":0,\"publisher\":{\"@id\":\"https:\/\/dogtagclan.com.br\/blog\/#organization\"},\"image\":{\"@id\":\"https:\/\/dogtagclan.com.br\/blog\/%f0%9f%9f%a6-cordao-dupla-face-tdah-autismo-trava-anti-sufocamento-identificacao-inclusiva-segura-e-essencial-para-o-dia-a-dia\/#primaryimage\"},\"articleSection\":\"Correntes de Bolinha e Acess\\u00f3rios,Crach\\u00e1 de Identifica\\u00e7\\u00e3o\",\"inLanguage\":\"pt-BR\",\"potentialAction\":[{\"@type\":\"CommentAction\",\"name\":\"Comment\",\"target\":[\"https:\/\/dogtagclan.com.br\/blog\/%f0%9f%9f%a6-cordao-dupla-face-tdah-autismo-trava-anti-sufocamento-identificacao-inclusiva-segura-e-essencial-para-o-dia-a-dia\/#respond\"]}]},{\"@type\":\"Person\",\"@id\":\"https:\/\/dogtagclan.com.br\/blog\/#\/schema\/person\/b7279d930f15e2a85c89cd3b2f1d8df5\",\"name\":\"dogtagclan\",\"description\":\"\\\"A DogTagClan \\u00e9 especializada na fabrica\\u00e7\\u00e3o e personaliza\\u00e7\\u00e3o de Dog Tags, crach\\u00e1s e acess\\u00f3rios. Produzimos pe\\u00e7as em a\\u00e7o inoxid\\u00e1vel com grava\\u00e7\\u00f5es de alta precis\\u00e3o para identifica\\u00e7\\u00e3o pessoal e profissional.\\\"\",\"sameAs\":[\"https:\/\/blog.dogtagclan.com.br\",\"https:\/\/www.facebook.com\/dogtagclan\",\"https:\/\/www.instagram.com\/dogtagclan\",\"https:\/\/twitter.com\/https:\/\/x.com\/Dogtagclanclan\",\"https:\/\/www.youtube.com\/dogtagclan\"]}]}<\/script>\n<!-- \/ Yoast SEO Premium plugin. -->","_links":{"self":[{"href":"https:\/\/dogtagclan.com.br\/blog\/wp-json\/wp\/v2\/posts\/5163"}],"collection":[{"href":"https:\/\/dogtagclan.com.br\/blog\/wp-json\/wp\/v2\/posts"}],"about":[{"href":"https:\/\/dogtagclan.com.br\/blog\/wp-json\/wp\/v2\/types\/post"}],"author":[{"embeddable":true,"href":"https:\/\/dogtagclan.com.br\/blog\/wp-json\/wp\/v2\/users\/1"}],"replies":[{"embeddable":true,"href":"https:\/\/dogtagclan.com.br\/blog\/wp-json\/wp\/v2\/comments?post=5163"}],"version-history":[{"count":1,"href":"https:\/\/dogtagclan.com.br\/blog\/wp-json\/wp\/v2\/posts\/5163\/revisions"}],"predecessor-version":[{"id":5165,"href":"https:\/\/dogtagclan.com.br\/blog\/wp-json\/wp\/v2\/posts\/5163\/revisions\/5165"}],"wp:featuredmedia":[{"embeddable":true,"href":"https:\/\/dogtagclan.com.br\/blog\/wp-json\/wp\/v2\/media\/5164"}],"wp:attachment":[{"href":"https:\/\/dogtagclan.com.br\/blog\/wp-json\/wp\/v2\/media?parent=5163"}],"wp:term":[{"taxonomy":"category","embeddable":true,"href":"https:\/\/dogtagclan.com.br\/blog\/wp-json\/wp\/v2\/categories?post=5163"},{"taxonomy":"post_tag","embeddable":true,"href":"https:\/\/dogtagclan.com.br\/blog\/wp-json\/wp\/v2\/tags?post=5163"}],"curies":[{"name":"wp","href":"https:\/\/api.w.org\/{rel}","templated":true}]}}