{"id":5160,"date":"2025-11-29T11:59:41","date_gmt":"2025-11-29T14:59:41","guid":{"rendered":"https:\/\/dogtagclan.com.br\/blog\/?p=5160"},"modified":"2025-11-29T11:59:42","modified_gmt":"2025-11-29T14:59:42","slug":"%f0%9f%9f%a6-cordao-dupla-face-tdah-girassol-trava-anti-sufocamento-identificacao-inclusiva-segura-e-reconhecida-por-lei","status":"publish","type":"post","link":"https:\/\/dogtagclan.com.br\/blog\/%f0%9f%9f%a6-cordao-dupla-face-tdah-girassol-trava-anti-sufocamento-identificacao-inclusiva-segura-e-reconhecida-por-lei\/","title":{"rendered":"\ud83d\udfe6 Cord\u00e3o Dupla Face TDAH + Girassol \u2013 Trava Anti-Sufocamento: Identifica\u00e7\u00e3o Inclusiva, Segura e Reconhecida por Lei"},"content":{"rendered":"\n<p>A identifica\u00e7\u00e3o correta pode mudar completamente a forma como uma crian\u00e7a, adolescente ou adulto \u00e9 tratado em ambientes p\u00fablicos, escolares e familiares.<br>O <strong>Cord\u00e3o Dupla Face TDAH + Girassol \u2013 Trava Anti-Sufocamento<\/strong> nasce exatamente dessa necessidade: oferecer um acess\u00f3rio discreto, acolhedor e seguro para quem faz parte da <strong>neurodiversidade<\/strong> ou possui <strong>defici\u00eancias ocultas<\/strong>.<\/p>\n\n\n\n<p>Este cord\u00e3o combina, de forma clara e respeitosa, dois s\u00edmbolos amplamente reconhecidos no Brasil:<\/p>\n\n\n\n<p>\ud83d\udfe0 <strong>TDAH<\/strong> \u2013 representado por cores vibrantes associadas \u00e0 aten\u00e7\u00e3o, foco, impulsividade e neurodiversidade.<br>\ud83c\udf3b <strong>Girassol<\/strong> \u2013 s\u00edmbolo nacional das defici\u00eancias ocultas, reconhecido oficialmente pela <strong>Lei n\u00ba 14.624\/2023<\/strong>.<\/p>\n\n\n\n<p>\u00c9 inclus\u00e3o que se v\u00ea.<br>\u00c9 acolhimento que se sente.<br>\u00c9 seguran\u00e7a que acompanha.<\/p>\n\n\n\n<p>Dispon\u00edvel no site oficial:<br>\ud83d\udc49 <strong><a href=\"https:\/\/crachaidentificame.com.br\/\" target=\"_blank\" rel=\"noopener\">https:\/\/crachaidentificame.com.br\/<\/a><\/strong><br>Atendimento r\u00e1pido no WhatsApp:<br>\ud83d\udc49 <strong><a>https:\/\/wa.me\/5511916665663<\/a><\/strong><\/p>\n\n\n\n<figure class=\"wp-block-image size-full\"><img decoding=\"async\" width=\"500\" height=\"500\" src=\"https:\/\/dogtagclan.com.br\/blog\/wp-content\/uploads\/2025\/11\/Cordao-Dupla-Face-TDAH-Girassol-\u2013-Trava-Anti-Sufocamento.jpg\" alt=\"Cord\u00e3o Dupla Face TDAH e Girassol com Trava Anti-Sufocamento para Identifica\u00e7\u00e3o de Defici\u00eancias Ocultas\" class=\"wp-image-5161\" srcset=\"https:\/\/dogtagclan.com.br\/blog\/wp-content\/uploads\/2025\/11\/Cordao-Dupla-Face-TDAH-Girassol-\u2013-Trava-Anti-Sufocamento.jpg 500w, https:\/\/dogtagclan.com.br\/blog\/wp-content\/uploads\/2025\/11\/Cordao-Dupla-Face-TDAH-Girassol-\u2013-Trava-Anti-Sufocamento-300x300.jpg 300w, https:\/\/dogtagclan.com.br\/blog\/wp-content\/uploads\/2025\/11\/Cordao-Dupla-Face-TDAH-Girassol-\u2013-Trava-Anti-Sufocamento-150x150.jpg 150w, https:\/\/dogtagclan.com.br\/blog\/wp-content\/uploads\/2025\/11\/Cordao-Dupla-Face-TDAH-Girassol-\u2013-Trava-Anti-Sufocamento-96x96.jpg 96w\" sizes=\"(max-width: 500px) 100vw, 500px\" \/><figcaption class=\"wp-element-caption\">Cord\u00e3o dupla face com s\u00edmbolos do TDAH e Girassol, ideal para identifica\u00e7\u00e3o segura e inclusiva no dia a dia.<\/figcaption><\/figure>\n\n\n\n<hr class=\"wp-block-separator has-alpha-channel-opacity\"\/>\n\n\n\n<h1 class=\"wp-block-heading\" id=\"h-por-que-o-cord-o-tdah-girassol-existe\">\ud83d\udfe7 <strong>Por Que o Cord\u00e3o TDAH + Girassol Existe?<\/strong><\/h1>\n\n\n\n<p>Muitas condi\u00e7\u00f5es n\u00e3o s\u00e3o vis\u00edveis.<br>E justamente por isso, muitas pessoas enfrentam:<\/p>\n\n\n\n<ul>\n<li>julgamentos precipitados<\/li>\n\n\n\n<li>falta de paci\u00eancia<\/li>\n\n\n\n<li>constrangimentos<\/li>\n\n\n\n<li>dificuldades em filas e atendimentos<\/li>\n\n\n\n<li>desentendimentos na escola<\/li>\n\n\n\n<li>crises de ansiedade sem apoio<\/li>\n\n\n\n<li>sobrecarga sensorial em locais p\u00fablicos<\/li>\n<\/ul>\n\n\n\n<p>O cord\u00e3o existe para <strong>evitar tudo isso<\/strong>.<\/p>\n\n\n\n<p>Ele comunica, sem expor, que a pessoa pode precisar de:<\/p>\n\n\n\n<ul>\n<li>compreens\u00e3o<\/li>\n\n\n\n<li>tempo<\/li>\n\n\n\n<li>acolhimento<\/li>\n\n\n\n<li>aux\u00edlio<\/li>\n\n\n\n<li>prioridade em algumas situa\u00e7\u00f5es<\/li>\n<\/ul>\n\n\n\n<p>\u00c9 uma forma simples, sens\u00edvel e eficaz de proteger quem mais precisa.<\/p>\n\n\n\n<hr class=\"wp-block-separator has-alpha-channel-opacity\"\/>\n\n\n\n<h1 class=\"wp-block-heading\" id=\"h-tdah-girassol-uma-combina-o-necess-ria\">\ud83d\udfe8 <strong>TDAH + Girassol: Uma Combina\u00e7\u00e3o Necess\u00e1ria<\/strong><\/h1>\n\n\n\n<p>Muitas pessoas com <strong>TDAH<\/strong> tamb\u00e9m fazem parte do grupo de <strong>defici\u00eancias ocultas<\/strong>, e por isso o s\u00edmbolo do <strong>girassol<\/strong> se tornou t\u00e3o importante na identifica\u00e7\u00e3o.<\/p>\n\n\n\n<p>O girassol n\u00e3o diz \u201co que a pessoa tem\u201d.<br>Ele diz:<\/p>\n\n\n\n<p><strong>\u201cTenha paci\u00eancia. Seja gentil. Eu posso precisar de ajuda.\u201d<\/strong><\/p>\n\n\n\n<p>A combina\u00e7\u00e3o dos s\u00edmbolos aumenta a compreens\u00e3o e a aceita\u00e7\u00e3o p\u00fablica, tornando o cord\u00e3o reconhecido em:<\/p>\n\n\n\n<ul>\n<li>escolas<\/li>\n\n\n\n<li>shoppings<\/li>\n\n\n\n<li>consult\u00f3rios<\/li>\n\n\n\n<li>transporte p\u00fablico<\/li>\n\n\n\n<li>parques<\/li>\n\n\n\n<li>aeroportos<\/li>\n\n\n\n<li>cinemas<\/li>\n\n\n\n<li>espa\u00e7os sensoriais<\/li>\n\n\n\n<li>estabelecimentos privados<\/li>\n<\/ul>\n\n\n\n<p>\u00c9 identifica\u00e7\u00e3o que abre portas para o acolhimento.<\/p>\n\n\n\n<hr class=\"wp-block-separator has-alpha-channel-opacity\"\/>\n\n\n\n<h1 class=\"wp-block-heading\" id=\"h-trava-anti-sufocamento-seguran-a-prioridade\">\ud83d\udfe9 <strong>Trava Anti-Sufocamento: Seguran\u00e7a \u00e9 Prioridade<\/strong><\/h1>\n\n\n\n<p>Um dos maiores diferenciais do cord\u00e3o \u00e9 sua <strong>trava anti-sufocamento<\/strong>, que se desprende automaticamente caso o cord\u00e3o sofra tra\u00e7\u00e3o brusca.<\/p>\n\n\n\n<p>\u2728 Ideal para:<\/p>\n\n\n\n<ul>\n<li>uso escolar<\/li>\n\n\n\n<li>crian\u00e7as pequenas<\/li>\n\n\n\n<li>alunos com TDAH ou TEA<\/li>\n\n\n\n<li>pessoas com sensibilidade sensorial<\/li>\n\n\n\n<li>usu\u00e1rios que podem puxar o acess\u00f3rio involuntariamente<\/li>\n<\/ul>\n\n\n\n<p>Esse detalhe muda tudo \u2014 porque identifica\u00e7\u00e3o deve trazer <strong>seguran\u00e7a<\/strong>, n\u00e3o risco.<\/p>\n\n\n\n<hr class=\"wp-block-separator has-alpha-channel-opacity\"\/>\n\n\n\n<h1 class=\"wp-block-heading\" id=\"h-base-legal-o-girassol-agora-lei-no-brasil\">\ud83d\udfe6 <strong>Base Legal: O Girassol Agora \u00e9 Lei no Brasil<\/strong><\/h1>\n\n\n\n<p>O s\u00edmbolo do girassol \u00e9 oficialmente reconhecido pela:<\/p>\n\n\n\n<p>\ud83d\udcdc <strong>Lei n\u00ba 14.624, de 17 de julho de 2023<\/strong>,<br>que determina o Girassol como <strong>s\u00edmbolo nacional das defici\u00eancias ocultas<\/strong>.<\/p>\n\n\n\n<p>Isso significa que o cord\u00e3o:<\/p>\n\n\n\n<ul>\n<li>deve ser aceito em qualquer estabelecimento<\/li>\n\n\n\n<li>\u00e9 reconhecido por equipes de atendimento<\/li>\n\n\n\n<li>comunica de forma leg\u00edtima uma necessidade real<\/li>\n\n\n\n<li>facilita atendimento priorit\u00e1rio quando necess\u00e1rio<\/li>\n\n\n\n<li>garante compreens\u00e3o em ambientes de alta movimenta\u00e7\u00e3o<\/li>\n<\/ul>\n\n\n\n<p>Essa lei fortalece a identifica\u00e7\u00e3o e protege quem a utiliza.<\/p>\n\n\n\n<hr class=\"wp-block-separator has-alpha-channel-opacity\"\/>\n\n\n\n<h1 class=\"wp-block-heading\" id=\"h-a-identifica-o-completa-cord-o-crach-com-qr-code-inteligente\">\ud83d\udfe7 <strong>A Identifica\u00e7\u00e3o Completa: Cord\u00e3o + Crach\u00e1 com QR Code Inteligente\u2122<\/strong><\/h1>\n\n\n\n<p>O cord\u00e3o funciona perfeitamente sozinho \u2014 mas fica <strong>completo<\/strong> quando usado junto com o <strong>Crach\u00e1 IdentificaME com QR Code Inteligente\u2122<\/strong>.<\/p>\n\n\n\n<p>No site <strong>Crach\u00e1 IdentificaME<\/strong>, voc\u00ea encontra:<\/p>\n\n\n\n<p>\u2714 Crach\u00e1s personalizados com nome<br>\u2714 QR Code Inteligente\u2122<br>\u2714 Acesso a laudo, dados m\u00e9dicos e contatos de emerg\u00eancia<br>\u2714 Identifica\u00e7\u00e3o r\u00e1pida em situa\u00e7\u00f5es cr\u00edticas<br>\u2714 Alt\u00edssima qualidade e durabilidade<\/p>\n\n\n\n<p>O <strong>QR Code Inteligente\u2122<\/strong> permite que socorristas, professores ou profissionais visualizem informa\u00e7\u00f5es essenciais em segundos.<\/p>\n\n\n\n<p>\ud83d\udc49 Comprar cord\u00f5es e crach\u00e1s: <a href=\"https:\/\/crachaidentificame.com.br\/\" target=\"_blank\" rel=\"noopener\">https:\/\/crachaidentificame.com.br\/<\/a><br>\ud83d\udc49 WhatsApp: <a>https:\/\/wa.me\/5511916665663<\/a><\/p>\n\n\n\n<p>Cord\u00e3o + Crach\u00e1 = <strong>Prote\u00e7\u00e3o completa.<\/strong><\/p>\n\n\n\n<hr class=\"wp-block-separator has-alpha-channel-opacity\"\/>\n\n\n\n<h1 class=\"wp-block-heading\" id=\"h-benef-cios-do-cord-o-tdah-girassol\">\ud83d\udfe9 <strong>Benef\u00edcios do Cord\u00e3o TDAH + Girassol<\/strong><\/h1>\n\n\n\n<ul>\n<li>\u2714 Estampa <strong>dupla face<\/strong><\/li>\n\n\n\n<li>\u2714 S\u00edmbolos reconhecidos nacionalmente<\/li>\n\n\n\n<li>\u2714 <strong>Trava anti-sufocamento<\/strong><\/li>\n\n\n\n<li>\u2714 Material confort\u00e1vel e dur\u00e1vel<\/li>\n\n\n\n<li>\u2714 Promove acolhimento e compreens\u00e3o<\/li>\n\n\n\n<li>\u2714 Ideal para escolas, viagens e ambientes p\u00fablicos<\/li>\n\n\n\n<li>\u2714 Compat\u00edvel com QR Code Inteligente\u2122<\/li>\n\n\n\n<li>\u2714 Evita situa\u00e7\u00f5es de estresse e constrangimento<\/li>\n<\/ul>\n\n\n\n<hr class=\"wp-block-separator has-alpha-channel-opacity\"\/>\n\n\n\n<h1 class=\"wp-block-heading\" id=\"h-para-quem-indicado\">\ud83d\udfe6 <strong>Para Quem \u00e9 Indicado?<\/strong><\/h1>\n\n\n\n<p>O cord\u00e3o \u00e9 ideal para:<\/p>\n\n\n\n<ul>\n<li>Crian\u00e7as, adolescentes e adultos com TDAH<\/li>\n\n\n\n<li>Pessoas com defici\u00eancias ocultas<\/li>\n\n\n\n<li>Fam\u00edlias e cuidadores<\/li>\n\n\n\n<li>Escolas, professores, monitores e auxiliares<\/li>\n\n\n\n<li>Cl\u00ednicas m\u00e9dicas, terapias e consultas<\/li>\n\n\n\n<li>Ambientes com grande fluxo de pessoas<\/li>\n\n\n\n<li>Viagens, passeios, eventos e transporte p\u00fablico<\/li>\n<\/ul>\n\n\n\n<p>Se a identifica\u00e7\u00e3o pode melhorar o dia da pessoa, <strong>esse cord\u00e3o faz a diferen\u00e7a.<\/strong><\/p>\n\n\n\n<hr class=\"wp-block-separator has-alpha-channel-opacity\"\/>\n\n\n\n<h1 class=\"wp-block-heading\" id=\"h-como-usar\">\ud83d\udfe9 <strong>Como Usar?<\/strong><\/h1>\n\n\n\n<ol>\n<li>Conecte o crach\u00e1 ou QR Code Inteligente\u2122.<\/li>\n\n\n\n<li>Vista o cord\u00e3o normalmente.<\/li>\n\n\n\n<li>Deixe que os s\u00edmbolos comuniquem por voc\u00ea.<\/li>\n<\/ol>\n\n\n\n<p>Simples, seguro e eficiente \u2014 todos os dias.<\/p>\n\n\n\n<hr class=\"wp-block-separator has-alpha-channel-opacity\"\/>\n\n\n\n<h1 class=\"wp-block-heading\" id=\"h-conclus-o-mais-que-um-cord-o-uma-ferramenta-de-inclus-o\">\ud83d\udfe7 <strong>Conclus\u00e3o: Mais que um Cord\u00e3o \u2014 Uma Ferramenta de Inclus\u00e3o<\/strong><\/h1>\n\n\n\n<p>O <strong>Cord\u00e3o Dupla Face TDAH + Girassol \u2013 Trava Anti-Sufocamento<\/strong> \u00e9 mais do que um acess\u00f3rio. \u00c9 uma ponte entre a pessoa e o acolhimento que ela merece.<\/p>\n\n\n\n<p>Ele comunica:<\/p>\n\n\n\n<p>\ud83d\udc9b respeito<br>\ud83e\udde1 compreens\u00e3o<br>\ud83c\udf3b inclus\u00e3o<br>\ud83d\udfe6 seguran\u00e7a<br>\ud83d\udc9a sensibilidade humana<\/p>\n\n\n\n<p>E quando utilizado junto ao <strong>Crach\u00e1 IdentificaME com QR Code Inteligente\u2122<\/strong>, oferece uma identifica\u00e7\u00e3o completa e moderna.<\/p>\n\n\n\n<p>\ud83d\udccc Compre no site oficial:<br>\ud83d\udc49 <strong><a href=\"https:\/\/crachaidentificame.com.br\/\" target=\"_blank\" rel=\"noopener\">https:\/\/crachaidentificame.com.br\/<\/a><\/strong><\/p>\n\n\n\n<p>\ud83d\udccc Atendimento no WhatsApp:<br>\ud83d\udc49 <strong><a>https:\/\/wa.me\/5511916665663<\/a><\/strong><\/p>\n","protected":false},"excerpt":{"rendered":"<p>A identifica\u00e7\u00e3o correta pode mudar completamente a forma como uma crian\u00e7a, adolescente ou adulto \u00e9 tratado em ambientes p\u00fablicos, escolares<\/p>\n","protected":false},"author":1,"featured_media":5161,"comment_status":"open","ping_status":"open","sticky":false,"template":"","format":"standard","meta":{"footnotes":""},"categories":[557,554],"tags":[],"yoast_head":"<!-- This site is optimized with the Yoast SEO Premium plugin v15.5 - https:\/\/yoast.com\/wordpress\/plugins\/seo\/ -->\n<title>\ud83d\udfe6 Cord\u00e3o Dupla Face TDAH + Girassol \u2013 Trava Anti-Sufocamento: Identifica\u00e7\u00e3o Inclusiva, Segura e Reconhecida por Lei | DogTagClan Blog<\/title>\n<meta name=\"description\" content=\"A identifica\u00e7\u00e3o correta pode mudar completamente a forma como uma crian\u00e7a, adolescente ou adulto \u00e9 tratado em ambientes p\u00fablicos, escolares e familiares.\" \/>\n<meta name=\"robots\" content=\"index, follow, max-snippet:-1, max-image-preview:large, max-video-preview:-1\" \/>\n<link rel=\"canonical\" href=\"https:\/\/dogtagclan.com.br\/blog\/\ud83d\udfe6-cordao-dupla-face-tdah-girassol-trava-anti-sufocamento-identificacao-inclusiva-segura-e-reconhecida-por-lei\/\" \/>\n<meta property=\"og:locale\" content=\"pt_BR\" \/>\n<meta property=\"og:type\" content=\"article\" \/>\n<meta property=\"og:title\" content=\"\ud83d\udfe6 Cord\u00e3o Dupla Face TDAH + Girassol \u2013 Trava Anti-Sufocamento: Identifica\u00e7\u00e3o Inclusiva, Segura e Reconhecida por Lei | DogTagClan Blog\" \/>\n<meta property=\"og:description\" content=\"A identifica\u00e7\u00e3o correta pode mudar completamente a forma como uma crian\u00e7a, adolescente ou adulto \u00e9 tratado em ambientes p\u00fablicos, escolares e familiares.\" \/>\n<meta property=\"og:url\" content=\"https:\/\/dogtagclan.com.br\/blog\/\ud83d\udfe6-cordao-dupla-face-tdah-girassol-trava-anti-sufocamento-identificacao-inclusiva-segura-e-reconhecida-por-lei\/\" \/>\n<meta property=\"og:site_name\" content=\"DogTagClan Blog\" \/>\n<meta property=\"article:publisher\" content=\"https:\/\/www.facebook.com\/dogtagclan\" \/>\n<meta property=\"article:author\" content=\"https:\/\/www.facebook.com\/dogtagclan\" \/>\n<meta property=\"article:published_time\" content=\"2025-11-29T14:59:41+00:00\" \/>\n<meta property=\"article:modified_time\" content=\"2025-11-29T14:59:42+00:00\" \/>\n<meta property=\"og:image\" content=\"https:\/\/dogtagclan.com.br\/blog\/wp-content\/uploads\/2025\/11\/Cordao-Dupla-Face-TDAH-Girassol-\u2013-Trava-Anti-Sufocamento.jpg\" \/>\n\t<meta property=\"og:image:width\" content=\"500\" \/>\n\t<meta property=\"og:image:height\" content=\"500\" \/>\n<meta name=\"twitter:card\" content=\"summary_large_image\" \/>\n<meta name=\"twitter:creator\" content=\"@https:\/\/x.com\/Dogtagclanclan\" \/>\n<meta name=\"twitter:label1\" content=\"Est. tempo de leitura\">\n\t<meta name=\"twitter:data1\" content=\"3 minutos\">\n<script type=\"application\/ld+json\" class=\"yoast-schema-graph\">{\"@context\":\"https:\/\/schema.org\",\"@graph\":[{\"@type\":\"Organization\",\"@id\":\"https:\/\/dogtagclan.com.br\/blog\/#organization\",\"name\":\"DogTagClan | Dog Tags, Crach\\u00e1s e Acess\\u00f3rios Personalizados\",\"url\":\"https:\/\/dogtagclan.com.br\/blog\/\",\"sameAs\":[\"https:\/\/www.facebook.com\/dogtagclan\"],\"logo\":{\"@type\":\"ImageObject\",\"@id\":\"https:\/\/dogtagclan.com.br\/blog\/#logo\",\"inLanguage\":\"pt-BR\",\"url\":\"https:\/\/dogtagclan.com.br\/blog\/wp-content\/uploads\/2023\/02\/cropped-doftagclan-logo.png\",\"width\":250,\"height\":140,\"caption\":\"DogTagClan | Dog Tags, Crach\\u00e1s e Acess\\u00f3rios Personalizados\"},\"image\":{\"@id\":\"https:\/\/dogtagclan.com.br\/blog\/#logo\"}},{\"@type\":\"WebSite\",\"@id\":\"https:\/\/dogtagclan.com.br\/blog\/#website\",\"url\":\"https:\/\/dogtagclan.com.br\/blog\/\",\"name\":\"DogTagClan Blog\",\"description\":\"A gente faz, do seu Jeito\",\"publisher\":{\"@id\":\"https:\/\/dogtagclan.com.br\/blog\/#organization\"},\"potentialAction\":[{\"@type\":\"SearchAction\",\"target\":\"https:\/\/dogtagclan.com.br\/blog\/?s={search_term_string}\",\"query-input\":\"required name=search_term_string\"}],\"inLanguage\":\"pt-BR\"},{\"@type\":\"ImageObject\",\"@id\":\"https:\/\/dogtagclan.com.br\/blog\/%f0%9f%9f%a6-cordao-dupla-face-tdah-girassol-trava-anti-sufocamento-identificacao-inclusiva-segura-e-reconhecida-por-lei\/#primaryimage\",\"inLanguage\":\"pt-BR\",\"url\":\"https:\/\/dogtagclan.com.br\/blog\/wp-content\/uploads\/2025\/11\/Cordao-Dupla-Face-TDAH-Girassol-\\u2013-Trava-Anti-Sufocamento.jpg\",\"width\":500,\"height\":500,\"caption\":\"Cord\\u00e3o dupla face com s\\u00edmbolos do TDAH e Girassol, ideal para identifica\\u00e7\\u00e3o segura e inclusiva no dia a dia.\"},{\"@type\":\"WebPage\",\"@id\":\"https:\/\/dogtagclan.com.br\/blog\/%f0%9f%9f%a6-cordao-dupla-face-tdah-girassol-trava-anti-sufocamento-identificacao-inclusiva-segura-e-reconhecida-por-lei\/#webpage\",\"url\":\"https:\/\/dogtagclan.com.br\/blog\/%f0%9f%9f%a6-cordao-dupla-face-tdah-girassol-trava-anti-sufocamento-identificacao-inclusiva-segura-e-reconhecida-por-lei\/\",\"name\":\"\\ud83d\\udfe6 Cord\\u00e3o Dupla Face TDAH + Girassol \\u2013 Trava Anti-Sufocamento: Identifica\\u00e7\\u00e3o Inclusiva, Segura e Reconhecida por Lei | DogTagClan Blog\",\"isPartOf\":{\"@id\":\"https:\/\/dogtagclan.com.br\/blog\/#website\"},\"primaryImageOfPage\":{\"@id\":\"https:\/\/dogtagclan.com.br\/blog\/%f0%9f%9f%a6-cordao-dupla-face-tdah-girassol-trava-anti-sufocamento-identificacao-inclusiva-segura-e-reconhecida-por-lei\/#primaryimage\"},\"datePublished\":\"2025-11-29T14:59:41+00:00\",\"dateModified\":\"2025-11-29T14:59:42+00:00\",\"description\":\"A identifica\\u00e7\\u00e3o correta pode mudar completamente a forma como uma crian\\u00e7a, adolescente ou adulto \\u00e9 tratado em ambientes p\\u00fablicos, escolares e familiares.\",\"inLanguage\":\"pt-BR\",\"potentialAction\":[{\"@type\":\"ReadAction\",\"target\":[\"https:\/\/dogtagclan.com.br\/blog\/%f0%9f%9f%a6-cordao-dupla-face-tdah-girassol-trava-anti-sufocamento-identificacao-inclusiva-segura-e-reconhecida-por-lei\/\"]}]},{\"@type\":\"Article\",\"@id\":\"https:\/\/dogtagclan.com.br\/blog\/%f0%9f%9f%a6-cordao-dupla-face-tdah-girassol-trava-anti-sufocamento-identificacao-inclusiva-segura-e-reconhecida-por-lei\/#article\",\"isPartOf\":{\"@id\":\"https:\/\/dogtagclan.com.br\/blog\/%f0%9f%9f%a6-cordao-dupla-face-tdah-girassol-trava-anti-sufocamento-identificacao-inclusiva-segura-e-reconhecida-por-lei\/#webpage\"},\"author\":{\"@id\":\"https:\/\/dogtagclan.com.br\/blog\/#\/schema\/person\/b7279d930f15e2a85c89cd3b2f1d8df5\"},\"headline\":\"\\ud83d\\udfe6 Cord\\u00e3o Dupla Face TDAH + Girassol \\u2013 Trava Anti-Sufocamento: Identifica\\u00e7\\u00e3o Inclusiva, Segura e Reconhecida por Lei\",\"datePublished\":\"2025-11-29T14:59:41+00:00\",\"dateModified\":\"2025-11-29T14:59:42+00:00\",\"mainEntityOfPage\":{\"@id\":\"https:\/\/dogtagclan.com.br\/blog\/%f0%9f%9f%a6-cordao-dupla-face-tdah-girassol-trava-anti-sufocamento-identificacao-inclusiva-segura-e-reconhecida-por-lei\/#webpage\"},\"commentCount\":0,\"publisher\":{\"@id\":\"https:\/\/dogtagclan.com.br\/blog\/#organization\"},\"image\":{\"@id\":\"https:\/\/dogtagclan.com.br\/blog\/%f0%9f%9f%a6-cordao-dupla-face-tdah-girassol-trava-anti-sufocamento-identificacao-inclusiva-segura-e-reconhecida-por-lei\/#primaryimage\"},\"articleSection\":\"Crach\\u00e1 de Identifica\\u00e7\\u00e3o,Crachas e broches personalizados\",\"inLanguage\":\"pt-BR\",\"potentialAction\":[{\"@type\":\"CommentAction\",\"name\":\"Comment\",\"target\":[\"https:\/\/dogtagclan.com.br\/blog\/%f0%9f%9f%a6-cordao-dupla-face-tdah-girassol-trava-anti-sufocamento-identificacao-inclusiva-segura-e-reconhecida-por-lei\/#respond\"]}]},{\"@type\":\"Person\",\"@id\":\"https:\/\/dogtagclan.com.br\/blog\/#\/schema\/person\/b7279d930f15e2a85c89cd3b2f1d8df5\",\"name\":\"dogtagclan\",\"description\":\"\\\"A DogTagClan \\u00e9 especializada na fabrica\\u00e7\\u00e3o e personaliza\\u00e7\\u00e3o de Dog Tags, crach\\u00e1s e acess\\u00f3rios. Produzimos pe\\u00e7as em a\\u00e7o inoxid\\u00e1vel com grava\\u00e7\\u00f5es de alta precis\\u00e3o para identifica\\u00e7\\u00e3o pessoal e profissional.\\\"\",\"sameAs\":[\"https:\/\/blog.dogtagclan.com.br\",\"https:\/\/www.facebook.com\/dogtagclan\",\"https:\/\/www.instagram.com\/dogtagclan\",\"https:\/\/twitter.com\/https:\/\/x.com\/Dogtagclanclan\",\"https:\/\/www.youtube.com\/dogtagclan\"]}]}<\/script>\n<!-- \/ Yoast SEO Premium plugin. -->","_links":{"self":[{"href":"https:\/\/dogtagclan.com.br\/blog\/wp-json\/wp\/v2\/posts\/5160"}],"collection":[{"href":"https:\/\/dogtagclan.com.br\/blog\/wp-json\/wp\/v2\/posts"}],"about":[{"href":"https:\/\/dogtagclan.com.br\/blog\/wp-json\/wp\/v2\/types\/post"}],"author":[{"embeddable":true,"href":"https:\/\/dogtagclan.com.br\/blog\/wp-json\/wp\/v2\/users\/1"}],"replies":[{"embeddable":true,"href":"https:\/\/dogtagclan.com.br\/blog\/wp-json\/wp\/v2\/comments?post=5160"}],"version-history":[{"count":1,"href":"https:\/\/dogtagclan.com.br\/blog\/wp-json\/wp\/v2\/posts\/5160\/revisions"}],"predecessor-version":[{"id":5162,"href":"https:\/\/dogtagclan.com.br\/blog\/wp-json\/wp\/v2\/posts\/5160\/revisions\/5162"}],"wp:featuredmedia":[{"embeddable":true,"href":"https:\/\/dogtagclan.com.br\/blog\/wp-json\/wp\/v2\/media\/5161"}],"wp:attachment":[{"href":"https:\/\/dogtagclan.com.br\/blog\/wp-json\/wp\/v2\/media?parent=5160"}],"wp:term":[{"taxonomy":"category","embeddable":true,"href":"https:\/\/dogtagclan.com.br\/blog\/wp-json\/wp\/v2\/categories?post=5160"},{"taxonomy":"post_tag","embeddable":true,"href":"https:\/\/dogtagclan.com.br\/blog\/wp-json\/wp\/v2\/tags?post=5160"}],"curies":[{"name":"wp","href":"https:\/\/api.w.org\/{rel}","templated":true}]}}