{"id":5157,"date":"2025-11-29T11:55:31","date_gmt":"2025-11-29T14:55:31","guid":{"rendered":"https:\/\/dogtagclan.com.br\/blog\/?p=5157"},"modified":"2025-11-29T11:55:32","modified_gmt":"2025-11-29T14:55:32","slug":"%f0%9f%9f%a6-cordao-dupla-face-autismo-girassol-trava-anti-sufocamento-identificacao-segura-inclusiva-e-acolhedora","status":"publish","type":"post","link":"https:\/\/dogtagclan.com.br\/blog\/%f0%9f%9f%a6-cordao-dupla-face-autismo-girassol-trava-anti-sufocamento-identificacao-segura-inclusiva-e-acolhedora\/","title":{"rendered":"\ud83d\udfe6 Cord\u00e3o Dupla Face Autismo + Girassol \u2013 Trava Anti-Sufocamento: Identifica\u00e7\u00e3o Segura, Inclusiva e Acolhedora"},"content":{"rendered":"\n<p>O <strong>Cord\u00e3o Dupla Face Autismo + Girassol \u2013 Trava Anti-Sufocamento<\/strong> est\u00e1 dispon\u00edvel para compra no site oficial:<br>\ud83d\udc49 <strong><a href=\"https:\/\/crachaidentificame.com.br\/\" target=\"_blank\" rel=\"noopener\">https:\/\/crachaidentificame.com.br\/<\/a><\/strong><br>E, se preferir falar direto com a equipe, \u00e9 s\u00f3 chamar no WhatsApp:<br>\ud83d\udc49 <strong><a>https:\/\/wa.me\/5511916665663<\/a><\/strong><\/p>\n\n\n\n<p>Este cord\u00e3o foi criado para oferecer identifica\u00e7\u00e3o clara, respeitosa e segura para crian\u00e7as, jovens e adultos que fazem parte da neurodiversidade ou possuem defici\u00eancias ocultas.<br>Ele combina dois s\u00edmbolos amplamente reconhecidos:<\/p>\n\n\n\n<p>\ud83d\udd35 <strong>Autismo (Quebra-Cabe\u00e7a)<\/strong> \u2013 sinal de diversidade, singularidade e comunica\u00e7\u00e3o.<br>\ud83d\udfe1 <strong>Girassol<\/strong> \u2013 s\u00edmbolo oficial das <strong>defici\u00eancias ocultas<\/strong>, reconhecido por lei.<\/p>\n\n\n\n<p>Essa uni\u00e3o torna o cord\u00e3o uma ferramenta essencial de inclus\u00e3o, acolhimento e prote\u00e7\u00e3o em ambientes p\u00fablicos, escolares e familiares.<\/p>\n\n\n\n<figure class=\"wp-block-image size-full\"><img decoding=\"async\" width=\"500\" height=\"500\" src=\"https:\/\/dogtagclan.com.br\/blog\/wp-content\/uploads\/2025\/11\/Cordao-Dupla-Face-Autismo-Girassol-\u2013-Trava-Anti-Sufocamento.jpg\" alt=\"Cord\u00e3o Dupla Face Autismo e Girassol com Trava Anti-Sufocamento para Identifica\u00e7\u00e3o Inclusiva\" class=\"wp-image-5158\" srcset=\"https:\/\/dogtagclan.com.br\/blog\/wp-content\/uploads\/2025\/11\/Cordao-Dupla-Face-Autismo-Girassol-\u2013-Trava-Anti-Sufocamento.jpg 500w, https:\/\/dogtagclan.com.br\/blog\/wp-content\/uploads\/2025\/11\/Cordao-Dupla-Face-Autismo-Girassol-\u2013-Trava-Anti-Sufocamento-300x300.jpg 300w, https:\/\/dogtagclan.com.br\/blog\/wp-content\/uploads\/2025\/11\/Cordao-Dupla-Face-Autismo-Girassol-\u2013-Trava-Anti-Sufocamento-150x150.jpg 150w, https:\/\/dogtagclan.com.br\/blog\/wp-content\/uploads\/2025\/11\/Cordao-Dupla-Face-Autismo-Girassol-\u2013-Trava-Anti-Sufocamento-96x96.jpg 96w\" sizes=\"(max-width: 500px) 100vw, 500px\" \/><figcaption class=\"wp-element-caption\">Cord\u00e3o de identifica\u00e7\u00e3o dupla face com s\u00edmbolos do Autismo e Girassol, ideal para escolas e ambientes p\u00fablicos.<\/figcaption><\/figure>\n\n\n\n<hr class=\"wp-block-separator has-alpha-channel-opacity\"\/>\n\n\n\n<h1 class=\"wp-block-heading\" id=\"h-o-que-o-cord-o-dupla-face-autismo-girassol\">\ud83d\udfe7 <strong>O Que \u00c9 o Cord\u00e3o Dupla Face Autismo + Girassol?<\/strong><\/h1>\n\n\n\n<p>\u00c9 um cord\u00e3o de identifica\u00e7\u00e3o com <strong>estampa dupla face<\/strong>, garantindo alta visibilidade de qualquer \u00e2ngulo.<br>Ele comunica, de forma discreta e humana, que a pessoa pode precisar de:<\/p>\n\n\n\n<ul>\n<li>compreens\u00e3o<\/li>\n\n\n\n<li>apoio emocional<\/li>\n\n\n\n<li>atendimento ajustado<\/li>\n\n\n\n<li>prioridade<\/li>\n\n\n\n<li>acolhimento sens\u00edvel<\/li>\n<\/ul>\n\n\n\n<p>Ideal para locais como escolas, hospitais, transporte p\u00fablico, supermercados, shoppings e eventos.<\/p>\n\n\n\n<p>O cord\u00e3o est\u00e1 dispon\u00edvel para compra em:<br>\ud83d\udc49 <strong><a href=\"https:\/\/crachaidentificame.com.br\/\" target=\"_blank\" rel=\"noopener\">https:\/\/crachaidentificame.com.br\/<\/a><\/strong><br>Ou no WhatsApp:<br>\ud83d\udc49 <strong><a>https:\/\/wa.me\/5511916665663<\/a><\/strong><\/p>\n\n\n\n<hr class=\"wp-block-separator has-alpha-channel-opacity\"\/>\n\n\n\n<h1 class=\"wp-block-heading\" id=\"h-seguran-a-em-primeiro-lugar-trava-anti-sufocamento\">\ud83d\udfe6 <strong>Seguran\u00e7a em Primeiro Lugar: Trava Anti-Sufocamento<\/strong><\/h1>\n\n\n\n<p>Para garantir seguran\u00e7a total, o cord\u00e3o possui uma <strong>trava anti-sufocamento<\/strong>, que se abre automaticamente em caso de tra\u00e7\u00e3o brusca.<br>Isso \u00e9 essencial para:<\/p>\n\n\n\n<ul>\n<li>crian\u00e7as<\/li>\n\n\n\n<li>alunos<\/li>\n\n\n\n<li>pessoas com sensibilidade sensorial<\/li>\n\n\n\n<li>usu\u00e1rios com risco de enrosco ou pux\u00f5es involunt\u00e1rios<\/li>\n<\/ul>\n\n\n\n<p>Seguran\u00e7a \u00e9 prioridade \u2014 especialmente em ambientes escolares.<\/p>\n\n\n\n<hr class=\"wp-block-separator has-alpha-channel-opacity\"\/>\n\n\n\n<h1 class=\"wp-block-heading\" id=\"h-base-legal-o-girassol-agora-lei\">\ud83d\udfe8 <strong>Base Legal: O Girassol Agora \u00e9 Lei<\/strong><\/h1>\n\n\n\n<p>O s\u00edmbolo do Girassol \u00e9 oficialmente reconhecido pela:<\/p>\n\n\n\n<p>\ud83d\udcdc <strong>Lei n\u00ba 14.624, de 17 de julho de 2023<\/strong>,<br>que estabelece o Girassol como <strong>s\u00edmbolo oficial das defici\u00eancias ocultas<\/strong> em todo o territ\u00f3rio nacional.<\/p>\n\n\n\n<p>Isso garante que o cord\u00e3o seja amplamente compreendido e respeitado em:<\/p>\n\n\n\n<ul>\n<li>\u00f3rg\u00e3os p\u00fablicos<\/li>\n\n\n\n<li>escolas<\/li>\n\n\n\n<li>cl\u00ednicas<\/li>\n\n\n\n<li>hospitais<\/li>\n\n\n\n<li>transporte coletivo<\/li>\n\n\n\n<li>estabelecimentos privados<\/li>\n<\/ul>\n\n\n\n<p>A compra pode ser feita com seguran\u00e7a em:<br>\ud83d\udc49 <strong><a href=\"https:\/\/crachaidentificame.com.br\/\" target=\"_blank\" rel=\"noopener\">https:\/\/crachaidentificame.com.br\/<\/a><\/strong><\/p>\n\n\n\n<p>Ou direto no WhatsApp:<br>\ud83d\udc49 <strong><a>https:\/\/wa.me\/5511916665663<\/a><\/strong><\/p>\n\n\n\n<hr class=\"wp-block-separator has-alpha-channel-opacity\"\/>\n\n\n\n<h1 class=\"wp-block-heading\" id=\"h-para-quem-indicado\">\ud83d\udfe9 <strong>Para Quem \u00c9 Indicado?<\/strong><\/h1>\n\n\n\n<p>O cord\u00e3o \u00e9 perfeito para:<\/p>\n\n\n\n<ul>\n<li>Pessoas autistas<\/li>\n\n\n\n<li>Pessoas com defici\u00eancias ocultas<\/li>\n\n\n\n<li>TDAH, TOD, Dislexia<\/li>\n\n\n\n<li>Crian\u00e7as, adolescentes e adultos<\/li>\n\n\n\n<li>Ambientes escolares<\/li>\n\n\n\n<li>Consultas m\u00e9dicas<\/li>\n\n\n\n<li>Viagens e espa\u00e7os p\u00fablicos<\/li>\n\n\n\n<li>Cuidadores, terapeutas e educadores<\/li>\n<\/ul>\n\n\n\n<p>Uma forma simples, eficaz e acolhedora de identifica\u00e7\u00e3o di\u00e1ria.<\/p>\n\n\n\n<hr class=\"wp-block-separator has-alpha-channel-opacity\"\/>\n\n\n\n<h1 class=\"wp-block-heading\" id=\"h-benef-cios-do-cord-o\">\ud83d\udfe7 <strong>Benef\u00edcios do Cord\u00e3o<\/strong><\/h1>\n\n\n\n<ul>\n<li>\u2714 Dupla face \u2014 Autismo + Girassol<\/li>\n\n\n\n<li>\u2714 Trava anti-sufocamento<\/li>\n\n\n\n<li>\u2714 Material confort\u00e1vel e resistente<\/li>\n\n\n\n<li>\u2714 Compat\u00edvel com crach\u00e1s com QR Code<\/li>\n\n\n\n<li>\u2714 Comunica\u00e7\u00e3o clara e n\u00e3o invasiva<\/li>\n\n\n\n<li>\u2714 Acolhimento em qualquer ambiente<\/li>\n\n\n\n<li>\u2714 Evita constrangimentos<\/li>\n\n\n\n<li>\u2714 Perfeito para uso di\u00e1rio<\/li>\n<\/ul>\n\n\n\n<p>Dispon\u00edvel no site:<br>\ud83d\udc49 <strong><a href=\"https:\/\/crachaidentificame.com.br\/\" target=\"_blank\" rel=\"noopener\">https:\/\/crachaidentificame.com.br\/<\/a><\/strong><br>Atendimento r\u00e1pido no WhatsApp:<br>\ud83d\udc49 <strong><a>https:\/\/wa.me\/5511916665663<\/a><\/strong><\/p>\n\n\n\n<hr class=\"wp-block-separator has-alpha-channel-opacity\"\/>\n\n\n\n<h1 class=\"wp-block-heading\" id=\"h-como-usar\">\ud83d\udfe6 <strong>Como Usar<\/strong><\/h1>\n\n\n\n<ol>\n<li>Conecte o crach\u00e1 (com ou sem QR Code).<\/li>\n\n\n\n<li>Coloque o cord\u00e3o normalmente.<\/li>\n\n\n\n<li>Deixe que os s\u00edmbolos comuniquem por voc\u00ea.<\/li>\n<\/ol>\n\n\n\n<p>Simples. Seguro. Inclusivo.<\/p>\n\n\n\n<hr class=\"wp-block-separator has-alpha-channel-opacity\"\/>\n\n\n\n<h1 class=\"wp-block-heading\" id=\"h-conclus-o-um-cord-o-que-faz-diferen-a\">\ud83d\udfe9 <strong>Conclus\u00e3o: Um Cord\u00e3o Que Faz Diferen\u00e7a<\/strong><\/h1>\n\n\n\n<p>O <strong>Cord\u00e3o Dupla Face Autismo + Girassol \u2013 Trava Anti-Sufocamento<\/strong> n\u00e3o \u00e9 apenas um item. \u00c9:<\/p>\n\n\n\n<p>\ud83d\udc9b acolhimento<br>\ud83d\udc99 seguran\u00e7a<br>\ud83c\udf3b inclus\u00e3o<br>\ud83e\udde9 respeito<\/p>\n\n\n\n<p>Um apoio real para quem precisa ser visto, compreendido e atendido com sensibilidade.<\/p>\n\n\n\n<p>\ud83d\udccc <strong>Compre no site oficial:<\/strong><br>\ud83d\udc49 <a href=\"https:\/\/crachaidentificame.com.br\/\" target=\"_blank\" rel=\"noopener\">https:\/\/crachaidentificame.com.br\/<\/a><\/p>\n\n\n\n<p>\ud83d\udccc <strong>Fale com a equipe no WhatsApp:<\/strong><br>\ud83d\udc49 <a>https:\/\/wa.me\/5511916665663<\/a><\/p>\n","protected":false},"excerpt":{"rendered":"<p>O Cord\u00e3o Dupla Face Autismo + Girassol \u2013 Trava Anti-Sufocamento est\u00e1 dispon\u00edvel para compra no site oficial:\ud83d\udc49 https:\/\/crachaidentificame.com.br\/E, se preferir<\/p>\n","protected":false},"author":1,"featured_media":5158,"comment_status":"open","ping_status":"open","sticky":false,"template":"","format":"standard","meta":{"footnotes":""},"categories":[557,554],"tags":[],"yoast_head":"<!-- This site is optimized with the Yoast SEO Premium plugin v15.5 - https:\/\/yoast.com\/wordpress\/plugins\/seo\/ -->\n<title>\ud83d\udfe6 Cord\u00e3o Dupla Face Autismo + Girassol \u2013 Trava Anti-Sufocamento: Identifica\u00e7\u00e3o Segura, Inclusiva e Acolhedora | DogTagClan Blog<\/title>\n<meta name=\"description\" content=\"O Cord\u00e3o Dupla Face Autismo + Girassol \u2013 Trava Anti-Sufocamento est\u00e1 dispon\u00edvel para compra no site oficial:\" \/>\n<meta name=\"robots\" content=\"index, follow, max-snippet:-1, max-image-preview:large, max-video-preview:-1\" \/>\n<link rel=\"canonical\" href=\"https:\/\/dogtagclan.com.br\/blog\/\ud83d\udfe6-cordao-dupla-face-autismo-girassol-trava-anti-sufocamento-identificacao-segura-inclusiva-e-acolhedora\/\" \/>\n<meta property=\"og:locale\" content=\"pt_BR\" \/>\n<meta property=\"og:type\" content=\"article\" \/>\n<meta property=\"og:title\" content=\"\ud83d\udfe6 Cord\u00e3o Dupla Face Autismo + Girassol \u2013 Trava Anti-Sufocamento: Identifica\u00e7\u00e3o Segura, Inclusiva e Acolhedora | DogTagClan Blog\" \/>\n<meta property=\"og:description\" content=\"O Cord\u00e3o Dupla Face Autismo + Girassol \u2013 Trava Anti-Sufocamento est\u00e1 dispon\u00edvel para compra no site oficial:\" \/>\n<meta property=\"og:url\" content=\"https:\/\/dogtagclan.com.br\/blog\/\ud83d\udfe6-cordao-dupla-face-autismo-girassol-trava-anti-sufocamento-identificacao-segura-inclusiva-e-acolhedora\/\" \/>\n<meta property=\"og:site_name\" content=\"DogTagClan Blog\" \/>\n<meta property=\"article:publisher\" content=\"https:\/\/www.facebook.com\/dogtagclan\" \/>\n<meta property=\"article:author\" content=\"https:\/\/www.facebook.com\/dogtagclan\" \/>\n<meta property=\"article:published_time\" content=\"2025-11-29T14:55:31+00:00\" \/>\n<meta property=\"article:modified_time\" content=\"2025-11-29T14:55:32+00:00\" \/>\n<meta property=\"og:image\" content=\"https:\/\/dogtagclan.com.br\/blog\/wp-content\/uploads\/2025\/11\/Cordao-Dupla-Face-Autismo-Girassol-\u2013-Trava-Anti-Sufocamento.jpg\" \/>\n\t<meta property=\"og:image:width\" content=\"500\" \/>\n\t<meta property=\"og:image:height\" content=\"500\" \/>\n<meta name=\"twitter:card\" content=\"summary_large_image\" \/>\n<meta name=\"twitter:creator\" content=\"@https:\/\/x.com\/Dogtagclanclan\" \/>\n<meta name=\"twitter:label1\" content=\"Est. tempo de leitura\">\n\t<meta name=\"twitter:data1\" content=\"2 minutos\">\n<script type=\"application\/ld+json\" class=\"yoast-schema-graph\">{\"@context\":\"https:\/\/schema.org\",\"@graph\":[{\"@type\":\"Organization\",\"@id\":\"https:\/\/dogtagclan.com.br\/blog\/#organization\",\"name\":\"DogTagClan | Dog Tags, Crach\\u00e1s e Acess\\u00f3rios Personalizados\",\"url\":\"https:\/\/dogtagclan.com.br\/blog\/\",\"sameAs\":[\"https:\/\/www.facebook.com\/dogtagclan\"],\"logo\":{\"@type\":\"ImageObject\",\"@id\":\"https:\/\/dogtagclan.com.br\/blog\/#logo\",\"inLanguage\":\"pt-BR\",\"url\":\"https:\/\/dogtagclan.com.br\/blog\/wp-content\/uploads\/2023\/02\/cropped-doftagclan-logo.png\",\"width\":250,\"height\":140,\"caption\":\"DogTagClan | Dog Tags, Crach\\u00e1s e Acess\\u00f3rios Personalizados\"},\"image\":{\"@id\":\"https:\/\/dogtagclan.com.br\/blog\/#logo\"}},{\"@type\":\"WebSite\",\"@id\":\"https:\/\/dogtagclan.com.br\/blog\/#website\",\"url\":\"https:\/\/dogtagclan.com.br\/blog\/\",\"name\":\"DogTagClan Blog\",\"description\":\"A gente faz, do seu Jeito\",\"publisher\":{\"@id\":\"https:\/\/dogtagclan.com.br\/blog\/#organization\"},\"potentialAction\":[{\"@type\":\"SearchAction\",\"target\":\"https:\/\/dogtagclan.com.br\/blog\/?s={search_term_string}\",\"query-input\":\"required name=search_term_string\"}],\"inLanguage\":\"pt-BR\"},{\"@type\":\"ImageObject\",\"@id\":\"https:\/\/dogtagclan.com.br\/blog\/%f0%9f%9f%a6-cordao-dupla-face-autismo-girassol-trava-anti-sufocamento-identificacao-segura-inclusiva-e-acolhedora\/#primaryimage\",\"inLanguage\":\"pt-BR\",\"url\":\"https:\/\/dogtagclan.com.br\/blog\/wp-content\/uploads\/2025\/11\/Cordao-Dupla-Face-Autismo-Girassol-\\u2013-Trava-Anti-Sufocamento.jpg\",\"width\":500,\"height\":500,\"caption\":\"Cord\\u00e3o de identifica\\u00e7\\u00e3o dupla face com s\\u00edmbolos do Autismo e Girassol, ideal para escolas e ambientes p\\u00fablicos.\"},{\"@type\":\"WebPage\",\"@id\":\"https:\/\/dogtagclan.com.br\/blog\/%f0%9f%9f%a6-cordao-dupla-face-autismo-girassol-trava-anti-sufocamento-identificacao-segura-inclusiva-e-acolhedora\/#webpage\",\"url\":\"https:\/\/dogtagclan.com.br\/blog\/%f0%9f%9f%a6-cordao-dupla-face-autismo-girassol-trava-anti-sufocamento-identificacao-segura-inclusiva-e-acolhedora\/\",\"name\":\"\\ud83d\\udfe6 Cord\\u00e3o Dupla Face Autismo + Girassol \\u2013 Trava Anti-Sufocamento: Identifica\\u00e7\\u00e3o Segura, Inclusiva e Acolhedora | DogTagClan Blog\",\"isPartOf\":{\"@id\":\"https:\/\/dogtagclan.com.br\/blog\/#website\"},\"primaryImageOfPage\":{\"@id\":\"https:\/\/dogtagclan.com.br\/blog\/%f0%9f%9f%a6-cordao-dupla-face-autismo-girassol-trava-anti-sufocamento-identificacao-segura-inclusiva-e-acolhedora\/#primaryimage\"},\"datePublished\":\"2025-11-29T14:55:31+00:00\",\"dateModified\":\"2025-11-29T14:55:32+00:00\",\"description\":\"O Cord\\u00e3o Dupla Face Autismo + Girassol \\u2013 Trava Anti-Sufocamento est\\u00e1 dispon\\u00edvel para compra no site oficial:\",\"inLanguage\":\"pt-BR\",\"potentialAction\":[{\"@type\":\"ReadAction\",\"target\":[\"https:\/\/dogtagclan.com.br\/blog\/%f0%9f%9f%a6-cordao-dupla-face-autismo-girassol-trava-anti-sufocamento-identificacao-segura-inclusiva-e-acolhedora\/\"]}]},{\"@type\":\"Article\",\"@id\":\"https:\/\/dogtagclan.com.br\/blog\/%f0%9f%9f%a6-cordao-dupla-face-autismo-girassol-trava-anti-sufocamento-identificacao-segura-inclusiva-e-acolhedora\/#article\",\"isPartOf\":{\"@id\":\"https:\/\/dogtagclan.com.br\/blog\/%f0%9f%9f%a6-cordao-dupla-face-autismo-girassol-trava-anti-sufocamento-identificacao-segura-inclusiva-e-acolhedora\/#webpage\"},\"author\":{\"@id\":\"https:\/\/dogtagclan.com.br\/blog\/#\/schema\/person\/b7279d930f15e2a85c89cd3b2f1d8df5\"},\"headline\":\"\\ud83d\\udfe6 Cord\\u00e3o Dupla Face Autismo + Girassol \\u2013 Trava Anti-Sufocamento: Identifica\\u00e7\\u00e3o Segura, Inclusiva e Acolhedora\",\"datePublished\":\"2025-11-29T14:55:31+00:00\",\"dateModified\":\"2025-11-29T14:55:32+00:00\",\"mainEntityOfPage\":{\"@id\":\"https:\/\/dogtagclan.com.br\/blog\/%f0%9f%9f%a6-cordao-dupla-face-autismo-girassol-trava-anti-sufocamento-identificacao-segura-inclusiva-e-acolhedora\/#webpage\"},\"commentCount\":0,\"publisher\":{\"@id\":\"https:\/\/dogtagclan.com.br\/blog\/#organization\"},\"image\":{\"@id\":\"https:\/\/dogtagclan.com.br\/blog\/%f0%9f%9f%a6-cordao-dupla-face-autismo-girassol-trava-anti-sufocamento-identificacao-segura-inclusiva-e-acolhedora\/#primaryimage\"},\"articleSection\":\"Crach\\u00e1 de Identifica\\u00e7\\u00e3o,Crachas e broches personalizados\",\"inLanguage\":\"pt-BR\",\"potentialAction\":[{\"@type\":\"CommentAction\",\"name\":\"Comment\",\"target\":[\"https:\/\/dogtagclan.com.br\/blog\/%f0%9f%9f%a6-cordao-dupla-face-autismo-girassol-trava-anti-sufocamento-identificacao-segura-inclusiva-e-acolhedora\/#respond\"]}]},{\"@type\":\"Person\",\"@id\":\"https:\/\/dogtagclan.com.br\/blog\/#\/schema\/person\/b7279d930f15e2a85c89cd3b2f1d8df5\",\"name\":\"dogtagclan\",\"description\":\"\\\"A DogTagClan \\u00e9 especializada na fabrica\\u00e7\\u00e3o e personaliza\\u00e7\\u00e3o de Dog Tags, crach\\u00e1s e acess\\u00f3rios. Produzimos pe\\u00e7as em a\\u00e7o inoxid\\u00e1vel com grava\\u00e7\\u00f5es de alta precis\\u00e3o para identifica\\u00e7\\u00e3o pessoal e profissional.\\\"\",\"sameAs\":[\"https:\/\/blog.dogtagclan.com.br\",\"https:\/\/www.facebook.com\/dogtagclan\",\"https:\/\/www.instagram.com\/dogtagclan\",\"https:\/\/twitter.com\/https:\/\/x.com\/Dogtagclanclan\",\"https:\/\/www.youtube.com\/dogtagclan\"]}]}<\/script>\n<!-- \/ Yoast SEO Premium plugin. -->","_links":{"self":[{"href":"https:\/\/dogtagclan.com.br\/blog\/wp-json\/wp\/v2\/posts\/5157"}],"collection":[{"href":"https:\/\/dogtagclan.com.br\/blog\/wp-json\/wp\/v2\/posts"}],"about":[{"href":"https:\/\/dogtagclan.com.br\/blog\/wp-json\/wp\/v2\/types\/post"}],"author":[{"embeddable":true,"href":"https:\/\/dogtagclan.com.br\/blog\/wp-json\/wp\/v2\/users\/1"}],"replies":[{"embeddable":true,"href":"https:\/\/dogtagclan.com.br\/blog\/wp-json\/wp\/v2\/comments?post=5157"}],"version-history":[{"count":1,"href":"https:\/\/dogtagclan.com.br\/blog\/wp-json\/wp\/v2\/posts\/5157\/revisions"}],"predecessor-version":[{"id":5159,"href":"https:\/\/dogtagclan.com.br\/blog\/wp-json\/wp\/v2\/posts\/5157\/revisions\/5159"}],"wp:featuredmedia":[{"embeddable":true,"href":"https:\/\/dogtagclan.com.br\/blog\/wp-json\/wp\/v2\/media\/5158"}],"wp:attachment":[{"href":"https:\/\/dogtagclan.com.br\/blog\/wp-json\/wp\/v2\/media?parent=5157"}],"wp:term":[{"taxonomy":"category","embeddable":true,"href":"https:\/\/dogtagclan.com.br\/blog\/wp-json\/wp\/v2\/categories?post=5157"},{"taxonomy":"post_tag","embeddable":true,"href":"https:\/\/dogtagclan.com.br\/blog\/wp-json\/wp\/v2\/tags?post=5157"}],"curies":[{"name":"wp","href":"https:\/\/api.w.org\/{rel}","templated":true}]}}