{"id":5127,"date":"2025-11-26T14:48:28","date_gmt":"2025-11-26T17:48:28","guid":{"rendered":"https:\/\/dogtagclan.com.br\/blog\/?p=5127"},"modified":"2025-11-26T14:48:30","modified_gmt":"2025-11-26T17:48:30","slug":"%e2%ad%90-cordao-azul-para-cracha-simbolo-de-surdez-deficiencia-auditiva-identificacao-oficial","status":"publish","type":"post","link":"https:\/\/dogtagclan.com.br\/blog\/%e2%ad%90-cordao-azul-para-cracha-simbolo-de-surdez-deficiencia-auditiva-identificacao-oficial\/","title":{"rendered":"\u2b50 Cord\u00e3o Azul para Crach\u00e1 \u2013 S\u00edmbolo de Surdez \/ Defici\u00eancia Auditiva (Identifica\u00e7\u00e3o Oficial)"},"content":{"rendered":"\n<h3 class=\"wp-block-heading\" id=\"h-o-que-significa-como-usar-e-onde-comprar-o-modelo-oficial\">o que significa, como usar e onde comprar o modelo oficial<\/h3>\n\n\n\n<p>O <strong>Cord\u00e3o Azul de Surdez<\/strong> \u00e9 hoje uma das formas mais reconhecidas de identificar pessoas com <strong>defici\u00eancia auditiva<\/strong>, em especial aquelas que n\u00e3o apresentam sinais vis\u00edveis da condi\u00e7\u00e3o. O uso do cord\u00e3o funciona como um <strong>alerta de comunica\u00e7\u00e3o<\/strong>, permitindo que outras pessoas ofere\u00e7am apoio, compreens\u00e3o e tempo extra para intera\u00e7\u00e3o em ambientes p\u00fablicos.<\/p>\n\n\n\n<p>Embora n\u00e3o substitua laudo m\u00e9dico, o cord\u00e3o azul ajuda a tornar a defici\u00eancia mais vis\u00edvel, reduzindo situa\u00e7\u00f5es de constrangimento e facilitando o atendimento priorit\u00e1rio quando necess\u00e1rio.<\/p>\n\n\n\n<figure class=\"wp-block-image size-full\"><img decoding=\"async\" width=\"500\" height=\"500\" src=\"https:\/\/dogtagclan.com.br\/blog\/wp-content\/uploads\/2025\/11\/Cordao-Azul-para-Cracha-\u2013-Simbolo-de-Surdez-Deficiencia-Auditiva-Identificacao-Oficial.jpg\" alt=\"Cord\u00e3o azul para crach\u00e1 com s\u00edmbolo de Surdez, identifica\u00e7\u00e3o segura para deficientes auditivos, produto da CRACHA IDENTIFICAME\" class=\"wp-image-5076\" srcset=\"https:\/\/dogtagclan.com.br\/blog\/wp-content\/uploads\/2025\/11\/Cordao-Azul-para-Cracha-\u2013-Simbolo-de-Surdez-Deficiencia-Auditiva-Identificacao-Oficial.jpg 500w, https:\/\/dogtagclan.com.br\/blog\/wp-content\/uploads\/2025\/11\/Cordao-Azul-para-Cracha-\u2013-Simbolo-de-Surdez-Deficiencia-Auditiva-Identificacao-Oficial-300x300.jpg 300w, https:\/\/dogtagclan.com.br\/blog\/wp-content\/uploads\/2025\/11\/Cordao-Azul-para-Cracha-\u2013-Simbolo-de-Surdez-Deficiencia-Auditiva-Identificacao-Oficial-150x150.jpg 150w, https:\/\/dogtagclan.com.br\/blog\/wp-content\/uploads\/2025\/11\/Cordao-Azul-para-Cracha-\u2013-Simbolo-de-Surdez-Deficiencia-Auditiva-Identificacao-Oficial-96x96.jpg 96w\" sizes=\"(max-width: 500px) 100vw, 500px\" \/><figcaption class=\"wp-element-caption\">Cord\u00e3o azul para crach\u00e1 com o s\u00edmbolo universal de Surdez\/Defici\u00eancia Auditiva. Ideal para identifica\u00e7\u00e3o r\u00e1pida, acolhimento e comunica\u00e7\u00e3o segura em ambientes p\u00fablicos, escolas e hospitais. Compat\u00edvel com dog tags e crach\u00e1s do sit<\/figcaption><\/figure>\n\n\n\n<hr class=\"wp-block-separator has-alpha-channel-opacity\"\/>\n\n\n\n<h2 class=\"wp-block-heading\" id=\"h-o-que-significa-o-cord-o-azul-de-surdez\">\ud83e\udde9 O que significa o Cord\u00e3o Azul de Surdez?<\/h2>\n\n\n\n<p>O cord\u00e3o azul \u00e9 associado a:<\/p>\n\n\n\n<h3 class=\"wp-block-heading\" id=\"h-defici-ncia-auditiva-invis-vel\">\u2714 <strong>Defici\u00eancia auditiva invis\u00edvel<\/strong><\/h3>\n\n\n\n<p>Muitas pessoas com surdez n\u00e3o aparentam sua condi\u00e7\u00e3o, o que dificulta comunica\u00e7\u00e3o e atendimento. O cord\u00e3o ajuda a tornar isso claro.<\/p>\n\n\n\n<h3 class=\"wp-block-heading\" id=\"h-pedido-silencioso-de-paci-ncia-e-compreens-o\">\u2714 <strong>Pedido silencioso de paci\u00eancia e compreens\u00e3o<\/strong><\/h3>\n\n\n\n<p>O s\u00edmbolo sinaliza que a pessoa pode demorar mais para responder, n\u00e3o ouvir chamadas ou precisar de aux\u00edlio adicional.<\/p>\n\n\n\n<h3 class=\"wp-block-heading\" id=\"h-comunica-o-facilitada\">\u2714 <strong>Comunica\u00e7\u00e3o facilitada<\/strong><\/h3>\n\n\n\n<p>Profissionais e atendentes conseguem ajustar o atendimento com mais cuidado.<\/p>\n\n\n\n<hr class=\"wp-block-separator has-alpha-channel-opacity\"\/>\n\n\n\n<h2 class=\"wp-block-heading\" id=\"h-para-quem-o-cord-o-azul-indicado\">\ud83e\uddbb Para quem o cord\u00e3o azul \u00e9 indicado?<\/h2>\n\n\n\n<p>Ele \u00e9 usado por pessoas com:<\/p>\n\n\n\n<ul>\n<li>Surdez unilateral<\/li>\n\n\n\n<li>Surdez parcial<\/li>\n\n\n\n<li>Surdez profunda<\/li>\n\n\n\n<li>Defici\u00eancia auditiva adquirida<\/li>\n\n\n\n<li>Uso de aparelho auditivo ou implante coclear<\/li>\n\n\n\n<li>Dificuldade de comunica\u00e7\u00e3o oral<\/li>\n<\/ul>\n\n\n\n<p>Tamb\u00e9m \u00e9 utilizado por acompanhantes para sinalizar que a crian\u00e7a ou adulto precisa de aten\u00e7\u00e3o especial.<\/p>\n\n\n\n<hr class=\"wp-block-separator has-alpha-channel-opacity\"\/>\n\n\n\n<h2 class=\"wp-block-heading\" id=\"h-o-que-o-cord-o-azul-n-o-faz\">\ud83d\udcd8 O que o cord\u00e3o azul <strong>n\u00e3o<\/strong> faz<\/h2>\n\n\n\n<ul>\n<li>\u274c N\u00e3o substitui laudo m\u00e9dico<\/li>\n\n\n\n<li>\u274c N\u00e3o garante automaticamente direitos<\/li>\n\n\n\n<li>\u274c N\u00e3o \u00e9 considerado documento oficial<\/li>\n<\/ul>\n\n\n\n<p>Ele \u00e9 um <strong>sinal informativo e humanizado<\/strong>, n\u00e3o um comprovante documental.<\/p>\n\n\n\n<hr class=\"wp-block-separator has-alpha-channel-opacity\"\/>\n\n\n\n<h1 class=\"wp-block-heading\" id=\"h-onde-comprar-o-cord-o-azul-oficial\">\ud83d\uded2 Onde comprar o Cord\u00e3o Azul Oficial?<\/h1>\n\n\n\n<p>Voc\u00ea pode adquirir um cord\u00e3o azul com alta durabilidade, presilha refor\u00e7ada e padr\u00e3o internacional no site da DogTagClan.<\/p>\n\n\n\n<p>\ud83d\udc49 <strong>Cord\u00e3o Azul para Crach\u00e1 \u2013 Identifica\u00e7\u00e3o de Surdez \/ Defici\u00eancia Auditiva<\/strong><br>Envio imediato para todo o Brasil.<\/p>\n\n\n\n<p>\ud83d\udcf2 <strong>WhatsApp oficial:<\/strong><a href=\"https:\/\/wa.me\/55119166665663\" target=\"_blank\" rel=\"noopener\">https:\/\/wa.me\/55119166665663<\/a><br>\ud83c\udf10 <strong>Site:<\/strong><a>www.crachaidentificame.com.br<\/a><\/p>\n\n\n\n<hr class=\"wp-block-separator has-alpha-channel-opacity\"\/>\n\n\n\n<h2 class=\"wp-block-heading\" id=\"h-por-que-escolher-o-modelo-da-crach-identificame\">\u2b50 Por que escolher o modelo da crach\u00e1 identificaME?<\/h2>\n\n\n\n<p>Nosso cord\u00e3o \u00e9:<\/p>\n\n\n\n<h3 class=\"wp-block-heading\" id=\"h-feito-em-material-resistente-e-confort-vel\">\u2714 Feito em material resistente e confort\u00e1vel<\/h3>\n\n\n\n<p>Ideal para uso di\u00e1rio em escolas, trabalho, hospitais e transporte p\u00fablico.<\/p>\n\n\n\n<h3 class=\"wp-block-heading\" id=\"h-cor-azul-padr-o-internacional-da-surdez\">\u2714 Cor azul padr\u00e3o internacional da surdez<\/h3>\n\n\n\n<p>Reconhecida facilmente por profissionais e institui\u00e7\u00f5es.<\/p>\n\n\n\n<h3 class=\"wp-block-heading\" id=\"h-compat-vel-com\">\u2714 Compat\u00edvel com:<\/h3>\n\n\n\n<ul>\n<li>crach\u00e1 escolar<\/li>\n\n\n\n<li>crach\u00e1 m\u00e9dico<\/li>\n\n\n\n<li>cart\u00f5es de emerg\u00eancia<\/li>\n\n\n\n<li>crach\u00e1 com QR Code<\/li>\n\n\n\n<li>identifica\u00e7\u00e3o infantil<\/li>\n\n\n\n<li>identifica\u00e7\u00e3o de adultos<\/li>\n<\/ul>\n\n\n\n<h3 class=\"wp-block-heading\" id=\"h-op-es-infantis-juvenis-e-adultas\">\u2714 Op\u00e7\u00f5es infantis, juvenis e adultas<\/h3>\n\n\n\n<p>Dispon\u00edvel em tamanhos ajustados para todas as idades.<\/p>\n\n\n\n<hr class=\"wp-block-separator has-alpha-channel-opacity\"\/>\n\n\n\n<h2 class=\"wp-block-heading\" id=\"h-perguntas-respondidas\">\ud83d\udd0e Perguntas Respondidas <\/h2>\n\n\n\n<h3 class=\"wp-block-heading\" id=\"h-qual-o-cord-o-para-defici-ncia-auditiva\">\u2753 Qual o cord\u00e3o para defici\u00eancia auditiva?<\/h3>\n\n\n\n<p>\u27a1 O <strong>cord\u00e3o azul<\/strong> \u00e9 o s\u00edmbolo oficial mais usado para identificar pessoas com surdez ou defici\u00eancia auditiva.<\/p>\n\n\n\n<h3 class=\"wp-block-heading\" id=\"h-obrigat-rio-usar-cord-o-azul\">\u2753 \u00c9 obrigat\u00f3rio usar cord\u00e3o azul?<\/h3>\n\n\n\n<p>\u27a1 N\u00e3o. O uso \u00e9 <strong>opcional<\/strong>, mas recomendado para facilitar comunica\u00e7\u00e3o e atendimento.<\/p>\n\n\n\n<h3 class=\"wp-block-heading\" id=\"h-onde-comprar-cord-o-de-surdez\">\u2753 Onde comprar cord\u00e3o de surdez?<\/h3>\n\n\n\n<p>\u27a1 Na DogTagClan, com envio para todo o Brasil.<\/p>\n\n\n\n<h3 class=\"wp-block-heading\" id=\"h-o-cord-o-substitui-laudo\">\u2753 O cord\u00e3o substitui laudo?<\/h3>\n\n\n\n<p>\u27a1 N\u00e3o. Ele \u00e9 apenas um identificador visual.<\/p>\n\n\n\n<hr class=\"wp-block-separator has-alpha-channel-opacity\"\/>\n\n\n\n<p>\ud83c\udfaf <\/p>\n","protected":false},"excerpt":{"rendered":"<p>o que significa, como usar e onde comprar o modelo oficial O Cord\u00e3o Azul de Surdez \u00e9 hoje uma das<\/p>\n","protected":false},"author":1,"featured_media":5076,"comment_status":"open","ping_status":"open","sticky":false,"template":"","format":"standard","meta":{"footnotes":""},"categories":[557,554],"tags":[],"yoast_head":"<!-- This site is optimized with the Yoast SEO Premium plugin v15.5 - https:\/\/yoast.com\/wordpress\/plugins\/seo\/ -->\n<title>\u2b50 Cord\u00e3o Azul para Crach\u00e1 \u2013 S\u00edmbolo de Surdez \/ Defici\u00eancia Auditiva (Identifica\u00e7\u00e3o Oficial) | DogTagClan Blog<\/title>\n<meta name=\"description\" content=\"O Cord\u00e3o Azul de Surdez \u00e9 hoje uma das formas mais reconhecidas de identificar pessoas com defici\u00eancia auditiva, em especial aquelas que n\u00e3o apresentam\" \/>\n<meta name=\"robots\" content=\"index, follow, max-snippet:-1, max-image-preview:large, max-video-preview:-1\" \/>\n<link rel=\"canonical\" href=\"https:\/\/dogtagclan.com.br\/blog\/\u2b50-cordao-azul-para-cracha-simbolo-de-surdez-deficiencia-auditiva-identificacao-oficial\/\" \/>\n<meta property=\"og:locale\" content=\"pt_BR\" \/>\n<meta property=\"og:type\" content=\"article\" \/>\n<meta property=\"og:title\" content=\"\u2b50 Cord\u00e3o Azul para Crach\u00e1 \u2013 S\u00edmbolo de Surdez \/ Defici\u00eancia Auditiva (Identifica\u00e7\u00e3o Oficial) | DogTagClan Blog\" \/>\n<meta property=\"og:description\" content=\"O Cord\u00e3o Azul de Surdez \u00e9 hoje uma das formas mais reconhecidas de identificar pessoas com defici\u00eancia auditiva, em especial aquelas que n\u00e3o apresentam\" \/>\n<meta property=\"og:url\" content=\"https:\/\/dogtagclan.com.br\/blog\/\u2b50-cordao-azul-para-cracha-simbolo-de-surdez-deficiencia-auditiva-identificacao-oficial\/\" \/>\n<meta property=\"og:site_name\" content=\"DogTagClan Blog\" \/>\n<meta property=\"article:publisher\" content=\"https:\/\/www.facebook.com\/dogtagclan\" \/>\n<meta property=\"article:author\" content=\"https:\/\/www.facebook.com\/dogtagclan\" \/>\n<meta property=\"article:published_time\" content=\"2025-11-26T17:48:28+00:00\" \/>\n<meta property=\"article:modified_time\" content=\"2025-11-26T17:48:30+00:00\" \/>\n<meta property=\"og:image\" content=\"https:\/\/dogtagclan.com.br\/blog\/wp-content\/uploads\/2025\/11\/Cordao-Azul-para-Cracha-\u2013-Simbolo-de-Surdez-Deficiencia-Auditiva-Identificacao-Oficial.jpg\" \/>\n\t<meta property=\"og:image:width\" content=\"500\" \/>\n\t<meta property=\"og:image:height\" content=\"500\" \/>\n<meta name=\"twitter:card\" content=\"summary_large_image\" \/>\n<meta name=\"twitter:creator\" content=\"@https:\/\/x.com\/Dogtagclanclan\" \/>\n<meta name=\"twitter:label1\" content=\"Est. tempo de leitura\">\n\t<meta name=\"twitter:data1\" content=\"2 minutos\">\n<script type=\"application\/ld+json\" class=\"yoast-schema-graph\">{\"@context\":\"https:\/\/schema.org\",\"@graph\":[{\"@type\":\"Organization\",\"@id\":\"https:\/\/dogtagclan.com.br\/blog\/#organization\",\"name\":\"DogTagClan | Dog Tags, Crach\\u00e1s e Acess\\u00f3rios Personalizados\",\"url\":\"https:\/\/dogtagclan.com.br\/blog\/\",\"sameAs\":[\"https:\/\/www.facebook.com\/dogtagclan\"],\"logo\":{\"@type\":\"ImageObject\",\"@id\":\"https:\/\/dogtagclan.com.br\/blog\/#logo\",\"inLanguage\":\"pt-BR\",\"url\":\"https:\/\/dogtagclan.com.br\/blog\/wp-content\/uploads\/2023\/02\/cropped-doftagclan-logo.png\",\"width\":250,\"height\":140,\"caption\":\"DogTagClan | Dog Tags, Crach\\u00e1s e Acess\\u00f3rios Personalizados\"},\"image\":{\"@id\":\"https:\/\/dogtagclan.com.br\/blog\/#logo\"}},{\"@type\":\"WebSite\",\"@id\":\"https:\/\/dogtagclan.com.br\/blog\/#website\",\"url\":\"https:\/\/dogtagclan.com.br\/blog\/\",\"name\":\"DogTagClan Blog\",\"description\":\"A gente faz, do seu Jeito\",\"publisher\":{\"@id\":\"https:\/\/dogtagclan.com.br\/blog\/#organization\"},\"potentialAction\":[{\"@type\":\"SearchAction\",\"target\":\"https:\/\/dogtagclan.com.br\/blog\/?s={search_term_string}\",\"query-input\":\"required name=search_term_string\"}],\"inLanguage\":\"pt-BR\"},{\"@type\":\"ImageObject\",\"@id\":\"https:\/\/dogtagclan.com.br\/blog\/%e2%ad%90-cordao-azul-para-cracha-simbolo-de-surdez-deficiencia-auditiva-identificacao-oficial\/#primaryimage\",\"inLanguage\":\"pt-BR\",\"url\":\"https:\/\/dogtagclan.com.br\/blog\/wp-content\/uploads\/2025\/11\/Cordao-Azul-para-Cracha-\\u2013-Simbolo-de-Surdez-Deficiencia-Auditiva-Identificacao-Oficial.jpg\",\"width\":500,\"height\":500,\"caption\":\"Cord\\u00e3o azul para crach\\u00e1 com o s\\u00edmbolo universal de Surdez\/Defici\\u00eancia Auditiva. Ideal para identifica\\u00e7\\u00e3o r\\u00e1pida, acolhimento e comunica\\u00e7\\u00e3o segura em ambientes p\\u00fablicos, escolas e hospitais. Compat\\u00edvel com dog tags e crach\\u00e1s do sit\"},{\"@type\":\"WebPage\",\"@id\":\"https:\/\/dogtagclan.com.br\/blog\/%e2%ad%90-cordao-azul-para-cracha-simbolo-de-surdez-deficiencia-auditiva-identificacao-oficial\/#webpage\",\"url\":\"https:\/\/dogtagclan.com.br\/blog\/%e2%ad%90-cordao-azul-para-cracha-simbolo-de-surdez-deficiencia-auditiva-identificacao-oficial\/\",\"name\":\"\\u2b50 Cord\\u00e3o Azul para Crach\\u00e1 \\u2013 S\\u00edmbolo de Surdez \/ Defici\\u00eancia Auditiva (Identifica\\u00e7\\u00e3o Oficial) | DogTagClan Blog\",\"isPartOf\":{\"@id\":\"https:\/\/dogtagclan.com.br\/blog\/#website\"},\"primaryImageOfPage\":{\"@id\":\"https:\/\/dogtagclan.com.br\/blog\/%e2%ad%90-cordao-azul-para-cracha-simbolo-de-surdez-deficiencia-auditiva-identificacao-oficial\/#primaryimage\"},\"datePublished\":\"2025-11-26T17:48:28+00:00\",\"dateModified\":\"2025-11-26T17:48:30+00:00\",\"description\":\"O Cord\\u00e3o Azul de Surdez \\u00e9 hoje uma das formas mais reconhecidas de identificar pessoas com defici\\u00eancia auditiva, em especial aquelas que n\\u00e3o apresentam\",\"inLanguage\":\"pt-BR\",\"potentialAction\":[{\"@type\":\"ReadAction\",\"target\":[\"https:\/\/dogtagclan.com.br\/blog\/%e2%ad%90-cordao-azul-para-cracha-simbolo-de-surdez-deficiencia-auditiva-identificacao-oficial\/\"]}]},{\"@type\":\"Article\",\"@id\":\"https:\/\/dogtagclan.com.br\/blog\/%e2%ad%90-cordao-azul-para-cracha-simbolo-de-surdez-deficiencia-auditiva-identificacao-oficial\/#article\",\"isPartOf\":{\"@id\":\"https:\/\/dogtagclan.com.br\/blog\/%e2%ad%90-cordao-azul-para-cracha-simbolo-de-surdez-deficiencia-auditiva-identificacao-oficial\/#webpage\"},\"author\":{\"@id\":\"https:\/\/dogtagclan.com.br\/blog\/#\/schema\/person\/b7279d930f15e2a85c89cd3b2f1d8df5\"},\"headline\":\"\\u2b50 Cord\\u00e3o Azul para Crach\\u00e1 \\u2013 S\\u00edmbolo de Surdez \/ Defici\\u00eancia Auditiva (Identifica\\u00e7\\u00e3o Oficial)\",\"datePublished\":\"2025-11-26T17:48:28+00:00\",\"dateModified\":\"2025-11-26T17:48:30+00:00\",\"mainEntityOfPage\":{\"@id\":\"https:\/\/dogtagclan.com.br\/blog\/%e2%ad%90-cordao-azul-para-cracha-simbolo-de-surdez-deficiencia-auditiva-identificacao-oficial\/#webpage\"},\"commentCount\":0,\"publisher\":{\"@id\":\"https:\/\/dogtagclan.com.br\/blog\/#organization\"},\"image\":{\"@id\":\"https:\/\/dogtagclan.com.br\/blog\/%e2%ad%90-cordao-azul-para-cracha-simbolo-de-surdez-deficiencia-auditiva-identificacao-oficial\/#primaryimage\"},\"articleSection\":\"Crach\\u00e1 de Identifica\\u00e7\\u00e3o,Crachas e broches personalizados\",\"inLanguage\":\"pt-BR\",\"potentialAction\":[{\"@type\":\"CommentAction\",\"name\":\"Comment\",\"target\":[\"https:\/\/dogtagclan.com.br\/blog\/%e2%ad%90-cordao-azul-para-cracha-simbolo-de-surdez-deficiencia-auditiva-identificacao-oficial\/#respond\"]}]},{\"@type\":\"Person\",\"@id\":\"https:\/\/dogtagclan.com.br\/blog\/#\/schema\/person\/b7279d930f15e2a85c89cd3b2f1d8df5\",\"name\":\"dogtagclan\",\"description\":\"\\\"A DogTagClan \\u00e9 especializada na fabrica\\u00e7\\u00e3o e personaliza\\u00e7\\u00e3o de Dog Tags, crach\\u00e1s e acess\\u00f3rios. Produzimos pe\\u00e7as em a\\u00e7o inoxid\\u00e1vel com grava\\u00e7\\u00f5es de alta precis\\u00e3o para identifica\\u00e7\\u00e3o pessoal e profissional.\\\"\",\"sameAs\":[\"https:\/\/blog.dogtagclan.com.br\",\"https:\/\/www.facebook.com\/dogtagclan\",\"https:\/\/www.instagram.com\/dogtagclan\",\"https:\/\/twitter.com\/https:\/\/x.com\/Dogtagclanclan\",\"https:\/\/www.youtube.com\/dogtagclan\"]}]}<\/script>\n<!-- \/ Yoast SEO Premium plugin. -->","_links":{"self":[{"href":"https:\/\/dogtagclan.com.br\/blog\/wp-json\/wp\/v2\/posts\/5127"}],"collection":[{"href":"https:\/\/dogtagclan.com.br\/blog\/wp-json\/wp\/v2\/posts"}],"about":[{"href":"https:\/\/dogtagclan.com.br\/blog\/wp-json\/wp\/v2\/types\/post"}],"author":[{"embeddable":true,"href":"https:\/\/dogtagclan.com.br\/blog\/wp-json\/wp\/v2\/users\/1"}],"replies":[{"embeddable":true,"href":"https:\/\/dogtagclan.com.br\/blog\/wp-json\/wp\/v2\/comments?post=5127"}],"version-history":[{"count":1,"href":"https:\/\/dogtagclan.com.br\/blog\/wp-json\/wp\/v2\/posts\/5127\/revisions"}],"predecessor-version":[{"id":5129,"href":"https:\/\/dogtagclan.com.br\/blog\/wp-json\/wp\/v2\/posts\/5127\/revisions\/5129"}],"wp:featuredmedia":[{"embeddable":true,"href":"https:\/\/dogtagclan.com.br\/blog\/wp-json\/wp\/v2\/media\/5076"}],"wp:attachment":[{"href":"https:\/\/dogtagclan.com.br\/blog\/wp-json\/wp\/v2\/media?parent=5127"}],"wp:term":[{"taxonomy":"category","embeddable":true,"href":"https:\/\/dogtagclan.com.br\/blog\/wp-json\/wp\/v2\/categories?post=5127"},{"taxonomy":"post_tag","embeddable":true,"href":"https:\/\/dogtagclan.com.br\/blog\/wp-json\/wp\/v2\/tags?post=5127"}],"curies":[{"name":"wp","href":"https:\/\/api.w.org\/{rel}","templated":true}]}}