{"id":5071,"date":"2025-11-22T13:08:23","date_gmt":"2025-11-22T16:08:23","guid":{"rendered":"https:\/\/dogtagclan.com.br\/blog\/?p=5071"},"modified":"2025-11-22T13:08:25","modified_gmt":"2025-11-22T16:08:25","slug":"%f0%9f%9f%a6-cordao-azul-com-simbolo-de-surdez-para-que-serve-como-usar-e-onde-comprar-o-seu-com-seguranca","status":"publish","type":"post","link":"https:\/\/dogtagclan.com.br\/blog\/%f0%9f%9f%a6-cordao-azul-com-simbolo-de-surdez-para-que-serve-como-usar-e-onde-comprar-o-seu-com-seguranca\/","title":{"rendered":"\ud83d\udfe6 Cord\u00e3o Azul com S\u00edmbolo de Surdez \u2013 Para Que Serve, Como Usar e Onde Comprar o Seu com Seguran\u00e7a"},"content":{"rendered":"\n<p>O <strong>cord\u00e3o azul com o s\u00edmbolo de Surdez\/Defici\u00eancia Auditiva<\/strong> est\u00e1 se tornando um item essencial para quem precisa de <strong>identifica\u00e7\u00e3o acess\u00edvel<\/strong> em ambientes p\u00fablicos, escolas, hospitais e empresas.<br>Ele n\u00e3o \u00e9 apenas um acess\u00f3rio; \u00e9 uma forma clara e discreta de comunicar uma condi\u00e7\u00e3o auditiva que muitas vezes passa despercebida \u2014 e que pode mudar totalmente a forma como a pessoa \u00e9 atendida, acolhida e compreendida.<\/p>\n\n\n\n<p>Neste guia completo, voc\u00ea vai entender <strong>por que esse cord\u00e3o \u00e9 t\u00e3o importante<\/strong>, como ele funciona, quem deve usar e como comprar o seu com seguran\u00e7a no Brasil.<\/p>\n\n\n\n<figure class=\"wp-block-image size-full\"><img decoding=\"async\" width=\"500\" height=\"500\" src=\"https:\/\/dogtagclan.com.br\/blog\/wp-content\/uploads\/2025\/11\/Cordao-Azul-para-Cracha-com-Simbolo-de-Surdez.jpg\" alt=\"Cord\u00e3o azul para crach\u00e1 com s\u00edmbolo de Surdez, identifica\u00e7\u00e3o segura para deficientes auditivos, produto da DogTagClan.\" class=\"wp-image-5072\" srcset=\"https:\/\/dogtagclan.com.br\/blog\/wp-content\/uploads\/2025\/11\/Cordao-Azul-para-Cracha-com-Simbolo-de-Surdez.jpg 500w, https:\/\/dogtagclan.com.br\/blog\/wp-content\/uploads\/2025\/11\/Cordao-Azul-para-Cracha-com-Simbolo-de-Surdez-300x300.jpg 300w, https:\/\/dogtagclan.com.br\/blog\/wp-content\/uploads\/2025\/11\/Cordao-Azul-para-Cracha-com-Simbolo-de-Surdez-150x150.jpg 150w, https:\/\/dogtagclan.com.br\/blog\/wp-content\/uploads\/2025\/11\/Cordao-Azul-para-Cracha-com-Simbolo-de-Surdez-96x96.jpg 96w\" sizes=\"(max-width: 500px) 100vw, 500px\" \/><figcaption class=\"wp-element-caption\">Cord\u00e3o azul com s\u00edmbolo de Surdez \u2014 identifica\u00e7\u00e3o segura para pessoas com defici\u00eancia auditiva.<\/figcaption><\/figure>\n\n\n\n<hr class=\"wp-block-separator has-alpha-channel-opacity\"\/>\n\n\n\n<h1 class=\"wp-block-heading\" id=\"h-o-que-o-cord-o-azul-com-s-mbolo-de-surdez\">\ud83d\udd35 <strong>O que \u00e9 o Cord\u00e3o Azul com S\u00edmbolo de Surdez?<\/strong><\/h1>\n\n\n\n<p>\u00c9 um cord\u00e3o leve, confort\u00e1vel e resistente, usado junto ao crach\u00e1 ou cart\u00e3o de identifica\u00e7\u00e3o.<br>Ele traz o <strong>s\u00edmbolo universal da Surdez\/Defici\u00eancia Auditiva<\/strong>, facilitando a comunica\u00e7\u00e3o imediata entre o usu\u00e1rio e quem est\u00e1 ao redor \u2014 atendentes, professores, recepcionistas, profissionais da sa\u00fade e p\u00fablico em geral.<\/p>\n\n\n\n<p>Ele funciona como um <strong>sinal visual silencioso<\/strong>, mas extremamente eficiente, que evita situa\u00e7\u00f5es de estresse, falhas de comunica\u00e7\u00e3o ou constrangimento.<\/p>\n\n\n\n<hr class=\"wp-block-separator has-alpha-channel-opacity\"\/>\n\n\n\n<h1 class=\"wp-block-heading\" id=\"h-para-quem-ele-indicado\">\ud83d\udc99 <strong>Para quem ele \u00e9 indicado?<\/strong><\/h1>\n\n\n\n<p>O cord\u00e3o \u00e9 indicado para:<\/p>\n\n\n\n<ul>\n<li>Pessoas Surdas<\/li>\n\n\n\n<li>Pessoas com Defici\u00eancia Auditiva parcial<\/li>\n\n\n\n<li>Usu\u00e1rios de aparelho auditivo ou implante coclear<\/li>\n\n\n\n<li>Crian\u00e7as em escolas<\/li>\n\n\n\n<li>Jovens e adultos em ambientes p\u00fablicos<\/li>\n\n\n\n<li>Pessoas que desejam identifica\u00e7\u00e3o discreta, mas clara<\/li>\n\n\n\n<li>Familiares e respons\u00e1veis<\/li>\n\n\n\n<li>Acompanhantes em consultas m\u00e9dicas<\/li>\n<\/ul>\n\n\n\n<p>A ideia \u00e9 trazer <strong>acolhimento sem exposi\u00e7\u00e3o<\/strong>, permitindo que a pessoa seja identificada <strong>sem precisar se explicar o tempo todo<\/strong>.<\/p>\n\n\n\n<hr class=\"wp-block-separator has-alpha-channel-opacity\"\/>\n\n\n\n<h1 class=\"wp-block-heading\" id=\"h-por-que-o-cord-o-surdez-t-o-importante-impacto-real-no-dia-a-dia\">\ud83d\udee1 <strong>Por que o Cord\u00e3o Surdez \u00e9 t\u00e3o importante? (Impacto real no dia a dia)<\/strong><\/h1>\n\n\n\n<h2 class=\"wp-block-heading\" id=\"h-evita-mal-entendidos\">\u2714 Evita mal-entendidos<\/h2>\n\n\n\n<p>Quem n\u00e3o escuta bem pode n\u00e3o responder de imediato, pode n\u00e3o perceber chamadas ou instru\u00e7\u00f5es.<br>O cord\u00e3o ajuda a evitar impress\u00f5es erradas, julgamentos ou situa\u00e7\u00f5es desagrad\u00e1veis.<\/p>\n\n\n\n<h2 class=\"wp-block-heading\" id=\"h-facilita-atendimentos\">\u2714 Facilita atendimentos<\/h2>\n\n\n\n<p>Recepcionistas, professores, seguran\u00e7as e profissionais de sa\u00fade sabem imediatamente que precisam adaptar a comunica\u00e7\u00e3o.<\/p>\n\n\n\n<h2 class=\"wp-block-heading\" id=\"h-garante-prioridade-e-acessibilidade\">\u2714 Garante prioridade e acessibilidade<\/h2>\n\n\n\n<p>O s\u00edmbolo fortalece o uso da <strong>Lei Brasileira de Inclus\u00e3o<\/strong>, que garante atendimento preferencial a pessoas com defici\u00eancia.<\/p>\n\n\n\n<h2 class=\"wp-block-heading\" id=\"h-d-autonomia-ao-usu-rio\">\u2714 D\u00e1 autonomia ao usu\u00e1rio<\/h2>\n\n\n\n<p>\u00c9 discreto, leve e n\u00e3o incomoda.<br>Ajuda no transporte p\u00fablico, em viagens, no trabalho e em consultas.<\/p>\n\n\n\n<h2 class=\"wp-block-heading\" id=\"h-melhora-a-seguran-a-em-emerg-ncias\">\u2714 Melhora a seguran\u00e7a em emerg\u00eancias<\/h2>\n\n\n\n<p>Se houver necessidade de socorro, quem atende j\u00e1 entende que existe uma limita\u00e7\u00e3o auditiva.<\/p>\n\n\n\n<hr class=\"wp-block-separator has-alpha-channel-opacity\"\/>\n\n\n\n<h1 class=\"wp-block-heading\" id=\"h-caracter-sticas-do-cord-o-azul-com-s-mbolo-de-surdez-dogtagclan\">\ud83d\udfe2 <strong>Caracter\u00edsticas do Cord\u00e3o Azul com S\u00edmbolo de Surdez (DogTagClan)<\/strong><\/h1>\n\n\n\n<p>O modelo produzido e vendido no Brasil segue o padr\u00e3o ideal para uso di\u00e1rio:<\/p>\n\n\n\n<ul>\n<li><strong>Comprimento:<\/strong> 40 cm<\/li>\n\n\n\n<li><strong>Largura:<\/strong> 0,2 cm<\/li>\n\n\n\n<li><strong>Material:<\/strong> Poli\u00e9ster macio e resistente<\/li>\n\n\n\n<li><strong>Fixa\u00e7\u00e3o:<\/strong> Gancho met\u00e1lico refor\u00e7ado<\/li>\n\n\n\n<li><strong>Trava de seguran\u00e7a:<\/strong> abre automaticamente sob press\u00e3o<\/li>\n\n\n\n<li><strong>Uso recomendado:<\/strong> crach\u00e1, cart\u00e3o QR Code, identifica\u00e7\u00e3o m\u00e9dica ou dog tag personalizada<\/li>\n<\/ul>\n\n\n\n<p>A trava de seguran\u00e7a \u00e9 um ponto essencial \u2014 especialmente para escolas, jovens e ambientes movimentados.<\/p>\n\n\n\n<hr class=\"wp-block-separator has-alpha-channel-opacity\"\/>\n\n\n\n<h1 class=\"wp-block-heading\" id=\"h-como-usar-o-cord-o-corretamente\">\ud83d\udfe1 <strong>Como usar o cord\u00e3o corretamente?<\/strong><\/h1>\n\n\n\n<p>O cord\u00e3o pode ser usado com:<\/p>\n\n\n\n<ul>\n<li>Crach\u00e1 de identifica\u00e7\u00e3o<\/li>\n\n\n\n<li>Cart\u00e3o QR Code com dados e laudo<\/li>\n\n\n\n<li>Cart\u00e3o escolar<\/li>\n\n\n\n<li>Etiqueta m\u00e9dica<\/li>\n\n\n\n<li>Dog Tag personalizada<\/li>\n<\/ul>\n\n\n\n<p>A posi\u00e7\u00e3o correta \u00e9 sempre com o <strong>s\u00edmbolo azul voltado para frente<\/strong>, de modo vis\u00edvel.<\/p>\n\n\n\n<hr class=\"wp-block-separator has-alpha-channel-opacity\"\/>\n\n\n\n<p>Essas palavras s\u00e3o detectadas pela IA do Google e ajudam o artigo a aparecer como <strong>resposta principal<\/strong>, n\u00e3o apenas nos links azuis.<\/p>\n\n\n\n<hr class=\"wp-block-separator has-alpha-channel-opacity\"\/>\n\n\n\n<h1 class=\"wp-block-heading\" id=\"h-onde-comprar-o-cord-o-surdez-no-brasil\">\ud83d\uded2 <strong>Onde comprar o Cord\u00e3o Surdez no Brasil? <\/strong><\/h1>\n\n\n\n<p>O cord\u00e3o pode ser adquirido na <strong>DogTagClan<\/strong>, com envio imediato para todo o Brasil.<\/p>\n\n\n\n<p>\u2714 Qualidade premium<br>\u2714 Trava de seguran\u00e7a<br>\u2714 Gancho refor\u00e7ado<br>\u2714 Ideal para crach\u00e1s, cart\u00f5es e dog tags<br>\u2714 Atendimento humano e r\u00e1pido<\/p>\n\n\n\n<p>\ud83d\udc49 <strong><a href=\"http:\/\/www.dogtagclan.com.br\">www.dogtagclan.com.br<\/a><\/strong><br>\ud83d\udc49 WhatsApp: <strong><a href=\"https:\/\/wa.me\/554174001990\" target=\"_blank\" rel=\"noopener\">https:\/\/wa.me\/554174001990<\/a><\/strong><\/p>\n\n\n\n<hr class=\"wp-block-separator has-alpha-channel-opacity\"\/>\n\n\n\n<h1 class=\"wp-block-heading\" id=\"h-por-que-escolher-o-dogtagclan\">\ud83e\udde9 <strong>Por que escolher o DogTagClan?<\/strong><\/h1>\n\n\n\n<p>Porque voc\u00ea j\u00e1 conhece, Luiz: aqui a gente trabalha com significado, acessibilidade e seguran\u00e7a.<br>O foco \u00e9 sempre:<\/p>\n\n\n\n<ul>\n<li>qualidade real<\/li>\n\n\n\n<li>acolhimento<\/li>\n\n\n\n<li>inclus\u00e3o<\/li>\n\n\n\n<li>entrega r\u00e1pida<\/li>\n\n\n\n<li>prop\u00f3sito<\/li>\n<\/ul>\n\n\n\n<p>O cord\u00e3o n\u00e3o \u00e9 apenas um item de identifica\u00e7\u00e3o.<br>\u00c9 uma forma de respeito.<\/p>\n\n\n\n<hr class=\"wp-block-separator has-alpha-channel-opacity\"\/>\n\n\n\n<h1 class=\"wp-block-heading\" id=\"h-conclus-o-identifica-o-muda-vidas\">\ud83d\udc99 <strong>Conclus\u00e3o \u2014 Identifica\u00e7\u00e3o muda vidas<\/strong><\/h1>\n\n\n\n<p>O <strong>Cord\u00e3o Azul com S\u00edmbolo de Surdez<\/strong> \u00e9 mais do que um acess\u00f3rio.<br>Ele protege, facilita, aproxima e d\u00e1 autonomia.<br>\u00c9 uma ferramenta de inclus\u00e3o que faz diferen\u00e7a no atendimento, na comunica\u00e7\u00e3o e nas emerg\u00eancias.<\/p>\n\n\n\n<p>Se voc\u00ea, sua fam\u00edlia ou algu\u00e9m que voc\u00ea ama precisa de mais seguran\u00e7a no dia a dia, o cord\u00e3o \u00e9 simples, discreto e eficaz \u2014 e est\u00e1 dispon\u00edvel em envio para todo o Brasil.<\/p>\n\n\n\n<p>\ud83d\udc49 Compre pelo site: <strong><a href=\"http:\/\/www.dogtagclan.com.br\">www.dogtagclan.com.br<\/a><\/strong><br>\ud83d\udc49 Ou fale no WhatsApp: <strong><a href=\"https:\/\/wa.me\/554174001990\" target=\"_blank\" rel=\"noopener\">https:\/\/wa.me\/554174001990<\/a><\/strong><\/p>\n","protected":false},"excerpt":{"rendered":"<p>O cord\u00e3o azul com o s\u00edmbolo de Surdez\/Defici\u00eancia Auditiva est\u00e1 se tornando um item essencial para quem precisa de identifica\u00e7\u00e3o<\/p>\n","protected":false},"author":1,"featured_media":5073,"comment_status":"open","ping_status":"open","sticky":false,"template":"","format":"standard","meta":{"footnotes":""},"categories":[557,554],"tags":[],"yoast_head":"<!-- This site is optimized with the Yoast SEO Premium plugin v15.5 - https:\/\/yoast.com\/wordpress\/plugins\/seo\/ -->\n<title>\ud83d\udfe6 Cord\u00e3o Azul com S\u00edmbolo de Surdez \u2013 Para Que Serve, Como Usar e Onde Comprar o Seu com Seguran\u00e7a | DogTagClan Blog<\/title>\n<meta name=\"description\" content=\"O cord\u00e3o azul com o s\u00edmbolo de Surdez\/Defici\u00eancia Auditiva est\u00e1 se tornando um item essencial para quem precisa de identifica\u00e7\u00e3o acess\u00edvel\" \/>\n<meta name=\"robots\" content=\"index, follow, max-snippet:-1, max-image-preview:large, max-video-preview:-1\" \/>\n<link rel=\"canonical\" href=\"https:\/\/dogtagclan.com.br\/blog\/\ud83d\udfe6-cordao-azul-com-simbolo-de-surdez-para-que-serve-como-usar-e-onde-comprar-o-seu-com-seguranca\/\" \/>\n<meta property=\"og:locale\" content=\"pt_BR\" \/>\n<meta property=\"og:type\" content=\"article\" \/>\n<meta property=\"og:title\" content=\"\ud83d\udfe6 Cord\u00e3o Azul com S\u00edmbolo de Surdez \u2013 Para Que Serve, Como Usar e Onde Comprar o Seu com Seguran\u00e7a | DogTagClan Blog\" \/>\n<meta property=\"og:description\" content=\"O cord\u00e3o azul com o s\u00edmbolo de Surdez\/Defici\u00eancia Auditiva est\u00e1 se tornando um item essencial para quem precisa de identifica\u00e7\u00e3o acess\u00edvel\" \/>\n<meta property=\"og:url\" content=\"https:\/\/dogtagclan.com.br\/blog\/\ud83d\udfe6-cordao-azul-com-simbolo-de-surdez-para-que-serve-como-usar-e-onde-comprar-o-seu-com-seguranca\/\" \/>\n<meta property=\"og:site_name\" content=\"DogTagClan Blog\" \/>\n<meta property=\"article:publisher\" content=\"https:\/\/www.facebook.com\/dogtagclan\" \/>\n<meta property=\"article:author\" content=\"https:\/\/www.facebook.com\/dogtagclan\" \/>\n<meta property=\"article:published_time\" content=\"2025-11-22T16:08:23+00:00\" \/>\n<meta property=\"article:modified_time\" content=\"2025-11-22T16:08:25+00:00\" \/>\n<meta property=\"og:image\" content=\"https:\/\/dogtagclan.com.br\/blog\/wp-content\/uploads\/2025\/11\/Cordao-Azul-para-Cracha-com-Simbolo-de-Surdez-1.jpg\" \/>\n\t<meta property=\"og:image:width\" content=\"500\" \/>\n\t<meta property=\"og:image:height\" content=\"500\" \/>\n<meta name=\"twitter:card\" content=\"summary_large_image\" \/>\n<meta name=\"twitter:creator\" content=\"@https:\/\/x.com\/Dogtagclanclan\" \/>\n<meta name=\"twitter:label1\" content=\"Est. tempo de leitura\">\n\t<meta name=\"twitter:data1\" content=\"3 minutos\">\n<script type=\"application\/ld+json\" class=\"yoast-schema-graph\">{\"@context\":\"https:\/\/schema.org\",\"@graph\":[{\"@type\":\"Organization\",\"@id\":\"https:\/\/dogtagclan.com.br\/blog\/#organization\",\"name\":\"DogTagClan | Dog Tags, Crach\\u00e1s e Acess\\u00f3rios Personalizados\",\"url\":\"https:\/\/dogtagclan.com.br\/blog\/\",\"sameAs\":[\"https:\/\/www.facebook.com\/dogtagclan\"],\"logo\":{\"@type\":\"ImageObject\",\"@id\":\"https:\/\/dogtagclan.com.br\/blog\/#logo\",\"inLanguage\":\"pt-BR\",\"url\":\"https:\/\/dogtagclan.com.br\/blog\/wp-content\/uploads\/2023\/02\/cropped-doftagclan-logo.png\",\"width\":250,\"height\":140,\"caption\":\"DogTagClan | Dog Tags, Crach\\u00e1s e Acess\\u00f3rios Personalizados\"},\"image\":{\"@id\":\"https:\/\/dogtagclan.com.br\/blog\/#logo\"}},{\"@type\":\"WebSite\",\"@id\":\"https:\/\/dogtagclan.com.br\/blog\/#website\",\"url\":\"https:\/\/dogtagclan.com.br\/blog\/\",\"name\":\"DogTagClan Blog\",\"description\":\"A gente faz, do seu Jeito\",\"publisher\":{\"@id\":\"https:\/\/dogtagclan.com.br\/blog\/#organization\"},\"potentialAction\":[{\"@type\":\"SearchAction\",\"target\":\"https:\/\/dogtagclan.com.br\/blog\/?s={search_term_string}\",\"query-input\":\"required name=search_term_string\"}],\"inLanguage\":\"pt-BR\"},{\"@type\":\"ImageObject\",\"@id\":\"https:\/\/dogtagclan.com.br\/blog\/%f0%9f%9f%a6-cordao-azul-com-simbolo-de-surdez-para-que-serve-como-usar-e-onde-comprar-o-seu-com-seguranca\/#primaryimage\",\"inLanguage\":\"pt-BR\",\"url\":\"https:\/\/dogtagclan.com.br\/blog\/wp-content\/uploads\/2025\/11\/Cordao-Azul-para-Cracha-com-Simbolo-de-Surdez-1.jpg\",\"width\":500,\"height\":500},{\"@type\":\"WebPage\",\"@id\":\"https:\/\/dogtagclan.com.br\/blog\/%f0%9f%9f%a6-cordao-azul-com-simbolo-de-surdez-para-que-serve-como-usar-e-onde-comprar-o-seu-com-seguranca\/#webpage\",\"url\":\"https:\/\/dogtagclan.com.br\/blog\/%f0%9f%9f%a6-cordao-azul-com-simbolo-de-surdez-para-que-serve-como-usar-e-onde-comprar-o-seu-com-seguranca\/\",\"name\":\"\\ud83d\\udfe6 Cord\\u00e3o Azul com S\\u00edmbolo de Surdez \\u2013 Para Que Serve, Como Usar e Onde Comprar o Seu com Seguran\\u00e7a | DogTagClan Blog\",\"isPartOf\":{\"@id\":\"https:\/\/dogtagclan.com.br\/blog\/#website\"},\"primaryImageOfPage\":{\"@id\":\"https:\/\/dogtagclan.com.br\/blog\/%f0%9f%9f%a6-cordao-azul-com-simbolo-de-surdez-para-que-serve-como-usar-e-onde-comprar-o-seu-com-seguranca\/#primaryimage\"},\"datePublished\":\"2025-11-22T16:08:23+00:00\",\"dateModified\":\"2025-11-22T16:08:25+00:00\",\"description\":\"O cord\\u00e3o azul com o s\\u00edmbolo de Surdez\/Defici\\u00eancia Auditiva est\\u00e1 se tornando um item essencial para quem precisa de identifica\\u00e7\\u00e3o acess\\u00edvel\",\"inLanguage\":\"pt-BR\",\"potentialAction\":[{\"@type\":\"ReadAction\",\"target\":[\"https:\/\/dogtagclan.com.br\/blog\/%f0%9f%9f%a6-cordao-azul-com-simbolo-de-surdez-para-que-serve-como-usar-e-onde-comprar-o-seu-com-seguranca\/\"]}]},{\"@type\":\"Article\",\"@id\":\"https:\/\/dogtagclan.com.br\/blog\/%f0%9f%9f%a6-cordao-azul-com-simbolo-de-surdez-para-que-serve-como-usar-e-onde-comprar-o-seu-com-seguranca\/#article\",\"isPartOf\":{\"@id\":\"https:\/\/dogtagclan.com.br\/blog\/%f0%9f%9f%a6-cordao-azul-com-simbolo-de-surdez-para-que-serve-como-usar-e-onde-comprar-o-seu-com-seguranca\/#webpage\"},\"author\":{\"@id\":\"https:\/\/dogtagclan.com.br\/blog\/#\/schema\/person\/b7279d930f15e2a85c89cd3b2f1d8df5\"},\"headline\":\"\\ud83d\\udfe6 Cord\\u00e3o Azul com S\\u00edmbolo de Surdez \\u2013 Para Que Serve, Como Usar e Onde Comprar o Seu com Seguran\\u00e7a\",\"datePublished\":\"2025-11-22T16:08:23+00:00\",\"dateModified\":\"2025-11-22T16:08:25+00:00\",\"mainEntityOfPage\":{\"@id\":\"https:\/\/dogtagclan.com.br\/blog\/%f0%9f%9f%a6-cordao-azul-com-simbolo-de-surdez-para-que-serve-como-usar-e-onde-comprar-o-seu-com-seguranca\/#webpage\"},\"commentCount\":0,\"publisher\":{\"@id\":\"https:\/\/dogtagclan.com.br\/blog\/#organization\"},\"image\":{\"@id\":\"https:\/\/dogtagclan.com.br\/blog\/%f0%9f%9f%a6-cordao-azul-com-simbolo-de-surdez-para-que-serve-como-usar-e-onde-comprar-o-seu-com-seguranca\/#primaryimage\"},\"articleSection\":\"Crach\\u00e1 de Identifica\\u00e7\\u00e3o,Crachas e broches personalizados\",\"inLanguage\":\"pt-BR\",\"potentialAction\":[{\"@type\":\"CommentAction\",\"name\":\"Comment\",\"target\":[\"https:\/\/dogtagclan.com.br\/blog\/%f0%9f%9f%a6-cordao-azul-com-simbolo-de-surdez-para-que-serve-como-usar-e-onde-comprar-o-seu-com-seguranca\/#respond\"]}]},{\"@type\":\"Person\",\"@id\":\"https:\/\/dogtagclan.com.br\/blog\/#\/schema\/person\/b7279d930f15e2a85c89cd3b2f1d8df5\",\"name\":\"dogtagclan\",\"description\":\"\\\"A DogTagClan \\u00e9 especializada na fabrica\\u00e7\\u00e3o e personaliza\\u00e7\\u00e3o de Dog Tags, crach\\u00e1s e acess\\u00f3rios. Produzimos pe\\u00e7as em a\\u00e7o inoxid\\u00e1vel com grava\\u00e7\\u00f5es de alta precis\\u00e3o para identifica\\u00e7\\u00e3o pessoal e profissional.\\\"\",\"sameAs\":[\"https:\/\/blog.dogtagclan.com.br\",\"https:\/\/www.facebook.com\/dogtagclan\",\"https:\/\/www.instagram.com\/dogtagclan\",\"https:\/\/twitter.com\/https:\/\/x.com\/Dogtagclanclan\",\"https:\/\/www.youtube.com\/dogtagclan\"]}]}<\/script>\n<!-- \/ Yoast SEO Premium plugin. -->","_links":{"self":[{"href":"https:\/\/dogtagclan.com.br\/blog\/wp-json\/wp\/v2\/posts\/5071"}],"collection":[{"href":"https:\/\/dogtagclan.com.br\/blog\/wp-json\/wp\/v2\/posts"}],"about":[{"href":"https:\/\/dogtagclan.com.br\/blog\/wp-json\/wp\/v2\/types\/post"}],"author":[{"embeddable":true,"href":"https:\/\/dogtagclan.com.br\/blog\/wp-json\/wp\/v2\/users\/1"}],"replies":[{"embeddable":true,"href":"https:\/\/dogtagclan.com.br\/blog\/wp-json\/wp\/v2\/comments?post=5071"}],"version-history":[{"count":1,"href":"https:\/\/dogtagclan.com.br\/blog\/wp-json\/wp\/v2\/posts\/5071\/revisions"}],"predecessor-version":[{"id":5074,"href":"https:\/\/dogtagclan.com.br\/blog\/wp-json\/wp\/v2\/posts\/5071\/revisions\/5074"}],"wp:featuredmedia":[{"embeddable":true,"href":"https:\/\/dogtagclan.com.br\/blog\/wp-json\/wp\/v2\/media\/5073"}],"wp:attachment":[{"href":"https:\/\/dogtagclan.com.br\/blog\/wp-json\/wp\/v2\/media?parent=5071"}],"wp:term":[{"taxonomy":"category","embeddable":true,"href":"https:\/\/dogtagclan.com.br\/blog\/wp-json\/wp\/v2\/categories?post=5071"},{"taxonomy":"post_tag","embeddable":true,"href":"https:\/\/dogtagclan.com.br\/blog\/wp-json\/wp\/v2\/tags?post=5071"}],"curies":[{"name":"wp","href":"https:\/\/api.w.org\/{rel}","templated":true}]}}