{"id":5027,"date":"2025-11-19T14:58:03","date_gmt":"2025-11-19T17:58:03","guid":{"rendered":"https:\/\/dogtagclan.com.br\/blog\/?p=5027"},"modified":"2025-11-19T14:58:05","modified_gmt":"2025-11-19T17:58:05","slug":"%f0%9f%8c%bb-cracha-para-doencas-cronicas-com-cordao-de-girassol-identificacao-para-deficiencias-ocultas-e-emergencias","status":"publish","type":"post","link":"https:\/\/dogtagclan.com.br\/blog\/%f0%9f%8c%bb-cracha-para-doencas-cronicas-com-cordao-de-girassol-identificacao-para-deficiencias-ocultas-e-emergencias\/","title":{"rendered":"\ud83c\udf3b Crach\u00e1 para Doen\u00e7as Cr\u00f4nicas com Cord\u00e3o de Girassol \u2013 Identifica\u00e7\u00e3o para Defici\u00eancias Ocultas e Emerg\u00eancias"},"content":{"rendered":"\n<p>O <strong>crach\u00e1 para doen\u00e7as cr\u00f4nicas com cord\u00e3o de girassol<\/strong> \u00e9 uma das formas mais seguras e respeitosas de identificar pessoas com <strong>condi\u00e7\u00f5es de sa\u00fade n\u00e3o vis\u00edveis<\/strong>, garantindo acolhimento, seguran\u00e7a e atendimento adequado em ambientes p\u00fablicos.<\/p>\n\n\n\n<p>Ele segue o <strong>s\u00edmbolo internacional do girassol<\/strong>, reconhecido oficialmente no Brasil pela <strong>Lei n\u00ba 14.624\/2023<\/strong>, que estabelece o cord\u00e3o como sinal de identifica\u00e7\u00e3o para pessoas com <strong>defici\u00eancias ocultas<\/strong> \u2014 incluindo doen\u00e7as cr\u00f4nicas, dist\u00farbios neurol\u00f3gicos e condi\u00e7\u00f5es m\u00e9dicas que exigem aten\u00e7\u00e3o especial.<\/p>\n\n\n\n<figure class=\"wp-block-image size-large\"><img decoding=\"async\" width=\"1024\" height=\"1024\" src=\"https:\/\/dogtagclan.com.br\/blog\/wp-content\/uploads\/2025\/11\/cordao-girasol-cronicas-1024x1024.jpg\" alt=\"Cord\u00e3o de Girassol para Doen\u00e7as Cr\u00f4nicas com Crach\u00e1 de Identifica\u00e7\u00e3o e QR Code\" class=\"wp-image-5024\" srcset=\"https:\/\/dogtagclan.com.br\/blog\/wp-content\/uploads\/2025\/11\/cordao-girasol-cronicas-1024x1024.jpg 1024w, https:\/\/dogtagclan.com.br\/blog\/wp-content\/uploads\/2025\/11\/cordao-girasol-cronicas-300x300.jpg 300w, https:\/\/dogtagclan.com.br\/blog\/wp-content\/uploads\/2025\/11\/cordao-girasol-cronicas-150x150.jpg 150w, https:\/\/dogtagclan.com.br\/blog\/wp-content\/uploads\/2025\/11\/cordao-girasol-cronicas-768x768.jpg 768w, https:\/\/dogtagclan.com.br\/blog\/wp-content\/uploads\/2025\/11\/cordao-girasol-cronicas-96x96.jpg 96w, https:\/\/dogtagclan.com.br\/blog\/wp-content\/uploads\/2025\/11\/cordao-girasol-cronicas.jpg 1200w\" sizes=\"(max-width: 1024px) 100vw, 1024px\" \/><figcaption class=\"wp-element-caption\">Cord\u00e3o de girassol com crach\u00e1 para identifica\u00e7\u00e3o de doen\u00e7as cr\u00f4nicas \u2014 ideal para emerg\u00eancias e ambientes p\u00fablicos.<\/figcaption><\/figure>\n\n\n\n<hr class=\"wp-block-separator has-alpha-channel-opacity\"\/>\n\n\n\n<h2 class=\"wp-block-heading\" id=\"h-o-que-o-cord-o-de-girassol-e-por-que-ele-t-o-importante\">\ud83c\udf3b O que \u00e9 o cord\u00e3o de girassol e por que ele \u00e9 t\u00e3o importante?<\/h2>\n\n\n\n<p>O cord\u00e3o de girassol \u00e9 um <strong>s\u00edmbolo discreto e universal<\/strong>, criado para dizer ao mundo, sem precisar falar:<\/p>\n\n\n\n<blockquote class=\"wp-block-quote is-layout-flow wp-block-quote-is-layout-flow\">\n<p><strong>\u201cEu posso precisar de mais tempo, apoio ou compreens\u00e3o.\u201d<\/strong><\/p>\n<\/blockquote>\n\n\n\n<p>Ele \u00e9 recomendado para quem possui:<\/p>\n\n\n\n<ul>\n<li>Doen\u00e7as cr\u00f4nicas (diabetes tipo 1, fibromialgia, epilepsia, esclerose m\u00faltipla, cardiopatias, etc.)<\/li>\n\n\n\n<li>Defici\u00eancias n\u00e3o aparentes<\/li>\n\n\n\n<li>TDAH, TEA e dist\u00farbios neurol\u00f3gicos<\/li>\n\n\n\n<li>Ansiedade severa, depress\u00e3o cl\u00ednica, transtornos psiqui\u00e1tricos<\/li>\n\n\n\n<li>Asma, alergias graves, dist\u00farbios autoimunes<\/li>\n<\/ul>\n\n\n\n<p>O uso <strong>n\u00e3o \u00e9 obrigat\u00f3rio<\/strong>, mas ajuda de forma poderosa no dia a dia.<\/p>\n\n\n\n<hr class=\"wp-block-separator has-alpha-channel-opacity\"\/>\n\n\n\n<h2 class=\"wp-block-heading\" id=\"h-para-que-serve-o-crach-de-doen-as-cr-nicas\">\ud83c\udfe5 Para que serve o crach\u00e1 de doen\u00e7as cr\u00f4nicas?<\/h2>\n\n\n\n<p>O <strong>crach\u00e1 com cord\u00e3o de girassol e QR Code<\/strong> tem como objetivo:<\/p>\n\n\n\n<h3 class=\"wp-block-heading\" id=\"h-identificar-defici-ncias-invis-veis\">\u2714 Identificar defici\u00eancias invis\u00edveis<\/h3>\n\n\n\n<p>Evita julgamentos e garante compreens\u00e3o imediata em:<\/p>\n\n\n\n<ul>\n<li>Escolas<\/li>\n\n\n\n<li>Hospitais e postos de sa\u00fade<\/li>\n\n\n\n<li>Mercados e shoppings<\/li>\n\n\n\n<li>Aeroportos, rodovi\u00e1rias e transporte p\u00fablico<\/li>\n<\/ul>\n\n\n\n<hr class=\"wp-block-separator has-alpha-channel-opacity\"\/>\n\n\n\n<h3 class=\"wp-block-heading\" id=\"h-facilitar-atendimentos-de-emerg-ncia\">\u2714 Facilitar atendimentos de emerg\u00eancia<\/h3>\n\n\n\n<p>O QR Code permite acessar:<\/p>\n\n\n\n<ul>\n<li>Contato de emerg\u00eancia<\/li>\n\n\n\n<li>Medica\u00e7\u00f5es importantes<\/li>\n\n\n\n<li>CID e diagn\u00f3stico<\/li>\n\n\n\n<li>Laudo m\u00e9dico<\/li>\n\n\n\n<li>Tipo sangu\u00edneo<\/li>\n\n\n\n<li>Alergias graves<\/li>\n<\/ul>\n\n\n\n<p><strong>Isso salva vidas.<\/strong><\/p>\n\n\n\n<hr class=\"wp-block-separator has-alpha-channel-opacity\"\/>\n\n\n\n<h3 class=\"wp-block-heading\" id=\"h-garantir-respeito-e-acolhimento\">\u2714 Garantir respeito e acolhimento<\/h3>\n\n\n\n<p>Pessoas com condi\u00e7\u00f5es n\u00e3o aparentes muitas vezes enfrentam:<\/p>\n\n\n\n<ul>\n<li>Falta de paci\u00eancia<\/li>\n\n\n\n<li>Olhares de julgamento<\/li>\n\n\n\n<li>Desinforma\u00e7\u00e3o<\/li>\n\n\n\n<li>Constrangimentos em filas<\/li>\n<\/ul>\n\n\n\n<p>O crach\u00e1 evita tudo isso.<\/p>\n\n\n\n<hr class=\"wp-block-separator has-alpha-channel-opacity\"\/>\n\n\n\n<h2 class=\"wp-block-heading\" id=\"h-como-funciona-o-crach\">\ud83d\udd0e Como funciona o crach\u00e1?<\/h2>\n\n\n\n<p>\u00c9 simples e eficiente:<\/p>\n\n\n\n<h3 class=\"wp-block-heading\" id=\"h-1-cria-o\">1\ufe0f\u20e3 <strong>Cria\u00e7\u00e3o<\/strong><\/h3>\n\n\n\n<p>Voc\u00ea envia os dados necess\u00e1rios:<br>Nome, condi\u00e7\u00e3o m\u00e9dica, CID (opcional), contato de emerg\u00eancia, informa\u00e7\u00f5es relevantes e, se quiser, foto.<\/p>\n\n\n\n<h3 class=\"wp-block-heading\" id=\"h-2-personaliza-o\">2\ufe0f\u20e3 <strong>Personaliza\u00e7\u00e3o<\/strong><\/h3>\n\n\n\n<p>O QR Code \u00e9 gerado com todas as informa\u00e7\u00f5es organizadas em um painel seguro e acess\u00edvel.<\/p>\n\n\n\n<h3 class=\"wp-block-heading\" id=\"h-3-uso-di-rio\">3\ufe0f\u20e3 <strong>Uso di\u00e1rio<\/strong><\/h3>\n\n\n\n<p>Basta colocar o cord\u00e3o de girassol com o crach\u00e1.<br>Qualquer pessoa que escanear o QR Code consegue entender <strong>como ajudar voc\u00ea ou seu familiar imediatamente<\/strong>.<\/p>\n\n\n\n<hr class=\"wp-block-separator has-alpha-channel-opacity\"\/>\n\n\n\n<h2 class=\"wp-block-heading\" id=\"h-benef-cios-principais\">\ud83d\udfe2 Benef\u00edcios principais<\/h2>\n\n\n\n<ul>\n<li>\u2714 Ajuda socorristas e profissionais de sa\u00fade<\/li>\n\n\n\n<li>\u2714 Evita abordagens incorretas ou invasivas<\/li>\n\n\n\n<li>\u2714 D\u00e1 autonomia para adultos e crian\u00e7as<\/li>\n\n\n\n<li>\u2714 Traz tranquilidade para fam\u00edlias<\/li>\n\n\n\n<li>\u2714 Melhora o atendimento em espa\u00e7os p\u00fablicos<\/li>\n\n\n\n<li>\u2714 \u00c9 discreto, respeitoso e universal<\/li>\n<\/ul>\n\n\n\n<hr class=\"wp-block-separator has-alpha-channel-opacity\"\/>\n\n\n\n<h2 class=\"wp-block-heading\" id=\"h-materiais-e-qualidade\">\ud83e\uddf5 Materiais e qualidade<\/h2>\n\n\n\n<p>O crach\u00e1 costuma ser feito em:<\/p>\n\n\n\n<ul>\n<li>Cart\u00e3o r\u00edgido de alta durabilidade<\/li>\n\n\n\n<li>Impress\u00e3o n\u00edtida e resistente \u00e0 \u00e1gua<\/li>\n\n\n\n<li>Cord\u00e3o de girassol com <strong>trava anti-sufocamento<\/strong><\/li>\n\n\n\n<li>QR Code din\u00e2mico e r\u00e1pido de escanear<\/li>\n<\/ul>\n\n\n\n<hr class=\"wp-block-separator has-alpha-channel-opacity\"\/>\n\n\n\n<h2 class=\"wp-block-heading\" id=\"h-onde-comprar-um-crach-seguro\">\ud83d\udce6 Onde comprar um crach\u00e1 seguro?<\/h2>\n\n\n\n<p>Voc\u00ea encontra op\u00e7\u00f5es personalizadas aqui:<\/p>\n\n\n\n<h3 class=\"wp-block-heading\" id=\"h-crach-identificame\">\ud83d\udfe8 <strong>Crach\u00e1 IdentificaME<\/strong><\/h3>\n\n\n\n<p>Crach\u00e1s profissionais com QR Code, cord\u00e3o girassol e personaliza\u00e7\u00e3o completa.<br>\ud83d\udd17 <strong><a>www.crachaidentificame.com.br<\/a><\/strong><br>\ud83d\udcf2 <strong>WhatsApp: <a href=\"https:\/\/wa.me\/5547991770734\" target=\"_blank\" rel=\"noopener\">https:\/\/wa.me\/5547991770734<\/a><\/strong><\/p>\n\n\n\n<h3 class=\"wp-block-heading\" id=\"h-dogtagclan\">\ud83d\udfe5 <strong>DogTagClan<\/strong><\/h3>\n\n\n\n<p>Vers\u00e3o resistente, personalizada e enviada para todo o Brasil.<br>\ud83d\udd17 <a href=\"http:\/\/www.dogtagclan.com.br\">www.dogtagclan.com.br<\/a><br>\ud83d\udcf2 <a href=\"https:\/\/wa.me\/554174001990\" target=\"_blank\" rel=\"noopener\">https:\/\/wa.me\/554174001990<\/a><\/p>\n\n\n\n<hr class=\"wp-block-separator has-alpha-channel-opacity\"\/>\n\n\n\n<h2 class=\"wp-block-heading\" id=\"h-conclus-o\">\ud83d\udc9b Conclus\u00e3o<\/h2>\n\n\n\n<p>O <strong>crach\u00e1 para doen\u00e7as cr\u00f4nicas com cord\u00e3o de girassol<\/strong> vai al\u00e9m de um acess\u00f3rio:<br>\u00c9 <strong>um instrumento de seguran\u00e7a<\/strong>, <strong>um pedido de compreens\u00e3o<\/strong> e uma ferramenta que protege vidas \u2014 especialmente aquelas com condi\u00e7\u00f5es invis\u00edveis.<\/p>\n\n\n\n<p>\ud83d\udc99 <strong>Identificar \u00e9 cuidar.<\/strong><br>\ud83d\udc9b <strong>Cuidar \u00e9 garantir seguran\u00e7a em qualquer lugar.<\/strong><\/p>\n\n\n\n<hr class=\"wp-block-separator has-alpha-channel-opacity\"\/>\n\n\n\n<p><\/p>\n\n\n\n<p><\/p>\n\n\n\n<p><\/p>\n","protected":false},"excerpt":{"rendered":"<p>O crach\u00e1 para doen\u00e7as cr\u00f4nicas com cord\u00e3o de girassol \u00e9 uma das formas mais seguras e respeitosas de identificar pessoas<\/p>\n","protected":false},"author":1,"featured_media":5024,"comment_status":"open","ping_status":"open","sticky":false,"template":"","format":"standard","meta":{"footnotes":""},"categories":[557,554],"tags":[],"yoast_head":"<!-- This site is optimized with the Yoast SEO Premium plugin v15.5 - https:\/\/yoast.com\/wordpress\/plugins\/seo\/ -->\n<title>\ud83c\udf3b Crach\u00e1 para Doen\u00e7as Cr\u00f4nicas com Cord\u00e3o de Girassol \u2013 Identifica\u00e7\u00e3o para Defici\u00eancias Ocultas e Emerg\u00eancias | DogTagClan Blog<\/title>\n<meta name=\"description\" content=\"O crach\u00e1 para doen\u00e7as cr\u00f4nicas com cord\u00e3o de girassol \u00e9 uma das formas mais seguras e respeitosas de identificar pessoas com condi\u00e7\u00f5es de sa\u00fade n\u00e3o\" \/>\n<meta name=\"robots\" content=\"index, follow, max-snippet:-1, max-image-preview:large, max-video-preview:-1\" \/>\n<link rel=\"canonical\" href=\"https:\/\/dogtagclan.com.br\/blog\/\ud83c\udf3b-cracha-para-doencas-cronicas-com-cordao-de-girassol-identificacao-para-deficiencias-ocultas-e-emergencias\/\" \/>\n<meta property=\"og:locale\" content=\"pt_BR\" \/>\n<meta property=\"og:type\" content=\"article\" \/>\n<meta property=\"og:title\" content=\"\ud83c\udf3b Crach\u00e1 para Doen\u00e7as Cr\u00f4nicas com Cord\u00e3o de Girassol \u2013 Identifica\u00e7\u00e3o para Defici\u00eancias Ocultas e Emerg\u00eancias | DogTagClan Blog\" \/>\n<meta property=\"og:description\" content=\"O crach\u00e1 para doen\u00e7as cr\u00f4nicas com cord\u00e3o de girassol \u00e9 uma das formas mais seguras e respeitosas de identificar pessoas com condi\u00e7\u00f5es de sa\u00fade n\u00e3o\" \/>\n<meta property=\"og:url\" content=\"https:\/\/dogtagclan.com.br\/blog\/\ud83c\udf3b-cracha-para-doencas-cronicas-com-cordao-de-girassol-identificacao-para-deficiencias-ocultas-e-emergencias\/\" \/>\n<meta property=\"og:site_name\" content=\"DogTagClan Blog\" \/>\n<meta property=\"article:publisher\" content=\"https:\/\/www.facebook.com\/dogtagclan\" \/>\n<meta property=\"article:author\" content=\"https:\/\/www.facebook.com\/dogtagclan\" \/>\n<meta property=\"article:published_time\" content=\"2025-11-19T17:58:03+00:00\" \/>\n<meta property=\"article:modified_time\" content=\"2025-11-19T17:58:05+00:00\" \/>\n<meta property=\"og:image\" content=\"https:\/\/dogtagclan.com.br\/blog\/wp-content\/uploads\/2025\/11\/cordao-girasol-cronicas.jpg\" \/>\n\t<meta property=\"og:image:width\" content=\"1200\" \/>\n\t<meta property=\"og:image:height\" content=\"1200\" \/>\n<meta name=\"twitter:card\" content=\"summary_large_image\" \/>\n<meta name=\"twitter:creator\" content=\"@https:\/\/x.com\/Dogtagclanclan\" \/>\n<meta name=\"twitter:label1\" content=\"Est. tempo de leitura\">\n\t<meta name=\"twitter:data1\" content=\"2 minutos\">\n<script type=\"application\/ld+json\" class=\"yoast-schema-graph\">{\"@context\":\"https:\/\/schema.org\",\"@graph\":[{\"@type\":\"Organization\",\"@id\":\"https:\/\/dogtagclan.com.br\/blog\/#organization\",\"name\":\"DogTagClan | Dog Tags, Crach\\u00e1s e Acess\\u00f3rios Personalizados\",\"url\":\"https:\/\/dogtagclan.com.br\/blog\/\",\"sameAs\":[\"https:\/\/www.facebook.com\/dogtagclan\"],\"logo\":{\"@type\":\"ImageObject\",\"@id\":\"https:\/\/dogtagclan.com.br\/blog\/#logo\",\"inLanguage\":\"pt-BR\",\"url\":\"https:\/\/dogtagclan.com.br\/blog\/wp-content\/uploads\/2023\/02\/cropped-doftagclan-logo.png\",\"width\":250,\"height\":140,\"caption\":\"DogTagClan | Dog Tags, Crach\\u00e1s e Acess\\u00f3rios Personalizados\"},\"image\":{\"@id\":\"https:\/\/dogtagclan.com.br\/blog\/#logo\"}},{\"@type\":\"WebSite\",\"@id\":\"https:\/\/dogtagclan.com.br\/blog\/#website\",\"url\":\"https:\/\/dogtagclan.com.br\/blog\/\",\"name\":\"DogTagClan Blog\",\"description\":\"A gente faz, do seu Jeito\",\"publisher\":{\"@id\":\"https:\/\/dogtagclan.com.br\/blog\/#organization\"},\"potentialAction\":[{\"@type\":\"SearchAction\",\"target\":\"https:\/\/dogtagclan.com.br\/blog\/?s={search_term_string}\",\"query-input\":\"required name=search_term_string\"}],\"inLanguage\":\"pt-BR\"},{\"@type\":\"ImageObject\",\"@id\":\"https:\/\/dogtagclan.com.br\/blog\/%f0%9f%8c%bb-cracha-para-doencas-cronicas-com-cordao-de-girassol-identificacao-para-deficiencias-ocultas-e-emergencias\/#primaryimage\",\"inLanguage\":\"pt-BR\",\"url\":\"https:\/\/dogtagclan.com.br\/blog\/wp-content\/uploads\/2025\/11\/cordao-girasol-cronicas.jpg\",\"width\":1200,\"height\":1200,\"caption\":\"Cord\\u00e3o de girassol com crach\\u00e1 para identifica\\u00e7\\u00e3o de doen\\u00e7as cr\\u00f4nicas \\u2014 ideal para emerg\\u00eancias e ambientes p\\u00fablicos.\"},{\"@type\":\"WebPage\",\"@id\":\"https:\/\/dogtagclan.com.br\/blog\/%f0%9f%8c%bb-cracha-para-doencas-cronicas-com-cordao-de-girassol-identificacao-para-deficiencias-ocultas-e-emergencias\/#webpage\",\"url\":\"https:\/\/dogtagclan.com.br\/blog\/%f0%9f%8c%bb-cracha-para-doencas-cronicas-com-cordao-de-girassol-identificacao-para-deficiencias-ocultas-e-emergencias\/\",\"name\":\"\\ud83c\\udf3b Crach\\u00e1 para Doen\\u00e7as Cr\\u00f4nicas com Cord\\u00e3o de Girassol \\u2013 Identifica\\u00e7\\u00e3o para Defici\\u00eancias Ocultas e Emerg\\u00eancias | DogTagClan Blog\",\"isPartOf\":{\"@id\":\"https:\/\/dogtagclan.com.br\/blog\/#website\"},\"primaryImageOfPage\":{\"@id\":\"https:\/\/dogtagclan.com.br\/blog\/%f0%9f%8c%bb-cracha-para-doencas-cronicas-com-cordao-de-girassol-identificacao-para-deficiencias-ocultas-e-emergencias\/#primaryimage\"},\"datePublished\":\"2025-11-19T17:58:03+00:00\",\"dateModified\":\"2025-11-19T17:58:05+00:00\",\"description\":\"O crach\\u00e1 para doen\\u00e7as cr\\u00f4nicas com cord\\u00e3o de girassol \\u00e9 uma das formas mais seguras e respeitosas de identificar pessoas com condi\\u00e7\\u00f5es de sa\\u00fade n\\u00e3o\",\"inLanguage\":\"pt-BR\",\"potentialAction\":[{\"@type\":\"ReadAction\",\"target\":[\"https:\/\/dogtagclan.com.br\/blog\/%f0%9f%8c%bb-cracha-para-doencas-cronicas-com-cordao-de-girassol-identificacao-para-deficiencias-ocultas-e-emergencias\/\"]}]},{\"@type\":\"Article\",\"@id\":\"https:\/\/dogtagclan.com.br\/blog\/%f0%9f%8c%bb-cracha-para-doencas-cronicas-com-cordao-de-girassol-identificacao-para-deficiencias-ocultas-e-emergencias\/#article\",\"isPartOf\":{\"@id\":\"https:\/\/dogtagclan.com.br\/blog\/%f0%9f%8c%bb-cracha-para-doencas-cronicas-com-cordao-de-girassol-identificacao-para-deficiencias-ocultas-e-emergencias\/#webpage\"},\"author\":{\"@id\":\"https:\/\/dogtagclan.com.br\/blog\/#\/schema\/person\/b7279d930f15e2a85c89cd3b2f1d8df5\"},\"headline\":\"\\ud83c\\udf3b Crach\\u00e1 para Doen\\u00e7as Cr\\u00f4nicas com Cord\\u00e3o de Girassol \\u2013 Identifica\\u00e7\\u00e3o para Defici\\u00eancias Ocultas e Emerg\\u00eancias\",\"datePublished\":\"2025-11-19T17:58:03+00:00\",\"dateModified\":\"2025-11-19T17:58:05+00:00\",\"mainEntityOfPage\":{\"@id\":\"https:\/\/dogtagclan.com.br\/blog\/%f0%9f%8c%bb-cracha-para-doencas-cronicas-com-cordao-de-girassol-identificacao-para-deficiencias-ocultas-e-emergencias\/#webpage\"},\"commentCount\":0,\"publisher\":{\"@id\":\"https:\/\/dogtagclan.com.br\/blog\/#organization\"},\"image\":{\"@id\":\"https:\/\/dogtagclan.com.br\/blog\/%f0%9f%8c%bb-cracha-para-doencas-cronicas-com-cordao-de-girassol-identificacao-para-deficiencias-ocultas-e-emergencias\/#primaryimage\"},\"articleSection\":\"Crach\\u00e1 de Identifica\\u00e7\\u00e3o,Crachas e broches personalizados\",\"inLanguage\":\"pt-BR\",\"potentialAction\":[{\"@type\":\"CommentAction\",\"name\":\"Comment\",\"target\":[\"https:\/\/dogtagclan.com.br\/blog\/%f0%9f%8c%bb-cracha-para-doencas-cronicas-com-cordao-de-girassol-identificacao-para-deficiencias-ocultas-e-emergencias\/#respond\"]}]},{\"@type\":\"Person\",\"@id\":\"https:\/\/dogtagclan.com.br\/blog\/#\/schema\/person\/b7279d930f15e2a85c89cd3b2f1d8df5\",\"name\":\"dogtagclan\",\"description\":\"\\\"A DogTagClan \\u00e9 especializada na fabrica\\u00e7\\u00e3o e personaliza\\u00e7\\u00e3o de Dog Tags, crach\\u00e1s e acess\\u00f3rios. Produzimos pe\\u00e7as em a\\u00e7o inoxid\\u00e1vel com grava\\u00e7\\u00f5es de alta precis\\u00e3o para identifica\\u00e7\\u00e3o pessoal e profissional.\\\"\",\"sameAs\":[\"https:\/\/blog.dogtagclan.com.br\",\"https:\/\/www.facebook.com\/dogtagclan\",\"https:\/\/www.instagram.com\/dogtagclan\",\"https:\/\/twitter.com\/https:\/\/x.com\/Dogtagclanclan\",\"https:\/\/www.youtube.com\/dogtagclan\"]}]}<\/script>\n<!-- \/ Yoast SEO Premium plugin. -->","_links":{"self":[{"href":"https:\/\/dogtagclan.com.br\/blog\/wp-json\/wp\/v2\/posts\/5027"}],"collection":[{"href":"https:\/\/dogtagclan.com.br\/blog\/wp-json\/wp\/v2\/posts"}],"about":[{"href":"https:\/\/dogtagclan.com.br\/blog\/wp-json\/wp\/v2\/types\/post"}],"author":[{"embeddable":true,"href":"https:\/\/dogtagclan.com.br\/blog\/wp-json\/wp\/v2\/users\/1"}],"replies":[{"embeddable":true,"href":"https:\/\/dogtagclan.com.br\/blog\/wp-json\/wp\/v2\/comments?post=5027"}],"version-history":[{"count":1,"href":"https:\/\/dogtagclan.com.br\/blog\/wp-json\/wp\/v2\/posts\/5027\/revisions"}],"predecessor-version":[{"id":5028,"href":"https:\/\/dogtagclan.com.br\/blog\/wp-json\/wp\/v2\/posts\/5027\/revisions\/5028"}],"wp:featuredmedia":[{"embeddable":true,"href":"https:\/\/dogtagclan.com.br\/blog\/wp-json\/wp\/v2\/media\/5024"}],"wp:attachment":[{"href":"https:\/\/dogtagclan.com.br\/blog\/wp-json\/wp\/v2\/media?parent=5027"}],"wp:term":[{"taxonomy":"category","embeddable":true,"href":"https:\/\/dogtagclan.com.br\/blog\/wp-json\/wp\/v2\/categories?post=5027"},{"taxonomy":"post_tag","embeddable":true,"href":"https:\/\/dogtagclan.com.br\/blog\/wp-json\/wp\/v2\/tags?post=5027"}],"curies":[{"name":"wp","href":"https:\/\/api.w.org\/{rel}","templated":true}]}}