{"id":5012,"date":"2025-11-19T12:44:28","date_gmt":"2025-11-19T15:44:28","guid":{"rendered":"https:\/\/dogtagclan.com.br\/blog\/?p=5012"},"modified":"2025-11-19T12:44:30","modified_gmt":"2025-11-19T15:44:30","slug":"cordao-de-girassol-o-que-e-para-que-serve-e-por-que-esta-transformando-a-identificacao-de-deficiencias-ocultas","status":"publish","type":"post","link":"https:\/\/dogtagclan.com.br\/blog\/cordao-de-girassol-o-que-e-para-que-serve-e-por-que-esta-transformando-a-identificacao-de-deficiencias-ocultas\/","title":{"rendered":"Cord\u00e3o de Girassol \u2013 O Que \u00c9, Para Que Serve e Por Que Est\u00e1 Transformando a Identifica\u00e7\u00e3o de Defici\u00eancias Ocultas"},"content":{"rendered":"\n<p>O <strong>Cord\u00e3o de Girassol<\/strong> se tornou um dos s\u00edmbolos internacionais mais importantes para identificar pessoas com <strong>defici\u00eancias ocultas<\/strong> \u2014 condi\u00e7\u00f5es que n\u00e3o s\u00e3o vis\u00edveis, mas que afetam a vida di\u00e1ria, como <strong>autismo, TDAH, epilepsia, ansiedade, surdez unilateral, doen\u00e7as cr\u00f4nicas, transtornos cognitivos<\/strong> e v\u00e1rias outras.<\/p>\n\n\n\n<p>No Brasil, sua relev\u00e2ncia cresceu ainda mais ap\u00f3s a <strong>Lei n\u00ba 14.624\/2023<\/strong>, que reconhece oficialmente o cord\u00e3o como instrumento de identifica\u00e7\u00e3o opcional para pessoas com defici\u00eancias n\u00e3o aparentes.<br>Ele facilita acolhimento, compreens\u00e3o e atendimento adequado em ambientes p\u00fablicos, hospitais, escolas, aeroportos, eventos e com\u00e9rcios.<\/p>\n\n\n\n<figure class=\"wp-block-image size-full\"><img decoding=\"async\" width=\"1000\" height=\"1000\" src=\"https:\/\/dogtagclan.com.br\/blog\/wp-content\/uploads\/2025\/03\/girasol-0.jpg\" alt=\"Cord\u00e3o de Girassol \u2013 Identifica\u00e7\u00e3o para Defici\u00eancias Ocultas com Trava de Seguran\u00e7a\" class=\"wp-image-3275\" srcset=\"https:\/\/dogtagclan.com.br\/blog\/wp-content\/uploads\/2025\/03\/girasol-0.jpg 1000w, https:\/\/dogtagclan.com.br\/blog\/wp-content\/uploads\/2025\/03\/girasol-0-300x300.jpg 300w, https:\/\/dogtagclan.com.br\/blog\/wp-content\/uploads\/2025\/03\/girasol-0-150x150.jpg 150w, https:\/\/dogtagclan.com.br\/blog\/wp-content\/uploads\/2025\/03\/girasol-0-768x768.jpg 768w, https:\/\/dogtagclan.com.br\/blog\/wp-content\/uploads\/2025\/03\/girasol-0-96x96.jpg 96w\" sizes=\"(max-width: 1000px) 100vw, 1000px\" \/><figcaption class=\"wp-element-caption\">Cord\u00e3o de Girassol para identifica\u00e7\u00e3o de defici\u00eancias ocultas \u2013 ideal para acompanhar crach\u00e1s IdentificaMe<\/figcaption><\/figure>\n\n\n\n<hr class=\"wp-block-separator has-alpha-channel-opacity\"\/>\n\n\n\n<h1 class=\"wp-block-heading\" id=\"h-o-que-o-cord-o-de-girassol\">\u2705 <strong>O que \u00e9 o Cord\u00e3o de Girassol?<\/strong><\/h1>\n\n\n\n<p>\u00c9 um cord\u00e3o ou lanyard <strong>verde estampado com girass\u00f3is amarelos<\/strong>, um s\u00edmbolo criado para comunicar de forma discreta e respeitosa que o usu\u00e1rio pode precisar de:<\/p>\n\n\n\n<p>\u2022 um atendimento mais calmo<br>\u2022 mais paci\u00eancia<br>\u2022 aux\u00edlio adicional<br>\u2022 comunica\u00e7\u00e3o verbal adaptada<br>\u2022 compreens\u00e3o em ambientes movimentados<\/p>\n\n\n\n<p>Ele <strong>n\u00e3o substitui laudos nem garante direitos exclusivos<\/strong> \u2014 mas <strong>ajuda muito quem est\u00e1 do outro lado a entender que existe uma necessidade especial ali<\/strong>.<\/p>\n\n\n\n<hr class=\"wp-block-separator has-alpha-channel-opacity\"\/>\n\n\n\n<h1 class=\"wp-block-heading\" id=\"h-para-quem-o-cord-o-indicado\">\ud83c\udfaf <strong>Para quem o cord\u00e3o \u00e9 indicado?<\/strong><\/h1>\n\n\n\n<p>O Cord\u00e3o de Girassol \u00e9 amplamente usado por pessoas com:<\/p>\n\n\n\n<h3 class=\"wp-block-heading\" id=\"h-transtorno-do-espectro-autista-tea\">\u2714 Transtorno do Espectro Autista (TEA)<\/h3>\n\n\n\n<p>Dificuldades sensoriais, comunica\u00e7\u00e3o e intera\u00e7\u00e3o social podem exigir suporte r\u00e1pido em locais p\u00fablicos.<\/p>\n\n\n\n<h3 class=\"wp-block-heading\" id=\"h-tdah-transtorno-de-d-ficit-de-aten-o-e-hiperatividade\">\u2714 TDAH \u2013 Transtorno de D\u00e9ficit de Aten\u00e7\u00e3o e Hiperatividade<\/h3>\n\n\n\n<p>Ajuda a sinalizar impulsividade, dificuldade de foco e necessidade de orienta\u00e7\u00e3o clara.<\/p>\n\n\n\n<h3 class=\"wp-block-heading\" id=\"h-surdez-unilateral-ou-perda-auditiva\">\u2714 Surdez unilateral ou perda auditiva<\/h3>\n\n\n\n<p>Nem sempre percept\u00edvel; o cord\u00e3o evita mal-entendidos e facilita a comunica\u00e7\u00e3o.<\/p>\n\n\n\n<h3 class=\"wp-block-heading\" id=\"h-defici-ncias-intelectuais-ou-cognitivas\">\u2714 Defici\u00eancias intelectuais ou cognitivas<\/h3>\n\n\n\n<p>Como dificuldades de compreens\u00e3o, atraso no processamento ou necessidade de ajuda.<\/p>\n\n\n\n<h3 class=\"wp-block-heading\" id=\"h-doen-as-cr-nicas-n-o-aparentes\">\u2714 Doen\u00e7as cr\u00f4nicas n\u00e3o aparentes<\/h3>\n\n\n\n<p>Como epilepsia, fibromialgia, esclerose m\u00faltipla, cardiopatias, ansiedade severa, TOD, depress\u00e3o, entre outras.<\/p>\n\n\n\n<h3 class=\"wp-block-heading\" id=\"h-crian-as-e-idosos\">\u2714 Crian\u00e7as e idosos<\/h3>\n\n\n\n<p>Especialmente quando existe risco de desorienta\u00e7\u00e3o, fuga ou dificuldade de comunica\u00e7\u00e3o verbal.<\/p>\n\n\n\n<p>O objetivo \u00e9 <strong>visibilidade, n\u00e3o rotula\u00e7\u00e3o<\/strong> \u2014 empatia, n\u00e3o exposi\u00e7\u00e3o.<\/p>\n\n\n\n<hr class=\"wp-block-separator has-alpha-channel-opacity\"\/>\n\n\n\n<h1 class=\"wp-block-heading\" id=\"h-como-funciona-o-cord-o-de-girassol\">\ud83d\udfe1 <strong>Como funciona o Cord\u00e3o de Girassol?<\/strong><\/h1>\n\n\n\n<h2 class=\"wp-block-heading\" id=\"h-uso-opcional\">\u2714 <strong>Uso opcional<\/strong><\/h2>\n\n\n\n<p>Ningu\u00e9m \u00e9 obrigado a usar. \u00c9 apenas uma ferramenta de comunica\u00e7\u00e3o visual.<\/p>\n\n\n\n<h2 class=\"wp-block-heading\" id=\"h-dispensa-comprova-o\">\u2714 <strong>Dispensa comprova\u00e7\u00e3o<\/strong><\/h2>\n\n\n\n<p>N\u00e3o \u00e9 necess\u00e1rio apresentar laudo ou documento para utiliz\u00e1-lo.<\/p>\n\n\n\n<h2 class=\"wp-block-heading\" id=\"h-sinaliza-o-imediata\">\u2714 <strong>Sinaliza\u00e7\u00e3o imediata<\/strong><\/h2>\n\n\n\n<p>Atendentes, funcion\u00e1rios, socorristas e pessoas ao redor percebem rapidamente que o usu\u00e1rio requer um atendimento mais cuidadoso.<\/p>\n\n\n\n<h2 class=\"wp-block-heading\" id=\"h-acessibilidade-emocional\">\u2714 <strong>Acessibilidade emocional<\/strong><\/h2>\n\n\n\n<p>O cord\u00e3o ajuda a reduzir crises, desentendimentos e situa\u00e7\u00f5es de estresse \u2014 tanto para o usu\u00e1rio quanto para quem tenta ajudar.<\/p>\n\n\n\n<hr class=\"wp-block-separator has-alpha-channel-opacity\"\/>\n\n\n\n<h1 class=\"wp-block-heading\" id=\"h-origem-do-cord-o-de-girassol\">\ud83c\udf31 <strong>Origem do Cord\u00e3o de Girassol<\/strong><\/h1>\n\n\n\n<p>Criado em <strong>2016<\/strong>, no Aeroporto de Gatwick, no Reino Unido, pela organiza\u00e7\u00e3o <em>Hidden Disabilities Sunflower<\/em>, o s\u00edmbolo se espalhou pelo mundo como uma forma de:<\/p>\n\n\n\n<p>\u2022 promover acolhimento<br>\u2022 facilitar acessibilidade invis\u00edvel<br>\u2022 reduzir preconceito<br>\u2022 melhorar a experi\u00eancia em locais p\u00fablicos<\/p>\n\n\n\n<p>Hoje \u00e9 utilizado em pa\u00edses como Estados Unidos, Canad\u00e1, Espanha, Portugal, Alemanha, Austr\u00e1lia e, cada vez mais, no Brasil.<\/p>\n\n\n\n<hr class=\"wp-block-separator has-alpha-channel-opacity\"\/>\n\n\n\n<h1 class=\"wp-block-heading\" id=\"h-onde-encontrar-o-cord-o-de-girassol\">\ud83c\udfea <strong>Onde encontrar o Cord\u00e3o de Girassol?<\/strong><\/h1>\n\n\n\n<p>O cord\u00e3o est\u00e1 presente em:<\/p>\n\n\n\n<p>\u2022 Lojas de inclus\u00e3o e acessibilidade<br>\u2022 Institui\u00e7\u00f5es parceiras da Hidden Disabilities<br>\u2022 Grandes redes de varejo<br>\u2022 Lojas de identifica\u00e7\u00e3o personalizada<br>\u2022 E-commerces especializados<\/p>\n\n\n\n<p>No Brasil, voc\u00ea pode adquirir cord\u00f5es de acessibilidade com identifica\u00e7\u00e3o completa no:<\/p>\n\n\n\n<p>\ud83d\udc49 <strong>DogTagClan<\/strong> \u2013 <a href=\"http:\/\/www.dogtagclan.com.br\">www.dogtagclan.com.br<\/a><br>\ud83d\udc49 WhatsApp: <a href=\"https:\/\/wa.me\/554174001990\" target=\"_blank\" rel=\"noopener\">https:\/\/wa.me\/554174001990<\/a><\/p>\n","protected":false},"excerpt":{"rendered":"<p>O Cord\u00e3o de Girassol se tornou um dos s\u00edmbolos internacionais mais importantes para identificar pessoas com defici\u00eancias ocultas \u2014 condi\u00e7\u00f5es<\/p>\n","protected":false},"author":1,"featured_media":3275,"comment_status":"open","ping_status":"open","sticky":false,"template":"","format":"standard","meta":{"footnotes":""},"categories":[557,554],"tags":[],"yoast_head":"<!-- This site is optimized with the Yoast SEO Premium plugin v15.5 - https:\/\/yoast.com\/wordpress\/plugins\/seo\/ -->\n<title>Cord\u00e3o de Girassol \u2013 O Que \u00c9, Para Que Serve e Por Que Est\u00e1 Transformando a Identifica\u00e7\u00e3o de Defici\u00eancias Ocultas | DogTagClan Blog<\/title>\n<meta name=\"description\" content=\"O Cord\u00e3o de Girassol se tornou um dos s\u00edmbolos internacionais mais importantes para identificar pessoas com defici\u00eancias ocultas \u2014 condi\u00e7\u00f5es que n\u00e3o s\u00e3o\" \/>\n<meta name=\"robots\" content=\"index, follow, max-snippet:-1, max-image-preview:large, max-video-preview:-1\" \/>\n<link rel=\"canonical\" href=\"https:\/\/dogtagclan.com.br\/blog\/cordao-de-girassol-o-que-e-para-que-serve-e-por-que-esta-transformando-a-identificacao-de-deficiencias-ocultas\/\" \/>\n<meta property=\"og:locale\" content=\"pt_BR\" \/>\n<meta property=\"og:type\" content=\"article\" \/>\n<meta property=\"og:title\" content=\"Cord\u00e3o de Girassol \u2013 O Que \u00c9, Para Que Serve e Por Que Est\u00e1 Transformando a Identifica\u00e7\u00e3o de Defici\u00eancias Ocultas | DogTagClan Blog\" \/>\n<meta property=\"og:description\" content=\"O Cord\u00e3o de Girassol se tornou um dos s\u00edmbolos internacionais mais importantes para identificar pessoas com defici\u00eancias ocultas \u2014 condi\u00e7\u00f5es que n\u00e3o s\u00e3o\" \/>\n<meta property=\"og:url\" content=\"https:\/\/dogtagclan.com.br\/blog\/cordao-de-girassol-o-que-e-para-que-serve-e-por-que-esta-transformando-a-identificacao-de-deficiencias-ocultas\/\" \/>\n<meta property=\"og:site_name\" content=\"DogTagClan Blog\" \/>\n<meta property=\"article:publisher\" content=\"https:\/\/www.facebook.com\/dogtagclan\" \/>\n<meta property=\"article:author\" content=\"https:\/\/www.facebook.com\/dogtagclan\" \/>\n<meta property=\"article:published_time\" content=\"2025-11-19T15:44:28+00:00\" \/>\n<meta property=\"article:modified_time\" content=\"2025-11-19T15:44:30+00:00\" \/>\n<meta property=\"og:image\" content=\"https:\/\/dogtagclan.com.br\/blog\/wp-content\/uploads\/2025\/03\/girasol-0.jpg\" \/>\n\t<meta property=\"og:image:width\" content=\"1000\" \/>\n\t<meta property=\"og:image:height\" content=\"1000\" \/>\n<meta name=\"twitter:card\" content=\"summary_large_image\" \/>\n<meta name=\"twitter:creator\" content=\"@https:\/\/x.com\/Dogtagclanclan\" \/>\n<meta name=\"twitter:label1\" content=\"Est. tempo de leitura\">\n\t<meta name=\"twitter:data1\" content=\"2 minutos\">\n<script type=\"application\/ld+json\" class=\"yoast-schema-graph\">{\"@context\":\"https:\/\/schema.org\",\"@graph\":[{\"@type\":\"Organization\",\"@id\":\"https:\/\/dogtagclan.com.br\/blog\/#organization\",\"name\":\"DogTagClan | Dog Tags, Crach\\u00e1s e Acess\\u00f3rios Personalizados\",\"url\":\"https:\/\/dogtagclan.com.br\/blog\/\",\"sameAs\":[\"https:\/\/www.facebook.com\/dogtagclan\"],\"logo\":{\"@type\":\"ImageObject\",\"@id\":\"https:\/\/dogtagclan.com.br\/blog\/#logo\",\"inLanguage\":\"pt-BR\",\"url\":\"https:\/\/dogtagclan.com.br\/blog\/wp-content\/uploads\/2023\/02\/cropped-doftagclan-logo.png\",\"width\":250,\"height\":140,\"caption\":\"DogTagClan | Dog Tags, Crach\\u00e1s e Acess\\u00f3rios Personalizados\"},\"image\":{\"@id\":\"https:\/\/dogtagclan.com.br\/blog\/#logo\"}},{\"@type\":\"WebSite\",\"@id\":\"https:\/\/dogtagclan.com.br\/blog\/#website\",\"url\":\"https:\/\/dogtagclan.com.br\/blog\/\",\"name\":\"DogTagClan Blog\",\"description\":\"A gente faz, do seu Jeito\",\"publisher\":{\"@id\":\"https:\/\/dogtagclan.com.br\/blog\/#organization\"},\"potentialAction\":[{\"@type\":\"SearchAction\",\"target\":\"https:\/\/dogtagclan.com.br\/blog\/?s={search_term_string}\",\"query-input\":\"required name=search_term_string\"}],\"inLanguage\":\"pt-BR\"},{\"@type\":\"ImageObject\",\"@id\":\"https:\/\/dogtagclan.com.br\/blog\/cordao-de-girassol-o-que-e-para-que-serve-e-por-que-esta-transformando-a-identificacao-de-deficiencias-ocultas\/#primaryimage\",\"inLanguage\":\"pt-BR\",\"url\":\"https:\/\/dogtagclan.com.br\/blog\/wp-content\/uploads\/2025\/03\/girasol-0.jpg\",\"width\":1000,\"height\":1000,\"caption\":\"Cord\\u00e3o de Girassol para identifica\\u00e7\\u00e3o de defici\\u00eancias ocultas \\u2013 ideal para acompanhar crach\\u00e1s IdentificaMe\"},{\"@type\":\"WebPage\",\"@id\":\"https:\/\/dogtagclan.com.br\/blog\/cordao-de-girassol-o-que-e-para-que-serve-e-por-que-esta-transformando-a-identificacao-de-deficiencias-ocultas\/#webpage\",\"url\":\"https:\/\/dogtagclan.com.br\/blog\/cordao-de-girassol-o-que-e-para-que-serve-e-por-que-esta-transformando-a-identificacao-de-deficiencias-ocultas\/\",\"name\":\"Cord\\u00e3o de Girassol \\u2013 O Que \\u00c9, Para Que Serve e Por Que Est\\u00e1 Transformando a Identifica\\u00e7\\u00e3o de Defici\\u00eancias Ocultas | DogTagClan Blog\",\"isPartOf\":{\"@id\":\"https:\/\/dogtagclan.com.br\/blog\/#website\"},\"primaryImageOfPage\":{\"@id\":\"https:\/\/dogtagclan.com.br\/blog\/cordao-de-girassol-o-que-e-para-que-serve-e-por-que-esta-transformando-a-identificacao-de-deficiencias-ocultas\/#primaryimage\"},\"datePublished\":\"2025-11-19T15:44:28+00:00\",\"dateModified\":\"2025-11-19T15:44:30+00:00\",\"description\":\"O Cord\\u00e3o de Girassol se tornou um dos s\\u00edmbolos internacionais mais importantes para identificar pessoas com defici\\u00eancias ocultas \\u2014 condi\\u00e7\\u00f5es que n\\u00e3o s\\u00e3o\",\"inLanguage\":\"pt-BR\",\"potentialAction\":[{\"@type\":\"ReadAction\",\"target\":[\"https:\/\/dogtagclan.com.br\/blog\/cordao-de-girassol-o-que-e-para-que-serve-e-por-que-esta-transformando-a-identificacao-de-deficiencias-ocultas\/\"]}]},{\"@type\":\"Article\",\"@id\":\"https:\/\/dogtagclan.com.br\/blog\/cordao-de-girassol-o-que-e-para-que-serve-e-por-que-esta-transformando-a-identificacao-de-deficiencias-ocultas\/#article\",\"isPartOf\":{\"@id\":\"https:\/\/dogtagclan.com.br\/blog\/cordao-de-girassol-o-que-e-para-que-serve-e-por-que-esta-transformando-a-identificacao-de-deficiencias-ocultas\/#webpage\"},\"author\":{\"@id\":\"https:\/\/dogtagclan.com.br\/blog\/#\/schema\/person\/b7279d930f15e2a85c89cd3b2f1d8df5\"},\"headline\":\"Cord\\u00e3o de Girassol \\u2013 O Que \\u00c9, Para Que Serve e Por Que Est\\u00e1 Transformando a Identifica\\u00e7\\u00e3o de Defici\\u00eancias Ocultas\",\"datePublished\":\"2025-11-19T15:44:28+00:00\",\"dateModified\":\"2025-11-19T15:44:30+00:00\",\"mainEntityOfPage\":{\"@id\":\"https:\/\/dogtagclan.com.br\/blog\/cordao-de-girassol-o-que-e-para-que-serve-e-por-que-esta-transformando-a-identificacao-de-deficiencias-ocultas\/#webpage\"},\"commentCount\":0,\"publisher\":{\"@id\":\"https:\/\/dogtagclan.com.br\/blog\/#organization\"},\"image\":{\"@id\":\"https:\/\/dogtagclan.com.br\/blog\/cordao-de-girassol-o-que-e-para-que-serve-e-por-que-esta-transformando-a-identificacao-de-deficiencias-ocultas\/#primaryimage\"},\"articleSection\":\"Crach\\u00e1 de Identifica\\u00e7\\u00e3o,Crachas e broches personalizados\",\"inLanguage\":\"pt-BR\",\"potentialAction\":[{\"@type\":\"CommentAction\",\"name\":\"Comment\",\"target\":[\"https:\/\/dogtagclan.com.br\/blog\/cordao-de-girassol-o-que-e-para-que-serve-e-por-que-esta-transformando-a-identificacao-de-deficiencias-ocultas\/#respond\"]}]},{\"@type\":\"Person\",\"@id\":\"https:\/\/dogtagclan.com.br\/blog\/#\/schema\/person\/b7279d930f15e2a85c89cd3b2f1d8df5\",\"name\":\"dogtagclan\",\"description\":\"\\\"A DogTagClan \\u00e9 especializada na fabrica\\u00e7\\u00e3o e personaliza\\u00e7\\u00e3o de Dog Tags, crach\\u00e1s e acess\\u00f3rios. Produzimos pe\\u00e7as em a\\u00e7o inoxid\\u00e1vel com grava\\u00e7\\u00f5es de alta precis\\u00e3o para identifica\\u00e7\\u00e3o pessoal e profissional.\\\"\",\"sameAs\":[\"https:\/\/blog.dogtagclan.com.br\",\"https:\/\/www.facebook.com\/dogtagclan\",\"https:\/\/www.instagram.com\/dogtagclan\",\"https:\/\/twitter.com\/https:\/\/x.com\/Dogtagclanclan\",\"https:\/\/www.youtube.com\/dogtagclan\"]}]}<\/script>\n<!-- \/ Yoast SEO Premium plugin. -->","_links":{"self":[{"href":"https:\/\/dogtagclan.com.br\/blog\/wp-json\/wp\/v2\/posts\/5012"}],"collection":[{"href":"https:\/\/dogtagclan.com.br\/blog\/wp-json\/wp\/v2\/posts"}],"about":[{"href":"https:\/\/dogtagclan.com.br\/blog\/wp-json\/wp\/v2\/types\/post"}],"author":[{"embeddable":true,"href":"https:\/\/dogtagclan.com.br\/blog\/wp-json\/wp\/v2\/users\/1"}],"replies":[{"embeddable":true,"href":"https:\/\/dogtagclan.com.br\/blog\/wp-json\/wp\/v2\/comments?post=5012"}],"version-history":[{"count":1,"href":"https:\/\/dogtagclan.com.br\/blog\/wp-json\/wp\/v2\/posts\/5012\/revisions"}],"predecessor-version":[{"id":5013,"href":"https:\/\/dogtagclan.com.br\/blog\/wp-json\/wp\/v2\/posts\/5012\/revisions\/5013"}],"wp:featuredmedia":[{"embeddable":true,"href":"https:\/\/dogtagclan.com.br\/blog\/wp-json\/wp\/v2\/media\/3275"}],"wp:attachment":[{"href":"https:\/\/dogtagclan.com.br\/blog\/wp-json\/wp\/v2\/media?parent=5012"}],"wp:term":[{"taxonomy":"category","embeddable":true,"href":"https:\/\/dogtagclan.com.br\/blog\/wp-json\/wp\/v2\/categories?post=5012"},{"taxonomy":"post_tag","embeddable":true,"href":"https:\/\/dogtagclan.com.br\/blog\/wp-json\/wp\/v2\/tags?post=5012"}],"curies":[{"name":"wp","href":"https:\/\/api.w.org\/{rel}","templated":true}]}}