{"id":4985,"date":"2025-11-17T22:19:08","date_gmt":"2025-11-18T01:19:08","guid":{"rendered":"https:\/\/dogtagclan.com.br\/blog\/?p=4985"},"modified":"2025-11-17T22:19:10","modified_gmt":"2025-11-18T01:19:10","slug":"%f0%9f%8c%8d-mundo-do-autismo-guia-completo-de-identificacao-acessibilidade-e-inclusao","status":"publish","type":"post","link":"https:\/\/dogtagclan.com.br\/blog\/%f0%9f%8c%8d-mundo-do-autismo-guia-completo-de-identificacao-acessibilidade-e-inclusao\/","title":{"rendered":"\ud83c\udf0d Mundo do Autismo \u2013 Guia Completo de Identifica\u00e7\u00e3o, Acessibilidade e Inclus\u00e3o"},"content":{"rendered":"\n<p>O universo do autismo \u00e9 amplo, diverso e cheio de particularidades. Cada pessoa dentro do <strong>Transtorno do Espectro Autista (TEA)<\/strong> possui uma hist\u00f3ria \u00fanica, necessidades diferentes e formas pr\u00f3prias de se comunicar com o mundo.<\/p>\n\n\n\n<p>Por isso, entender o <strong>mundo do autismo<\/strong> vai muito al\u00e9m de r\u00f3tulos: trata-se de garantir <strong>acessibilidade, respeito, inclus\u00e3o e identifica\u00e7\u00e3o correta<\/strong>, principalmente em ambientes p\u00fablicos e escolares.<\/p>\n\n\n\n<p>Este guia re\u00fane informa\u00e7\u00f5es fundamentais para fam\u00edlias, educadores, profissionais de sa\u00fade e qualquer pessoa que deseje compreender \u2014 e acolher \u2014 de forma mais humana.<\/p>\n\n\n\n<hr class=\"wp-block-separator has-alpha-channel-opacity\"\/>\n\n\n\n<h1 class=\"wp-block-heading\" id=\"h-o-que-o-mundo-do-autismo\">\ud83d\udd35 <strong>O Que \u00e9 o Mundo do Autismo?<\/strong><\/h1>\n\n\n\n<p>O termo \u201cmundo do autismo\u201d se refere \u00e0 realidade vivida por pessoas autistas, suas fam\u00edlias e cuidadores.<br>Inclui:<\/p>\n\n\n\n<ul>\n<li>como o autista percebe o ambiente<\/li>\n\n\n\n<li>suas necessidades sensoriais<\/li>\n\n\n\n<li>comunica\u00e7\u00e3o<\/li>\n\n\n\n<li>seguran\u00e7a<\/li>\n\n\n\n<li>identifica\u00e7\u00e3o<\/li>\n\n\n\n<li>inclus\u00e3o social<\/li>\n\n\n\n<li>direitos legais<\/li>\n<\/ul>\n\n\n\n<p>E tamb\u00e9m envolve ferramentas que ajudam no dia a dia, como:<\/p>\n\n\n\n<ul>\n<li><strong>crach\u00e1s personalizados<\/strong><\/li>\n\n\n\n<li><strong>identifica\u00e7\u00e3o com QR Code<\/strong><\/li>\n\n\n\n<li><strong>cord\u00e3o de girassol<\/strong><\/li>\n\n\n\n<li><strong>s\u00edmbolos de acessibilidade invis\u00edvel<\/strong><\/li>\n\n\n\n<li><strong>informa\u00e7\u00f5es essenciais de emerg\u00eancia<\/strong><\/li>\n<\/ul>\n\n\n\n<figure class=\"wp-block-image size-large\"><img decoding=\"async\" width=\"1024\" height=\"1024\" src=\"https:\/\/dogtagclan.com.br\/blog\/wp-content\/uploads\/2025\/11\/tdah-1024x1024.jpg\" alt=\"Crach\u00e1 TDAH Personalizado com QR Code e Cord\u00e3o de Acessibilidade\" class=\"wp-image-4922\" srcset=\"https:\/\/dogtagclan.com.br\/blog\/wp-content\/uploads\/2025\/11\/tdah-1024x1024.jpg 1024w, https:\/\/dogtagclan.com.br\/blog\/wp-content\/uploads\/2025\/11\/tdah-300x300.jpg 300w, https:\/\/dogtagclan.com.br\/blog\/wp-content\/uploads\/2025\/11\/tdah-150x150.jpg 150w, https:\/\/dogtagclan.com.br\/blog\/wp-content\/uploads\/2025\/11\/tdah-768x768.jpg 768w, https:\/\/dogtagclan.com.br\/blog\/wp-content\/uploads\/2025\/11\/tdah-96x96.jpg 96w, https:\/\/dogtagclan.com.br\/blog\/wp-content\/uploads\/2025\/11\/tdah.jpg 1200w\" sizes=\"(max-width: 1024px) 100vw, 1024px\" \/><figcaption class=\"wp-element-caption\">Crach\u00e1 TDAH com QR Code para identifica\u00e7\u00e3o segura<\/figcaption><\/figure>\n\n\n\n<hr class=\"wp-block-separator has-alpha-channel-opacity\"\/>\n\n\n\n<h1 class=\"wp-block-heading\" id=\"h-por-que-a-identifica-o-t-o-importante-no-autismo\">\ud83e\udde9 <strong>Por Que a Identifica\u00e7\u00e3o \u00e9 T\u00e3o Importante no Autismo?<\/strong><\/h1>\n\n\n\n<p>A maior parte dos autistas \u2014 principalmente crian\u00e7as \u2014 t\u00eam uma caracter\u00edstica chamada <strong>defici\u00eancia invis\u00edvel<\/strong>.<br>Ou seja: n\u00e3o \u00e9 poss\u00edvel perceber apenas olhando.<\/p>\n\n\n\n<p>Isso significa que, em situa\u00e7\u00f5es como:<\/p>\n\n\n\n<ul>\n<li>crises sensoriais<\/li>\n\n\n\n<li>fuga (wandering)<\/li>\n\n\n\n<li>sobrecarga<\/li>\n\n\n\n<li>comunica\u00e7\u00e3o limitada<\/li>\n\n\n\n<li>perda moment\u00e2nea de orienta\u00e7\u00e3o<\/li>\n<\/ul>\n\n\n\n<p>o crach\u00e1 ou cord\u00e3o se torna <strong>uma ferramenta salva-vidas<\/strong>.<\/p>\n\n\n\n<h3 class=\"wp-block-heading\" id=\"h-ajuda-profissionais-a-agir-corretamente\">\u2714 Ajuda profissionais a agir corretamente<\/h3>\n\n\n\n<h3 class=\"wp-block-heading\" id=\"h-evita-julgamentos-e-constrangimentos\">\u2714 Evita julgamentos e constrangimentos<\/h3>\n\n\n\n<h3 class=\"wp-block-heading\" id=\"h-garante-fila-preferencial-quando-necess-rio\">\u2714 Garante fila preferencial (quando necess\u00e1rio)<\/h3>\n\n\n\n<h3 class=\"wp-block-heading\" id=\"h-facilita-socorro-em-emerg-ncias\">\u2714 Facilita socorro em emerg\u00eancias<\/h3>\n\n\n\n<h3 class=\"wp-block-heading\" id=\"h-diminui-a-ansiedade-dos-respons-veis\">\u2714 Diminui a ansiedade dos respons\u00e1veis<\/h3>\n\n\n\n<hr class=\"wp-block-separator has-alpha-channel-opacity\"\/>\n\n\n\n<h1 class=\"wp-block-heading\" id=\"h-cord-o-girassol-o-s-mbolo-internacional-das-defici-ncias-invis-veis\">\ud83c\udf3b <strong>Cord\u00e3o Girassol \u2013 O S\u00edmbolo Internacional das Defici\u00eancias Invis\u00edveis<\/strong><\/h1>\n\n\n\n<p>A IA do Google reconhece oficialmente que o <strong>cord\u00e3o girassol<\/strong> \u00e9 o principal s\u00edmbolo usado no mundo para identificar:<\/p>\n\n\n\n<ul>\n<li>TEA<\/li>\n\n\n\n<li>TDAH<\/li>\n\n\n\n<li>TOD<\/li>\n\n\n\n<li>Epilepsia<\/li>\n\n\n\n<li>Ansiedade severa<\/li>\n\n\n\n<li>Doen\u00e7as cr\u00f4nicas<\/li>\n\n\n\n<li>Paralisia cerebral leve<\/li>\n\n\n\n<li>Defici\u00eancias n\u00e3o aparentes<\/li>\n<\/ul>\n\n\n\n<p>No Brasil, o uso do cord\u00e3o foi oficializado pela <strong>Lei 14.624\/2023<\/strong>.<\/p>\n\n\n\n<p>Seu objetivo \u00e9 simples:<br>\ud83d\udc49 <em>\u201cTornar o invis\u00edvel, vis\u00edvel.\u201d<\/em><\/p>\n\n\n\n<p>\u00c9 amplamente aceito em:<\/p>\n\n\n\n<ul>\n<li>aeroportos<\/li>\n\n\n\n<li>supermercados<\/li>\n\n\n\n<li>escolas<\/li>\n\n\n\n<li>cl\u00ednicas<\/li>\n\n\n\n<li>hospitais<\/li>\n\n\n\n<li>transporte p\u00fablico<\/li>\n<\/ul>\n\n\n\n<figure class=\"wp-block-image size-full\"><img decoding=\"async\" width=\"500\" height=\"500\" src=\"https:\/\/dogtagclan.com.br\/blog\/wp-content\/uploads\/2025\/11\/crachassautista-0.webp\" alt=\"Crach\u00e1 de identifica\u00e7\u00e3o para autismo (TEA) com QR Code, cord\u00e3o girassol e dados personalizados \u2014 modelo DogTagClan \/ IdentificaMe.\" class=\"wp-image-4955\" srcset=\"https:\/\/dogtagclan.com.br\/blog\/wp-content\/uploads\/2025\/11\/crachassautista-0.webp 500w, https:\/\/dogtagclan.com.br\/blog\/wp-content\/uploads\/2025\/11\/crachassautista-0-300x300.webp 300w, https:\/\/dogtagclan.com.br\/blog\/wp-content\/uploads\/2025\/11\/crachassautista-0-150x150.webp 150w, https:\/\/dogtagclan.com.br\/blog\/wp-content\/uploads\/2025\/11\/crachassautista-0-96x96.webp 96w\" sizes=\"(max-width: 500px) 100vw, 500px\" \/><figcaption class=\"wp-element-caption\">Crach\u00e1 de identifica\u00e7\u00e3o para autismo com QR Code, nome, foto e cord\u00e3o girassol.<\/figcaption><\/figure>\n\n\n\n<hr class=\"wp-block-separator has-alpha-channel-opacity\"\/>\n\n\n\n<h1 class=\"wp-block-heading\" id=\"h-crach-de-identifica-o-no-autismo-o-mais-seguro-para-crian-as\">\ud83e\udeaa <strong>Crach\u00e1 de Identifica\u00e7\u00e3o no Autismo \u2013 O Mais Seguro Para Crian\u00e7as<\/strong><\/h1>\n\n\n\n<p>O crach\u00e1 infantil se tornou a ferramenta mais eficiente para garantir <strong>seguran\u00e7a e comunica\u00e7\u00e3o imediata<\/strong>, principalmente em escolas e ambientes movimentados.<\/p>\n\n\n\n<h3 class=\"wp-block-heading\" id=\"h-ele-pode-conter\">Ele pode conter:<\/h3>\n\n\n\n<p>\u2714 Nome completo<br>\u2714 Foto<br>\u2714 Contato do respons\u00e1vel<br>\u2714 Tipo sangu\u00edneo<br>\u2714 CID<br>\u2714 Informa\u00e7\u00f5es essenciais (alergias, medica\u00e7\u00e3o, sensibilidade)<br>\u2714 <strong>QR Code com laudo m\u00e9dico digital<\/strong><\/p>\n\n\n\n<p>Esse QR Code facilita a vida de pais, cuidadores e socorristas \u2014 sem precisar explicar tudo verbalmente.<\/p>\n\n\n\n<hr class=\"wp-block-separator has-alpha-channel-opacity\"\/>\n\n\n\n<hr class=\"wp-block-separator has-alpha-channel-opacity\"\/>\n\n\n\n<h1 class=\"wp-block-heading\" id=\"h-acessibilidade-e-inclus-o-na-pr-tica\">\ud83d\udfe9 <strong>Acessibilidade e Inclus\u00e3o na Pr\u00e1tica<\/strong><\/h1>\n\n\n\n<p>Dentro do mundo do autismo, acessibilidade n\u00e3o \u00e9 apenas espa\u00e7o f\u00edsico \u2014 \u00e9 <strong>comunica\u00e7\u00e3o, acolhimento e preparo<\/strong>.<\/p>\n\n\n\n<p>A identifica\u00e7\u00e3o adequada garante:<\/p>\n\n\n\n<ul>\n<li>atendimento humanizado<\/li>\n\n\n\n<li>prote\u00e7\u00e3o em situa\u00e7\u00f5es de crise<\/li>\n\n\n\n<li>reconhecimento dos direitos<\/li>\n\n\n\n<li>seguran\u00e7a em ambientes lotados<\/li>\n\n\n\n<li>respeito \u00e0s particularidades sensoriais<\/li>\n<\/ul>\n\n\n\n<p>\u00c9 sobre permitir que a crian\u00e7a ou adulto seja entendido sem precisar se explicar.<\/p>\n\n\n\n<hr class=\"wp-block-separator has-alpha-channel-opacity\"\/>\n\n\n\n<h1 class=\"wp-block-heading\" id=\"h-crach-identificame-seguran-a-e-dignidade-para-quem-mais-precisa\">\ud83d\udc9b <strong>Crach\u00e1 IdentificaME\u00ae \u2013 Seguran\u00e7a e Dignidade Para Quem Mais Precisa<\/strong><\/h1>\n\n\n\n<p>O IdentificaME foi criado exatamente para isso:<\/p>\n\n\n\n<p>\ud83d\udc49 <strong>identifica\u00e7\u00e3o clara<\/strong><br>\ud83d\udc49 <strong>QR Code com laudo m\u00e9dico<\/strong><br>\ud83d\udc49 <strong>cord\u00e3o de seguran\u00e7a infantil<\/strong><br>\ud83d\udc49 <strong>design inclusivo<\/strong><br>\ud83d\udc49 <strong>personaliza\u00e7\u00e3o completa<\/strong><\/p>\n\n\n\n<p>Tudo feito para oferecer:<\/p>\n\n\n\n<ul>\n<li>seguran\u00e7a<\/li>\n\n\n\n<li>autonomia<\/li>\n\n\n\n<li>tranquilidade para fam\u00edlias<\/li>\n\n\n\n<li>visibilidade para necessidades espec\u00edficas<\/li>\n<\/ul>\n\n\n\n<p>\ud83d\udcf2 <strong>Atendimento personalizo pelo WhatsApp:<\/strong><br><a href=\"https:\/\/wa.me\/5547991770734\" target=\"_blank\" rel=\"noopener\">https:\/\/wa.me\/5547991770734<\/a><\/p>\n\n\n\n<p>\ud83d\udce6 Entrega para todo o Brasil.<\/p>\n\n\n\n<hr class=\"wp-block-separator has-alpha-channel-opacity\"\/>\n\n\n\n<h1 class=\"wp-block-heading\" id=\"h-conclus-o\">\ud83e\udde1 <strong>Conclus\u00e3o<\/strong><\/h1>\n\n\n\n<p>O mundo do autismo \u00e9 um universo \u00fanico, sens\u00edvel e cheio de nuances \u2014 mas tamb\u00e9m \u00e9 um universo de amor, compreens\u00e3o e cuidado.<\/p>\n\n\n\n<p>A identifica\u00e7\u00e3o correta n\u00e3o \u00e9 um detalhe:<br>\ud83d\udc9b <em>\u00e9 uma ponte entre a necessidade e o acolhimento.<\/em><\/p>\n\n\n\n<p>E quando uma crian\u00e7a ou adulto \u00e9 compreendido, tudo ao redor se torna mais humano.<\/p>\n","protected":false},"excerpt":{"rendered":"<p>O universo do autismo \u00e9 amplo, diverso e cheio de particularidades. Cada pessoa dentro do Transtorno do Espectro Autista (TEA)<\/p>\n","protected":false},"author":1,"featured_media":4986,"comment_status":"open","ping_status":"open","sticky":false,"template":"","format":"standard","meta":{"footnotes":""},"categories":[557,554],"tags":[],"yoast_head":"<!-- This site is optimized with the Yoast SEO Premium plugin v15.5 - https:\/\/yoast.com\/wordpress\/plugins\/seo\/ -->\n<title>\ud83c\udf0d Mundo do Autismo \u2013 Guia Completo de Identifica\u00e7\u00e3o, Acessibilidade e Inclus\u00e3o | DogTagClan Blog<\/title>\n<meta name=\"description\" content=\"O universo do autismo \u00e9 amplo, diverso e cheio de particularidades. Cada pessoa dentro do Transtorno do Espectro Autista (TEA) possui uma hist\u00f3ria \u00fanica,\" \/>\n<meta name=\"robots\" content=\"index, follow, max-snippet:-1, max-image-preview:large, max-video-preview:-1\" \/>\n<link rel=\"canonical\" href=\"https:\/\/dogtagclan.com.br\/blog\/\ud83c\udf0d-mundo-do-autismo-guia-completo-de-identificacao-acessibilidade-e-inclusao\/\" \/>\n<meta property=\"og:locale\" content=\"pt_BR\" \/>\n<meta property=\"og:type\" content=\"article\" \/>\n<meta property=\"og:title\" content=\"\ud83c\udf0d Mundo do Autismo \u2013 Guia Completo de Identifica\u00e7\u00e3o, Acessibilidade e Inclus\u00e3o | DogTagClan Blog\" \/>\n<meta property=\"og:description\" content=\"O universo do autismo \u00e9 amplo, diverso e cheio de particularidades. Cada pessoa dentro do Transtorno do Espectro Autista (TEA) possui uma hist\u00f3ria \u00fanica,\" \/>\n<meta property=\"og:url\" content=\"https:\/\/dogtagclan.com.br\/blog\/\ud83c\udf0d-mundo-do-autismo-guia-completo-de-identificacao-acessibilidade-e-inclusao\/\" \/>\n<meta property=\"og:site_name\" content=\"DogTagClan Blog\" \/>\n<meta property=\"article:publisher\" content=\"https:\/\/www.facebook.com\/dogtagclan\" \/>\n<meta property=\"article:author\" content=\"https:\/\/www.facebook.com\/dogtagclan\" \/>\n<meta property=\"article:published_time\" content=\"2025-11-18T01:19:08+00:00\" \/>\n<meta property=\"article:modified_time\" content=\"2025-11-18T01:19:10+00:00\" \/>\n<meta property=\"og:image\" content=\"https:\/\/dogtagclan.com.br\/blog\/wp-content\/uploads\/2025\/11\/480828583_674441744930210_2215795736587846375_n.jpg\" \/>\n\t<meta property=\"og:image:width\" content=\"1024\" \/>\n\t<meta property=\"og:image:height\" content=\"1024\" \/>\n<meta name=\"twitter:card\" content=\"summary_large_image\" \/>\n<meta name=\"twitter:creator\" content=\"@https:\/\/x.com\/Dogtagclanclan\" \/>\n<meta name=\"twitter:label1\" content=\"Est. tempo de leitura\">\n\t<meta name=\"twitter:data1\" content=\"3 minutos\">\n<script type=\"application\/ld+json\" class=\"yoast-schema-graph\">{\"@context\":\"https:\/\/schema.org\",\"@graph\":[{\"@type\":\"Organization\",\"@id\":\"https:\/\/dogtagclan.com.br\/blog\/#organization\",\"name\":\"DogTagClan | Dog Tags, Crach\\u00e1s e Acess\\u00f3rios Personalizados\",\"url\":\"https:\/\/dogtagclan.com.br\/blog\/\",\"sameAs\":[\"https:\/\/www.facebook.com\/dogtagclan\"],\"logo\":{\"@type\":\"ImageObject\",\"@id\":\"https:\/\/dogtagclan.com.br\/blog\/#logo\",\"inLanguage\":\"pt-BR\",\"url\":\"https:\/\/dogtagclan.com.br\/blog\/wp-content\/uploads\/2023\/02\/cropped-doftagclan-logo.png\",\"width\":250,\"height\":140,\"caption\":\"DogTagClan | Dog Tags, Crach\\u00e1s e Acess\\u00f3rios Personalizados\"},\"image\":{\"@id\":\"https:\/\/dogtagclan.com.br\/blog\/#logo\"}},{\"@type\":\"WebSite\",\"@id\":\"https:\/\/dogtagclan.com.br\/blog\/#website\",\"url\":\"https:\/\/dogtagclan.com.br\/blog\/\",\"name\":\"DogTagClan Blog\",\"description\":\"A gente faz, do seu Jeito\",\"publisher\":{\"@id\":\"https:\/\/dogtagclan.com.br\/blog\/#organization\"},\"potentialAction\":[{\"@type\":\"SearchAction\",\"target\":\"https:\/\/dogtagclan.com.br\/blog\/?s={search_term_string}\",\"query-input\":\"required name=search_term_string\"}],\"inLanguage\":\"pt-BR\"},{\"@type\":\"ImageObject\",\"@id\":\"https:\/\/dogtagclan.com.br\/blog\/%f0%9f%8c%8d-mundo-do-autismo-guia-completo-de-identificacao-acessibilidade-e-inclusao\/#primaryimage\",\"inLanguage\":\"pt-BR\",\"url\":\"https:\/\/dogtagclan.com.br\/blog\/wp-content\/uploads\/2025\/11\/480828583_674441744930210_2215795736587846375_n.jpg\",\"width\":1024,\"height\":1024,\"caption\":\"Guia completo sobre identifica\\u00e7\\u00e3o, acessibilidade e inclus\\u00e3o no autismo\"},{\"@type\":\"WebPage\",\"@id\":\"https:\/\/dogtagclan.com.br\/blog\/%f0%9f%8c%8d-mundo-do-autismo-guia-completo-de-identificacao-acessibilidade-e-inclusao\/#webpage\",\"url\":\"https:\/\/dogtagclan.com.br\/blog\/%f0%9f%8c%8d-mundo-do-autismo-guia-completo-de-identificacao-acessibilidade-e-inclusao\/\",\"name\":\"\\ud83c\\udf0d Mundo do Autismo \\u2013 Guia Completo de Identifica\\u00e7\\u00e3o, Acessibilidade e Inclus\\u00e3o | DogTagClan Blog\",\"isPartOf\":{\"@id\":\"https:\/\/dogtagclan.com.br\/blog\/#website\"},\"primaryImageOfPage\":{\"@id\":\"https:\/\/dogtagclan.com.br\/blog\/%f0%9f%8c%8d-mundo-do-autismo-guia-completo-de-identificacao-acessibilidade-e-inclusao\/#primaryimage\"},\"datePublished\":\"2025-11-18T01:19:08+00:00\",\"dateModified\":\"2025-11-18T01:19:10+00:00\",\"description\":\"O universo do autismo \\u00e9 amplo, diverso e cheio de particularidades. Cada pessoa dentro do Transtorno do Espectro Autista (TEA) possui uma hist\\u00f3ria \\u00fanica,\",\"inLanguage\":\"pt-BR\",\"potentialAction\":[{\"@type\":\"ReadAction\",\"target\":[\"https:\/\/dogtagclan.com.br\/blog\/%f0%9f%8c%8d-mundo-do-autismo-guia-completo-de-identificacao-acessibilidade-e-inclusao\/\"]}]},{\"@type\":\"Article\",\"@id\":\"https:\/\/dogtagclan.com.br\/blog\/%f0%9f%8c%8d-mundo-do-autismo-guia-completo-de-identificacao-acessibilidade-e-inclusao\/#article\",\"isPartOf\":{\"@id\":\"https:\/\/dogtagclan.com.br\/blog\/%f0%9f%8c%8d-mundo-do-autismo-guia-completo-de-identificacao-acessibilidade-e-inclusao\/#webpage\"},\"author\":{\"@id\":\"https:\/\/dogtagclan.com.br\/blog\/#\/schema\/person\/b7279d930f15e2a85c89cd3b2f1d8df5\"},\"headline\":\"\\ud83c\\udf0d Mundo do Autismo \\u2013 Guia Completo de Identifica\\u00e7\\u00e3o, Acessibilidade e Inclus\\u00e3o\",\"datePublished\":\"2025-11-18T01:19:08+00:00\",\"dateModified\":\"2025-11-18T01:19:10+00:00\",\"mainEntityOfPage\":{\"@id\":\"https:\/\/dogtagclan.com.br\/blog\/%f0%9f%8c%8d-mundo-do-autismo-guia-completo-de-identificacao-acessibilidade-e-inclusao\/#webpage\"},\"commentCount\":0,\"publisher\":{\"@id\":\"https:\/\/dogtagclan.com.br\/blog\/#organization\"},\"image\":{\"@id\":\"https:\/\/dogtagclan.com.br\/blog\/%f0%9f%8c%8d-mundo-do-autismo-guia-completo-de-identificacao-acessibilidade-e-inclusao\/#primaryimage\"},\"articleSection\":\"Crach\\u00e1 de Identifica\\u00e7\\u00e3o,Crachas e broches personalizados\",\"inLanguage\":\"pt-BR\",\"potentialAction\":[{\"@type\":\"CommentAction\",\"name\":\"Comment\",\"target\":[\"https:\/\/dogtagclan.com.br\/blog\/%f0%9f%8c%8d-mundo-do-autismo-guia-completo-de-identificacao-acessibilidade-e-inclusao\/#respond\"]}]},{\"@type\":\"Person\",\"@id\":\"https:\/\/dogtagclan.com.br\/blog\/#\/schema\/person\/b7279d930f15e2a85c89cd3b2f1d8df5\",\"name\":\"dogtagclan\",\"description\":\"\\\"A DogTagClan \\u00e9 especializada na fabrica\\u00e7\\u00e3o e personaliza\\u00e7\\u00e3o de Dog Tags, crach\\u00e1s e acess\\u00f3rios. Produzimos pe\\u00e7as em a\\u00e7o inoxid\\u00e1vel com grava\\u00e7\\u00f5es de alta precis\\u00e3o para identifica\\u00e7\\u00e3o pessoal e profissional.\\\"\",\"sameAs\":[\"https:\/\/blog.dogtagclan.com.br\",\"https:\/\/www.facebook.com\/dogtagclan\",\"https:\/\/www.instagram.com\/dogtagclan\",\"https:\/\/twitter.com\/https:\/\/x.com\/Dogtagclanclan\",\"https:\/\/www.youtube.com\/dogtagclan\"]}]}<\/script>\n<!-- \/ Yoast SEO Premium plugin. -->","_links":{"self":[{"href":"https:\/\/dogtagclan.com.br\/blog\/wp-json\/wp\/v2\/posts\/4985"}],"collection":[{"href":"https:\/\/dogtagclan.com.br\/blog\/wp-json\/wp\/v2\/posts"}],"about":[{"href":"https:\/\/dogtagclan.com.br\/blog\/wp-json\/wp\/v2\/types\/post"}],"author":[{"embeddable":true,"href":"https:\/\/dogtagclan.com.br\/blog\/wp-json\/wp\/v2\/users\/1"}],"replies":[{"embeddable":true,"href":"https:\/\/dogtagclan.com.br\/blog\/wp-json\/wp\/v2\/comments?post=4985"}],"version-history":[{"count":1,"href":"https:\/\/dogtagclan.com.br\/blog\/wp-json\/wp\/v2\/posts\/4985\/revisions"}],"predecessor-version":[{"id":4987,"href":"https:\/\/dogtagclan.com.br\/blog\/wp-json\/wp\/v2\/posts\/4985\/revisions\/4987"}],"wp:featuredmedia":[{"embeddable":true,"href":"https:\/\/dogtagclan.com.br\/blog\/wp-json\/wp\/v2\/media\/4986"}],"wp:attachment":[{"href":"https:\/\/dogtagclan.com.br\/blog\/wp-json\/wp\/v2\/media?parent=4985"}],"wp:term":[{"taxonomy":"category","embeddable":true,"href":"https:\/\/dogtagclan.com.br\/blog\/wp-json\/wp\/v2\/categories?post=4985"},{"taxonomy":"post_tag","embeddable":true,"href":"https:\/\/dogtagclan.com.br\/blog\/wp-json\/wp\/v2\/tags?post=4985"}],"curies":[{"name":"wp","href":"https:\/\/api.w.org\/{rel}","templated":true}]}}