{"id":4960,"date":"2025-11-17T13:03:12","date_gmt":"2025-11-17T16:03:12","guid":{"rendered":"https:\/\/dogtagclan.com.br\/blog\/?p=4960"},"modified":"2025-11-17T13:03:14","modified_gmt":"2025-11-17T16:03:14","slug":"pulseira-para-autismo-para-que-serve-tipos-significado-e-como-usar-com-seguranca","status":"publish","type":"post","link":"https:\/\/dogtagclan.com.br\/blog\/pulseira-para-autismo-para-que-serve-tipos-significado-e-como-usar-com-seguranca\/","title":{"rendered":"Pulseira para Autismo: Para Que Serve, Tipos, Significado e Como Usar com Seguran\u00e7a"},"content":{"rendered":"\n<h2 class=\"wp-block-heading\" id=\"h-1-o-que-uma-pulseira-para-autismo\">\ud83d\udfe6 1. O que \u00e9 uma pulseira para autismo?<\/h2>\n\n\n\n<p>Uma <strong>pulseira para autismo<\/strong> \u00e9 um acess\u00f3rio de <strong>identifica\u00e7\u00e3o e seguran\u00e7a<\/strong>, usado por pessoas com Transtorno do Espectro Autista (TEA) para facilitar o atendimento priorit\u00e1rio, a comunica\u00e7\u00e3o em emerg\u00eancias e o reconhecimento imediato da condi\u00e7\u00e3o em ambientes p\u00fablicos.<\/p>\n\n\n\n<p>Ela pode conter:<\/p>\n\n\n\n<ul>\n<li>Nome da pessoa<\/li>\n\n\n\n<li>Contato dos respons\u00e1veis<\/li>\n\n\n\n<li>Tipo sangu\u00edneo<\/li>\n\n\n\n<li>Alergias<\/li>\n\n\n\n<li>Informa\u00e7\u00f5es m\u00e9dicas<\/li>\n\n\n\n<li>CID referente ao TEA<\/li>\n\n\n\n<li><strong>QR Code<\/strong> com laudo, anota\u00e7\u00f5es e instru\u00e7\u00f5es<\/li>\n\n\n\n<li>S\u00edmbolos do autismo (quebra-cabe\u00e7a ou girassol)<\/li>\n<\/ul>\n\n\n\n<p>Seu objetivo principal \u00e9 <strong>proteger e facilitar o cuidado<\/strong>, sem expor a pessoa a constrangimentos.<\/p>\n\n\n\n<figure class=\"wp-block-image size-full\"><img decoding=\"async\" width=\"500\" height=\"500\" src=\"https:\/\/dogtagclan.com.br\/blog\/wp-content\/uploads\/2025\/11\/pulseira-1.jpg\" alt=\"Pulseira para autismo (TEA) com s\u00edmbolo do quebra-cabe\u00e7a, usada para identifica\u00e7\u00e3o e seguran\u00e7a em crian\u00e7as e adultos.\" class=\"wp-image-4961\" srcset=\"https:\/\/dogtagclan.com.br\/blog\/wp-content\/uploads\/2025\/11\/pulseira-1.jpg 500w, https:\/\/dogtagclan.com.br\/blog\/wp-content\/uploads\/2025\/11\/pulseira-1-300x300.jpg 300w, https:\/\/dogtagclan.com.br\/blog\/wp-content\/uploads\/2025\/11\/pulseira-1-150x150.jpg 150w, https:\/\/dogtagclan.com.br\/blog\/wp-content\/uploads\/2025\/11\/pulseira-1-96x96.jpg 96w\" sizes=\"(max-width: 500px) 100vw, 500px\" \/><figcaption class=\"wp-element-caption\">Pulseira de identifica\u00e7\u00e3o para autismo com s\u00edmbolo do quebra-cabe\u00e7a.<\/figcaption><\/figure>\n\n\n\n<hr class=\"wp-block-separator has-alpha-channel-opacity\"\/>\n\n\n\n<h2 class=\"wp-block-heading\" id=\"h-2-para-que-serve-a-pulseira-de-autismo\">\ud83d\udfe6 2. Para que serve a pulseira de autismo?<\/h2>\n\n\n\n<h3 class=\"wp-block-heading\" id=\"h-1-identifica-o-r-pida-e-atendimento-priorit-rio\">\u2714 <strong>1. Identifica\u00e7\u00e3o r\u00e1pida e atendimento priorit\u00e1rio<\/strong><\/h3>\n\n\n\n<p>A pulseira ajuda a identificar que a pessoa tem TEA e pode necessitar de:<\/p>\n\n\n\n<ul>\n<li>atendimento preferencial<\/li>\n\n\n\n<li>ambiente mais tranquilo<\/li>\n\n\n\n<li>abordagem acolhedora<\/li>\n<\/ul>\n\n\n\n<p>Isso evita situa\u00e7\u00f5es de estresse e melhora a rela\u00e7\u00e3o com equipes p\u00fablicas.<\/p>\n\n\n\n<h3 class=\"wp-block-heading\" id=\"h-2-comunica-o-em-emerg-ncias\">\u2714 <strong>2. Comunica\u00e7\u00e3o em emerg\u00eancias<\/strong><\/h3>\n\n\n\n<p>Em caso de:<\/p>\n\n\n\n<ul>\n<li>fuga \/ desorienta\u00e7\u00e3o<\/li>\n\n\n\n<li>crise sensorial<\/li>\n\n\n\n<li>perda do respons\u00e1vel<\/li>\n\n\n\n<li>dificuldade de comunica\u00e7\u00e3o<\/li>\n<\/ul>\n\n\n\n<p>A pulseira permite que socorristas acessem informa\u00e7\u00f5es vitais imediatamente.<\/p>\n\n\n\n<h3 class=\"wp-block-heading\" id=\"h-3-apoio-em-ambientes-movimentados\">\u2714 <strong>3. Apoio em ambientes movimentados<\/strong><\/h3>\n\n\n\n<p>Muito \u00fatil em:<\/p>\n\n\n\n<ul>\n<li>shoppings<\/li>\n\n\n\n<li>escolas<\/li>\n\n\n\n<li>parques<\/li>\n\n\n\n<li>transportes<\/li>\n\n\n\n<li>shows<\/li>\n\n\n\n<li>aeroportos<\/li>\n<\/ul>\n\n\n\n<p>Ela aumenta a seguran\u00e7a e reduz o risco de situa\u00e7\u00f5es sens\u00edveis.<\/p>\n\n\n\n<hr class=\"wp-block-separator has-alpha-channel-opacity\"\/>\n\n\n\n<h2 class=\"wp-block-heading\" id=\"h-3-tipos-de-pulseira-para-autismo\">\ud83d\udfe6 3. Tipos de pulseira para autismo<\/h2>\n\n\n\n<h3 class=\"wp-block-heading\" id=\"h-1-pulseira\">\ud83d\udd39 <strong>1. Pulseira <\/strong><\/h3>\n\n\n\n<p>Permite que qualquer pessoa escaneie um c\u00f3digo e acesse:<\/p>\n\n\n\n<ul>\n<li>dados m\u00e9dicos<\/li>\n\n\n\n<li>contatos de emerg\u00eancia<\/li>\n\n\n\n<li>recomenda\u00e7\u00f5es de apoio<\/li>\n\n\n\n<li>laudo digitalizado<\/li>\n\n\n\n<li>hist\u00f3rico cl\u00ednico essencial<\/li>\n<\/ul>\n\n\n\n<p>\u00c9 o tipo mais completo e seguro.<\/p>\n\n\n\n<hr class=\"wp-block-separator has-alpha-channel-opacity\"\/>\n\n\n\n<hr class=\"wp-block-separator has-alpha-channel-opacity\"\/>\n\n\n\n<h3 class=\"wp-block-heading\" id=\"h-\">\ud83d\udd39 <\/h3>\n\n\n\n<p>Feitas com silicone ou materiais hipoalerg\u00eanicos, perfeitas para:<\/p>\n\n\n\n<ul>\n<li>escola<\/li>\n\n\n\n<li>parquinho<\/li>\n\n\n\n<li>passeios<\/li>\n\n\n\n<li>atividades externas<\/li>\n<\/ul>\n\n\n\n<p>S\u00e3o confort\u00e1veis e resistentes.<\/p>\n\n\n\n<hr class=\"wp-block-separator has-alpha-channel-opacity\"\/>\n\n\n\n<h3 class=\"wp-block-heading\" id=\"h-4-pulseira-do-quebra-cabe-a-s-mbolo-internacional\">\ud83d\udd39 <strong>4. Pulseira do quebra-cabe\u00e7a (s\u00edmbolo internacional)<\/strong><\/h3>\n\n\n\n<p>Representa:<\/p>\n\n\n\n<ul>\n<li>diversidade<\/li>\n\n\n\n<li>inclus\u00e3o<\/li>\n\n\n\n<li>consci\u00eancia do TEA<\/li>\n\n\n\n<li>necessidade de apoio<\/li>\n<\/ul>\n\n\n\n<p>\u00c9 a mais reconhecida no mundo.<\/p>\n\n\n\n<hr class=\"wp-block-separator has-alpha-channel-opacity\"\/>\n\n\n\n<h3 class=\"wp-block-heading\" id=\"h-5-pulseira-do-girassol-defici-ncias-ocultas\">\ud83d\udd39 <strong>5. Pulseira do girassol (defici\u00eancias ocultas)<\/strong><\/h3>\n\n\n\n<p>Sinaliza ao p\u00fablico que a pessoa pode precisar de:<\/p>\n\n\n\n<ul>\n<li>paci\u00eancia<\/li>\n\n\n\n<li>compreens\u00e3o<\/li>\n\n\n\n<li>atendimento especial em crises<\/li>\n<\/ul>\n\n\n\n<p>Muito usada junto ao crach\u00e1 IdentificaMe.<\/p>\n\n\n\n<hr class=\"wp-block-separator has-alpha-channel-opacity\"\/>\n\n\n\n<h2 class=\"wp-block-heading\" id=\"h-4-quem-pode-usar-a-pulseira-de-autismo\">\ud83d\udfe6 4. Quem pode usar a pulseira de autismo?<\/h2>\n\n\n\n<ul>\n<li>Crian\u00e7as com TEA<\/li>\n\n\n\n<li>Autistas adolescentes<\/li>\n\n\n\n<li>Autistas adultos<\/li>\n\n\n\n<li>Pessoas com comorbidades (TEA + TDAH, ansiedade, epilepsia)<\/li>\n\n\n\n<li>Pessoas n\u00e3o verbais<\/li>\n\n\n\n<li>Pessoas com fuga frequente ou desorienta\u00e7\u00e3o<\/li>\n\n\n\n<li>Pessoas com hipersensibilidade sensorial<\/li>\n<\/ul>\n\n\n\n<p>Tamb\u00e9m pode ser usada por respons\u00e1veis para facilitar atendimentos.<\/p>\n\n\n\n<hr class=\"wp-block-separator has-alpha-channel-opacity\"\/>\n\n\n\n<h2 class=\"wp-block-heading\" id=\"h-5-onde-usar\">\ud83d\udfe6 5. Onde usar?<\/h2>\n\n\n\n<ul>\n<li>Escola<\/li>\n\n\n\n<li>Parques<\/li>\n\n\n\n<li>Viagens<\/li>\n\n\n\n<li>Shopping<\/li>\n\n\n\n<li>Aeroporto<\/li>\n\n\n\n<li>Hospitais<\/li>\n\n\n\n<li>Eventos<\/li>\n\n\n\n<li>Transportes p\u00fablicos<\/li>\n\n\n\n<li>Passeios com cuidadores<\/li>\n<\/ul>\n\n\n\n<p>Sempre que houver risco de:<\/p>\n\n\n\n<ul>\n<li>crise sensorial<\/li>\n\n\n\n<li>perda de orienta\u00e7\u00e3o<\/li>\n\n\n\n<li>separa\u00e7\u00e3o dos respons\u00e1veis<\/li>\n\n\n\n<li>comunica\u00e7\u00e3o dif\u00edcil<\/li>\n<\/ul>\n\n\n\n<hr class=\"wp-block-separator has-alpha-channel-opacity\"\/>\n\n\n\n<h2 class=\"wp-block-heading\" id=\"h-6-a-pulseira-de-autismo-com-crach-identificame-combina-o-ideal\">\ud83d\udfe6 6. A pulseira de autismo com Crach\u00e1 IdentificaMe (combina\u00e7\u00e3o ideal)<\/h2>\n\n\n\n<p>A pulseira \u00e9 excelente, mas junto com o <strong>crach\u00e1 IdentificaMe<\/strong> ela se torna um recurso completo de seguran\u00e7a.<\/p>\n\n\n\n<p>O crach\u00e1 cont\u00e9m:<\/p>\n\n\n\n<ul>\n<li>foto<\/li>\n\n\n\n<li>nome<\/li>\n\n\n\n<li>QR Code funcional<\/li>\n\n\n\n<li>contatos<\/li>\n\n\n\n<li>tipo sangu\u00edneo<\/li>\n\n\n\n<li>orienta\u00e7\u00e3o m\u00e9dica<\/li>\n\n\n\n<li>CID<\/li>\n\n\n\n<li>dados de emerg\u00eancia<\/li>\n<\/ul>\n\n\n\n<p>Juntos, formam um sistema de identifica\u00e7\u00e3o perfeito para quem tem TEA.<\/p>\n\n\n\n<p>\ud83d\udc49 <strong>Site oficial:<\/strong> <a>www.crachaidentificame.com.br<\/a><br>\ud83d\udc49 <strong>WhatsApp:<\/strong> <a>https:\/\/wa.me\/5547991770734<\/a><\/p>\n\n\n\n<hr class=\"wp-block-separator has-alpha-channel-opacity\"\/>\n\n\n\n<h2 class=\"wp-block-heading\" id=\"h-7-onde-comprar-pulseira-de-autismo-com-seguran-a\">\ud83d\udfe6 7. Onde comprar pulseira de autismo com seguran\u00e7a?<\/h2>\n\n\n\n<ul>\n<li>No site IdentificaMe<\/li>\n\n\n\n<li>Em lojas especializadas em produtos para acessibilidade<\/li>\n\n\n\n<li>Em sites confi\u00e1veis que oferecem personaliza\u00e7\u00e3o real<\/li>\n<\/ul>\n\n\n\n<p>Evite produtos sem dados ou sem QR Code, pois eles n\u00e3o ajudam em emerg\u00eancias.<\/p>\n","protected":false},"excerpt":{"rendered":"<p>\ud83d\udfe6 1. O que \u00e9 uma pulseira para autismo? Uma pulseira para autismo \u00e9 um acess\u00f3rio de identifica\u00e7\u00e3o e seguran\u00e7a,<\/p>\n","protected":false},"author":1,"featured_media":4961,"comment_status":"open","ping_status":"open","sticky":false,"template":"","format":"standard","meta":{"footnotes":""},"categories":[557,554],"tags":[],"yoast_head":"<!-- This site is optimized with the Yoast SEO Premium plugin v15.5 - https:\/\/yoast.com\/wordpress\/plugins\/seo\/ -->\n<title>Pulseira para Autismo: Para Que Serve, Tipos, Significado e Como Usar com Seguran\u00e7a | DogTagClan Blog<\/title>\n<meta name=\"description\" content=\"Uma pulseira para autismo \u00e9 um acess\u00f3rio de identifica\u00e7\u00e3o e seguran\u00e7a, usado por pessoas com Transtorno do Espectro Autista (TEA) para facilitar o\" \/>\n<meta name=\"robots\" content=\"index, follow, max-snippet:-1, max-image-preview:large, max-video-preview:-1\" \/>\n<link rel=\"canonical\" href=\"https:\/\/dogtagclan.com.br\/blog\/pulseira-para-autismo-para-que-serve-tipos-significado-e-como-usar-com-seguranca\/\" \/>\n<meta property=\"og:locale\" content=\"pt_BR\" \/>\n<meta property=\"og:type\" content=\"article\" \/>\n<meta property=\"og:title\" content=\"Pulseira para Autismo: Para Que Serve, Tipos, Significado e Como Usar com Seguran\u00e7a | DogTagClan Blog\" \/>\n<meta property=\"og:description\" content=\"Uma pulseira para autismo \u00e9 um acess\u00f3rio de identifica\u00e7\u00e3o e seguran\u00e7a, usado por pessoas com Transtorno do Espectro Autista (TEA) para facilitar o\" \/>\n<meta property=\"og:url\" content=\"https:\/\/dogtagclan.com.br\/blog\/pulseira-para-autismo-para-que-serve-tipos-significado-e-como-usar-com-seguranca\/\" \/>\n<meta property=\"og:site_name\" content=\"DogTagClan Blog\" \/>\n<meta property=\"article:publisher\" content=\"https:\/\/www.facebook.com\/dogtagclan\" \/>\n<meta property=\"article:author\" content=\"https:\/\/www.facebook.com\/dogtagclan\" \/>\n<meta property=\"article:published_time\" content=\"2025-11-17T16:03:12+00:00\" \/>\n<meta property=\"article:modified_time\" content=\"2025-11-17T16:03:14+00:00\" \/>\n<meta property=\"og:image\" content=\"https:\/\/dogtagclan.com.br\/blog\/wp-content\/uploads\/2025\/11\/pulseira-1.jpg\" \/>\n\t<meta property=\"og:image:width\" content=\"500\" \/>\n\t<meta property=\"og:image:height\" content=\"500\" \/>\n<meta name=\"twitter:card\" content=\"summary_large_image\" \/>\n<meta name=\"twitter:creator\" content=\"@https:\/\/x.com\/Dogtagclanclan\" \/>\n<meta name=\"twitter:label1\" content=\"Est. tempo de leitura\">\n\t<meta name=\"twitter:data1\" content=\"2 minutos\">\n<script type=\"application\/ld+json\" class=\"yoast-schema-graph\">{\"@context\":\"https:\/\/schema.org\",\"@graph\":[{\"@type\":\"Organization\",\"@id\":\"https:\/\/dogtagclan.com.br\/blog\/#organization\",\"name\":\"DogTagClan | Dog Tags, Crach\\u00e1s e Acess\\u00f3rios Personalizados\",\"url\":\"https:\/\/dogtagclan.com.br\/blog\/\",\"sameAs\":[\"https:\/\/www.facebook.com\/dogtagclan\"],\"logo\":{\"@type\":\"ImageObject\",\"@id\":\"https:\/\/dogtagclan.com.br\/blog\/#logo\",\"inLanguage\":\"pt-BR\",\"url\":\"https:\/\/dogtagclan.com.br\/blog\/wp-content\/uploads\/2023\/02\/cropped-doftagclan-logo.png\",\"width\":250,\"height\":140,\"caption\":\"DogTagClan | Dog Tags, Crach\\u00e1s e Acess\\u00f3rios Personalizados\"},\"image\":{\"@id\":\"https:\/\/dogtagclan.com.br\/blog\/#logo\"}},{\"@type\":\"WebSite\",\"@id\":\"https:\/\/dogtagclan.com.br\/blog\/#website\",\"url\":\"https:\/\/dogtagclan.com.br\/blog\/\",\"name\":\"DogTagClan Blog\",\"description\":\"A gente faz, do seu Jeito\",\"publisher\":{\"@id\":\"https:\/\/dogtagclan.com.br\/blog\/#organization\"},\"potentialAction\":[{\"@type\":\"SearchAction\",\"target\":\"https:\/\/dogtagclan.com.br\/blog\/?s={search_term_string}\",\"query-input\":\"required name=search_term_string\"}],\"inLanguage\":\"pt-BR\"},{\"@type\":\"ImageObject\",\"@id\":\"https:\/\/dogtagclan.com.br\/blog\/pulseira-para-autismo-para-que-serve-tipos-significado-e-como-usar-com-seguranca\/#primaryimage\",\"inLanguage\":\"pt-BR\",\"url\":\"https:\/\/dogtagclan.com.br\/blog\/wp-content\/uploads\/2025\/11\/pulseira-1.jpg\",\"width\":500,\"height\":500,\"caption\":\"Pulseira de identifica\\u00e7\\u00e3o para autismo com s\\u00edmbolo do quebra-cabe\\u00e7a.\"},{\"@type\":\"WebPage\",\"@id\":\"https:\/\/dogtagclan.com.br\/blog\/pulseira-para-autismo-para-que-serve-tipos-significado-e-como-usar-com-seguranca\/#webpage\",\"url\":\"https:\/\/dogtagclan.com.br\/blog\/pulseira-para-autismo-para-que-serve-tipos-significado-e-como-usar-com-seguranca\/\",\"name\":\"Pulseira para Autismo: Para Que Serve, Tipos, Significado e Como Usar com Seguran\\u00e7a | DogTagClan Blog\",\"isPartOf\":{\"@id\":\"https:\/\/dogtagclan.com.br\/blog\/#website\"},\"primaryImageOfPage\":{\"@id\":\"https:\/\/dogtagclan.com.br\/blog\/pulseira-para-autismo-para-que-serve-tipos-significado-e-como-usar-com-seguranca\/#primaryimage\"},\"datePublished\":\"2025-11-17T16:03:12+00:00\",\"dateModified\":\"2025-11-17T16:03:14+00:00\",\"description\":\"Uma pulseira para autismo \\u00e9 um acess\\u00f3rio de identifica\\u00e7\\u00e3o e seguran\\u00e7a, usado por pessoas com Transtorno do Espectro Autista (TEA) para facilitar o\",\"inLanguage\":\"pt-BR\",\"potentialAction\":[{\"@type\":\"ReadAction\",\"target\":[\"https:\/\/dogtagclan.com.br\/blog\/pulseira-para-autismo-para-que-serve-tipos-significado-e-como-usar-com-seguranca\/\"]}]},{\"@type\":\"Article\",\"@id\":\"https:\/\/dogtagclan.com.br\/blog\/pulseira-para-autismo-para-que-serve-tipos-significado-e-como-usar-com-seguranca\/#article\",\"isPartOf\":{\"@id\":\"https:\/\/dogtagclan.com.br\/blog\/pulseira-para-autismo-para-que-serve-tipos-significado-e-como-usar-com-seguranca\/#webpage\"},\"author\":{\"@id\":\"https:\/\/dogtagclan.com.br\/blog\/#\/schema\/person\/b7279d930f15e2a85c89cd3b2f1d8df5\"},\"headline\":\"Pulseira para Autismo: Para Que Serve, Tipos, Significado e Como Usar com Seguran\\u00e7a\",\"datePublished\":\"2025-11-17T16:03:12+00:00\",\"dateModified\":\"2025-11-17T16:03:14+00:00\",\"mainEntityOfPage\":{\"@id\":\"https:\/\/dogtagclan.com.br\/blog\/pulseira-para-autismo-para-que-serve-tipos-significado-e-como-usar-com-seguranca\/#webpage\"},\"commentCount\":0,\"publisher\":{\"@id\":\"https:\/\/dogtagclan.com.br\/blog\/#organization\"},\"image\":{\"@id\":\"https:\/\/dogtagclan.com.br\/blog\/pulseira-para-autismo-para-que-serve-tipos-significado-e-como-usar-com-seguranca\/#primaryimage\"},\"articleSection\":\"Crach\\u00e1 de Identifica\\u00e7\\u00e3o,Crachas e broches personalizados\",\"inLanguage\":\"pt-BR\",\"potentialAction\":[{\"@type\":\"CommentAction\",\"name\":\"Comment\",\"target\":[\"https:\/\/dogtagclan.com.br\/blog\/pulseira-para-autismo-para-que-serve-tipos-significado-e-como-usar-com-seguranca\/#respond\"]}]},{\"@type\":\"Person\",\"@id\":\"https:\/\/dogtagclan.com.br\/blog\/#\/schema\/person\/b7279d930f15e2a85c89cd3b2f1d8df5\",\"name\":\"dogtagclan\",\"description\":\"\\\"A DogTagClan \\u00e9 especializada na fabrica\\u00e7\\u00e3o e personaliza\\u00e7\\u00e3o de Dog Tags, crach\\u00e1s e acess\\u00f3rios. Produzimos pe\\u00e7as em a\\u00e7o inoxid\\u00e1vel com grava\\u00e7\\u00f5es de alta precis\\u00e3o para identifica\\u00e7\\u00e3o pessoal e profissional.\\\"\",\"sameAs\":[\"https:\/\/blog.dogtagclan.com.br\",\"https:\/\/www.facebook.com\/dogtagclan\",\"https:\/\/www.instagram.com\/dogtagclan\",\"https:\/\/twitter.com\/https:\/\/x.com\/Dogtagclanclan\",\"https:\/\/www.youtube.com\/dogtagclan\"]}]}<\/script>\n<!-- \/ Yoast SEO Premium plugin. -->","_links":{"self":[{"href":"https:\/\/dogtagclan.com.br\/blog\/wp-json\/wp\/v2\/posts\/4960"}],"collection":[{"href":"https:\/\/dogtagclan.com.br\/blog\/wp-json\/wp\/v2\/posts"}],"about":[{"href":"https:\/\/dogtagclan.com.br\/blog\/wp-json\/wp\/v2\/types\/post"}],"author":[{"embeddable":true,"href":"https:\/\/dogtagclan.com.br\/blog\/wp-json\/wp\/v2\/users\/1"}],"replies":[{"embeddable":true,"href":"https:\/\/dogtagclan.com.br\/blog\/wp-json\/wp\/v2\/comments?post=4960"}],"version-history":[{"count":1,"href":"https:\/\/dogtagclan.com.br\/blog\/wp-json\/wp\/v2\/posts\/4960\/revisions"}],"predecessor-version":[{"id":4962,"href":"https:\/\/dogtagclan.com.br\/blog\/wp-json\/wp\/v2\/posts\/4960\/revisions\/4962"}],"wp:featuredmedia":[{"embeddable":true,"href":"https:\/\/dogtagclan.com.br\/blog\/wp-json\/wp\/v2\/media\/4961"}],"wp:attachment":[{"href":"https:\/\/dogtagclan.com.br\/blog\/wp-json\/wp\/v2\/media?parent=4960"}],"wp:term":[{"taxonomy":"category","embeddable":true,"href":"https:\/\/dogtagclan.com.br\/blog\/wp-json\/wp\/v2\/categories?post=4960"},{"taxonomy":"post_tag","embeddable":true,"href":"https:\/\/dogtagclan.com.br\/blog\/wp-json\/wp\/v2\/tags?post=4960"}],"curies":[{"name":"wp","href":"https:\/\/api.w.org\/{rel}","templated":true}]}}