{"id":4948,"date":"2025-11-17T12:32:16","date_gmt":"2025-11-17T15:32:16","guid":{"rendered":"https:\/\/dogtagclan.com.br\/blog\/?p=4948"},"modified":"2025-11-17T12:32:18","modified_gmt":"2025-11-17T15:32:18","slug":"dog-tag-bandeira-de-pernambuco-personalizada-com-seu-nome-dados-e-identidade-no-aco","status":"publish","type":"post","link":"https:\/\/dogtagclan.com.br\/blog\/dog-tag-bandeira-de-pernambuco-personalizada-com-seu-nome-dados-e-identidade-no-aco\/","title":{"rendered":"Dog Tag Bandeira de Pernambuco \u2013 Personalizada com Seu Nome, Dados e Identidade no A\u00e7o"},"content":{"rendered":"\n<h3 class=\"wp-block-heading\" id=\"h-orgulho-tradi-o-e-pertencimento-gravados-em-uma-pe-a-nica\"><strong>Orgulho, tradi\u00e7\u00e3o e pertencimento gravados em uma pe\u00e7a \u00fanica<\/strong><\/h3>\n\n\n\n<p>A bandeira de Pernambuco \u00e9 um dos s\u00edmbolos mais fortes do Brasil.<br>Ela carrega hist\u00f3ria, f\u00e9, resist\u00eancia e orgulho nordestino.<br>Agora imagine isso gravado em uma <strong>dog tag personalizada<\/strong>, feita em <strong>a\u00e7o inox<\/strong>, com <strong>a bandeira em alta defini\u00e7\u00e3o<\/strong> na frente e <strong>seus dados gravados no verso<\/strong>.<\/p>\n\n\n\n<p>\u00c9 mais do que um acess\u00f3rio.<br>\u00c9 identidade.<br>\u00c9 pertencimento.<br>\u00c9 Pernambuco no peito todos os dias.<\/p>\n\n\n\n<p>\ud83d\udc49 <strong>Compre a sua agora:<\/strong> <a href=\"http:\/\/www.dogtagclan.com.br\">www.dogtagclan.com.br<\/a><br>\ud83d\udc49 <strong>WhatsApp:<\/strong> <a>https:\/\/wa.me\/554174001990<\/a><\/p>\n\n\n\n<figure class=\"wp-block-image size-large\"><img decoding=\"async\" width=\"768\" height=\"1024\" src=\"https:\/\/dogtagclan.com.br\/blog\/wp-content\/uploads\/2025\/11\/dog-tag-pernanbuco-768x1024.jpg\" alt=\"Dog tag personalizada com a bandeira de Pernambuco em a\u00e7o inox \u2013 DogTagClan\" class=\"wp-image-4949\" srcset=\"https:\/\/dogtagclan.com.br\/blog\/wp-content\/uploads\/2025\/11\/dog-tag-pernanbuco-768x1024.jpg 768w, https:\/\/dogtagclan.com.br\/blog\/wp-content\/uploads\/2025\/11\/dog-tag-pernanbuco-225x300.jpg 225w, https:\/\/dogtagclan.com.br\/blog\/wp-content\/uploads\/2025\/11\/dog-tag-pernanbuco-640x853.jpg 640w, https:\/\/dogtagclan.com.br\/blog\/wp-content\/uploads\/2025\/11\/dog-tag-pernanbuco-150x200.jpg 150w, https:\/\/dogtagclan.com.br\/blog\/wp-content\/uploads\/2025\/11\/dog-tag-pernanbuco.jpg 960w\" sizes=\"(max-width: 768px) 100vw, 768px\" \/><figcaption class=\"wp-element-caption\">Dog tag da bandeira de Pernambuco personalizada com nome e dados, feita em a\u00e7o inox pela DogTagClan.<\/figcaption><\/figure>\n\n\n\n<hr class=\"wp-block-separator has-alpha-channel-opacity\"\/>\n\n\n\n<h1 class=\"wp-block-heading\" id=\"h-o-que-a-dog-tag-bandeira-de-pernambuco\">\u2b50 <strong>O que \u00e9 a Dog Tag Bandeira de Pernambuco?<\/strong><\/h1>\n\n\n\n<p>\u00c9 uma placa no estilo militar, fabricada em <strong>a\u00e7o inoxid\u00e1vel<\/strong>, personalizada com a <strong>bandeira de Pernambuco<\/strong>, s\u00edmbolo formado por:<\/p>\n\n\n\n<ul>\n<li>\u2b50 <strong>Estrela<\/strong> \u2013 Pernambuco como estado da federa\u00e7\u00e3o<\/li>\n\n\n\n<li>\ud83c\udf08 <strong>Arco-\u00edris<\/strong> \u2013 uni\u00e3o do povo pernambucano<\/li>\n\n\n\n<li>\u2600\ufe0f <strong>Sol<\/strong> \u2013 for\u00e7a e energia<\/li>\n\n\n\n<li>\u271d\ufe0f <strong>Cruz<\/strong> \u2013 f\u00e9 e hist\u00f3ria<\/li>\n<\/ul>\n\n\n\n<p>Na DogTagClan, a dog tag recebe uma camada de <strong>sublima\u00e7\u00e3o colorida em alta resolu\u00e7\u00e3o<\/strong>, garantindo:<\/p>\n\n\n\n<ul>\n<li>Cores vivas<\/li>\n\n\n\n<li>Estampa firme<\/li>\n\n\n\n<li>Durabilidade<\/li>\n\n\n\n<li>Resist\u00eancia ao uso di\u00e1rio<\/li>\n<\/ul>\n\n\n\n<p>E no verso, voc\u00ea escolhe o que gravar.<\/p>\n\n\n\n<hr class=\"wp-block-separator has-alpha-channel-opacity\"\/>\n\n\n\n<h1 class=\"wp-block-heading\" id=\"h-personalize-com-seus-dados-seguran-a-e-identidade\">\u2b50 <strong>Personalize com seus dados \u2013 seguran\u00e7a e identidade<\/strong><\/h1>\n\n\n\n<p>A dog tag Pernambuco pode ser personalizada com:<\/p>\n\n\n\n<ul>\n<li>Nome completo<\/li>\n\n\n\n<li>Tipo sangu\u00edneo<\/li>\n\n\n\n<li>Telefone de emerg\u00eancia<\/li>\n\n\n\n<li>Contato de familiar<\/li>\n\n\n\n<li>Data de nascimento<\/li>\n\n\n\n<li>Alergias e condi\u00e7\u00f5es m\u00e9dicas<\/li>\n\n\n\n<li>N\u00famero de identifica\u00e7\u00e3o<\/li>\n\n\n\n<li>Frase especial<\/li>\n\n\n\n<li>Vers\u00edculo<\/li>\n\n\n\n<li>Foto gravada (opcional)<\/li>\n<\/ul>\n\n\n\n<p>Essa pe\u00e7a n\u00e3o \u00e9 s\u00f3 est\u00e9tica \u2014 ela tamb\u00e9m pode salvar vidas em emerg\u00eancias.<\/p>\n\n\n\n<hr class=\"wp-block-separator has-alpha-channel-opacity\"\/>\n\n\n\n<h1 class=\"wp-block-heading\" id=\"h-por-que-a-dog-tag-de-pernambuco-se-tornou-t-o-procurada\">\u2b50 <strong>Por que a dog tag de Pernambuco se tornou t\u00e3o procurada?<\/strong><\/h1>\n\n\n\n<p>Porque ela une tr\u00eas coisas poderosas:<\/p>\n\n\n\n<h3 class=\"wp-block-heading\" id=\"h-identidade\">\u2714 Identidade<\/h3>\n\n\n\n<p>O pernambucano tem orgulho do seu estado.<\/p>\n\n\n\n<h3 class=\"wp-block-heading\" id=\"h-estilo\">\u2714 Estilo<\/h3>\n\n\n\n<p>O design azul, branco, amarelo e vermelho chama aten\u00e7\u00e3o.<\/p>\n\n\n\n<h3 class=\"wp-block-heading\" id=\"h-funcionalidade\">\u2714 Funcionalidade<\/h3>\n\n\n\n<p>Pode ser usada como identifica\u00e7\u00e3o pessoal, militar ou esportiva.<\/p>\n\n\n\n<p>Al\u00e9m disso, virou uma pe\u00e7a muito comprada por:<\/p>\n\n\n\n<ul>\n<li>Militares<\/li>\n\n\n\n<li>Policiais<\/li>\n\n\n\n<li>Moto clubes<\/li>\n\n\n\n<li>Atletas<\/li>\n\n\n\n<li>Crist\u00e3os<\/li>\n\n\n\n<li>Colecionadores<\/li>\n\n\n\n<li>Pessoas que amam Pernambuco<\/li>\n<\/ul>\n\n\n\n<hr class=\"wp-block-separator has-alpha-channel-opacity\"\/>\n\n\n\n<h1 class=\"wp-block-heading\" id=\"h-tipos-de-personaliza-o-dispon-veis\">\ud83d\udd25 <strong>Tipos de personaliza\u00e7\u00e3o dispon\u00edveis<\/strong><\/h1>\n\n\n\n<h2 class=\"wp-block-heading\" id=\"h-1-sublima-o-colorida-frente\"><strong>1\ufe0f\u20e3 Sublima\u00e7\u00e3o Colorida (frente)<\/strong><\/h2>\n\n\n\n<p>Ideal para a bandeira de Pernambuco.<br>Impress\u00e3o n\u00edtida, brilhante e resistente.<\/p>\n\n\n\n<h2 class=\"wp-block-heading\" id=\"h-2-grava-o-mec-nica-verso\"><strong>2\ufe0f\u20e3 Grava\u00e7\u00e3o Mec\u00e2nica (verso)<\/strong><\/h2>\n\n\n\n<p>Dados como nome, sangue e telefone gravados permanentemente.<\/p>\n\n\n\n<h2 class=\"wp-block-heading\" id=\"h-3-grava-o-ponta-de-diamante-verso-premium\"><strong>3\ufe0f\u20e3 Grava\u00e7\u00e3o Ponta de Diamante (verso premium)<\/strong><\/h2>\n\n\n\n<p>Mais brilho, efeito \u201cjoia masculina\u201d, acabamento uniforme.<\/p>\n\n\n\n<hr class=\"wp-block-separator has-alpha-channel-opacity\"\/>\n\n\n\n<h1 class=\"wp-block-heading\" id=\"h-correntes-dispon-veis-para-sua-dog-tag\">\u2b50 <strong>Correntes dispon\u00edveis para sua dog tag<\/strong><\/h1>\n\n\n\n<ul>\n<li>A\u00e7o inox que n\u00e3o enferruja<\/li>\n\n\n\n<li>Corrente curta feminina<\/li>\n\n\n\n<li>Corrente 70cm masculina<\/li>\n\n\n\n<li>A\u00e7o inox dourado<\/li>\n\n\n\n<li>Corrente preta<\/li>\n\n\n\n<li>Corrente simples econ\u00f4mica<\/li>\n\n\n\n<li>Corrente grossa premium<\/li>\n<\/ul>\n\n\n\n<p>Voc\u00ea escolhe o estilo que combina com voc\u00ea.<\/p>\n\n\n\n<hr class=\"wp-block-separator has-alpha-channel-opacity\"\/>\n\n\n\n<hr class=\"wp-block-separator has-alpha-channel-opacity\"\/>\n\n\n\n<h1 class=\"wp-block-heading\" id=\"h-as-pessoas-tamb-m-perguntam-sge\">\u2b50 <strong>As pessoas tamb\u00e9m perguntam (SGE)<\/strong><\/h1>\n\n\n\n<h3 class=\"wp-block-heading\" id=\"h-a-dog-tag-da-bandeira-de-pernambuco-descasca\"><strong>A dog tag da bandeira de Pernambuco descasca?<\/strong><\/h3>\n\n\n\n<p>N\u00e3o. Ela \u00e9 feita em <strong>a\u00e7o inox sublimado<\/strong>, resistente e dur\u00e1vel.<\/p>\n\n\n\n<h3 class=\"wp-block-heading\" id=\"h-posso-gravar-meus-dados-no-verso\"><strong>Posso gravar meus dados no verso?<\/strong><\/h3>\n\n\n\n<p>Sim, nome, telefone, sangue, alergias e o que voc\u00ea quiser.<\/p>\n\n\n\n<h3 class=\"wp-block-heading\" id=\"h-a-dog-tag-pode-ser-usada-por-militares\"><strong>A dog tag pode ser usada por militares?<\/strong><\/h3>\n\n\n\n<p>Sim. Muitos militares de Pernambuco usam com dados pessoais e identifica\u00e7\u00e3o.<\/p>\n\n\n\n<h3 class=\"wp-block-heading\" id=\"h-envia-para-todo-o-brasil\"><strong>Envia para todo o Brasil?<\/strong><\/h3>\n\n\n\n<p>Sim, envio r\u00e1pido e seguro para qualquer cidade.<\/p>\n\n\n\n<hr class=\"wp-block-separator has-alpha-channel-opacity\"\/>\n\n\n\n<h1 class=\"wp-block-heading\" id=\"h-por-que-comprar-na-dogtagclan\">\u2b50 <strong>Por que comprar na DogTagClan?<\/strong><\/h1>\n\n\n\n<ul>\n<li>Fabrica\u00e7\u00e3o pr\u00f3pria<\/li>\n\n\n\n<li>Acabamento profissional<\/li>\n\n\n\n<li>Personaliza\u00e7\u00e3o sob medida<\/li>\n\n\n\n<li>Atendimento humano (n\u00e3o \u00e9 robotizado)<\/li>\n\n\n\n<li>Envio com seguran\u00e7a<\/li>\n\n\n\n<li>A\u00e7o inox de alt\u00edssima durabilidade<\/li>\n<\/ul>\n\n\n\n<p>Aqui, cada dog tag \u00e9 tratada como <strong>hist\u00f3ria<\/strong>, n\u00e3o como produto.<\/p>\n\n\n\n<p>\ud83d\udccc <strong>Voc\u00ea escolhe a arte. N\u00f3s gravamos o significado.<\/strong><\/p>\n\n\n\n<hr class=\"wp-block-separator has-alpha-channel-opacity\"\/>\n\n\n\n<h1 class=\"wp-block-heading\" id=\"h-fa-a-a-sua-agora-mesmo\">\ud83c\udf81 <strong>Fa\u00e7a a sua agora mesmo<\/strong><\/h1>\n\n\n\n<p>\ud83d\udc49 <a href=\"http:\/\/www.dogtagclan.com.br\">www.dogtagclan.com.br<\/a><br>\ud83d\udc49 WhatsApp direto: <a>https:\/\/wa.me\/554174001990<\/a><\/p>\n\n\n\n<p><strong>Personalize. Sinta. Eternize.<\/strong><\/p>\n","protected":false},"excerpt":{"rendered":"<p>Orgulho, tradi\u00e7\u00e3o e pertencimento gravados em uma pe\u00e7a \u00fanica A bandeira de Pernambuco \u00e9 um dos s\u00edmbolos mais fortes do<\/p>\n","protected":false},"author":1,"featured_media":4949,"comment_status":"open","ping_status":"open","sticky":false,"template":"","format":"standard","meta":{"footnotes":""},"categories":[11,17],"tags":[],"yoast_head":"<!-- This site is optimized with the Yoast SEO Premium plugin v15.5 - https:\/\/yoast.com\/wordpress\/plugins\/seo\/ -->\n<title>Dog Tag Bandeira de Pernambuco \u2013 Personalizada com Seu Nome, Dados e Identidade no A\u00e7o | DogTagClan Blog<\/title>\n<meta name=\"description\" content=\"\u00c9 uma placa no estilo militar, fabricada em a\u00e7o inoxid\u00e1vel, personalizada com a bandeira de Pernambuco, s\u00edmbolo formado por:\" \/>\n<meta name=\"robots\" content=\"index, follow, max-snippet:-1, max-image-preview:large, max-video-preview:-1\" \/>\n<link rel=\"canonical\" href=\"https:\/\/dogtagclan.com.br\/blog\/dog-tag-bandeira-de-pernambuco-personalizada-com-seu-nome-dados-e-identidade-no-aco\/\" \/>\n<meta property=\"og:locale\" content=\"pt_BR\" \/>\n<meta property=\"og:type\" content=\"article\" \/>\n<meta property=\"og:title\" content=\"Dog Tag Bandeira de Pernambuco \u2013 Personalizada com Seu Nome, Dados e Identidade no A\u00e7o | DogTagClan Blog\" \/>\n<meta property=\"og:description\" content=\"\u00c9 uma placa no estilo militar, fabricada em a\u00e7o inoxid\u00e1vel, personalizada com a bandeira de Pernambuco, s\u00edmbolo formado por:\" \/>\n<meta property=\"og:url\" content=\"https:\/\/dogtagclan.com.br\/blog\/dog-tag-bandeira-de-pernambuco-personalizada-com-seu-nome-dados-e-identidade-no-aco\/\" \/>\n<meta property=\"og:site_name\" content=\"DogTagClan Blog\" \/>\n<meta property=\"article:publisher\" content=\"https:\/\/www.facebook.com\/dogtagclan\" \/>\n<meta property=\"article:author\" content=\"https:\/\/www.facebook.com\/dogtagclan\" \/>\n<meta property=\"article:published_time\" content=\"2025-11-17T15:32:16+00:00\" \/>\n<meta property=\"article:modified_time\" content=\"2025-11-17T15:32:18+00:00\" \/>\n<meta property=\"og:image\" content=\"https:\/\/dogtagclan.com.br\/blog\/wp-content\/uploads\/2025\/11\/dog-tag-pernanbuco.jpg\" \/>\n\t<meta property=\"og:image:width\" content=\"960\" \/>\n\t<meta property=\"og:image:height\" content=\"1280\" \/>\n<meta name=\"twitter:card\" content=\"summary_large_image\" \/>\n<meta name=\"twitter:creator\" content=\"@https:\/\/x.com\/Dogtagclanclan\" \/>\n<meta name=\"twitter:label1\" content=\"Est. tempo de leitura\">\n\t<meta name=\"twitter:data1\" content=\"2 minutos\">\n<script type=\"application\/ld+json\" class=\"yoast-schema-graph\">{\"@context\":\"https:\/\/schema.org\",\"@graph\":[{\"@type\":\"Organization\",\"@id\":\"https:\/\/dogtagclan.com.br\/blog\/#organization\",\"name\":\"DogTagClan | Dog Tags, Crach\\u00e1s e Acess\\u00f3rios Personalizados\",\"url\":\"https:\/\/dogtagclan.com.br\/blog\/\",\"sameAs\":[\"https:\/\/www.facebook.com\/dogtagclan\"],\"logo\":{\"@type\":\"ImageObject\",\"@id\":\"https:\/\/dogtagclan.com.br\/blog\/#logo\",\"inLanguage\":\"pt-BR\",\"url\":\"https:\/\/dogtagclan.com.br\/blog\/wp-content\/uploads\/2023\/02\/cropped-doftagclan-logo.png\",\"width\":250,\"height\":140,\"caption\":\"DogTagClan | Dog Tags, Crach\\u00e1s e Acess\\u00f3rios Personalizados\"},\"image\":{\"@id\":\"https:\/\/dogtagclan.com.br\/blog\/#logo\"}},{\"@type\":\"WebSite\",\"@id\":\"https:\/\/dogtagclan.com.br\/blog\/#website\",\"url\":\"https:\/\/dogtagclan.com.br\/blog\/\",\"name\":\"DogTagClan Blog\",\"description\":\"A gente faz, do seu Jeito\",\"publisher\":{\"@id\":\"https:\/\/dogtagclan.com.br\/blog\/#organization\"},\"potentialAction\":[{\"@type\":\"SearchAction\",\"target\":\"https:\/\/dogtagclan.com.br\/blog\/?s={search_term_string}\",\"query-input\":\"required name=search_term_string\"}],\"inLanguage\":\"pt-BR\"},{\"@type\":\"ImageObject\",\"@id\":\"https:\/\/dogtagclan.com.br\/blog\/dog-tag-bandeira-de-pernambuco-personalizada-com-seu-nome-dados-e-identidade-no-aco\/#primaryimage\",\"inLanguage\":\"pt-BR\",\"url\":\"https:\/\/dogtagclan.com.br\/blog\/wp-content\/uploads\/2025\/11\/dog-tag-pernanbuco.jpg\",\"width\":960,\"height\":1280,\"caption\":\"Dog tag da bandeira de Pernambuco personalizada com nome e dados, feita em a\\u00e7o inox pela DogTagClan.\"},{\"@type\":\"WebPage\",\"@id\":\"https:\/\/dogtagclan.com.br\/blog\/dog-tag-bandeira-de-pernambuco-personalizada-com-seu-nome-dados-e-identidade-no-aco\/#webpage\",\"url\":\"https:\/\/dogtagclan.com.br\/blog\/dog-tag-bandeira-de-pernambuco-personalizada-com-seu-nome-dados-e-identidade-no-aco\/\",\"name\":\"Dog Tag Bandeira de Pernambuco \\u2013 Personalizada com Seu Nome, Dados e Identidade no A\\u00e7o | DogTagClan Blog\",\"isPartOf\":{\"@id\":\"https:\/\/dogtagclan.com.br\/blog\/#website\"},\"primaryImageOfPage\":{\"@id\":\"https:\/\/dogtagclan.com.br\/blog\/dog-tag-bandeira-de-pernambuco-personalizada-com-seu-nome-dados-e-identidade-no-aco\/#primaryimage\"},\"datePublished\":\"2025-11-17T15:32:16+00:00\",\"dateModified\":\"2025-11-17T15:32:18+00:00\",\"description\":\"\\u00c9 uma placa no estilo militar, fabricada em a\\u00e7o inoxid\\u00e1vel, personalizada com a bandeira de Pernambuco, s\\u00edmbolo formado por:\",\"inLanguage\":\"pt-BR\",\"potentialAction\":[{\"@type\":\"ReadAction\",\"target\":[\"https:\/\/dogtagclan.com.br\/blog\/dog-tag-bandeira-de-pernambuco-personalizada-com-seu-nome-dados-e-identidade-no-aco\/\"]}]},{\"@type\":\"Article\",\"@id\":\"https:\/\/dogtagclan.com.br\/blog\/dog-tag-bandeira-de-pernambuco-personalizada-com-seu-nome-dados-e-identidade-no-aco\/#article\",\"isPartOf\":{\"@id\":\"https:\/\/dogtagclan.com.br\/blog\/dog-tag-bandeira-de-pernambuco-personalizada-com-seu-nome-dados-e-identidade-no-aco\/#webpage\"},\"author\":{\"@id\":\"https:\/\/dogtagclan.com.br\/blog\/#\/schema\/person\/b7279d930f15e2a85c89cd3b2f1d8df5\"},\"headline\":\"Dog Tag Bandeira de Pernambuco \\u2013 Personalizada com Seu Nome, Dados e Identidade no A\\u00e7o\",\"datePublished\":\"2025-11-17T15:32:16+00:00\",\"dateModified\":\"2025-11-17T15:32:18+00:00\",\"mainEntityOfPage\":{\"@id\":\"https:\/\/dogtagclan.com.br\/blog\/dog-tag-bandeira-de-pernambuco-personalizada-com-seu-nome-dados-e-identidade-no-aco\/#webpage\"},\"commentCount\":0,\"publisher\":{\"@id\":\"https:\/\/dogtagclan.com.br\/blog\/#organization\"},\"image\":{\"@id\":\"https:\/\/dogtagclan.com.br\/blog\/dog-tag-bandeira-de-pernambuco-personalizada-com-seu-nome-dados-e-identidade-no-aco\/#primaryimage\"},\"articleSection\":\"Dog tags,Dog Tags Personalizadas\",\"inLanguage\":\"pt-BR\",\"potentialAction\":[{\"@type\":\"CommentAction\",\"name\":\"Comment\",\"target\":[\"https:\/\/dogtagclan.com.br\/blog\/dog-tag-bandeira-de-pernambuco-personalizada-com-seu-nome-dados-e-identidade-no-aco\/#respond\"]}]},{\"@type\":\"Person\",\"@id\":\"https:\/\/dogtagclan.com.br\/blog\/#\/schema\/person\/b7279d930f15e2a85c89cd3b2f1d8df5\",\"name\":\"dogtagclan\",\"description\":\"\\\"A DogTagClan \\u00e9 especializada na fabrica\\u00e7\\u00e3o e personaliza\\u00e7\\u00e3o de Dog Tags, crach\\u00e1s e acess\\u00f3rios. Produzimos pe\\u00e7as em a\\u00e7o inoxid\\u00e1vel com grava\\u00e7\\u00f5es de alta precis\\u00e3o para identifica\\u00e7\\u00e3o pessoal e profissional.\\\"\",\"sameAs\":[\"https:\/\/blog.dogtagclan.com.br\",\"https:\/\/www.facebook.com\/dogtagclan\",\"https:\/\/www.instagram.com\/dogtagclan\",\"https:\/\/twitter.com\/https:\/\/x.com\/Dogtagclanclan\",\"https:\/\/www.youtube.com\/dogtagclan\"]}]}<\/script>\n<!-- \/ Yoast SEO Premium plugin. -->","_links":{"self":[{"href":"https:\/\/dogtagclan.com.br\/blog\/wp-json\/wp\/v2\/posts\/4948"}],"collection":[{"href":"https:\/\/dogtagclan.com.br\/blog\/wp-json\/wp\/v2\/posts"}],"about":[{"href":"https:\/\/dogtagclan.com.br\/blog\/wp-json\/wp\/v2\/types\/post"}],"author":[{"embeddable":true,"href":"https:\/\/dogtagclan.com.br\/blog\/wp-json\/wp\/v2\/users\/1"}],"replies":[{"embeddable":true,"href":"https:\/\/dogtagclan.com.br\/blog\/wp-json\/wp\/v2\/comments?post=4948"}],"version-history":[{"count":1,"href":"https:\/\/dogtagclan.com.br\/blog\/wp-json\/wp\/v2\/posts\/4948\/revisions"}],"predecessor-version":[{"id":4950,"href":"https:\/\/dogtagclan.com.br\/blog\/wp-json\/wp\/v2\/posts\/4948\/revisions\/4950"}],"wp:featuredmedia":[{"embeddable":true,"href":"https:\/\/dogtagclan.com.br\/blog\/wp-json\/wp\/v2\/media\/4949"}],"wp:attachment":[{"href":"https:\/\/dogtagclan.com.br\/blog\/wp-json\/wp\/v2\/media?parent=4948"}],"wp:term":[{"taxonomy":"category","embeddable":true,"href":"https:\/\/dogtagclan.com.br\/blog\/wp-json\/wp\/v2\/categories?post=4948"},{"taxonomy":"post_tag","embeddable":true,"href":"https:\/\/dogtagclan.com.br\/blog\/wp-json\/wp\/v2\/tags?post=4948"}],"curies":[{"name":"wp","href":"https:\/\/api.w.org\/{rel}","templated":true}]}}