{"id":4943,"date":"2025-11-16T23:21:13","date_gmt":"2025-11-17T02:21:13","guid":{"rendered":"https:\/\/dogtagclan.com.br\/blog\/?p=4943"},"modified":"2025-11-16T23:21:15","modified_gmt":"2025-11-17T02:21:15","slug":"%f0%9f%8c%bb-pulseira-ou-cordao-girassol-o-que-e-como-funciona-e-por-que-e-essencial-para-pessoas-com-deficiencias-ocultas","status":"publish","type":"post","link":"https:\/\/dogtagclan.com.br\/blog\/%f0%9f%8c%bb-pulseira-ou-cordao-girassol-o-que-e-como-funciona-e-por-que-e-essencial-para-pessoas-com-deficiencias-ocultas\/","title":{"rendered":"\ud83c\udf3b Pulseira ou Cord\u00e3o Girassol \u2013 O Que \u00c9, Como Funciona e Por Que \u00c9 Essencial para Pessoas com Defici\u00eancias Ocultas"},"content":{"rendered":"\n<p>A <strong>Pulseira Girassol<\/strong>, tamb\u00e9m conhecida como <strong>Cord\u00e3o Girassol<\/strong>, se tornou um dos s\u00edmbolos mais importantes de <strong>inclus\u00e3o, acessibilidade e respeito \u00e0s defici\u00eancias invis\u00edveis<\/strong> no Brasil.<br>Reconhecida oficialmente pela <strong>Lei 14.624\/2023<\/strong>, ela permite que pessoas com condi\u00e7\u00f5es n\u00e3o aparentes sejam identificadas de maneira <strong>discreta e respeitosa<\/strong>, garantindo atendimento adequado em locais p\u00fablicos e estabelecimentos privados.<\/p>\n\n\n\n<p>Neste artigo pilar, voc\u00ea vai entender tudo sobre o s\u00edmbolo, como ele funciona, quem deve usar, o que a lei garante, e onde adquirir com seguran\u00e7a no <strong>Crach\u00e1 IdentificaME\u00ae<\/strong> \u2014 refer\u00eancia nacional em identifica\u00e7\u00e3o acess\u00edvel para TEA, TDAH e defici\u00eancias ocultas.<\/p>\n\n\n\n<hr class=\"wp-block-separator has-alpha-channel-opacity\"\/>\n\n\n\n<h1 class=\"wp-block-heading\" id=\"h-o-que-o-cord-o-ou-pulseira-girassol\">\ud83c\udf3b <strong>O Que \u00c9 o Cord\u00e3o ou Pulseira Girassol?<\/strong><\/h1>\n\n\n\n<p>O Cord\u00e3o Girassol \u00e9 um acess\u00f3rio verde estampado com <strong>girass\u00f3is amarelos<\/strong>, criado para \u201ctornar o invis\u00edvel vis\u00edvel\u201d.<br>Seu objetivo \u00e9 identificar pessoas com defici\u00eancias que <strong>n\u00e3o s\u00e3o aparentes<\/strong>, permitindo que funcion\u00e1rios, atendentes e cidad\u00e3os ofere\u00e7am:<\/p>\n\n\n\n<ul>\n<li>apoio extra<\/li>\n\n\n\n<li>atendimento priorit\u00e1rio<\/li>\n\n\n\n<li>mais paci\u00eancia<\/li>\n\n\n\n<li>comunica\u00e7\u00e3o adaptada<\/li>\n\n\n\n<li>tempo adicional em situa\u00e7\u00f5es sens\u00edveis<\/li>\n<\/ul>\n\n\n\n<p>Ele n\u00e3o exp\u00f5e a condi\u00e7\u00e3o da pessoa \u2014 apenas comunica que <strong>ela pode precisar de suporte<\/strong>.<\/p>\n\n\n\n<figure class=\"wp-block-image size-full\"><a href=\"https:\/\/crachaidentificame.com.br\/\" target=\"_blank\" rel=\"noopener\"><img decoding=\"async\" width=\"500\" height=\"500\" src=\"https:\/\/dogtagclan.com.br\/blog\/wp-content\/uploads\/2025\/11\/pulserira-girasol.jpg\" alt=\"Pulseira girassol para identifica\u00e7\u00e3o de defici\u00eancias invis\u00edveis no pulso, em branco com girass\u00f3is amarelos e bandeira do Brasil\" class=\"wp-image-4944\" srcset=\"https:\/\/dogtagclan.com.br\/blog\/wp-content\/uploads\/2025\/11\/pulserira-girasol.jpg 500w, https:\/\/dogtagclan.com.br\/blog\/wp-content\/uploads\/2025\/11\/pulserira-girasol-300x300.jpg 300w, https:\/\/dogtagclan.com.br\/blog\/wp-content\/uploads\/2025\/11\/pulserira-girasol-150x150.jpg 150w, https:\/\/dogtagclan.com.br\/blog\/wp-content\/uploads\/2025\/11\/pulserira-girasol-96x96.jpg 96w\" sizes=\"(max-width: 500px) 100vw, 500px\" \/><\/a><figcaption class=\"wp-element-caption\">Pulseira com s\u00edmbolo do girassol, usada para identificar defici\u00eancias invis\u00edveis conforme a Lei 14.624\/2023.<\/figcaption><\/figure>\n\n\n\n<hr class=\"wp-block-separator has-alpha-channel-opacity\"\/>\n\n\n\n<h1 class=\"wp-block-heading\" id=\"h-para-que-serve-a-pulseira-girassol\">\ud83c\udf3b <strong>Para Que Serve a Pulseira Girassol?<\/strong><\/h1>\n\n\n\n<h2 class=\"wp-block-heading\" id=\"h-1-identifica-o-discreta-e-respeitosa\">\u2714\ufe0f <strong>1. Identifica\u00e7\u00e3o Discreta e Respeitosa<\/strong><\/h2>\n\n\n\n<p>Ela sinaliza que a pessoa tem uma defici\u00eancia oculta e pode precisar de:<\/p>\n\n\n\n<ul>\n<li>atendimento priorit\u00e1rio<\/li>\n\n\n\n<li>abordagem mais calma<\/li>\n\n\n\n<li>tempo para se comunicar<\/li>\n\n\n\n<li>ajuda na locomo\u00e7\u00e3o<\/li>\n\n\n\n<li>suporte em crises<\/li>\n<\/ul>\n\n\n\n<p>Sem a necessidade de explica\u00e7\u00f5es verbais a todo momento.<\/p>\n\n\n\n<hr class=\"wp-block-separator has-alpha-channel-opacity\"\/>\n\n\n\n<h2 class=\"wp-block-heading\" id=\"h-2-facilitar-atendimento-em-locais-p-blicos\">\u2714\ufe0f <strong>2. Facilitar Atendimento em Locais P\u00fablicos<\/strong><\/h2>\n\n\n\n<p>O cord\u00e3o j\u00e1 \u00e9 reconhecido em diversos ambientes, como:<\/p>\n\n\n\n<ul>\n<li>aeroportos<\/li>\n\n\n\n<li>mercados<\/li>\n\n\n\n<li>shoppings<\/li>\n\n\n\n<li>escolas<\/li>\n\n\n\n<li>servi\u00e7os p\u00fablicos<\/li>\n\n\n\n<li>hospitais<\/li>\n\n\n\n<li>transportes<\/li>\n<\/ul>\n\n\n\n<p>Funcion\u00e1rios treinados reconhecem o s\u00edmbolo e sabem agir com empatia e cuidado.<\/p>\n\n\n\n<hr class=\"wp-block-separator has-alpha-channel-opacity\"\/>\n\n\n\n<h2 class=\"wp-block-heading\" id=\"h-3-promover-compreens-o-e-empatia\">\u2714\ufe0f <strong>3. Promover Compreens\u00e3o e Empatia<\/strong><\/h2>\n\n\n\n<p>Muitas condi\u00e7\u00f5es n\u00e3o s\u00e3o vis\u00edveis, mas interferem diretamente no cotidiano.<br>A pulseira evita julgamentos, constrangimentos e situa\u00e7\u00f5es desconfort\u00e1veis.<\/p>\n\n\n\n<p>Ela permite que a sociedade compreenda que aquela pessoa <strong>n\u00e3o est\u00e1 sendo \u201clenta\u201d, \u201cnervosa\u201d, \u201cdesatenta\u201d ou \u201cdiferente\u201d de prop\u00f3sito<\/strong> \u2014 ela tem necessidades espec\u00edficas.<\/p>\n\n\n\n<hr class=\"wp-block-separator has-alpha-channel-opacity\"\/>\n\n\n\n<h2 class=\"wp-block-heading\" id=\"h-4-empoderar-quem-usa\">\u2714\ufe0f <strong>4. Empoderar Quem Usa<\/strong><\/h2>\n\n\n\n<p>O s\u00edmbolo d\u00e1 autonomia ao portador, que n\u00e3o precisa repetir sua condi\u00e7\u00e3o em cada atendimento.<br>A pulseira fala por ele.<\/p>\n\n\n\n<hr class=\"wp-block-separator has-alpha-channel-opacity\"\/>\n\n\n\n<h1 class=\"wp-block-heading\" id=\"h-quem-pode-usar-a-pulseira-girassol\">\ud83c\udf3b <strong>Quem Pode Usar a Pulseira Girassol?<\/strong><\/h1>\n\n\n\n<p>A identifica\u00e7\u00e3o \u00e9 indicada para pessoas com condi\u00e7\u00f5es como:<\/p>\n\n\n\n<ul>\n<li><strong>Autismo (TEA)<\/strong><\/li>\n\n\n\n<li><strong>TDAH<\/strong><\/li>\n\n\n\n<li><strong>Surdez parcial ou total<\/strong><\/li>\n\n\n\n<li><strong>Baixa vis\u00e3o<\/strong><\/li>\n\n\n\n<li><strong>Epilepsia<\/strong><\/li>\n\n\n\n<li><strong>Esquizofrenia<\/strong><\/li>\n\n\n\n<li><strong>Dem\u00eancia ou Alzheimer<\/strong><\/li>\n\n\n\n<li><strong>Fibromialgia<\/strong><\/li>\n\n\n\n<li><strong>Ansiedade social severa<\/strong><\/li>\n\n\n\n<li><strong>Asma grave<\/strong><\/li>\n\n\n\n<li><strong>Doen\u00e7as cr\u00f4nicas n\u00e3o aparentes<\/strong><\/li>\n\n\n\n<li><strong>Diabetes Tipo 1<\/strong><\/li>\n<\/ul>\n\n\n\n<p>Ou qualquer condi\u00e7\u00e3o que gere restri\u00e7\u00f5es <strong>n\u00e3o vis\u00edveis<\/strong> a olho nu.<\/p>\n\n\n\n<hr class=\"wp-block-separator has-alpha-channel-opacity\"\/>\n\n\n\n<h1 class=\"wp-block-heading\" id=\"h-a-pulseira-girassol-obrigat-ria\">\ud83c\udf3b <strong>A Pulseira Girassol \u00e9 Obrigat\u00f3ria?<\/strong><\/h1>\n\n\n\n<p>N\u00e3o.<br>A Lei 14.624 torna o uso <strong>opcional<\/strong>, mas garante:<\/p>\n\n\n\n<ul>\n<li>o <strong>direito de usar<\/strong><\/li>\n\n\n\n<li>o direito de ser <strong>identificado<\/strong><\/li>\n\n\n\n<li>e o direito de <strong>receber atendimento priorit\u00e1rio<\/strong> quando necess\u00e1rio<\/li>\n<\/ul>\n\n\n\n<p>Ou seja:<br><strong>ningu\u00e9m \u00e9 obrigado a usar, mas quem usa deve ser respeitado.<\/strong><\/p>\n\n\n\n<hr class=\"wp-block-separator has-alpha-channel-opacity\"\/>\n\n\n\n<h1 class=\"wp-block-heading\" id=\"h-o-cord-o-girassol-substitui-laudos-ou-documentos\">\ud83c\udf3b <strong>O Cord\u00e3o Girassol Substitui Laudos ou Documentos?<\/strong><\/h1>\n\n\n\n<p>N\u00e3o.<br>Ele <strong>n\u00e3o substitui<\/strong> laudo m\u00e9dico, CIPTEA ou outros documentos oficiais.<\/p>\n\n\n\n<p>Ele funciona como <strong>refor\u00e7o visual<\/strong> para facilitar atendimento e inclus\u00e3o.<\/p>\n\n\n\n<hr class=\"wp-block-separator has-alpha-channel-opacity\"\/>\n\n\n\n<h1 class=\"wp-block-heading\" id=\"h-onde-comprar-a-pulseira-girassol-com-confian-a\">\ud83c\udf3b <strong>Onde Comprar a Pulseira Girassol com Confian\u00e7a?<\/strong><\/h1>\n\n\n\n<p>Voc\u00ea pode adquirir a pulseira e o cord\u00e3o em:<\/p>\n\n\n\n<h3 class=\"wp-block-heading\" id=\"h-crach-identificame\">\ud83d\udc49 <strong>Crach\u00e1 IdentificaME\u00ae<\/strong><\/h3>\n\n\n\n<p>Site especializado em acess\u00f3rios de identifica\u00e7\u00e3o para TEA, TDAH e defici\u00eancias invis\u00edveis.<br>Envio para todo o Brasil.  <a href=\"https:\/\/crachaidentificame.com.br\/\" target=\"_blank\" rel=\"noopener\">https:\/\/crachaidentificame.com.br\/<\/a><br>Atendimento humano via WhatsApp: <strong><a>https:\/\/wa.me\/5547991770734<\/a><\/strong><\/p>\n\n\n\n<p>Aqui voc\u00ea encontra pulseiras, cord\u00f5es, crach\u00e1s, QR Code, cart\u00f5es de identifica\u00e7\u00e3o e diversos produtos de acessibilidade.<\/p>\n\n\n\n<hr class=\"wp-block-separator has-alpha-channel-opacity\"\/>\n\n\n\n<h1 class=\"wp-block-heading\" id=\"h-por-que-o-crach-identificame-refer-ncia\">\ud83c\udf3b <strong>Por Que o Crach\u00e1 IdentificaME\u00ae \u00e9 Refer\u00eancia?<\/strong><\/h1>\n\n\n\n<ul>\n<li>produtos feitos com prop\u00f3sito<\/li>\n\n\n\n<li>material resistente e confort\u00e1vel<\/li>\n\n\n\n<li>impress\u00e3o de alta qualidade<\/li>\n\n\n\n<li>identifica\u00e7\u00e3o que realmente funciona<\/li>\n\n\n\n<li>foco em inclus\u00e3o, cuidado e seguran\u00e7a<\/li>\n\n\n\n<li>entrega para todo o Brasil<\/li>\n\n\n\n<li>suporte r\u00e1pido no WhatsApp<\/li>\n\n\n\n<li>marca confi\u00e1vel e especializada<\/li>\n<\/ul>\n\n\n\n<p>\u201cA identifica\u00e7\u00e3o certa muda tudo.\u201d<\/p>\n","protected":false},"excerpt":{"rendered":"<p>A Pulseira Girassol, tamb\u00e9m conhecida como Cord\u00e3o Girassol, se tornou um dos s\u00edmbolos mais importantes de inclus\u00e3o, acessibilidade e respeito<\/p>\n","protected":false},"author":1,"featured_media":4944,"comment_status":"open","ping_status":"open","sticky":false,"template":"","format":"standard","meta":{"footnotes":""},"categories":[557,554],"tags":[],"yoast_head":"<!-- This site is optimized with the Yoast SEO Premium plugin v15.5 - https:\/\/yoast.com\/wordpress\/plugins\/seo\/ -->\n<title>\ud83c\udf3b Pulseira ou Cord\u00e3o Girassol \u2013 O Que \u00c9, Como Funciona e Por Que \u00c9 Essencial para Pessoas com Defici\u00eancias Ocultas | DogTagClan Blog<\/title>\n<meta name=\"description\" content=\"A Pulseira Girassol, tamb\u00e9m conhecida como Cord\u00e3o Girassol, se tornou um dos s\u00edmbolos mais importantes de inclus\u00e3o, acessibilidade e respeito \u00e0s defici\u00eancias invis\u00edveis no Brasil.\" \/>\n<meta name=\"robots\" content=\"index, follow, max-snippet:-1, max-image-preview:large, max-video-preview:-1\" \/>\n<link rel=\"canonical\" href=\"https:\/\/dogtagclan.com.br\/blog\/\ud83c\udf3b-pulseira-ou-cordao-girassol-o-que-e-como-funciona-e-por-que-e-essencial-para-pessoas-com-deficiencias-ocultas\/\" \/>\n<meta property=\"og:locale\" content=\"pt_BR\" \/>\n<meta property=\"og:type\" content=\"article\" \/>\n<meta property=\"og:title\" content=\"\ud83c\udf3b Pulseira ou Cord\u00e3o Girassol \u2013 O Que \u00c9, Como Funciona e Por Que \u00c9 Essencial para Pessoas com Defici\u00eancias Ocultas | DogTagClan Blog\" \/>\n<meta property=\"og:description\" content=\"A Pulseira Girassol, tamb\u00e9m conhecida como Cord\u00e3o Girassol, se tornou um dos s\u00edmbolos mais importantes de inclus\u00e3o, acessibilidade e respeito \u00e0s defici\u00eancias invis\u00edveis no Brasil.\" \/>\n<meta property=\"og:url\" content=\"https:\/\/dogtagclan.com.br\/blog\/\ud83c\udf3b-pulseira-ou-cordao-girassol-o-que-e-como-funciona-e-por-que-e-essencial-para-pessoas-com-deficiencias-ocultas\/\" \/>\n<meta property=\"og:site_name\" content=\"DogTagClan Blog\" \/>\n<meta property=\"article:publisher\" content=\"https:\/\/www.facebook.com\/dogtagclan\" \/>\n<meta property=\"article:author\" content=\"https:\/\/www.facebook.com\/dogtagclan\" \/>\n<meta property=\"article:published_time\" content=\"2025-11-17T02:21:13+00:00\" \/>\n<meta property=\"article:modified_time\" content=\"2025-11-17T02:21:15+00:00\" \/>\n<meta property=\"og:image\" content=\"https:\/\/dogtagclan.com.br\/blog\/wp-content\/uploads\/2025\/11\/pulserira-girasol.jpg\" \/>\n\t<meta property=\"og:image:width\" content=\"500\" \/>\n\t<meta property=\"og:image:height\" content=\"500\" \/>\n<meta name=\"twitter:card\" content=\"summary_large_image\" \/>\n<meta name=\"twitter:creator\" content=\"@https:\/\/x.com\/Dogtagclanclan\" \/>\n<meta name=\"twitter:label1\" content=\"Est. tempo de leitura\">\n\t<meta name=\"twitter:data1\" content=\"3 minutos\">\n<script type=\"application\/ld+json\" class=\"yoast-schema-graph\">{\"@context\":\"https:\/\/schema.org\",\"@graph\":[{\"@type\":\"Organization\",\"@id\":\"https:\/\/dogtagclan.com.br\/blog\/#organization\",\"name\":\"DogTagClan | Dog Tags, Crach\\u00e1s e Acess\\u00f3rios Personalizados\",\"url\":\"https:\/\/dogtagclan.com.br\/blog\/\",\"sameAs\":[\"https:\/\/www.facebook.com\/dogtagclan\"],\"logo\":{\"@type\":\"ImageObject\",\"@id\":\"https:\/\/dogtagclan.com.br\/blog\/#logo\",\"inLanguage\":\"pt-BR\",\"url\":\"https:\/\/dogtagclan.com.br\/blog\/wp-content\/uploads\/2023\/02\/cropped-doftagclan-logo.png\",\"width\":250,\"height\":140,\"caption\":\"DogTagClan | Dog Tags, Crach\\u00e1s e Acess\\u00f3rios Personalizados\"},\"image\":{\"@id\":\"https:\/\/dogtagclan.com.br\/blog\/#logo\"}},{\"@type\":\"WebSite\",\"@id\":\"https:\/\/dogtagclan.com.br\/blog\/#website\",\"url\":\"https:\/\/dogtagclan.com.br\/blog\/\",\"name\":\"DogTagClan Blog\",\"description\":\"A gente faz, do seu Jeito\",\"publisher\":{\"@id\":\"https:\/\/dogtagclan.com.br\/blog\/#organization\"},\"potentialAction\":[{\"@type\":\"SearchAction\",\"target\":\"https:\/\/dogtagclan.com.br\/blog\/?s={search_term_string}\",\"query-input\":\"required name=search_term_string\"}],\"inLanguage\":\"pt-BR\"},{\"@type\":\"ImageObject\",\"@id\":\"https:\/\/dogtagclan.com.br\/blog\/%f0%9f%8c%bb-pulseira-ou-cordao-girassol-o-que-e-como-funciona-e-por-que-e-essencial-para-pessoas-com-deficiencias-ocultas\/#primaryimage\",\"inLanguage\":\"pt-BR\",\"url\":\"https:\/\/dogtagclan.com.br\/blog\/wp-content\/uploads\/2025\/11\/pulserira-girasol.jpg\",\"width\":500,\"height\":500,\"caption\":\"Pulseira com s\\u00edmbolo do girassol, usada para identificar defici\\u00eancias invis\\u00edveis conforme a Lei 14.624\/2023.\"},{\"@type\":\"WebPage\",\"@id\":\"https:\/\/dogtagclan.com.br\/blog\/%f0%9f%8c%bb-pulseira-ou-cordao-girassol-o-que-e-como-funciona-e-por-que-e-essencial-para-pessoas-com-deficiencias-ocultas\/#webpage\",\"url\":\"https:\/\/dogtagclan.com.br\/blog\/%f0%9f%8c%bb-pulseira-ou-cordao-girassol-o-que-e-como-funciona-e-por-que-e-essencial-para-pessoas-com-deficiencias-ocultas\/\",\"name\":\"\\ud83c\\udf3b Pulseira ou Cord\\u00e3o Girassol \\u2013 O Que \\u00c9, Como Funciona e Por Que \\u00c9 Essencial para Pessoas com Defici\\u00eancias Ocultas | DogTagClan Blog\",\"isPartOf\":{\"@id\":\"https:\/\/dogtagclan.com.br\/blog\/#website\"},\"primaryImageOfPage\":{\"@id\":\"https:\/\/dogtagclan.com.br\/blog\/%f0%9f%8c%bb-pulseira-ou-cordao-girassol-o-que-e-como-funciona-e-por-que-e-essencial-para-pessoas-com-deficiencias-ocultas\/#primaryimage\"},\"datePublished\":\"2025-11-17T02:21:13+00:00\",\"dateModified\":\"2025-11-17T02:21:15+00:00\",\"description\":\"A Pulseira Girassol, tamb\\u00e9m conhecida como Cord\\u00e3o Girassol, se tornou um dos s\\u00edmbolos mais importantes de inclus\\u00e3o, acessibilidade e respeito \\u00e0s defici\\u00eancias invis\\u00edveis no Brasil.\",\"inLanguage\":\"pt-BR\",\"potentialAction\":[{\"@type\":\"ReadAction\",\"target\":[\"https:\/\/dogtagclan.com.br\/blog\/%f0%9f%8c%bb-pulseira-ou-cordao-girassol-o-que-e-como-funciona-e-por-que-e-essencial-para-pessoas-com-deficiencias-ocultas\/\"]}]},{\"@type\":\"Article\",\"@id\":\"https:\/\/dogtagclan.com.br\/blog\/%f0%9f%8c%bb-pulseira-ou-cordao-girassol-o-que-e-como-funciona-e-por-que-e-essencial-para-pessoas-com-deficiencias-ocultas\/#article\",\"isPartOf\":{\"@id\":\"https:\/\/dogtagclan.com.br\/blog\/%f0%9f%8c%bb-pulseira-ou-cordao-girassol-o-que-e-como-funciona-e-por-que-e-essencial-para-pessoas-com-deficiencias-ocultas\/#webpage\"},\"author\":{\"@id\":\"https:\/\/dogtagclan.com.br\/blog\/#\/schema\/person\/b7279d930f15e2a85c89cd3b2f1d8df5\"},\"headline\":\"\\ud83c\\udf3b Pulseira ou Cord\\u00e3o Girassol \\u2013 O Que \\u00c9, Como Funciona e Por Que \\u00c9 Essencial para Pessoas com Defici\\u00eancias Ocultas\",\"datePublished\":\"2025-11-17T02:21:13+00:00\",\"dateModified\":\"2025-11-17T02:21:15+00:00\",\"mainEntityOfPage\":{\"@id\":\"https:\/\/dogtagclan.com.br\/blog\/%f0%9f%8c%bb-pulseira-ou-cordao-girassol-o-que-e-como-funciona-e-por-que-e-essencial-para-pessoas-com-deficiencias-ocultas\/#webpage\"},\"commentCount\":0,\"publisher\":{\"@id\":\"https:\/\/dogtagclan.com.br\/blog\/#organization\"},\"image\":{\"@id\":\"https:\/\/dogtagclan.com.br\/blog\/%f0%9f%8c%bb-pulseira-ou-cordao-girassol-o-que-e-como-funciona-e-por-que-e-essencial-para-pessoas-com-deficiencias-ocultas\/#primaryimage\"},\"articleSection\":\"Crach\\u00e1 de Identifica\\u00e7\\u00e3o,Crachas e broches personalizados\",\"inLanguage\":\"pt-BR\",\"potentialAction\":[{\"@type\":\"CommentAction\",\"name\":\"Comment\",\"target\":[\"https:\/\/dogtagclan.com.br\/blog\/%f0%9f%8c%bb-pulseira-ou-cordao-girassol-o-que-e-como-funciona-e-por-que-e-essencial-para-pessoas-com-deficiencias-ocultas\/#respond\"]}]},{\"@type\":\"Person\",\"@id\":\"https:\/\/dogtagclan.com.br\/blog\/#\/schema\/person\/b7279d930f15e2a85c89cd3b2f1d8df5\",\"name\":\"dogtagclan\",\"description\":\"\\\"A DogTagClan \\u00e9 especializada na fabrica\\u00e7\\u00e3o e personaliza\\u00e7\\u00e3o de Dog Tags, crach\\u00e1s e acess\\u00f3rios. Produzimos pe\\u00e7as em a\\u00e7o inoxid\\u00e1vel com grava\\u00e7\\u00f5es de alta precis\\u00e3o para identifica\\u00e7\\u00e3o pessoal e profissional.\\\"\",\"sameAs\":[\"https:\/\/blog.dogtagclan.com.br\",\"https:\/\/www.facebook.com\/dogtagclan\",\"https:\/\/www.instagram.com\/dogtagclan\",\"https:\/\/twitter.com\/https:\/\/x.com\/Dogtagclanclan\",\"https:\/\/www.youtube.com\/dogtagclan\"]}]}<\/script>\n<!-- \/ Yoast SEO Premium plugin. -->","_links":{"self":[{"href":"https:\/\/dogtagclan.com.br\/blog\/wp-json\/wp\/v2\/posts\/4943"}],"collection":[{"href":"https:\/\/dogtagclan.com.br\/blog\/wp-json\/wp\/v2\/posts"}],"about":[{"href":"https:\/\/dogtagclan.com.br\/blog\/wp-json\/wp\/v2\/types\/post"}],"author":[{"embeddable":true,"href":"https:\/\/dogtagclan.com.br\/blog\/wp-json\/wp\/v2\/users\/1"}],"replies":[{"embeddable":true,"href":"https:\/\/dogtagclan.com.br\/blog\/wp-json\/wp\/v2\/comments?post=4943"}],"version-history":[{"count":1,"href":"https:\/\/dogtagclan.com.br\/blog\/wp-json\/wp\/v2\/posts\/4943\/revisions"}],"predecessor-version":[{"id":4945,"href":"https:\/\/dogtagclan.com.br\/blog\/wp-json\/wp\/v2\/posts\/4943\/revisions\/4945"}],"wp:featuredmedia":[{"embeddable":true,"href":"https:\/\/dogtagclan.com.br\/blog\/wp-json\/wp\/v2\/media\/4944"}],"wp:attachment":[{"href":"https:\/\/dogtagclan.com.br\/blog\/wp-json\/wp\/v2\/media?parent=4943"}],"wp:term":[{"taxonomy":"category","embeddable":true,"href":"https:\/\/dogtagclan.com.br\/blog\/wp-json\/wp\/v2\/categories?post=4943"},{"taxonomy":"post_tag","embeddable":true,"href":"https:\/\/dogtagclan.com.br\/blog\/wp-json\/wp\/v2\/tags?post=4943"}],"curies":[{"name":"wp","href":"https:\/\/api.w.org\/{rel}","templated":true}]}}