{"id":4936,"date":"2025-11-16T23:11:43","date_gmt":"2025-11-17T02:11:43","guid":{"rendered":"https:\/\/dogtagclan.com.br\/blog\/?p=4936"},"modified":"2025-11-16T23:13:37","modified_gmt":"2025-11-17T02:13:37","slug":"%f0%9f%a7%a9-pin-de-lapela-autismo-o-que-e-para-que-serve-e-onde-comprar-o-seu-com-seguranca","status":"publish","type":"post","link":"https:\/\/dogtagclan.com.br\/blog\/%f0%9f%a7%a9-pin-de-lapela-autismo-o-que-e-para-que-serve-e-onde-comprar-o-seu-com-seguranca\/","title":{"rendered":"\ud83e\udde9 Pin de Lapela Autismo \u2013 O Que \u00c9, Para Que Serve e Onde Comprar o Seu com Seguran\u00e7a"},"content":{"rendered":"\n<p>O <strong>pin de lapela do autismo<\/strong> se tornou um dos s\u00edmbolos mais importantes para representar <strong>conscientiza\u00e7\u00e3o, inclus\u00e3o e identifica\u00e7\u00e3o<\/strong> de pessoas com Transtorno do Espectro Autista (TEA).<br>Apesar de pequeno, ele carrega uma mensagem poderosa: <em>\u201cEu apoio a inclus\u00e3o\u201d<\/em> e <em>\u201cEu respeito quem vive a rotina do espectro autista\u201d.<\/em><\/p>\n\n\n\n<p>Neste artigo, voc\u00ea vai descobrir tudo o que precisa saber sobre esse acess\u00f3rio: significado, usos pr\u00e1ticos, benef\u00edcios, materiais, quem deve usar e onde comprar com qualidade \u2014 incluindo o modelo oficial dispon\u00edvel no <strong>Crach\u00e1 IdentificaME\u00ae<\/strong>, refer\u00eancia em identifica\u00e7\u00e3o segura e acess\u00edvel no Brasil.<\/p>\n\n\n\n<figure class=\"wp-block-image size-full\"><img decoding=\"async\" width=\"500\" height=\"500\" src=\"https:\/\/dogtagclan.com.br\/blog\/wp-content\/uploads\/2025\/11\/pin-lapela.jpg\" alt=\"Pin de lapela autismo em metal com fita quebra-cabe\u00e7a colorida para identifica\u00e7\u00e3o TEA\" class=\"wp-image-4937\" srcset=\"https:\/\/dogtagclan.com.br\/blog\/wp-content\/uploads\/2025\/11\/pin-lapela.jpg 500w, https:\/\/dogtagclan.com.br\/blog\/wp-content\/uploads\/2025\/11\/pin-lapela-300x300.jpg 300w, https:\/\/dogtagclan.com.br\/blog\/wp-content\/uploads\/2025\/11\/pin-lapela-150x150.jpg 150w, https:\/\/dogtagclan.com.br\/blog\/wp-content\/uploads\/2025\/11\/pin-lapela-96x96.jpg 96w\" sizes=\"(max-width: 500px) 100vw, 500px\" \/><figcaption class=\"wp-element-caption\">Broche em formato de fita quebra-cabe\u00e7a, s\u00edmbolo mundial do autismo.<\/figcaption><\/figure>\n\n\n\n<hr class=\"wp-block-separator has-alpha-channel-opacity\"\/>\n\n\n\n<h1 class=\"wp-block-heading\" id=\"h-o-que-o-pin-de-lapela-do-autismo\">\ud83e\udde9 <strong>O Que \u00c9 o Pin de Lapela do Autismo?<\/strong><\/h1>\n\n\n\n<p>O pin de lapela \u00e9 um <strong>broche met\u00e1lico<\/strong>, geralmente no formato da <strong>fita quebra-cabe\u00e7a<\/strong>, s\u00edmbolo mundial do autismo.<br>Ele \u00e9 fixado na camiseta, jaleco, mochila ou uniforme por meio de um pino met\u00e1lico com fecho resistente.<\/p>\n\n\n\n<p>Apesar de simples, ele se tornou um dos itens mais usados em:<\/p>\n\n\n\n<ul>\n<li><strong>Escolas e ambientes educacionais<\/strong><\/li>\n\n\n\n<li><strong>Hospitais, cl\u00ednicas e consult\u00f3rios<\/strong><\/li>\n\n\n\n<li><strong>Setor p\u00fablico, empresas e eventos<\/strong><\/li>\n\n\n\n<li><strong>Pais, cuidadores e familiares<\/strong><\/li>\n<\/ul>\n\n\n\n<p>O objetivo principal \u00e9 promover <strong>visibilidade, identifica\u00e7\u00e3o e acolhimento<\/strong>.<\/p>\n\n\n\n<hr class=\"wp-block-separator has-alpha-channel-opacity\"\/>\n\n\n\n<h1 class=\"wp-block-heading\" id=\"h-o-significado-da-fita-quebra-cabe-a\">\ud83e\udde9 <strong>O Significado da Fita Quebra-Cabe\u00e7a<\/strong><\/h1>\n\n\n\n<p>A fita colorida simboliza:<\/p>\n\n\n\n<ul>\n<li><strong>Diversidade do espectro autista<\/strong><\/li>\n\n\n\n<li><strong>Inclus\u00e3o e respeito \u00e0s diferen\u00e7as<\/strong><\/li>\n\n\n\n<li><strong>Empatia e consci\u00eancia social<\/strong><\/li>\n\n\n\n<li><strong>A luta por acessibilidade e direitos<\/strong><\/li>\n<\/ul>\n\n\n\n<p>Cada cor e cada pe\u00e7a representam uma parte importante da sociedade \u2014 todos diferentes, mas igualmente valiosos.<\/p>\n\n\n\n<hr class=\"wp-block-separator has-alpha-channel-opacity\"\/>\n\n\n\n<h1 class=\"wp-block-heading\" id=\"h-para-que-serve-o-pin-de-lapela-autismo\">\ud83e\udde9 <strong>Para Que Serve o Pin de Lapela Autismo?<\/strong><\/h1>\n\n\n\n<h2 class=\"wp-block-heading\" id=\"h-1-identifica-o-r-pida\">\u2714\ufe0f <strong>1. Identifica\u00e7\u00e3o r\u00e1pida<\/strong><\/h2>\n\n\n\n<p>Em situa\u00e7\u00f5es do dia a dia, o pin ajuda professores, profissionais, atendentes e pessoas ao redor a entenderem que aquela pessoa pode precisar de:<\/p>\n\n\n\n<ul>\n<li>prioridade<\/li>\n\n\n\n<li>abordagem mais calma<\/li>\n\n\n\n<li>comunica\u00e7\u00e3o adaptada<\/li>\n\n\n\n<li>suporte em momento de crise<\/li>\n<\/ul>\n\n\n\n<p>\u00c9 identifica\u00e7\u00e3o discreta, por\u00e9m extremamente \u00fatil.<\/p>\n\n\n\n<h2 class=\"wp-block-heading\" id=\"h-2-sinaliza-o-de-apoio\">\u2714\ufe0f <strong>2. Sinaliza\u00e7\u00e3o de apoio<\/strong><\/h2>\n\n\n\n<p>Muitos usam o pin como forma de mostrar que <strong>s\u00e3o aliados da inclus\u00e3o<\/strong> \u2014 como psic\u00f3logos, pedagogos, cuidadores e profissionais de sa\u00fade.<\/p>\n\n\n\n<h2 class=\"wp-block-heading\" id=\"h-3-conscientiza-o\">\u2714\ufe0f <strong>3. Conscientiza\u00e7\u00e3o<\/strong><\/h2>\n\n\n\n<p>Um simples acess\u00f3rio gera conversa, curiosidade e informa\u00e7\u00e3o.<br>\u00c9 uma maneira bonita e respeitosa de espalhar conhecimento.<\/p>\n\n\n\n<h2 class=\"wp-block-heading\" id=\"h-4-seguran-a-para-crian-as\">\u2714\ufe0f <strong>4. Seguran\u00e7a para crian\u00e7as<\/strong><\/h2>\n\n\n\n<p>Em escolas, passeios e eventos, o pin funciona como um <em>\u201caviso visual\u201d<\/em>, indicando que a crian\u00e7a pertence ao espectro e pode precisar de aten\u00e7\u00e3o diferenciada.<\/p>\n\n\n\n<hr class=\"wp-block-separator has-alpha-channel-opacity\"\/>\n\n\n\n<h1 class=\"wp-block-heading\" id=\"h-principais-caracter-sticas-do-pin-de-lapela\">\ud83e\udde9 <strong>Principais Caracter\u00edsticas do Pin de Lapela<\/strong><\/h1>\n\n\n\n<p>O modelo ideal \u2014 como o dispon\u00edvel no <strong>Crach\u00e1 IdentificaME\u00ae<\/strong> \u2014 possui:<\/p>\n\n\n\n<ul>\n<li><strong>30 mm x 20 mm<\/strong> (tamanho perfeito para visibilidade)<\/li>\n\n\n\n<li><strong>Metal de alta qualidade<\/strong><\/li>\n\n\n\n<li><strong>Fita quebra-cabe\u00e7a esmaltada com cores vibrantes<\/strong><\/li>\n\n\n\n<li><strong>Fecho firme e seguro<\/strong><\/li>\n\n\n\n<li><strong>Alta durabilidade<\/strong><\/li>\n<\/ul>\n\n\n\n<p>Al\u00e9m disso, combina com qualquer roupa: jaleco, blusa, camisa, mochila, crach\u00e1 profissional ou at\u00e9 mesmo uniforme escolar.<\/p>\n\n\n\n<hr class=\"wp-block-separator has-alpha-channel-opacity\"\/>\n\n\n\n<h1 class=\"wp-block-heading\" id=\"h-quem-deve-usar\">\ud83e\udde9 <strong>Quem Deve Usar?<\/strong><\/h1>\n\n\n\n<ul>\n<li>Pessoas autistas<\/li>\n\n\n\n<li>Pais e respons\u00e1veis<\/li>\n\n\n\n<li>Professores e AEE<\/li>\n\n\n\n<li>M\u00e9dicos, enfermeiros e terapeutas<\/li>\n\n\n\n<li>Atendentes de lojas, mercados e servi\u00e7os p\u00fablicos<\/li>\n\n\n\n<li>Escolas, ONGs e institui\u00e7\u00f5es de apoio ao TEA<\/li>\n<\/ul>\n\n\n\n<p>\u201cQuem apoia, usa.\u201d<\/p>\n\n\n\n<hr class=\"wp-block-separator has-alpha-channel-opacity\"\/>\n\n\n\n<h1 class=\"wp-block-heading\" id=\"h-por-que-o-pin-aumenta-a-seguran-a\">\ud83e\udde9 <strong>Por Que o Pin Aumenta a Seguran\u00e7a?<\/strong><\/h1>\n\n\n\n<p>O s\u00edmbolo funciona como um <strong>alerta visual universal<\/strong>.<br>Ele ajuda em situa\u00e7\u00f5es como:<\/p>\n\n\n\n<ul>\n<li>filas e atendimentos<\/li>\n\n\n\n<li>momentos de crise sensorial<\/li>\n\n\n\n<li>barulhos excessivos<\/li>\n\n\n\n<li>ambientes estressantes para o autista<\/li>\n<\/ul>\n\n\n\n<p>Ele comunica algo essencial:<br><strong>\u201cTenha paci\u00eancia, esta pessoa precisa de acolhimento.\u201d<\/strong><\/p>\n\n\n\n<p>Isso reduz confrontos, julgamentos e constrangimentos \u2014 e aumenta o respeito.<\/p>\n\n\n\n<hr class=\"wp-block-separator has-alpha-channel-opacity\"\/>\n\n\n\n<h1 class=\"wp-block-heading\" id=\"h-pin-de-lapela-autismo-vs-pulseira-girassol-qual-a-diferen-a\">\ud83e\udde9 <strong>Pin de Lapela Autismo vs Pulseira Girassol: Qual a Diferen\u00e7a?<\/strong><\/h1>\n\n\n\n<p>Muitas fam\u00edlias t\u00eam d\u00favidas.<br>Aqui vai uma explica\u00e7\u00e3o simples:<\/p>\n\n\n\n<h3 class=\"wp-block-heading\" id=\"h-pulseira-girassol\">\ud83c\udf3b <strong>Pulseira Girassol<\/strong><\/h3>\n\n\n\n<ul>\n<li>Representa <em>defici\u00eancias invis\u00edveis<\/em><\/li>\n\n\n\n<li>N\u00e3o espec\u00edfica para TEA<\/li>\n\n\n\n<li>Voltada para acessibilidade geral<\/li>\n<\/ul>\n\n\n\n<h3 class=\"wp-block-heading\" id=\"h-pin-de-lapela-autismo\">\ud83e\udde9 <strong>Pin de Lapela Autismo<\/strong><\/h3>\n\n\n\n<ul>\n<li>Representa exclusivamente <strong>autismo<\/strong><\/li>\n\n\n\n<li>Voltado para identifica\u00e7\u00e3o TEA<\/li>\n\n\n\n<li>Funciona como s\u00edmbolo direto de inclus\u00e3o<\/li>\n<\/ul>\n\n\n\n<p>Os dois podem ser usados juntos.<\/p>\n\n\n\n<hr class=\"wp-block-separator has-alpha-channel-opacity\"\/>\n\n\n\n<h1 class=\"wp-block-heading\" id=\"h-por-que-comprar-no-crach-identificame\">\ud83e\udde9 <strong>Por Que Comprar no Crach\u00e1 IdentificaME\u00ae<\/strong><\/h1>\n\n\n\n<p>O Crach\u00e1 IdentificaME\u00ae \u00e9 refer\u00eancia nacional em identifica\u00e7\u00e3o segura e humanizada.<br>Aqui voc\u00ea encontra:<\/p>\n\n\n\n<ul>\n<li>qualidade superior<\/li>\n\n\n\n<li>pe\u00e7as testadas e aprovadas<\/li>\n\n\n\n<li>identifica\u00e7\u00e3o acess\u00edvel para TEA, TDAH, TOD, Alzheimer, Epilepsia e muito mais<\/li>\n\n\n\n<li>entrega para todo o Brasil<\/li>\n\n\n\n<li>suporte humano e acolhedor<\/li>\n\n\n\n<li>mais de 100 itens de acessibilidade e inclus\u00e3o<\/li>\n<\/ul>\n\n\n\n<p>E sempre com o prop\u00f3sito:<br><strong>Identificar. Cuidar. Proteger.<\/strong><\/p>\n\n\n\n<hr class=\"wp-block-separator has-alpha-channel-opacity\"\/>\n\n\n\n<h1 class=\"wp-block-heading\" id=\"h-onde-comprar-o-pin-de-lapela-autismo\">\ud83e\udde9 <strong>Onde Comprar o Pin de Lapela Autismo?<\/strong><\/h1>\n\n\n\n<p>Voc\u00ea pode comprar o modelo oficial em:<\/p>\n\n\n\n<p>\ud83d\udc49 <strong>Crach\u00e1 IdentificaME\u00ae<\/strong>  https:\/\/crachaidentificame.com.br\/<\/p>\n\n\n\n<p><a href=\"https:\/\/wa.me\/5547991770734\" target=\"_blank\" rel=\"noopener\">https:\/\/wa.me\/5547991770734<\/a><\/p>\n\n\n\n<p><\/p>\n\n\n\n<p>(Produto recomendado pelo pr\u00f3prio site; qualidade premium)<\/p>\n\n\n\n<p><\/p>\n","protected":false},"excerpt":{"rendered":"<p>O pin de lapela do autismo se tornou um dos s\u00edmbolos mais importantes para representar conscientiza\u00e7\u00e3o, inclus\u00e3o e identifica\u00e7\u00e3o de<\/p>\n","protected":false},"author":1,"featured_media":4937,"comment_status":"open","ping_status":"open","sticky":false,"template":"","format":"standard","meta":{"footnotes":""},"categories":[557,554],"tags":[],"yoast_head":"<!-- This site is optimized with the Yoast SEO Premium plugin v15.5 - https:\/\/yoast.com\/wordpress\/plugins\/seo\/ -->\n<title>\ud83e\udde9 Pin de Lapela Autismo \u2013 O Que \u00c9, Para Que Serve e Onde Comprar o Seu com Seguran\u00e7a | DogTagClan Blog<\/title>\n<meta name=\"description\" content=\"O pin de lapela do autismo se tornou um dos s\u00edmbolos mais importantes para representar conscientiza\u00e7\u00e3o, inclus\u00e3o e identifica\u00e7\u00e3o de pessoas com Transtorno do Espectro Autista (TEA).\" \/>\n<meta name=\"robots\" content=\"index, follow, max-snippet:-1, max-image-preview:large, max-video-preview:-1\" \/>\n<link rel=\"canonical\" href=\"https:\/\/dogtagclan.com.br\/blog\/\ud83e\udde9-pin-de-lapela-autismo-o-que-e-para-que-serve-e-onde-comprar-o-seu-com-seguranca\/\" \/>\n<meta property=\"og:locale\" content=\"pt_BR\" \/>\n<meta property=\"og:type\" content=\"article\" \/>\n<meta property=\"og:title\" content=\"\ud83e\udde9 Pin de Lapela Autismo \u2013 O Que \u00c9, Para Que Serve e Onde Comprar o Seu com Seguran\u00e7a | DogTagClan Blog\" \/>\n<meta property=\"og:description\" content=\"O pin de lapela do autismo se tornou um dos s\u00edmbolos mais importantes para representar conscientiza\u00e7\u00e3o, inclus\u00e3o e identifica\u00e7\u00e3o de pessoas com Transtorno do Espectro Autista (TEA).\" \/>\n<meta property=\"og:url\" content=\"https:\/\/dogtagclan.com.br\/blog\/\ud83e\udde9-pin-de-lapela-autismo-o-que-e-para-que-serve-e-onde-comprar-o-seu-com-seguranca\/\" \/>\n<meta property=\"og:site_name\" content=\"DogTagClan Blog\" \/>\n<meta property=\"article:publisher\" content=\"https:\/\/www.facebook.com\/dogtagclan\" \/>\n<meta property=\"article:author\" content=\"https:\/\/www.facebook.com\/dogtagclan\" \/>\n<meta property=\"article:published_time\" content=\"2025-11-17T02:11:43+00:00\" \/>\n<meta property=\"article:modified_time\" content=\"2025-11-17T02:13:37+00:00\" \/>\n<meta property=\"og:image\" content=\"https:\/\/dogtagclan.com.br\/blog\/wp-content\/uploads\/2025\/11\/pin-lapela.jpg\" \/>\n\t<meta property=\"og:image:width\" content=\"500\" \/>\n\t<meta property=\"og:image:height\" content=\"500\" \/>\n<meta name=\"twitter:card\" content=\"summary_large_image\" \/>\n<meta name=\"twitter:creator\" content=\"@https:\/\/x.com\/Dogtagclanclan\" \/>\n<meta name=\"twitter:label1\" content=\"Est. tempo de leitura\">\n\t<meta name=\"twitter:data1\" content=\"3 minutos\">\n<script type=\"application\/ld+json\" class=\"yoast-schema-graph\">{\"@context\":\"https:\/\/schema.org\",\"@graph\":[{\"@type\":\"Organization\",\"@id\":\"https:\/\/dogtagclan.com.br\/blog\/#organization\",\"name\":\"DogTagClan | Dog Tags, Crach\\u00e1s e Acess\\u00f3rios Personalizados\",\"url\":\"https:\/\/dogtagclan.com.br\/blog\/\",\"sameAs\":[\"https:\/\/www.facebook.com\/dogtagclan\"],\"logo\":{\"@type\":\"ImageObject\",\"@id\":\"https:\/\/dogtagclan.com.br\/blog\/#logo\",\"inLanguage\":\"pt-BR\",\"url\":\"https:\/\/dogtagclan.com.br\/blog\/wp-content\/uploads\/2023\/02\/cropped-doftagclan-logo.png\",\"width\":250,\"height\":140,\"caption\":\"DogTagClan | Dog Tags, Crach\\u00e1s e Acess\\u00f3rios Personalizados\"},\"image\":{\"@id\":\"https:\/\/dogtagclan.com.br\/blog\/#logo\"}},{\"@type\":\"WebSite\",\"@id\":\"https:\/\/dogtagclan.com.br\/blog\/#website\",\"url\":\"https:\/\/dogtagclan.com.br\/blog\/\",\"name\":\"DogTagClan Blog\",\"description\":\"A gente faz, do seu Jeito\",\"publisher\":{\"@id\":\"https:\/\/dogtagclan.com.br\/blog\/#organization\"},\"potentialAction\":[{\"@type\":\"SearchAction\",\"target\":\"https:\/\/dogtagclan.com.br\/blog\/?s={search_term_string}\",\"query-input\":\"required name=search_term_string\"}],\"inLanguage\":\"pt-BR\"},{\"@type\":\"ImageObject\",\"@id\":\"https:\/\/dogtagclan.com.br\/blog\/%f0%9f%a7%a9-pin-de-lapela-autismo-o-que-e-para-que-serve-e-onde-comprar-o-seu-com-seguranca\/#primaryimage\",\"inLanguage\":\"pt-BR\",\"url\":\"https:\/\/dogtagclan.com.br\/blog\/wp-content\/uploads\/2025\/11\/pin-lapela.jpg\",\"width\":500,\"height\":500,\"caption\":\"Broche em formato de fita quebra-cabe\\u00e7a, s\\u00edmbolo mundial do autismo.\"},{\"@type\":\"WebPage\",\"@id\":\"https:\/\/dogtagclan.com.br\/blog\/%f0%9f%a7%a9-pin-de-lapela-autismo-o-que-e-para-que-serve-e-onde-comprar-o-seu-com-seguranca\/#webpage\",\"url\":\"https:\/\/dogtagclan.com.br\/blog\/%f0%9f%a7%a9-pin-de-lapela-autismo-o-que-e-para-que-serve-e-onde-comprar-o-seu-com-seguranca\/\",\"name\":\"\\ud83e\\udde9 Pin de Lapela Autismo \\u2013 O Que \\u00c9, Para Que Serve e Onde Comprar o Seu com Seguran\\u00e7a | DogTagClan Blog\",\"isPartOf\":{\"@id\":\"https:\/\/dogtagclan.com.br\/blog\/#website\"},\"primaryImageOfPage\":{\"@id\":\"https:\/\/dogtagclan.com.br\/blog\/%f0%9f%a7%a9-pin-de-lapela-autismo-o-que-e-para-que-serve-e-onde-comprar-o-seu-com-seguranca\/#primaryimage\"},\"datePublished\":\"2025-11-17T02:11:43+00:00\",\"dateModified\":\"2025-11-17T02:13:37+00:00\",\"description\":\"O pin de lapela do autismo se tornou um dos s\\u00edmbolos mais importantes para representar conscientiza\\u00e7\\u00e3o, inclus\\u00e3o e identifica\\u00e7\\u00e3o de pessoas com Transtorno do Espectro Autista (TEA).\",\"inLanguage\":\"pt-BR\",\"potentialAction\":[{\"@type\":\"ReadAction\",\"target\":[\"https:\/\/dogtagclan.com.br\/blog\/%f0%9f%a7%a9-pin-de-lapela-autismo-o-que-e-para-que-serve-e-onde-comprar-o-seu-com-seguranca\/\"]}]},{\"@type\":\"Article\",\"@id\":\"https:\/\/dogtagclan.com.br\/blog\/%f0%9f%a7%a9-pin-de-lapela-autismo-o-que-e-para-que-serve-e-onde-comprar-o-seu-com-seguranca\/#article\",\"isPartOf\":{\"@id\":\"https:\/\/dogtagclan.com.br\/blog\/%f0%9f%a7%a9-pin-de-lapela-autismo-o-que-e-para-que-serve-e-onde-comprar-o-seu-com-seguranca\/#webpage\"},\"author\":{\"@id\":\"https:\/\/dogtagclan.com.br\/blog\/#\/schema\/person\/b7279d930f15e2a85c89cd3b2f1d8df5\"},\"headline\":\"\\ud83e\\udde9 Pin de Lapela Autismo \\u2013 O Que \\u00c9, Para Que Serve e Onde Comprar o Seu com Seguran\\u00e7a\",\"datePublished\":\"2025-11-17T02:11:43+00:00\",\"dateModified\":\"2025-11-17T02:13:37+00:00\",\"mainEntityOfPage\":{\"@id\":\"https:\/\/dogtagclan.com.br\/blog\/%f0%9f%a7%a9-pin-de-lapela-autismo-o-que-e-para-que-serve-e-onde-comprar-o-seu-com-seguranca\/#webpage\"},\"commentCount\":0,\"publisher\":{\"@id\":\"https:\/\/dogtagclan.com.br\/blog\/#organization\"},\"image\":{\"@id\":\"https:\/\/dogtagclan.com.br\/blog\/%f0%9f%a7%a9-pin-de-lapela-autismo-o-que-e-para-que-serve-e-onde-comprar-o-seu-com-seguranca\/#primaryimage\"},\"articleSection\":\"Crach\\u00e1 de Identifica\\u00e7\\u00e3o,Crachas e broches personalizados\",\"inLanguage\":\"pt-BR\",\"potentialAction\":[{\"@type\":\"CommentAction\",\"name\":\"Comment\",\"target\":[\"https:\/\/dogtagclan.com.br\/blog\/%f0%9f%a7%a9-pin-de-lapela-autismo-o-que-e-para-que-serve-e-onde-comprar-o-seu-com-seguranca\/#respond\"]}]},{\"@type\":\"Person\",\"@id\":\"https:\/\/dogtagclan.com.br\/blog\/#\/schema\/person\/b7279d930f15e2a85c89cd3b2f1d8df5\",\"name\":\"dogtagclan\",\"description\":\"\\\"A DogTagClan \\u00e9 especializada na fabrica\\u00e7\\u00e3o e personaliza\\u00e7\\u00e3o de Dog Tags, crach\\u00e1s e acess\\u00f3rios. Produzimos pe\\u00e7as em a\\u00e7o inoxid\\u00e1vel com grava\\u00e7\\u00f5es de alta precis\\u00e3o para identifica\\u00e7\\u00e3o pessoal e profissional.\\\"\",\"sameAs\":[\"https:\/\/blog.dogtagclan.com.br\",\"https:\/\/www.facebook.com\/dogtagclan\",\"https:\/\/www.instagram.com\/dogtagclan\",\"https:\/\/twitter.com\/https:\/\/x.com\/Dogtagclanclan\",\"https:\/\/www.youtube.com\/dogtagclan\"]}]}<\/script>\n<!-- \/ Yoast SEO Premium plugin. -->","_links":{"self":[{"href":"https:\/\/dogtagclan.com.br\/blog\/wp-json\/wp\/v2\/posts\/4936"}],"collection":[{"href":"https:\/\/dogtagclan.com.br\/blog\/wp-json\/wp\/v2\/posts"}],"about":[{"href":"https:\/\/dogtagclan.com.br\/blog\/wp-json\/wp\/v2\/types\/post"}],"author":[{"embeddable":true,"href":"https:\/\/dogtagclan.com.br\/blog\/wp-json\/wp\/v2\/users\/1"}],"replies":[{"embeddable":true,"href":"https:\/\/dogtagclan.com.br\/blog\/wp-json\/wp\/v2\/comments?post=4936"}],"version-history":[{"count":2,"href":"https:\/\/dogtagclan.com.br\/blog\/wp-json\/wp\/v2\/posts\/4936\/revisions"}],"predecessor-version":[{"id":4939,"href":"https:\/\/dogtagclan.com.br\/blog\/wp-json\/wp\/v2\/posts\/4936\/revisions\/4939"}],"wp:featuredmedia":[{"embeddable":true,"href":"https:\/\/dogtagclan.com.br\/blog\/wp-json\/wp\/v2\/media\/4937"}],"wp:attachment":[{"href":"https:\/\/dogtagclan.com.br\/blog\/wp-json\/wp\/v2\/media?parent=4936"}],"wp:term":[{"taxonomy":"category","embeddable":true,"href":"https:\/\/dogtagclan.com.br\/blog\/wp-json\/wp\/v2\/categories?post=4936"},{"taxonomy":"post_tag","embeddable":true,"href":"https:\/\/dogtagclan.com.br\/blog\/wp-json\/wp\/v2\/tags?post=4936"}],"curies":[{"name":"wp","href":"https:\/\/api.w.org\/{rel}","templated":true}]}}