{"id":4929,"date":"2025-11-16T22:15:42","date_gmt":"2025-11-17T01:15:42","guid":{"rendered":"https:\/\/dogtagclan.com.br\/blog\/?p=4929"},"modified":"2025-11-16T22:15:45","modified_gmt":"2025-11-17T01:15:45","slug":"cracha-de-identificacao-personalizado-por-que-ele-e-essencial-para-autismo-tdah-neurodiversidade-e-doencas-raras","status":"publish","type":"post","link":"https:\/\/dogtagclan.com.br\/blog\/cracha-de-identificacao-personalizado-por-que-ele-e-essencial-para-autismo-tdah-neurodiversidade-e-doencas-raras\/","title":{"rendered":"Crach\u00e1 de Identifica\u00e7\u00e3o Personalizado: Por que Ele \u00e9 Essencial para Autismo, TDAH, Neurodiversidade e Doen\u00e7as Raras"},"content":{"rendered":"\n<p>A necessidade de se identificar nunca foi t\u00e3o importante.<br>Em um mundo r\u00e1pido, cheio de est\u00edmulos e situa\u00e7\u00f5es inesperadas, ter um <strong>crach\u00e1 de identifica\u00e7\u00e3o personalizado<\/strong> \u00e9 muito mais do que carregar um acess\u00f3rio: \u00e9 <strong>prote\u00e7\u00e3o, autonomia e seguran\u00e7a<\/strong>.<\/p>\n\n\n\n<p>Para pessoas com <strong>Autismo (TEA)<\/strong>, <strong>TDAH<\/strong>, <strong>neurodiversidade<\/strong>, <strong>doen\u00e7as raras<\/strong>, <strong>condi\u00e7\u00f5es m\u00e9dicas cr\u00f4nicas<\/strong> ou <strong>dificuldades de comunica\u00e7\u00e3o<\/strong>, o crach\u00e1 se torna <strong>uma voz quando a pr\u00f3pria pessoa n\u00e3o consegue falar por si<\/strong>.<\/p>\n\n\n\n<p>E \u00e9 exatamente por isso que o <strong>identificaME\u2122<\/strong> nasceu:<br>para trazer identidade, seguran\u00e7a e cuidado atrav\u00e9s de crach\u00e1s personalizados com <strong>nome, CID, contatos, alergias, tipo sangu\u00edneo, condi\u00e7\u00f5es m\u00e9dicas e QR Code com laudo<\/strong>.<\/p>\n\n\n\n<figure class=\"wp-block-image size-large is-resized\"><img decoding=\"async\" width=\"1024\" height=\"1024\" src=\"https:\/\/dogtagclan.com.br\/blog\/wp-content\/uploads\/2025\/11\/tdah-1024x1024.jpg\" alt=\"Crach\u00e1 TDAH Personalizado com QR Code e Cord\u00e3o de Acessibilidade\" class=\"wp-image-4922\" style=\"width:521px;height:auto\" srcset=\"https:\/\/dogtagclan.com.br\/blog\/wp-content\/uploads\/2025\/11\/tdah-1024x1024.jpg 1024w, https:\/\/dogtagclan.com.br\/blog\/wp-content\/uploads\/2025\/11\/tdah-300x300.jpg 300w, https:\/\/dogtagclan.com.br\/blog\/wp-content\/uploads\/2025\/11\/tdah-150x150.jpg 150w, https:\/\/dogtagclan.com.br\/blog\/wp-content\/uploads\/2025\/11\/tdah-768x768.jpg 768w, https:\/\/dogtagclan.com.br\/blog\/wp-content\/uploads\/2025\/11\/tdah-96x96.jpg 96w, https:\/\/dogtagclan.com.br\/blog\/wp-content\/uploads\/2025\/11\/tdah.jpg 1200w\" sizes=\"(max-width: 1024px) 100vw, 1024px\" \/><figcaption class=\"wp-element-caption\">Crach\u00e1 TDAH com QR Code para identifica\u00e7\u00e3o segura<\/figcaption><\/figure>\n\n\n\n<hr class=\"wp-block-separator has-alpha-channel-opacity\"\/>\n\n\n\n<h1 class=\"wp-block-heading\" id=\"h-a-import-ncia-de-se-identificar\">\ud83e\udde9 <strong>A Import\u00e2ncia de se Identificar<\/strong><\/h1>\n\n\n\n<p>Quem convive com algu\u00e9m neurodivergente sabe:<br>basta um momento de estresse, desorienta\u00e7\u00e3o ou crise para que tudo mude.<\/p>\n\n\n\n<p>Situa\u00e7\u00f5es comuns podem gerar risco:<\/p>\n\n\n\n<ul>\n<li>crise sensorial<\/li>\n\n\n\n<li>fuga em ambientes movimentados<\/li>\n\n\n\n<li>queda de press\u00e3o<\/li>\n\n\n\n<li>desmaios<\/li>\n\n\n\n<li>crises convulsivas<\/li>\n\n\n\n<li>dificuldade de comunica\u00e7\u00e3o ap\u00f3s um susto<\/li>\n\n\n\n<li>ansiedade extrema<\/li>\n<\/ul>\n\n\n\n<p>Nessas horas, um simples crach\u00e1 pode:<\/p>\n\n\n\n<h3 class=\"wp-block-heading\" id=\"h-evitar-uma-abordagem-errada\">\u2714\ufe0f evitar uma abordagem errada<\/h3>\n\n\n\n<h3 class=\"wp-block-heading\" id=\"h-informar-que-se-trata-de-uma-condi-o-m-dica\">\u2714\ufe0f informar que se trata de uma condi\u00e7\u00e3o m\u00e9dica<\/h3>\n\n\n\n<h3 class=\"wp-block-heading\" id=\"h-acalmar-socorristas-e-policiais\">\u2714\ufe0f acalmar socorristas e policiais<\/h3>\n\n\n\n<h3 class=\"wp-block-heading\" id=\"h-chamar-rapidamente-os-respons-veis\">\u2714\ufe0f chamar rapidamente os respons\u00e1veis<\/h3>\n\n\n\n<h3 class=\"wp-block-heading\" id=\"h-direcionar-para-o-atendimento-correto\">\u2714\ufe0f direcionar para o atendimento correto<\/h3>\n\n\n\n<p>\u00c9 mais que um acess\u00f3rio \u2014<br>\u00e9 uma <strong>prote\u00e7\u00e3o real para a vida cotidiana<\/strong>.<\/p>\n\n\n\n<hr class=\"wp-block-separator has-alpha-channel-opacity\"\/>\n\n\n\n<h1 class=\"wp-block-heading\" id=\"h-autismo-tdah-tod-e-neurodiversidade-por-que-o-crach-ajuda\">\ud83e\udde0 <strong>Autismo, TDAH, TOD e Neurodiversidade: Por que o Crach\u00e1 Ajuda?<\/strong><\/h1>\n\n\n\n<p>Pessoas neurodivergentes costumam enfrentar:<\/p>\n\n\n\n<ul>\n<li>dificuldade de explicar sua condi\u00e7\u00e3o<\/li>\n\n\n\n<li>bloqueio de fala em crises<\/li>\n\n\n\n<li>sensibilidade sensorial<\/li>\n\n\n\n<li>ansiedade social<\/li>\n\n\n\n<li>hiperfoco e distra\u00e7\u00e3o abrupta<\/li>\n\n\n\n<li>respostas emocionais intensas<\/li>\n<\/ul>\n\n\n\n<p>O crach\u00e1 funciona como:<\/p>\n\n\n\n<p>\ud83d\udfe6 <strong>comunica\u00e7\u00e3o imediata<\/strong><br>\ud83d\udfe6 <strong>redu\u00e7\u00e3o de risco em ambientes p\u00fablicos<\/strong><br>\ud83d\udfe6 <strong>apoio visual para quem est\u00e1 ajudando<\/strong><br>\ud83d\udfe6 <strong>identifica\u00e7\u00e3o r\u00e1pida em escolas, shoppings e eventos<\/strong><\/p>\n\n\n\n<p>E com o <strong>QR Code<\/strong>, a informa\u00e7\u00e3o vai al\u00e9m:<\/p>\n\n\n\n<ul>\n<li>laudos<\/li>\n\n\n\n<li>orienta\u00e7\u00f5es m\u00e9dicas<\/li>\n\n\n\n<li>restri\u00e7\u00f5es<\/li>\n\n\n\n<li>contatos<\/li>\n\n\n\n<li>documentos<\/li>\n\n\n\n<li>fotos<\/li>\n\n\n\n<li>receitas<\/li>\n\n\n\n<li>observa\u00e7\u00f5es em caso de crise<\/li>\n<\/ul>\n\n\n\n<p>Tudo acess\u00edvel com a c\u00e2mera do celular.<\/p>\n\n\n\n<figure class=\"wp-block-image size-full is-resized\"><img decoding=\"async\" width=\"1024\" height=\"1024\" src=\"https:\/\/dogtagclan.com.br\/blog\/wp-content\/uploads\/2025\/11\/image.png\" alt=\"\u201cCrach\u00e1 de Doen\u00e7as Raras personalizado com nome, foto, CID e QR Code \u2013 Identifica\u00e7\u00e3o m\u00e9dica com cord\u00e3o M\u00e3os Coloridas.\u201d\" class=\"wp-image-4911\" style=\"width:495px;height:auto\" srcset=\"https:\/\/dogtagclan.com.br\/blog\/wp-content\/uploads\/2025\/11\/image.png 1024w, https:\/\/dogtagclan.com.br\/blog\/wp-content\/uploads\/2025\/11\/image-300x300.png 300w, https:\/\/dogtagclan.com.br\/blog\/wp-content\/uploads\/2025\/11\/image-150x150.png 150w, https:\/\/dogtagclan.com.br\/blog\/wp-content\/uploads\/2025\/11\/image-768x768.png 768w, https:\/\/dogtagclan.com.br\/blog\/wp-content\/uploads\/2025\/11\/image-96x96.png 96w\" sizes=\"(max-width: 1024px) 100vw, 1024px\" \/><figcaption class=\"wp-element-caption\">\ud83d\udc49 \u201cCrach\u00e1 de identifica\u00e7\u00e3o para Doen\u00e7as Raras com nome, foto, CID e QR Code.\u201d<\/figcaption><\/figure>\n\n\n\n<hr class=\"wp-block-separator has-alpha-channel-opacity\"\/>\n\n\n\n<h1 class=\"wp-block-heading\" id=\"h-doen-as-raras-e-condi-es-m-dicas-o-crach-pode-salvar-vidas\">\u2764\ufe0f <strong>Doen\u00e7as Raras e Condi\u00e7\u00f5es M\u00e9dicas: O Crach\u00e1 Pode Salvar Vidas<\/strong><\/h1>\n\n\n\n<p>Para pessoas com:<\/p>\n\n\n\n<ul>\n<li>epilepsia<\/li>\n\n\n\n<li>cardiopatias<\/li>\n\n\n\n<li>crises convulsivas<\/li>\n\n\n\n<li>Alzheimer<\/li>\n\n\n\n<li>diabetes tipo 1<\/li>\n\n\n\n<li>doen\u00e7as autoimunes<\/li>\n\n\n\n<li>paralisia cerebral<\/li>\n\n\n\n<li>dificuldades motoras<\/li>\n\n\n\n<li>alergias graves<\/li>\n<\/ul>\n\n\n\n<p>O crach\u00e1 \u00e9 essencial.<\/p>\n\n\n\n<p>Ele garante que, em emerg\u00eancias, a pessoa receba o <strong>atendimento correto<\/strong> sem perda de tempo.<\/p>\n\n\n\n<p>Um simples detalhe pode decidir tudo:<\/p>\n\n\n\n<ul>\n<li>tipo sangu\u00edneo<\/li>\n\n\n\n<li>alergia a medicamentos<\/li>\n\n\n\n<li>contraindica\u00e7\u00e3o<\/li>\n\n\n\n<li>contato do respons\u00e1vel<\/li>\n\n\n\n<li>instru\u00e7\u00f5es m\u00e9dicas<\/li>\n<\/ul>\n\n\n\n<p>E muitas vezes a pessoa n\u00e3o consegue falar.<\/p>\n\n\n\n<p>O crach\u00e1 fala por ela.<\/p>\n\n\n\n<hr class=\"wp-block-separator has-alpha-channel-opacity\"\/>\n\n\n\n<h1 class=\"wp-block-heading\" id=\"h-como-o-qr-code-ajuda-em-caso-de-emerg-ncia\">\ud83d\udd0d <strong>Como o QR Code Ajuda em Caso de Emerg\u00eancia?<\/strong><\/h1>\n\n\n\n<p>O QR Code \u00e9 o cora\u00e7\u00e3o do crach\u00e1.<br>Ele transforma o acess\u00f3rio em uma <strong>ferramenta inteligente de socorro<\/strong>.<\/p>\n\n\n\n<p>Ao ser escaneado, ele mostra:<\/p>\n\n\n\n<ul>\n<li>laudo m\u00e9dico<\/li>\n\n\n\n<li>CID<\/li>\n\n\n\n<li>informa\u00e7\u00f5es completas<\/li>\n\n\n\n<li>orienta\u00e7\u00f5es para socorristas<\/li>\n\n\n\n<li>contatos de emerg\u00eancia<\/li>\n\n\n\n<li>endere\u00e7o<\/li>\n\n\n\n<li>medica\u00e7\u00f5es<\/li>\n\n\n\n<li>hist\u00f3rico importante<\/li>\n<\/ul>\n\n\n\n<h3 class=\"wp-block-heading\" id=\"h-n-o-precisa-de-internet\">\u2714\ufe0f N\u00e3o precisa de internet<\/h3>\n\n\n\n<h3 class=\"wp-block-heading\" id=\"h-n-o-precisa-de-cadastro\">\u2714\ufe0f N\u00e3o precisa de cadastro<\/h3>\n\n\n\n<h3 class=\"wp-block-heading\" id=\"h-n-o-precisa-de-aplicativo\">\u2714\ufe0f N\u00e3o precisa de aplicativo<\/h3>\n\n\n\n<p>Qualquer pessoa com um celular pode acessar.<\/p>\n\n\n\n<p>Em segundos, o crach\u00e1 d\u00e1 ao socorrista <strong>todas as informa\u00e7\u00f5es essenciais para salvar uma vida<\/strong>.<\/p>\n\n\n\n<hr class=\"wp-block-separator has-alpha-channel-opacity\"\/>\n\n\n\n<h1 class=\"wp-block-heading\" id=\"h-situa-es-reais-onde-o-crach-pode-fazer-toda-a-diferen-a\">\u26a0\ufe0f <strong>Situa\u00e7\u00f5es Reais Onde o Crach\u00e1 Pode Fazer Toda a Diferen\u00e7a<\/strong><\/h1>\n\n\n\n<ul>\n<li>uma crian\u00e7a com autismo se afasta dos pais no shopping<\/li>\n\n\n\n<li>uma pessoa com epilepsia tem uma crise na rua<\/li>\n\n\n\n<li>um idoso com Alzheimer se perde<\/li>\n\n\n\n<li>um adulto com TDAH entra em crise emocional<\/li>\n\n\n\n<li>algu\u00e9m sofre um acidente e n\u00e3o consegue falar<\/li>\n\n\n\n<li>uma crian\u00e7a tem alergia grave a medica\u00e7\u00e3o<\/li>\n<\/ul>\n\n\n\n<p>Em todas elas, o crach\u00e1 evita desespero, confus\u00e3o e demora.<\/p>\n\n\n\n<p>O crach\u00e1 identifica.<br>O QR Code orienta.<\/p>\n\n\n\n<p>\u00c9 simples.<br>\u00c9 r\u00e1pido.<br>\u00c9 seguro.<\/p>\n\n\n\n<hr class=\"wp-block-separator has-alpha-channel-opacity\"\/>\n\n\n\n<h1 class=\"wp-block-heading\" id=\"h-por-que-escolher-o-identificame\">\ud83d\udfe9 <strong>Por que escolher o identificaME\u2122?<\/strong><\/h1>\n\n\n\n<p>Porque \u00e9 feito com:<\/p>\n\n\n\n<ul>\n<li><strong>personaliza\u00e7\u00e3o individual<\/strong><\/li>\n\n\n\n<li><strong>material resistente<\/strong><\/li>\n\n\n\n<li><strong>impress\u00e3o n\u00edtida<\/strong><\/li>\n\n\n\n<li><strong>QR Code funcional<\/strong><\/li>\n\n\n\n<li><strong>dados essenciais<\/strong><\/li>\n\n\n\n<li><strong>design limpo e profissional<\/strong><\/li>\n\n\n\n<li><strong>op\u00e7\u00f5es infantis, adultas e discretas<\/strong><\/li>\n<\/ul>\n\n\n\n<p>E o mais importante:<br>\ud83d\udc49 <strong>Enviamos para todo o Brasil com seguran\u00e7a e rapidez.<\/strong><\/p>\n\n\n\n<hr class=\"wp-block-separator has-alpha-channel-opacity\"\/>\n\n\n\n<h1 class=\"wp-block-heading\" id=\"h-como-comprar-o-seu-crach-identificame\">\ud83d\uded2 <strong>Como comprar o seu crach\u00e1 identificaME\u2122?<\/strong><\/h1>\n\n\n\n<p>\ud83d\udc49 Acesse o site:<br><strong><a href=\"https:\/\/crachaidentificame.com.br?utm_source=chatgpt.com\" target=\"_blank\" rel=\"noopener\">https:\/\/crachaidentificame.com.br<\/a><\/strong><\/p>\n\n\n\n<p>\ud83d\udc49 Fale conosco pelo WhatsApp clic\u00e1vel:<br><strong><a>https:\/\/wa.me\/5547991770734<\/a><\/strong><\/p>\n\n\n\n<p>N\u00f3s personalizamos tudo conforme a sua necessidade.<\/p>\n\n\n\n<hr class=\"wp-block-separator has-alpha-channel-opacity\"\/>\n\n\n\n<h1 class=\"wp-block-heading\" id=\"h-conclus-o\">\ud83d\udd25 <strong>Conclus\u00e3o<\/strong><\/h1>\n\n\n\n<p>Identifica\u00e7\u00e3o n\u00e3o \u00e9 luxo.<br>\u00c9 cuidado.<br>\u00c9 prote\u00e7\u00e3o.<br>\u00c9 amor.<\/p>\n\n\n\n<p>O crach\u00e1 identificaME\u2122 nasceu para isso:<br><strong>dar seguran\u00e7a em situa\u00e7\u00f5es de risco e garantir que cada pessoa seja compreendida nos momentos mais dif\u00edceis.<\/strong><\/p>\n\n\n\n<p>Carregar um crach\u00e1 n\u00e3o muda apenas o dia.<br>Pode mudar um futuro.<br>Pode salvar uma vida.<\/p>\n","protected":false},"excerpt":{"rendered":"<p>A necessidade de se identificar nunca foi t\u00e3o importante.Em um mundo r\u00e1pido, cheio de est\u00edmulos e situa\u00e7\u00f5es inesperadas, ter um<\/p>\n","protected":false},"author":1,"featured_media":4930,"comment_status":"open","ping_status":"open","sticky":false,"template":"","format":"standard","meta":{"footnotes":""},"categories":[557,554],"tags":[],"yoast_head":"<!-- This site is optimized with the Yoast SEO Premium plugin v15.5 - https:\/\/yoast.com\/wordpress\/plugins\/seo\/ -->\n<title>Crach\u00e1 de Identifica\u00e7\u00e3o Personalizado: Por que Ele \u00e9 Essencial para Autismo, TDAH, Neurodiversidade e Doen\u00e7as Raras | DogTagClan Blog<\/title>\n<meta name=\"description\" content=\"A necessidade de se identificar nunca foi t\u00e3o importante.Em um mundo r\u00e1pido, cheio de est\u00edmulos e situa\u00e7\u00f5es inesperadas, ter um crach\u00e1 de identifica\u00e7\u00e3o personalizado\" \/>\n<meta name=\"robots\" content=\"index, follow, max-snippet:-1, max-image-preview:large, max-video-preview:-1\" \/>\n<link rel=\"canonical\" href=\"https:\/\/dogtagclan.com.br\/blog\/cracha-de-identificacao-personalizado-por-que-ele-e-essencial-para-autismo-tdah-neurodiversidade-e-doencas-raras\/\" \/>\n<meta property=\"og:locale\" content=\"pt_BR\" \/>\n<meta property=\"og:type\" content=\"article\" \/>\n<meta property=\"og:title\" content=\"Crach\u00e1 de Identifica\u00e7\u00e3o Personalizado: Por que Ele \u00e9 Essencial para Autismo, TDAH, Neurodiversidade e Doen\u00e7as Raras | DogTagClan Blog\" \/>\n<meta property=\"og:description\" content=\"A necessidade de se identificar nunca foi t\u00e3o importante.Em um mundo r\u00e1pido, cheio de est\u00edmulos e situa\u00e7\u00f5es inesperadas, ter um crach\u00e1 de identifica\u00e7\u00e3o personalizado\" \/>\n<meta property=\"og:url\" content=\"https:\/\/dogtagclan.com.br\/blog\/cracha-de-identificacao-personalizado-por-que-ele-e-essencial-para-autismo-tdah-neurodiversidade-e-doencas-raras\/\" \/>\n<meta property=\"og:site_name\" content=\"DogTagClan Blog\" \/>\n<meta property=\"article:publisher\" content=\"https:\/\/www.facebook.com\/dogtagclan\" \/>\n<meta property=\"article:author\" content=\"https:\/\/www.facebook.com\/dogtagclan\" \/>\n<meta property=\"article:published_time\" content=\"2025-11-17T01:15:42+00:00\" \/>\n<meta property=\"article:modified_time\" content=\"2025-11-17T01:15:45+00:00\" \/>\n<meta property=\"og:image\" content=\"https:\/\/dogtagclan.com.br\/blog\/wp-content\/uploads\/2025\/11\/content.jpg\" \/>\n\t<meta property=\"og:image:width\" content=\"1024\" \/>\n\t<meta property=\"og:image:height\" content=\"1024\" \/>\n<meta name=\"twitter:card\" content=\"summary_large_image\" \/>\n<meta name=\"twitter:creator\" content=\"@https:\/\/x.com\/Dogtagclanclan\" \/>\n<meta name=\"twitter:label1\" content=\"Est. tempo de leitura\">\n\t<meta name=\"twitter:data1\" content=\"3 minutos\">\n<script type=\"application\/ld+json\" class=\"yoast-schema-graph\">{\"@context\":\"https:\/\/schema.org\",\"@graph\":[{\"@type\":\"Organization\",\"@id\":\"https:\/\/dogtagclan.com.br\/blog\/#organization\",\"name\":\"DogTagClan | Dog Tags, Crach\\u00e1s e Acess\\u00f3rios Personalizados\",\"url\":\"https:\/\/dogtagclan.com.br\/blog\/\",\"sameAs\":[\"https:\/\/www.facebook.com\/dogtagclan\"],\"logo\":{\"@type\":\"ImageObject\",\"@id\":\"https:\/\/dogtagclan.com.br\/blog\/#logo\",\"inLanguage\":\"pt-BR\",\"url\":\"https:\/\/dogtagclan.com.br\/blog\/wp-content\/uploads\/2023\/02\/cropped-doftagclan-logo.png\",\"width\":250,\"height\":140,\"caption\":\"DogTagClan | Dog Tags, Crach\\u00e1s e Acess\\u00f3rios Personalizados\"},\"image\":{\"@id\":\"https:\/\/dogtagclan.com.br\/blog\/#logo\"}},{\"@type\":\"WebSite\",\"@id\":\"https:\/\/dogtagclan.com.br\/blog\/#website\",\"url\":\"https:\/\/dogtagclan.com.br\/blog\/\",\"name\":\"DogTagClan Blog\",\"description\":\"A gente faz, do seu Jeito\",\"publisher\":{\"@id\":\"https:\/\/dogtagclan.com.br\/blog\/#organization\"},\"potentialAction\":[{\"@type\":\"SearchAction\",\"target\":\"https:\/\/dogtagclan.com.br\/blog\/?s={search_term_string}\",\"query-input\":\"required name=search_term_string\"}],\"inLanguage\":\"pt-BR\"},{\"@type\":\"ImageObject\",\"@id\":\"https:\/\/dogtagclan.com.br\/blog\/cracha-de-identificacao-personalizado-por-que-ele-e-essencial-para-autismo-tdah-neurodiversidade-e-doencas-raras\/#primaryimage\",\"inLanguage\":\"pt-BR\",\"url\":\"https:\/\/dogtagclan.com.br\/blog\/wp-content\/uploads\/2025\/11\/content.jpg\",\"width\":1024,\"height\":1024,\"caption\":\"\\\"Crach\\u00e1 identificaME \\u2013 identifica\\u00e7\\u00e3o m\\u00e9dica com QR Code, ideal para neurodiversidade, TDAH, TEA, Alzheimer e emerg\\u00eancias.\\\"\"},{\"@type\":\"WebPage\",\"@id\":\"https:\/\/dogtagclan.com.br\/blog\/cracha-de-identificacao-personalizado-por-que-ele-e-essencial-para-autismo-tdah-neurodiversidade-e-doencas-raras\/#webpage\",\"url\":\"https:\/\/dogtagclan.com.br\/blog\/cracha-de-identificacao-personalizado-por-que-ele-e-essencial-para-autismo-tdah-neurodiversidade-e-doencas-raras\/\",\"name\":\"Crach\\u00e1 de Identifica\\u00e7\\u00e3o Personalizado: Por que Ele \\u00e9 Essencial para Autismo, TDAH, Neurodiversidade e Doen\\u00e7as Raras | DogTagClan Blog\",\"isPartOf\":{\"@id\":\"https:\/\/dogtagclan.com.br\/blog\/#website\"},\"primaryImageOfPage\":{\"@id\":\"https:\/\/dogtagclan.com.br\/blog\/cracha-de-identificacao-personalizado-por-que-ele-e-essencial-para-autismo-tdah-neurodiversidade-e-doencas-raras\/#primaryimage\"},\"datePublished\":\"2025-11-17T01:15:42+00:00\",\"dateModified\":\"2025-11-17T01:15:45+00:00\",\"description\":\"A necessidade de se identificar nunca foi t\\u00e3o importante.Em um mundo r\\u00e1pido, cheio de est\\u00edmulos e situa\\u00e7\\u00f5es inesperadas, ter um crach\\u00e1 de identifica\\u00e7\\u00e3o personalizado\",\"inLanguage\":\"pt-BR\",\"potentialAction\":[{\"@type\":\"ReadAction\",\"target\":[\"https:\/\/dogtagclan.com.br\/blog\/cracha-de-identificacao-personalizado-por-que-ele-e-essencial-para-autismo-tdah-neurodiversidade-e-doencas-raras\/\"]}]},{\"@type\":\"Article\",\"@id\":\"https:\/\/dogtagclan.com.br\/blog\/cracha-de-identificacao-personalizado-por-que-ele-e-essencial-para-autismo-tdah-neurodiversidade-e-doencas-raras\/#article\",\"isPartOf\":{\"@id\":\"https:\/\/dogtagclan.com.br\/blog\/cracha-de-identificacao-personalizado-por-que-ele-e-essencial-para-autismo-tdah-neurodiversidade-e-doencas-raras\/#webpage\"},\"author\":{\"@id\":\"https:\/\/dogtagclan.com.br\/blog\/#\/schema\/person\/b7279d930f15e2a85c89cd3b2f1d8df5\"},\"headline\":\"Crach\\u00e1 de Identifica\\u00e7\\u00e3o Personalizado: Por que Ele \\u00e9 Essencial para Autismo, TDAH, Neurodiversidade e Doen\\u00e7as Raras\",\"datePublished\":\"2025-11-17T01:15:42+00:00\",\"dateModified\":\"2025-11-17T01:15:45+00:00\",\"mainEntityOfPage\":{\"@id\":\"https:\/\/dogtagclan.com.br\/blog\/cracha-de-identificacao-personalizado-por-que-ele-e-essencial-para-autismo-tdah-neurodiversidade-e-doencas-raras\/#webpage\"},\"commentCount\":0,\"publisher\":{\"@id\":\"https:\/\/dogtagclan.com.br\/blog\/#organization\"},\"image\":{\"@id\":\"https:\/\/dogtagclan.com.br\/blog\/cracha-de-identificacao-personalizado-por-que-ele-e-essencial-para-autismo-tdah-neurodiversidade-e-doencas-raras\/#primaryimage\"},\"articleSection\":\"Crach\\u00e1 de Identifica\\u00e7\\u00e3o,Crachas e broches personalizados\",\"inLanguage\":\"pt-BR\",\"potentialAction\":[{\"@type\":\"CommentAction\",\"name\":\"Comment\",\"target\":[\"https:\/\/dogtagclan.com.br\/blog\/cracha-de-identificacao-personalizado-por-que-ele-e-essencial-para-autismo-tdah-neurodiversidade-e-doencas-raras\/#respond\"]}]},{\"@type\":\"Person\",\"@id\":\"https:\/\/dogtagclan.com.br\/blog\/#\/schema\/person\/b7279d930f15e2a85c89cd3b2f1d8df5\",\"name\":\"dogtagclan\",\"description\":\"\\\"A DogTagClan \\u00e9 especializada na fabrica\\u00e7\\u00e3o e personaliza\\u00e7\\u00e3o de Dog Tags, crach\\u00e1s e acess\\u00f3rios. Produzimos pe\\u00e7as em a\\u00e7o inoxid\\u00e1vel com grava\\u00e7\\u00f5es de alta precis\\u00e3o para identifica\\u00e7\\u00e3o pessoal e profissional.\\\"\",\"sameAs\":[\"https:\/\/blog.dogtagclan.com.br\",\"https:\/\/www.facebook.com\/dogtagclan\",\"https:\/\/www.instagram.com\/dogtagclan\",\"https:\/\/twitter.com\/https:\/\/x.com\/Dogtagclanclan\",\"https:\/\/www.youtube.com\/dogtagclan\"]}]}<\/script>\n<!-- \/ Yoast SEO Premium plugin. -->","_links":{"self":[{"href":"https:\/\/dogtagclan.com.br\/blog\/wp-json\/wp\/v2\/posts\/4929"}],"collection":[{"href":"https:\/\/dogtagclan.com.br\/blog\/wp-json\/wp\/v2\/posts"}],"about":[{"href":"https:\/\/dogtagclan.com.br\/blog\/wp-json\/wp\/v2\/types\/post"}],"author":[{"embeddable":true,"href":"https:\/\/dogtagclan.com.br\/blog\/wp-json\/wp\/v2\/users\/1"}],"replies":[{"embeddable":true,"href":"https:\/\/dogtagclan.com.br\/blog\/wp-json\/wp\/v2\/comments?post=4929"}],"version-history":[{"count":1,"href":"https:\/\/dogtagclan.com.br\/blog\/wp-json\/wp\/v2\/posts\/4929\/revisions"}],"predecessor-version":[{"id":4931,"href":"https:\/\/dogtagclan.com.br\/blog\/wp-json\/wp\/v2\/posts\/4929\/revisions\/4931"}],"wp:featuredmedia":[{"embeddable":true,"href":"https:\/\/dogtagclan.com.br\/blog\/wp-json\/wp\/v2\/media\/4930"}],"wp:attachment":[{"href":"https:\/\/dogtagclan.com.br\/blog\/wp-json\/wp\/v2\/media?parent=4929"}],"wp:term":[{"taxonomy":"category","embeddable":true,"href":"https:\/\/dogtagclan.com.br\/blog\/wp-json\/wp\/v2\/categories?post=4929"},{"taxonomy":"post_tag","embeddable":true,"href":"https:\/\/dogtagclan.com.br\/blog\/wp-json\/wp\/v2\/tags?post=4929"}],"curies":[{"name":"wp","href":"https:\/\/api.w.org\/{rel}","templated":true}]}}