{"id":4921,"date":"2025-11-15T09:08:48","date_gmt":"2025-11-15T12:08:48","guid":{"rendered":"https:\/\/dogtagclan.com.br\/blog\/?p=4921"},"modified":"2025-11-15T09:08:50","modified_gmt":"2025-11-15T12:08:50","slug":"%e2%ad%90-cracha-tdah-com-qr-code-identificacao-infantil-e-adulto-com-laudo-cid-e-contato-de-emergencia","status":"publish","type":"post","link":"https:\/\/dogtagclan.com.br\/blog\/%e2%ad%90-cracha-tdah-com-qr-code-identificacao-infantil-e-adulto-com-laudo-cid-e-contato-de-emergencia\/","title":{"rendered":"\u2b50 Crach\u00e1 TDAH com QR Code \u2013 Identifica\u00e7\u00e3o Infantil e Adulto com Laudo, CID e Contato de Emerg\u00eancia"},"content":{"rendered":"\n<p>O Transtorno do D\u00e9ficit de Aten\u00e7\u00e3o e Hiperatividade (TDAH) faz parte da rotina de milhares de crian\u00e7as, jovens e adultos no Brasil. E em situa\u00e7\u00f5es do dia a dia \u2014 escola, transporte p\u00fablico, hospital, viagens ou at\u00e9 passeios \u2014 ter uma <strong>identifica\u00e7\u00e3o clara, objetiva e acess\u00edvel<\/strong> pode evitar riscos e garantir um atendimento mais r\u00e1pido e humano.<\/p>\n\n\n\n<p>Por isso, o <strong>Crach\u00e1 TDAH Personalizado<\/strong> da IdentificaME foi criado:<br>\ud83d\udc49 Para oferecer seguran\u00e7a, acolhimento e informa\u00e7\u00e3o precisa em segundos.<br>\ud83d\udc49 Para facilitar a vida de quem convive com TDAH e tamb\u00e9m de quem cuida.<br>\ud83d\udc49 Para servir como documento funcional, educativo e acess\u00edvel.<\/p>\n\n\n\n<figure class=\"wp-block-image size-large is-resized\"><a href=\"https:\/\/crachaidentificame.com.br\/\" target=\"_blank\" rel=\"noopener\"><img decoding=\"async\" width=\"1024\" height=\"1024\" src=\"https:\/\/dogtagclan.com.br\/blog\/wp-content\/uploads\/2025\/11\/tdah-1024x1024.jpg\" alt=\"Crach\u00e1 TDAH Personalizado com QR Code e Cord\u00e3o de Acessibilidade\" class=\"wp-image-4922\" style=\"width:610px;height:auto\" srcset=\"https:\/\/dogtagclan.com.br\/blog\/wp-content\/uploads\/2025\/11\/tdah-1024x1024.jpg 1024w, https:\/\/dogtagclan.com.br\/blog\/wp-content\/uploads\/2025\/11\/tdah-300x300.jpg 300w, https:\/\/dogtagclan.com.br\/blog\/wp-content\/uploads\/2025\/11\/tdah-150x150.jpg 150w, https:\/\/dogtagclan.com.br\/blog\/wp-content\/uploads\/2025\/11\/tdah-768x768.jpg 768w, https:\/\/dogtagclan.com.br\/blog\/wp-content\/uploads\/2025\/11\/tdah-96x96.jpg 96w, https:\/\/dogtagclan.com.br\/blog\/wp-content\/uploads\/2025\/11\/tdah.jpg 1200w\" sizes=\"(max-width: 1024px) 100vw, 1024px\" \/><\/a><figcaption class=\"wp-element-caption\">Crach\u00e1 TDAH com QR Code para identifica\u00e7\u00e3o segura<\/figcaption><\/figure>\n\n\n\n<hr class=\"wp-block-separator has-alpha-channel-opacity\"\/>\n\n\n\n<h2 class=\"wp-block-heading\" id=\"h-o-que-o-crach-tdah-personalizado\">\ud83d\udd0d <strong>O que \u00e9 o Crach\u00e1 TDAH Personalizado?<\/strong><\/h2>\n\n\n\n<p>\u00c9 um crach\u00e1 de identifica\u00e7\u00e3o feito em PVC r\u00edgido, resistente e totalmente personaliz\u00e1vel, ideal para:<\/p>\n\n\n\n<ul>\n<li>Crian\u00e7as com TDAH<\/li>\n\n\n\n<li>Adultos com TDAH<\/li>\n\n\n\n<li>Estudantes<\/li>\n\n\n\n<li>Pessoas que precisam de suporte extra em locais p\u00fablicos<\/li>\n\n\n\n<li>Ambientes escolares, terap\u00eauticos e hospitalares<\/li>\n<\/ul>\n\n\n\n<p>Ele inclui:<\/p>\n\n\n\n<p>\u2714 Foto<br>\u2714 Nome completo<br>\u2714 CID (F90) \u2013 se o respons\u00e1vel desejar<br>\u2714 Dados essenciais de sa\u00fade<br>\u2714 Telefone do respons\u00e1vel<br>\u2714 QR Code com laudo, relat\u00f3rio m\u00e9dico ou orienta\u00e7\u00f5es de emerg\u00eancia<br>\u2714 Cord\u00e3o de acessibilidade<br>\u2714 Mensagem de conscientiza\u00e7\u00e3o social<\/p>\n\n\n\n<p>Tudo organizado de forma clara e f\u00e1cil para que qualquer pessoa compreenda.<\/p>\n\n\n\n<hr class=\"wp-block-separator has-alpha-channel-opacity\"\/>\n\n\n\n<h2 class=\"wp-block-heading\" id=\"h-por-que-o-crach-t-o-importante-para-pessoas-com-tdah\">\ud83d\udd35 <strong>Por que o crach\u00e1 \u00e9 t\u00e3o importante para pessoas com TDAH?<\/strong><\/h2>\n\n\n\n<p>Porque muitas situa\u00e7\u00f5es inesperadas podem acontecer:<\/p>\n\n\n\n<ul>\n<li>A crian\u00e7a pode se desorientar.<\/li>\n\n\n\n<li>O adolescente pode ter dificuldade de explicar sua condi\u00e7\u00e3o.<\/li>\n\n\n\n<li>O adulto pode passar por sobrecarga sensorial e precisar de ajuda.<\/li>\n\n\n\n<li>Em emerg\u00eancias, familiares precisam ser avisados rapidamente. <a href=\"https:\/\/crachaidentificame.com.br\/\" target=\"_blank\" rel=\"noopener\">compre aqui<\/a><\/li>\n<\/ul>\n\n\n\n<p>Com o crach\u00e1, qualquer pessoa consegue:<\/p>\n\n\n\n<p>\ud83d\udfe9 Identificar<br>\ud83d\udfe9 Entender<br>\ud83d\udfe9 Ajudar<br>\ud83d\udfe9 Contatar a fam\u00edlia<\/p>\n\n\n\n<p>E isso <strong>salva tempo, reduz risco e aumenta a seguran\u00e7a.<\/strong><\/p>\n\n\n\n<figure class=\"wp-block-image size-full is-resized\"><a href=\"https:\/\/crachaidentificame.com.br\/\" target=\"_blank\" rel=\"noopener\"><img decoding=\"async\" width=\"1024\" height=\"1024\" src=\"https:\/\/dogtagclan.com.br\/blog\/wp-content\/uploads\/2025\/11\/identifica-me.jpg\" alt=\"&quot;logo cracha identificame personagem infantil&quot;\" class=\"wp-image-4914\" style=\"width:494px;height:auto\" srcset=\"https:\/\/dogtagclan.com.br\/blog\/wp-content\/uploads\/2025\/11\/identifica-me.jpg 1024w, https:\/\/dogtagclan.com.br\/blog\/wp-content\/uploads\/2025\/11\/identifica-me-300x300.jpg 300w, https:\/\/dogtagclan.com.br\/blog\/wp-content\/uploads\/2025\/11\/identifica-me-150x150.jpg 150w, https:\/\/dogtagclan.com.br\/blog\/wp-content\/uploads\/2025\/11\/identifica-me-768x768.jpg 768w, https:\/\/dogtagclan.com.br\/blog\/wp-content\/uploads\/2025\/11\/identifica-me-96x96.jpg 96w\" sizes=\"(max-width: 1024px) 100vw, 1024px\" \/><\/a><figcaption class=\"wp-element-caption\">&#8220;Logo oficial do Crach\u00e1 IdentificaME \u2013 identifica\u00e7\u00e3o infantil com QR Code e acessibilidade.&#8221;<\/figcaption><\/figure>\n\n\n\n<hr class=\"wp-block-separator has-alpha-channel-opacity\"\/>\n\n\n\n<h2 class=\"wp-block-heading\" id=\"h-qr-code-o-diferencial-que-faz-toda-a-diferen-a\">\ud83d\udcf2 <strong>QR Code: o diferencial que faz toda a diferen\u00e7a<\/strong><\/h2>\n\n\n\n<p>O QR Code pode conter:<\/p>\n\n\n\n<ul>\n<li>Laudo m\u00e9dico<\/li>\n\n\n\n<li>Relat\u00f3rios escolares<\/li>\n\n\n\n<li>Documentos em PDF<\/li>\n\n\n\n<li>Dados de contato<\/li>\n\n\n\n<li>Informa\u00e7\u00f5es complementares (medica\u00e7\u00f5es, alergias, recomenda\u00e7\u00f5es)<\/li>\n<\/ul>\n\n\n\n<p>O cliente envia o arquivo no Google Drive, ativa \u201cqualquer pessoa com o link\u201d e n\u00f3s configuramos tudo.<\/p>\n\n\n\n<p>Assim, qualquer profissional \u2014 professor, m\u00e9dico, seguran\u00e7a, monitor, motorista \u2014 consegue ler o c\u00f3digo e agir corretamente.<\/p>\n\n\n\n<hr class=\"wp-block-separator has-alpha-channel-opacity\"\/>\n\n\n\n<h2 class=\"wp-block-heading\" id=\"h-cord-o-de-acessibilidade-mais-respeito-mais-visibilidade\">\ud83c\udf08 <strong>Cord\u00e3o de Acessibilidade: mais respeito, mais visibilidade<\/strong><\/h2>\n\n\n\n<p>O crach\u00e1 acompanha um cord\u00e3o colorido opcional, escolhido conforme o perfil do usu\u00e1rio:<\/p>\n\n\n\n<ul>\n<li>Azul \u2013 condi\u00e7\u00f5es neurol\u00f3gicas<\/li>\n\n\n\n<li>Girassol \u2013 defici\u00eancias invis\u00edveis (Lei 14.624\/2023)<\/li>\n\n\n\n<li>Verde \u2013 acessibilidade geral<\/li>\n\n\n\n<li>Modelos infantis<\/li>\n\n\n\n<li>Modelos juvenis<\/li>\n\n\n\n<li>Modelos adultos discretos<\/li>\n<\/ul>\n\n\n\n<p>O cord\u00e3o ajuda a sinalizar que aquela pessoa <strong>pode precisar de aux\u00edlio ou tempo adicional<\/strong>, sem constrangimentos.<\/p>\n\n\n\n<hr class=\"wp-block-separator has-alpha-channel-opacity\"\/>\n\n\n\n<h2 class=\"wp-block-heading\" id=\"h-base-legal-importante\">\ud83d\udcdc <strong>Base Legal Importante<\/strong><\/h2>\n\n\n\n<p>Embora o TDAH <strong>ainda n\u00e3o esteja listado como defici\u00eancia no Estatuto<\/strong>, existem garantias importantes:<\/p>\n\n\n\n<ul>\n<li><strong>Lei 13.146\/2015 \u2013 Lei Brasileira de Inclus\u00e3o (apoia atendimento priorit\u00e1rio para condi\u00e7\u00f5es que exigem suporte)<\/strong><\/li>\n\n\n\n<li><strong>Lei 14.624\/2023 \u2013 Cord\u00e3o de Girassol como s\u00edmbolo oficial de defici\u00eancias ocultas<\/strong><\/li>\n\n\n\n<li>Direito a adapta\u00e7\u00f5es pedag\u00f3gicas e suporte escolar (LDB)<\/li>\n\n\n\n<li>Direito \u00e0 acessibilidade informacional e suporte em ambientes p\u00fablicos<\/li>\n<\/ul>\n\n\n\n<p>O crach\u00e1 n\u00e3o substitui documento oficial, mas <strong>funciona como identifica\u00e7\u00e3o acess\u00edvel e funcional<\/strong>.<\/p>\n\n\n\n<hr class=\"wp-block-separator has-alpha-channel-opacity\"\/>\n\n\n\n<h2 class=\"wp-block-heading\" id=\"h-quem-deve-usar-o-crach-tdah\">\ud83e\udde9 <strong>Quem deve usar o Crach\u00e1 TDAH?<\/strong><\/h2>\n\n\n\n<p>\u2714 Crian\u00e7as com dificuldade de concentra\u00e7\u00e3o<br>\u2714 Pessoas com impulsividade<br>\u2714 Pessoas que necessitam de aux\u00edlio extra em ambientes coletivos<br>\u2714 Jovens que estudam fora<br>\u2714 Adultos em ambientes p\u00fablicos, viagens e trabalho<br>\u2714 Pessoas com TDAH que t\u00eam epis\u00f3dios de hiperfoco ou desregula\u00e7\u00e3o emocional<\/p>\n\n\n\n<p>O crach\u00e1 previne riscos e facilita o cuidado.<\/p>\n\n\n\n<hr class=\"wp-block-separator has-alpha-channel-opacity\"\/>\n\n\n\n<h2 class=\"wp-block-heading\" id=\"h-especifica-es-t-cnicas\">\ud83d\udee0 <strong>Especifica\u00e7\u00f5es T\u00e9cnicas<\/strong><\/h2>\n\n\n\n<ul>\n<li>PVC r\u00edgido \u2013 0,76mm<\/li>\n\n\n\n<li>Medida padr\u00e3o 8,6cm x 5,5cm<\/li>\n\n\n\n<li>Impress\u00e3o em alta resolu\u00e7\u00e3o<\/li>\n\n\n\n<li>Op\u00e7\u00e3o com ou sem foto<\/li>\n\n\n\n<li>QR Code personalizado<\/li>\n\n\n\n<li>Dados m\u00e9dicos + CID<\/li>\n\n\n\n<li>Cord\u00e3o de acessibilidade com trava de seguran\u00e7a<\/li>\n<\/ul>\n\n\n\n<p>Feito para durar.<\/p>\n\n\n\n<hr class=\"wp-block-separator has-alpha-channel-opacity\"\/>\n\n\n\n<h2 class=\"wp-block-heading\" id=\"h-onde-comprar-o-crach-tdah-personalizado\">\ud83d\uded2 <strong>Onde comprar o Crach\u00e1 TDAH Personalizado?<\/strong><\/h2>\n\n\n\n<p>Voc\u00ea pode comprar diretamente no site:<\/p>\n\n\n\n<p>\ud83d\udc49 <strong><a href=\"https:\/\/crachaidentificame.com.br\/\" target=\"_blank\" rel=\"noopener\">https:\/\/crachaidentificame.com.br\/<\/a><\/strong><\/p>\n\n\n\n<p>Ou falar com atendimento pelo WhatsApp:<\/p>\n\n\n\n<p>\ud83d\udc49 <strong><a href=\"https:\/\/api.whatsapp.com\/send?phone=5547991770734\" target=\"_blank\" rel=\"noopener\">https:\/\/api.whatsapp.com\/send?phone=5547991770734<\/a><\/strong><\/p>\n\n\n\n<p>Envio para todo o Brasil.<\/p>\n\n\n\n<hr class=\"wp-block-separator has-alpha-channel-opacity\"\/>\n\n\n\n<h2 class=\"wp-block-heading\" id=\"h-conclus-o-um-crach-que-acolhe-e-protege\">\u2b50 <strong>Conclus\u00e3o \u2013 Um crach\u00e1 que acolhe e protege<\/strong><\/h2>\n\n\n\n<p>O TDAH apresenta desafios, mas tamb\u00e9m muitas possibilidades.<br>E o crach\u00e1 IdentificaME foi criado para:<\/p>\n\n\n\n<p>\ud83d\udc9b Proteger<br>\ud83d\udc9b Conscientizar<br>\ud83d\udc9b Facilitar o cuidado<br>\ud83d\udc9b Evitar situa\u00e7\u00f5es de risco<br>\ud83d\udc9b Informar com respeito<\/p>\n","protected":false},"excerpt":{"rendered":"<p>O Transtorno do D\u00e9ficit de Aten\u00e7\u00e3o e Hiperatividade (TDAH) faz parte da rotina de milhares de crian\u00e7as, jovens e adultos<\/p>\n","protected":false},"author":1,"featured_media":4922,"comment_status":"open","ping_status":"open","sticky":false,"template":"","format":"standard","meta":{"footnotes":""},"categories":[557,554],"tags":[],"yoast_head":"<!-- This site is optimized with the Yoast SEO Premium plugin v15.5 - https:\/\/yoast.com\/wordpress\/plugins\/seo\/ -->\n<title>\u2b50 Crach\u00e1 TDAH com QR Code \u2013 Identifica\u00e7\u00e3o Infantil e Adulto com Laudo, CID e Contato de Emerg\u00eancia | DogTagClan Blog<\/title>\n<meta name=\"description\" content=\"O Transtorno do D\u00e9ficit de Aten\u00e7\u00e3o e Hiperatividade (TDAH) faz parte da rotina de milhares de crian\u00e7as, jovens e adultos no Brasil. E em situa\u00e7\u00f5es do dia a dia\" \/>\n<meta name=\"robots\" content=\"index, follow, max-snippet:-1, max-image-preview:large, max-video-preview:-1\" \/>\n<link rel=\"canonical\" href=\"https:\/\/dogtagclan.com.br\/blog\/\u2b50-cracha-tdah-com-qr-code-identificacao-infantil-e-adulto-com-laudo-cid-e-contato-de-emergencia\/\" \/>\n<meta property=\"og:locale\" content=\"pt_BR\" \/>\n<meta property=\"og:type\" content=\"article\" \/>\n<meta property=\"og:title\" content=\"\u2b50 Crach\u00e1 TDAH com QR Code \u2013 Identifica\u00e7\u00e3o Infantil e Adulto com Laudo, CID e Contato de Emerg\u00eancia | DogTagClan Blog\" \/>\n<meta property=\"og:description\" content=\"O Transtorno do D\u00e9ficit de Aten\u00e7\u00e3o e Hiperatividade (TDAH) faz parte da rotina de milhares de crian\u00e7as, jovens e adultos no Brasil. E em situa\u00e7\u00f5es do dia a dia\" \/>\n<meta property=\"og:url\" content=\"https:\/\/dogtagclan.com.br\/blog\/\u2b50-cracha-tdah-com-qr-code-identificacao-infantil-e-adulto-com-laudo-cid-e-contato-de-emergencia\/\" \/>\n<meta property=\"og:site_name\" content=\"DogTagClan Blog\" \/>\n<meta property=\"article:publisher\" content=\"https:\/\/www.facebook.com\/dogtagclan\" \/>\n<meta property=\"article:author\" content=\"https:\/\/www.facebook.com\/dogtagclan\" \/>\n<meta property=\"article:published_time\" content=\"2025-11-15T12:08:48+00:00\" \/>\n<meta property=\"article:modified_time\" content=\"2025-11-15T12:08:50+00:00\" \/>\n<meta property=\"og:image\" content=\"https:\/\/dogtagclan.com.br\/blog\/wp-content\/uploads\/2025\/11\/tdah.jpg\" \/>\n\t<meta property=\"og:image:width\" content=\"1200\" \/>\n\t<meta property=\"og:image:height\" content=\"1200\" \/>\n<meta name=\"twitter:card\" content=\"summary_large_image\" \/>\n<meta name=\"twitter:creator\" content=\"@https:\/\/x.com\/Dogtagclanclan\" \/>\n<meta name=\"twitter:label1\" content=\"Est. tempo de leitura\">\n\t<meta name=\"twitter:data1\" content=\"3 minutos\">\n<script type=\"application\/ld+json\" class=\"yoast-schema-graph\">{\"@context\":\"https:\/\/schema.org\",\"@graph\":[{\"@type\":\"Organization\",\"@id\":\"https:\/\/dogtagclan.com.br\/blog\/#organization\",\"name\":\"DogTagClan | Dog Tags, Crach\\u00e1s e Acess\\u00f3rios Personalizados\",\"url\":\"https:\/\/dogtagclan.com.br\/blog\/\",\"sameAs\":[\"https:\/\/www.facebook.com\/dogtagclan\"],\"logo\":{\"@type\":\"ImageObject\",\"@id\":\"https:\/\/dogtagclan.com.br\/blog\/#logo\",\"inLanguage\":\"pt-BR\",\"url\":\"https:\/\/dogtagclan.com.br\/blog\/wp-content\/uploads\/2023\/02\/cropped-doftagclan-logo.png\",\"width\":250,\"height\":140,\"caption\":\"DogTagClan | Dog Tags, Crach\\u00e1s e Acess\\u00f3rios Personalizados\"},\"image\":{\"@id\":\"https:\/\/dogtagclan.com.br\/blog\/#logo\"}},{\"@type\":\"WebSite\",\"@id\":\"https:\/\/dogtagclan.com.br\/blog\/#website\",\"url\":\"https:\/\/dogtagclan.com.br\/blog\/\",\"name\":\"DogTagClan Blog\",\"description\":\"A gente faz, do seu Jeito\",\"publisher\":{\"@id\":\"https:\/\/dogtagclan.com.br\/blog\/#organization\"},\"potentialAction\":[{\"@type\":\"SearchAction\",\"target\":\"https:\/\/dogtagclan.com.br\/blog\/?s={search_term_string}\",\"query-input\":\"required name=search_term_string\"}],\"inLanguage\":\"pt-BR\"},{\"@type\":\"ImageObject\",\"@id\":\"https:\/\/dogtagclan.com.br\/blog\/%e2%ad%90-cracha-tdah-com-qr-code-identificacao-infantil-e-adulto-com-laudo-cid-e-contato-de-emergencia\/#primaryimage\",\"inLanguage\":\"pt-BR\",\"url\":\"https:\/\/dogtagclan.com.br\/blog\/wp-content\/uploads\/2025\/11\/tdah.jpg\",\"width\":1200,\"height\":1200,\"caption\":\"Crach\\u00e1 TDAH com QR Code para identifica\\u00e7\\u00e3o segura\"},{\"@type\":\"WebPage\",\"@id\":\"https:\/\/dogtagclan.com.br\/blog\/%e2%ad%90-cracha-tdah-com-qr-code-identificacao-infantil-e-adulto-com-laudo-cid-e-contato-de-emergencia\/#webpage\",\"url\":\"https:\/\/dogtagclan.com.br\/blog\/%e2%ad%90-cracha-tdah-com-qr-code-identificacao-infantil-e-adulto-com-laudo-cid-e-contato-de-emergencia\/\",\"name\":\"\\u2b50 Crach\\u00e1 TDAH com QR Code \\u2013 Identifica\\u00e7\\u00e3o Infantil e Adulto com Laudo, CID e Contato de Emerg\\u00eancia | DogTagClan Blog\",\"isPartOf\":{\"@id\":\"https:\/\/dogtagclan.com.br\/blog\/#website\"},\"primaryImageOfPage\":{\"@id\":\"https:\/\/dogtagclan.com.br\/blog\/%e2%ad%90-cracha-tdah-com-qr-code-identificacao-infantil-e-adulto-com-laudo-cid-e-contato-de-emergencia\/#primaryimage\"},\"datePublished\":\"2025-11-15T12:08:48+00:00\",\"dateModified\":\"2025-11-15T12:08:50+00:00\",\"description\":\"O Transtorno do D\\u00e9ficit de Aten\\u00e7\\u00e3o e Hiperatividade (TDAH) faz parte da rotina de milhares de crian\\u00e7as, jovens e adultos no Brasil. E em situa\\u00e7\\u00f5es do dia a dia\",\"inLanguage\":\"pt-BR\",\"potentialAction\":[{\"@type\":\"ReadAction\",\"target\":[\"https:\/\/dogtagclan.com.br\/blog\/%e2%ad%90-cracha-tdah-com-qr-code-identificacao-infantil-e-adulto-com-laudo-cid-e-contato-de-emergencia\/\"]}]},{\"@type\":\"Article\",\"@id\":\"https:\/\/dogtagclan.com.br\/blog\/%e2%ad%90-cracha-tdah-com-qr-code-identificacao-infantil-e-adulto-com-laudo-cid-e-contato-de-emergencia\/#article\",\"isPartOf\":{\"@id\":\"https:\/\/dogtagclan.com.br\/blog\/%e2%ad%90-cracha-tdah-com-qr-code-identificacao-infantil-e-adulto-com-laudo-cid-e-contato-de-emergencia\/#webpage\"},\"author\":{\"@id\":\"https:\/\/dogtagclan.com.br\/blog\/#\/schema\/person\/b7279d930f15e2a85c89cd3b2f1d8df5\"},\"headline\":\"\\u2b50 Crach\\u00e1 TDAH com QR Code \\u2013 Identifica\\u00e7\\u00e3o Infantil e Adulto com Laudo, CID e Contato de Emerg\\u00eancia\",\"datePublished\":\"2025-11-15T12:08:48+00:00\",\"dateModified\":\"2025-11-15T12:08:50+00:00\",\"mainEntityOfPage\":{\"@id\":\"https:\/\/dogtagclan.com.br\/blog\/%e2%ad%90-cracha-tdah-com-qr-code-identificacao-infantil-e-adulto-com-laudo-cid-e-contato-de-emergencia\/#webpage\"},\"commentCount\":0,\"publisher\":{\"@id\":\"https:\/\/dogtagclan.com.br\/blog\/#organization\"},\"image\":{\"@id\":\"https:\/\/dogtagclan.com.br\/blog\/%e2%ad%90-cracha-tdah-com-qr-code-identificacao-infantil-e-adulto-com-laudo-cid-e-contato-de-emergencia\/#primaryimage\"},\"articleSection\":\"Crach\\u00e1 de Identifica\\u00e7\\u00e3o,Crachas e broches personalizados\",\"inLanguage\":\"pt-BR\",\"potentialAction\":[{\"@type\":\"CommentAction\",\"name\":\"Comment\",\"target\":[\"https:\/\/dogtagclan.com.br\/blog\/%e2%ad%90-cracha-tdah-com-qr-code-identificacao-infantil-e-adulto-com-laudo-cid-e-contato-de-emergencia\/#respond\"]}]},{\"@type\":\"Person\",\"@id\":\"https:\/\/dogtagclan.com.br\/blog\/#\/schema\/person\/b7279d930f15e2a85c89cd3b2f1d8df5\",\"name\":\"dogtagclan\",\"description\":\"\\\"A DogTagClan \\u00e9 especializada na fabrica\\u00e7\\u00e3o e personaliza\\u00e7\\u00e3o de Dog Tags, crach\\u00e1s e acess\\u00f3rios. Produzimos pe\\u00e7as em a\\u00e7o inoxid\\u00e1vel com grava\\u00e7\\u00f5es de alta precis\\u00e3o para identifica\\u00e7\\u00e3o pessoal e profissional.\\\"\",\"sameAs\":[\"https:\/\/blog.dogtagclan.com.br\",\"https:\/\/www.facebook.com\/dogtagclan\",\"https:\/\/www.instagram.com\/dogtagclan\",\"https:\/\/twitter.com\/https:\/\/x.com\/Dogtagclanclan\",\"https:\/\/www.youtube.com\/dogtagclan\"]}]}<\/script>\n<!-- \/ Yoast SEO Premium plugin. -->","_links":{"self":[{"href":"https:\/\/dogtagclan.com.br\/blog\/wp-json\/wp\/v2\/posts\/4921"}],"collection":[{"href":"https:\/\/dogtagclan.com.br\/blog\/wp-json\/wp\/v2\/posts"}],"about":[{"href":"https:\/\/dogtagclan.com.br\/blog\/wp-json\/wp\/v2\/types\/post"}],"author":[{"embeddable":true,"href":"https:\/\/dogtagclan.com.br\/blog\/wp-json\/wp\/v2\/users\/1"}],"replies":[{"embeddable":true,"href":"https:\/\/dogtagclan.com.br\/blog\/wp-json\/wp\/v2\/comments?post=4921"}],"version-history":[{"count":1,"href":"https:\/\/dogtagclan.com.br\/blog\/wp-json\/wp\/v2\/posts\/4921\/revisions"}],"predecessor-version":[{"id":4923,"href":"https:\/\/dogtagclan.com.br\/blog\/wp-json\/wp\/v2\/posts\/4921\/revisions\/4923"}],"wp:featuredmedia":[{"embeddable":true,"href":"https:\/\/dogtagclan.com.br\/blog\/wp-json\/wp\/v2\/media\/4922"}],"wp:attachment":[{"href":"https:\/\/dogtagclan.com.br\/blog\/wp-json\/wp\/v2\/media?parent=4921"}],"wp:term":[{"taxonomy":"category","embeddable":true,"href":"https:\/\/dogtagclan.com.br\/blog\/wp-json\/wp\/v2\/categories?post=4921"},{"taxonomy":"post_tag","embeddable":true,"href":"https:\/\/dogtagclan.com.br\/blog\/wp-json\/wp\/v2\/tags?post=4921"}],"curies":[{"name":"wp","href":"https:\/\/api.w.org\/{rel}","templated":true}]}}