{"id":4913,"date":"2025-11-15T08:59:30","date_gmt":"2025-11-15T11:59:30","guid":{"rendered":"https:\/\/dogtagclan.com.br\/blog\/?p=4913"},"modified":"2025-11-15T09:00:16","modified_gmt":"2025-11-15T12:00:16","slug":"%f0%9f%8c%bb-cordao-de-girassol-com-cracha-personalizado-identificacao-com-empatia-e-proposito","status":"publish","type":"post","link":"https:\/\/dogtagclan.com.br\/blog\/%f0%9f%8c%bb-cordao-de-girassol-com-cracha-personalizado-identificacao-com-empatia-e-proposito\/","title":{"rendered":"\ud83c\udf3b Cord\u00e3o de Girassol com Crach\u00e1 Personalizado \u2013 Identifica\u00e7\u00e3o com Empatia e Prop\u00f3sito"},"content":{"rendered":"\n<p>O <strong>Cord\u00e3o de Girassol<\/strong> \u00e9 muito mais do que um acess\u00f3rio.<br>Ele \u00e9 um <strong>s\u00edmbolo mundial de respeito, empatia e inclus\u00e3o<\/strong> \u2014 usado para identificar pessoas com <strong>defici\u00eancias ocultas<\/strong> de forma discreta e humanizada.<\/p>\n\n\n\n<p>No site <strong><a href=\"https:\/\/crachaidentificame.com.br\" target=\"_blank\" rel=\"noopener\">crachaidentificame.com.br<\/a><\/strong>, voc\u00ea pode <strong>personalizar seu crach\u00e1 com nome, CID, QR Code e informa\u00e7\u00f5es m\u00e9dicas<\/strong>, unindo <strong>seguran\u00e7a, acessibilidade e design profissional<\/strong> em um \u00fanico produto.<\/p>\n\n\n\n<hr class=\"wp-block-separator has-alpha-channel-opacity\"\/>\n\n\n\n<h2 class=\"wp-block-heading\" id=\"h-o-que-o-cord-o-de-girassol\">\ud83c\udf3b <strong>O Que \u00e9 o Cord\u00e3o de Girassol<\/strong><\/h2>\n\n\n\n<p>O <strong>cord\u00e3o de girassol<\/strong> foi criado no Reino Unido e se tornou <strong>s\u00edmbolo oficial de identifica\u00e7\u00e3o de pessoas com defici\u00eancias invis\u00edveis<\/strong>, como autismo, TDAH, epilepsia, ansiedade, Alzheimer, surdez unilateral, entre outras.<\/p>\n\n\n\n<p>No Brasil, o uso foi <strong>reconhecido pela Lei n\u00ba 14.624\/2023<\/strong>, garantindo <strong>respeito e prioridade<\/strong> em locais p\u00fablicos e privados, incluindo escolas, aeroportos, hospitais, empresas e eventos.<\/p>\n\n\n\n<figure class=\"wp-block-image size-full\"><img decoding=\"async\" width=\"1000\" height=\"1000\" src=\"https:\/\/dogtagclan.com.br\/blog\/wp-content\/uploads\/2025\/03\/girasol-0.jpg\" alt=\"Cord\u00e3o de Girassol \u2013 Identifica\u00e7\u00e3o para Defici\u00eancias Ocultas com Trava de Seguran\u00e7a\" class=\"wp-image-3275\" srcset=\"https:\/\/dogtagclan.com.br\/blog\/wp-content\/uploads\/2025\/03\/girasol-0.jpg 1000w, https:\/\/dogtagclan.com.br\/blog\/wp-content\/uploads\/2025\/03\/girasol-0-300x300.jpg 300w, https:\/\/dogtagclan.com.br\/blog\/wp-content\/uploads\/2025\/03\/girasol-0-150x150.jpg 150w, https:\/\/dogtagclan.com.br\/blog\/wp-content\/uploads\/2025\/03\/girasol-0-768x768.jpg 768w, https:\/\/dogtagclan.com.br\/blog\/wp-content\/uploads\/2025\/03\/girasol-0-96x96.jpg 96w\" sizes=\"(max-width: 1000px) 100vw, 1000px\" \/><figcaption class=\"wp-element-caption\">Cord\u00e3o de Girassol para identifica\u00e7\u00e3o de defici\u00eancias ocultas \u2013 ideal para acompanhar crach\u00e1s IdentificaMe<\/figcaption><\/figure>\n\n\n\n<hr class=\"wp-block-separator has-alpha-channel-opacity\"\/>\n\n\n\n<h2 class=\"wp-block-heading\" id=\"h-base-legal\">\ud83c\udfdb\ufe0f <strong>Base Legal<\/strong><\/h2>\n\n\n\n<p>\ud83d\udcdc <strong>Lei n\u00ba 14.624\/2023<\/strong><br>Reconhece o <strong>cord\u00e3o de girassol como s\u00edmbolo nacional de identifica\u00e7\u00e3o de pessoas com defici\u00eancias ocultas<\/strong> e orienta seu uso em ambientes p\u00fablicos e privados.<\/p>\n\n\n\n<p>Essa lei refor\u00e7a o compromisso com a <strong>inclus\u00e3o, empatia e atendimento priorit\u00e1rio<\/strong> a todos que convivem com condi\u00e7\u00f5es n\u00e3o vis\u00edveis a olho nu.<\/p>\n\n\n\n<hr class=\"wp-block-separator has-alpha-channel-opacity\"\/>\n\n\n\n<h2 class=\"wp-block-heading\" id=\"h-crach-personalizado-com-cord-o-girassol-identifica-o-completa\">\ud83e\udeaa <strong>Crach\u00e1 Personalizado com Cord\u00e3o Girassol \u2013 Identifica\u00e7\u00e3o Completa<\/strong><\/h2>\n\n\n\n<p>Na <strong>IdentificaMe<\/strong>, voc\u00ea pode personalizar seu crach\u00e1 com todos os dados importantes:<\/p>\n\n\n\n<p>\u2714 <strong>Nome e foto<\/strong><br>\u2714 <strong>CID e condi\u00e7\u00e3o m\u00e9dica<\/strong><br>\u2714 <strong>Tipo sangu\u00edneo e data de nascimento<\/strong><br>\u2714 <strong>Contato de emerg\u00eancia<\/strong><br>\u2714 <strong>QR Code com laudo ou informa\u00e7\u00f5es m\u00e9dicas<\/strong><\/p>\n\n\n\n<p>Tudo isso acompanhado de um <strong>cord\u00e3o de girassol com trava de seguran\u00e7a<\/strong>, confort\u00e1vel, dur\u00e1vel e reconhecido em todo o Brasil.<\/p>\n\n\n\n<figure class=\"wp-block-image size-full is-resized\"><img decoding=\"async\" width=\"1024\" height=\"1024\" src=\"https:\/\/dogtagclan.com.br\/blog\/wp-content\/uploads\/2025\/11\/identifica-me.jpg\" alt=\"&quot;logo cracha identificame personagem infantil&quot;\" class=\"wp-image-4914\" style=\"width:536px;height:auto\" srcset=\"https:\/\/dogtagclan.com.br\/blog\/wp-content\/uploads\/2025\/11\/identifica-me.jpg 1024w, https:\/\/dogtagclan.com.br\/blog\/wp-content\/uploads\/2025\/11\/identifica-me-300x300.jpg 300w, https:\/\/dogtagclan.com.br\/blog\/wp-content\/uploads\/2025\/11\/identifica-me-150x150.jpg 150w, https:\/\/dogtagclan.com.br\/blog\/wp-content\/uploads\/2025\/11\/identifica-me-768x768.jpg 768w, https:\/\/dogtagclan.com.br\/blog\/wp-content\/uploads\/2025\/11\/identifica-me-96x96.jpg 96w\" sizes=\"(max-width: 1024px) 100vw, 1024px\" \/><figcaption class=\"wp-element-caption\">&#8220;Logo oficial do Crach\u00e1 IdentificaME \u2013 identifica\u00e7\u00e3o infantil com QR Code e acessibilidade.&#8221;<\/figcaption><\/figure>\n\n\n\n<hr class=\"wp-block-separator has-alpha-channel-opacity\"\/>\n\n\n\n<h2 class=\"wp-block-heading\" id=\"h-por-que-usar-o-cord-o-de-girassol-com-crach\">\ud83d\udca1 <strong>Por Que Usar o Cord\u00e3o de Girassol com Crach\u00e1?<\/strong><\/h2>\n\n\n\n<p>\ud83c\udf3b <strong>1. Reconhecimento imediato:<\/strong><br>Facilita o entendimento e acolhimento por parte de profissionais, atendentes e equipes de apoio.<\/p>\n\n\n\n<p>\ud83c\udf3b <strong>2. Atendimento priorit\u00e1rio:<\/strong><br>Garantido por lei \u2014 tanto para pessoas com defici\u00eancia vis\u00edvel quanto invis\u00edvel.<\/p>\n\n\n\n<p>\ud83c\udf3b <strong>3. Seguran\u00e7a em emerg\u00eancias:<\/strong><br>O QR Code pode conter <strong>laudo m\u00e9dico, contatos e informa\u00e7\u00f5es vitais<\/strong> para pronto atendimento.<\/p>\n\n\n\n<p>\ud83c\udf3b <strong>4. Conscientiza\u00e7\u00e3o e empatia:<\/strong><br>Ajuda a criar uma sociedade mais <strong>informada e acolhedora<\/strong>.<\/p>\n\n\n\n<p>\ud83c\udf3b <strong>5. Design profissional e dur\u00e1vel:<\/strong><br>Feito em <strong>PVC r\u00edgido, impress\u00e3o digital e cord\u00e3o de alta qualidade<\/strong> com trava anti-sufocamento.<\/p>\n\n\n\n<figure class=\"wp-block-image size-full\"><img decoding=\"async\" width=\"1024\" height=\"1024\" src=\"https:\/\/dogtagclan.com.br\/blog\/wp-content\/uploads\/2025\/11\/image.png\" alt=\"\u201cCrach\u00e1 de Doen\u00e7as Raras personalizado com nome, foto, CID e QR Code \u2013 Identifica\u00e7\u00e3o m\u00e9dica com cord\u00e3o M\u00e3os Coloridas.\u201d\" class=\"wp-image-4911\" srcset=\"https:\/\/dogtagclan.com.br\/blog\/wp-content\/uploads\/2025\/11\/image.png 1024w, https:\/\/dogtagclan.com.br\/blog\/wp-content\/uploads\/2025\/11\/image-300x300.png 300w, https:\/\/dogtagclan.com.br\/blog\/wp-content\/uploads\/2025\/11\/image-150x150.png 150w, https:\/\/dogtagclan.com.br\/blog\/wp-content\/uploads\/2025\/11\/image-768x768.png 768w, https:\/\/dogtagclan.com.br\/blog\/wp-content\/uploads\/2025\/11\/image-96x96.png 96w\" sizes=\"(max-width: 1024px) 100vw, 1024px\" \/><figcaption class=\"wp-element-caption\">\ud83d\udc49 \u201cCrach\u00e1 de identifica\u00e7\u00e3o para Doen\u00e7as Raras com nome, foto, CID e QR Code.\u201d<\/figcaption><\/figure>\n\n\n\n<hr class=\"wp-block-separator has-alpha-channel-opacity\"\/>\n\n\n\n<h2 class=\"wp-block-heading\" id=\"h-o-que-acompanha-o-kit\">\ud83d\udce6 <strong>O Que Acompanha o Kit<\/strong><\/h2>\n\n\n\n<p>\u2705 01 <strong>Crach\u00e1 personalizado<\/strong> (com CID, nome, QR Code e dados m\u00e9dicos)<br>\u2705 01 <strong>Cord\u00e3o de Girassol com trava de seguran\u00e7a<\/strong><br>\u2705 01 <strong>Porta-crach\u00e1 r\u00edgido transparente<\/strong><br>\u2705 01 <strong>Brinde IdentificaMe exclusivo<\/strong><\/p>\n\n\n\n<hr class=\"wp-block-separator has-alpha-channel-opacity\"\/>\n\n\n\n<h2 class=\"wp-block-heading\" id=\"h-quem-pode-usar-o-cord-o-de-girassol\">\ud83d\udc65 <strong>Quem Pode Usar o Cord\u00e3o de Girassol<\/strong><\/h2>\n\n\n\n<p>\ud83d\udccd Pessoas com <strong>TDAH, Autismo, TOD e Epilepsia<\/strong><br>\ud83d\udccd Indiv\u00edduos com <strong>Transtornos de Ansiedade ou P\u00e2nico<\/strong><br>\ud83d\udccd Pessoas com <strong>Doen\u00e7as Cr\u00f4nicas, Defici\u00eancias Auditivas, Visuais ou Neurol\u00f3gicas<\/strong><br>\ud83d\udccd Idosos, pacientes com Alzheimer e outras condi\u00e7\u00f5es ocultas<\/p>\n\n\n\n<p>Se a condi\u00e7\u00e3o n\u00e3o \u00e9 vis\u00edvel, mas impacta o cotidiano \u2014 <strong>o cord\u00e3o de girassol \u00e9 o s\u00edmbolo de identifica\u00e7\u00e3o correto.<\/strong><\/p>\n\n\n\n<hr class=\"wp-block-separator has-alpha-channel-opacity\"\/>\n\n\n\n<h2 class=\"wp-block-heading\" id=\"h-como-comprar-o-seu-crach-com-cord-o-girassol\">\ud83d\ude80 <strong>Como Comprar o Seu Crach\u00e1 com Cord\u00e3o Girassol<\/strong><\/h2>\n\n\n\n<p>1\ufe0f\u20e3 Acesse <a href=\"https:\/\/crachaidentificame.com.br\" target=\"_blank\" rel=\"noopener\">crachaidentificame.com.br<\/a><br>2\ufe0f\u20e3 Escolha o modelo com <strong>cord\u00e3o girassol e QR Code<\/strong><br>3\ufe0f\u20e3 Envie seus dados e, se desejar, o laudo m\u00e9dico via link do Google Drive<br>4\ufe0f\u20e3 N\u00f3s criamos, personalizamos e enviamos com rastreio para todo o Brasil<\/p>\n\n\n\n<p>\ud83d\udcf2 Atendimento direto no WhatsApp: <a href=\"https:\/\/wa.me\/554174001990\" target=\"_blank\" rel=\"noopener\">https:\/\/wa.me\/554174001990<\/a><\/p>\n\n\n\n<hr class=\"wp-block-separator has-alpha-channel-opacity\"\/>\n\n\n\n<hr class=\"wp-block-separator has-alpha-channel-opacity\"\/>\n\n\n\n<h2 class=\"wp-block-heading\" id=\"h-por-que-escolher-o-identificame\">\ud83d\udcac <strong>Por Que Escolher o IdentificaMe<\/strong><\/h2>\n\n\n\n<p>Na <strong>IdentificaMe<\/strong>, cada crach\u00e1 \u00e9 feito com <strong>respeito, empatia e prop\u00f3sito<\/strong>.<br>Produzimos <strong>identifica\u00e7\u00f5es personalizadas<\/strong> que salvam vidas, aproximam pessoas e <strong>promovem a inclus\u00e3o real<\/strong>.<\/p>\n\n\n\n<p>\u2728 <strong>Mais do que crach\u00e1s \u2014 criamos identifica\u00e7\u00e3o com humanidade.<\/strong><\/p>\n\n\n\n<p>\ud83d\udd17 <strong>Compre agora o seu:<\/strong> <a href=\"https:\/\/crachaidentificame.com.br\" target=\"_blank\" rel=\"noopener\">https:\/\/crachaidentificame.com.br<\/a><br>\ud83d\udcf2 <strong>Atendimento direto:<\/strong> <\/p>\n\n\n\n<p><\/p>\n\n\n\n<hr class=\"wp-block-separator has-alpha-channel-opacity\"\/>\n\n\n\n<h3 class=\"wp-block-heading\" id=\"h-\"><\/h3>\n","protected":false},"excerpt":{"rendered":"<p>O Cord\u00e3o de Girassol \u00e9 muito mais do que um acess\u00f3rio.Ele \u00e9 um s\u00edmbolo mundial de respeito, empatia e inclus\u00e3o<\/p>\n","protected":false},"author":1,"featured_media":3275,"comment_status":"open","ping_status":"open","sticky":false,"template":"","format":"standard","meta":{"footnotes":""},"categories":[557,554],"tags":[],"yoast_head":"<!-- This site is optimized with the Yoast SEO Premium plugin v15.5 - https:\/\/yoast.com\/wordpress\/plugins\/seo\/ -->\n<title>\ud83c\udf3b Cord\u00e3o de Girassol com Crach\u00e1 Personalizado \u2013 Identifica\u00e7\u00e3o com Empatia e Prop\u00f3sito | DogTagClan Blog<\/title>\n<meta name=\"description\" content=\"O Cord\u00e3o de Girassol \u00e9 muito mais do que um acess\u00f3rio.Ele \u00e9 um s\u00edmbolo mundial de respeito, empatia e inclus\u00e3o\" \/>\n<meta name=\"robots\" content=\"index, follow, max-snippet:-1, max-image-preview:large, max-video-preview:-1\" \/>\n<link rel=\"canonical\" href=\"https:\/\/dogtagclan.com.br\/blog\/\ud83c\udf3b-cordao-de-girassol-com-cracha-personalizado-identificacao-com-empatia-e-proposito\/\" \/>\n<meta property=\"og:locale\" content=\"pt_BR\" \/>\n<meta property=\"og:type\" content=\"article\" \/>\n<meta property=\"og:title\" content=\"\ud83c\udf3b Cord\u00e3o de Girassol com Crach\u00e1 Personalizado \u2013 Identifica\u00e7\u00e3o com Empatia e Prop\u00f3sito | DogTagClan Blog\" \/>\n<meta property=\"og:description\" content=\"O Cord\u00e3o de Girassol \u00e9 muito mais do que um acess\u00f3rio.Ele \u00e9 um s\u00edmbolo mundial de respeito, empatia e inclus\u00e3o\" \/>\n<meta property=\"og:url\" content=\"https:\/\/dogtagclan.com.br\/blog\/\ud83c\udf3b-cordao-de-girassol-com-cracha-personalizado-identificacao-com-empatia-e-proposito\/\" \/>\n<meta property=\"og:site_name\" content=\"DogTagClan Blog\" \/>\n<meta property=\"article:publisher\" content=\"https:\/\/www.facebook.com\/dogtagclan\" \/>\n<meta property=\"article:author\" content=\"https:\/\/www.facebook.com\/dogtagclan\" \/>\n<meta property=\"article:published_time\" content=\"2025-11-15T11:59:30+00:00\" \/>\n<meta property=\"article:modified_time\" content=\"2025-11-15T12:00:16+00:00\" \/>\n<meta property=\"og:image\" content=\"https:\/\/dogtagclan.com.br\/blog\/wp-content\/uploads\/2025\/03\/girasol-0.jpg\" \/>\n\t<meta property=\"og:image:width\" content=\"1000\" \/>\n\t<meta property=\"og:image:height\" content=\"1000\" \/>\n<meta name=\"twitter:card\" content=\"summary_large_image\" \/>\n<meta name=\"twitter:creator\" content=\"@https:\/\/x.com\/Dogtagclanclan\" \/>\n<meta name=\"twitter:label1\" content=\"Est. tempo de leitura\">\n\t<meta name=\"twitter:data1\" content=\"3 minutos\">\n<script type=\"application\/ld+json\" class=\"yoast-schema-graph\">{\"@context\":\"https:\/\/schema.org\",\"@graph\":[{\"@type\":\"Organization\",\"@id\":\"https:\/\/dogtagclan.com.br\/blog\/#organization\",\"name\":\"DogTagClan | Dog Tags, Crach\\u00e1s e Acess\\u00f3rios Personalizados\",\"url\":\"https:\/\/dogtagclan.com.br\/blog\/\",\"sameAs\":[\"https:\/\/www.facebook.com\/dogtagclan\"],\"logo\":{\"@type\":\"ImageObject\",\"@id\":\"https:\/\/dogtagclan.com.br\/blog\/#logo\",\"inLanguage\":\"pt-BR\",\"url\":\"https:\/\/dogtagclan.com.br\/blog\/wp-content\/uploads\/2023\/02\/cropped-doftagclan-logo.png\",\"width\":250,\"height\":140,\"caption\":\"DogTagClan | Dog Tags, Crach\\u00e1s e Acess\\u00f3rios Personalizados\"},\"image\":{\"@id\":\"https:\/\/dogtagclan.com.br\/blog\/#logo\"}},{\"@type\":\"WebSite\",\"@id\":\"https:\/\/dogtagclan.com.br\/blog\/#website\",\"url\":\"https:\/\/dogtagclan.com.br\/blog\/\",\"name\":\"DogTagClan Blog\",\"description\":\"A gente faz, do seu Jeito\",\"publisher\":{\"@id\":\"https:\/\/dogtagclan.com.br\/blog\/#organization\"},\"potentialAction\":[{\"@type\":\"SearchAction\",\"target\":\"https:\/\/dogtagclan.com.br\/blog\/?s={search_term_string}\",\"query-input\":\"required name=search_term_string\"}],\"inLanguage\":\"pt-BR\"},{\"@type\":\"ImageObject\",\"@id\":\"https:\/\/dogtagclan.com.br\/blog\/%f0%9f%8c%bb-cordao-de-girassol-com-cracha-personalizado-identificacao-com-empatia-e-proposito\/#primaryimage\",\"inLanguage\":\"pt-BR\",\"url\":\"https:\/\/dogtagclan.com.br\/blog\/wp-content\/uploads\/2025\/03\/girasol-0.jpg\",\"width\":1000,\"height\":1000,\"caption\":\"Cord\\u00e3o de Girassol para identifica\\u00e7\\u00e3o de defici\\u00eancias ocultas \\u2013 ideal para acompanhar crach\\u00e1s IdentificaMe\"},{\"@type\":\"WebPage\",\"@id\":\"https:\/\/dogtagclan.com.br\/blog\/%f0%9f%8c%bb-cordao-de-girassol-com-cracha-personalizado-identificacao-com-empatia-e-proposito\/#webpage\",\"url\":\"https:\/\/dogtagclan.com.br\/blog\/%f0%9f%8c%bb-cordao-de-girassol-com-cracha-personalizado-identificacao-com-empatia-e-proposito\/\",\"name\":\"\\ud83c\\udf3b Cord\\u00e3o de Girassol com Crach\\u00e1 Personalizado \\u2013 Identifica\\u00e7\\u00e3o com Empatia e Prop\\u00f3sito | DogTagClan Blog\",\"isPartOf\":{\"@id\":\"https:\/\/dogtagclan.com.br\/blog\/#website\"},\"primaryImageOfPage\":{\"@id\":\"https:\/\/dogtagclan.com.br\/blog\/%f0%9f%8c%bb-cordao-de-girassol-com-cracha-personalizado-identificacao-com-empatia-e-proposito\/#primaryimage\"},\"datePublished\":\"2025-11-15T11:59:30+00:00\",\"dateModified\":\"2025-11-15T12:00:16+00:00\",\"description\":\"O Cord\\u00e3o de Girassol \\u00e9 muito mais do que um acess\\u00f3rio.Ele \\u00e9 um s\\u00edmbolo mundial de respeito, empatia e inclus\\u00e3o\",\"inLanguage\":\"pt-BR\",\"potentialAction\":[{\"@type\":\"ReadAction\",\"target\":[\"https:\/\/dogtagclan.com.br\/blog\/%f0%9f%8c%bb-cordao-de-girassol-com-cracha-personalizado-identificacao-com-empatia-e-proposito\/\"]}]},{\"@type\":\"Article\",\"@id\":\"https:\/\/dogtagclan.com.br\/blog\/%f0%9f%8c%bb-cordao-de-girassol-com-cracha-personalizado-identificacao-com-empatia-e-proposito\/#article\",\"isPartOf\":{\"@id\":\"https:\/\/dogtagclan.com.br\/blog\/%f0%9f%8c%bb-cordao-de-girassol-com-cracha-personalizado-identificacao-com-empatia-e-proposito\/#webpage\"},\"author\":{\"@id\":\"https:\/\/dogtagclan.com.br\/blog\/#\/schema\/person\/b7279d930f15e2a85c89cd3b2f1d8df5\"},\"headline\":\"\\ud83c\\udf3b Cord\\u00e3o de Girassol com Crach\\u00e1 Personalizado \\u2013 Identifica\\u00e7\\u00e3o com Empatia e Prop\\u00f3sito\",\"datePublished\":\"2025-11-15T11:59:30+00:00\",\"dateModified\":\"2025-11-15T12:00:16+00:00\",\"mainEntityOfPage\":{\"@id\":\"https:\/\/dogtagclan.com.br\/blog\/%f0%9f%8c%bb-cordao-de-girassol-com-cracha-personalizado-identificacao-com-empatia-e-proposito\/#webpage\"},\"commentCount\":0,\"publisher\":{\"@id\":\"https:\/\/dogtagclan.com.br\/blog\/#organization\"},\"image\":{\"@id\":\"https:\/\/dogtagclan.com.br\/blog\/%f0%9f%8c%bb-cordao-de-girassol-com-cracha-personalizado-identificacao-com-empatia-e-proposito\/#primaryimage\"},\"articleSection\":\"Crach\\u00e1 de Identifica\\u00e7\\u00e3o,Crachas e broches personalizados\",\"inLanguage\":\"pt-BR\",\"potentialAction\":[{\"@type\":\"CommentAction\",\"name\":\"Comment\",\"target\":[\"https:\/\/dogtagclan.com.br\/blog\/%f0%9f%8c%bb-cordao-de-girassol-com-cracha-personalizado-identificacao-com-empatia-e-proposito\/#respond\"]}]},{\"@type\":\"Person\",\"@id\":\"https:\/\/dogtagclan.com.br\/blog\/#\/schema\/person\/b7279d930f15e2a85c89cd3b2f1d8df5\",\"name\":\"dogtagclan\",\"description\":\"\\\"A DogTagClan \\u00e9 especializada na fabrica\\u00e7\\u00e3o e personaliza\\u00e7\\u00e3o de Dog Tags, crach\\u00e1s e acess\\u00f3rios. Produzimos pe\\u00e7as em a\\u00e7o inoxid\\u00e1vel com grava\\u00e7\\u00f5es de alta precis\\u00e3o para identifica\\u00e7\\u00e3o pessoal e profissional.\\\"\",\"sameAs\":[\"https:\/\/blog.dogtagclan.com.br\",\"https:\/\/www.facebook.com\/dogtagclan\",\"https:\/\/www.instagram.com\/dogtagclan\",\"https:\/\/twitter.com\/https:\/\/x.com\/Dogtagclanclan\",\"https:\/\/www.youtube.com\/dogtagclan\"]}]}<\/script>\n<!-- \/ Yoast SEO Premium plugin. -->","_links":{"self":[{"href":"https:\/\/dogtagclan.com.br\/blog\/wp-json\/wp\/v2\/posts\/4913"}],"collection":[{"href":"https:\/\/dogtagclan.com.br\/blog\/wp-json\/wp\/v2\/posts"}],"about":[{"href":"https:\/\/dogtagclan.com.br\/blog\/wp-json\/wp\/v2\/types\/post"}],"author":[{"embeddable":true,"href":"https:\/\/dogtagclan.com.br\/blog\/wp-json\/wp\/v2\/users\/1"}],"replies":[{"embeddable":true,"href":"https:\/\/dogtagclan.com.br\/blog\/wp-json\/wp\/v2\/comments?post=4913"}],"version-history":[{"count":3,"href":"https:\/\/dogtagclan.com.br\/blog\/wp-json\/wp\/v2\/posts\/4913\/revisions"}],"predecessor-version":[{"id":4918,"href":"https:\/\/dogtagclan.com.br\/blog\/wp-json\/wp\/v2\/posts\/4913\/revisions\/4918"}],"wp:featuredmedia":[{"embeddable":true,"href":"https:\/\/dogtagclan.com.br\/blog\/wp-json\/wp\/v2\/media\/3275"}],"wp:attachment":[{"href":"https:\/\/dogtagclan.com.br\/blog\/wp-json\/wp\/v2\/media?parent=4913"}],"wp:term":[{"taxonomy":"category","embeddable":true,"href":"https:\/\/dogtagclan.com.br\/blog\/wp-json\/wp\/v2\/categories?post=4913"},{"taxonomy":"post_tag","embeddable":true,"href":"https:\/\/dogtagclan.com.br\/blog\/wp-json\/wp\/v2\/tags?post=4913"}],"curies":[{"name":"wp","href":"https:\/\/api.w.org\/{rel}","templated":true}]}}