{"id":4910,"date":"2025-11-12T22:30:01","date_gmt":"2025-11-13T01:30:01","guid":{"rendered":"https:\/\/dogtagclan.com.br\/blog\/?p=4910"},"modified":"2025-11-12T22:30:14","modified_gmt":"2025-11-13T01:30:14","slug":"%f0%9f%a7%ac-cracha-doencas-raras-com-nome-foto-cid-e-qr-code-cordao-maos-coloridas","status":"publish","type":"post","link":"https:\/\/dogtagclan.com.br\/blog\/%f0%9f%a7%ac-cracha-doencas-raras-com-nome-foto-cid-e-qr-code-cordao-maos-coloridas\/","title":{"rendered":"\ud83e\uddec Crach\u00e1 Doen\u00e7as Raras com Nome, Foto, CID e QR Code \u2013 Cord\u00e3o M\u00e3os Coloridas"},"content":{"rendered":"\n<h3 class=\"wp-block-heading\" id=\"h-identifica-o-m-dica-r-pida-segura-e-humanizada-para-quem-precisa-de-cuidado-especial\">Identifica\u00e7\u00e3o M\u00e9dica R\u00e1pida, Segura e Humanizada Para Quem Precisa de Cuidado Especial<\/h3>\n\n\n\n<p>As doen\u00e7as raras fazem parte da vida de milhares de pessoas no Brasil. Elas mudam rotinas, exigem aten\u00e7\u00e3o extra e, muitas vezes, fazem com que a fam\u00edlia precise explicar repetidamente a mesma condi\u00e7\u00e3o para m\u00e9dicos, escolas, atendentes ou at\u00e9 desconhecidos.<\/p>\n\n\n\n<p>\u00c9 justamente nesse ponto que o <strong>Crach\u00e1 de Doen\u00e7as Raras com Nome, Foto, CID e QR Code \u2013 Cord\u00e3o M\u00e3os Coloridas<\/strong> se torna t\u00e3o importante.<br>Ele n\u00e3o \u00e9 apenas um crach\u00e1.<br>Ele \u00e9 <strong>um instrumento de cuidado, prote\u00e7\u00e3o e acessibilidade<\/strong>.<\/p>\n\n\n\n<p><\/p>\n\n\n\n<figure class=\"wp-block-image size-full\"><a href=\"https:\/\/crachaidentificame.com.br\/\" target=\"_blank\" rel=\"noopener\"><img decoding=\"async\" width=\"1024\" height=\"1024\" src=\"https:\/\/dogtagclan.com.br\/blog\/wp-content\/uploads\/2025\/11\/image.png\" alt=\"\" class=\"wp-image-4911\" srcset=\"https:\/\/dogtagclan.com.br\/blog\/wp-content\/uploads\/2025\/11\/image.png 1024w, https:\/\/dogtagclan.com.br\/blog\/wp-content\/uploads\/2025\/11\/image-300x300.png 300w, https:\/\/dogtagclan.com.br\/blog\/wp-content\/uploads\/2025\/11\/image-150x150.png 150w, https:\/\/dogtagclan.com.br\/blog\/wp-content\/uploads\/2025\/11\/image-768x768.png 768w, https:\/\/dogtagclan.com.br\/blog\/wp-content\/uploads\/2025\/11\/image-96x96.png 96w\" sizes=\"(max-width: 1024px) 100vw, 1024px\" \/><\/a><\/figure>\n\n\n\n<hr class=\"wp-block-separator has-alpha-channel-opacity\"\/>\n\n\n\n<h1 class=\"wp-block-heading\" id=\"h-o-que-o-crach-de-doen-as-raras\">\u2b50 <strong>O que \u00e9 o Crach\u00e1 de Doen\u00e7as Raras?<\/strong><\/h1>\n\n\n\n<p>\u00c9 uma identifica\u00e7\u00e3o completa, personalizada com:<\/p>\n\n\n\n<ul>\n<li><strong>Nome<\/strong><\/li>\n\n\n\n<li><strong>Foto<\/strong><\/li>\n\n\n\n<li><strong>CID da condi\u00e7\u00e3o<\/strong><\/li>\n\n\n\n<li><strong>QR Code com laudo digital, contatos e informa\u00e7\u00f5es m\u00e9dicas<\/strong><\/li>\n\n\n\n<li><strong>Cord\u00e3o M\u00e3os Coloridas<\/strong>, s\u00edmbolo de representatividade para doen\u00e7as raras e inclus\u00e3o<\/li>\n<\/ul>\n\n\n\n<p>Esse modelo foi criado para permitir que socorristas, profissionais de sa\u00fade, professores e qualquer pessoa ao redor <strong>tenham acesso imediato \u00e0s informa\u00e7\u00f5es essenciais<\/strong> em caso de necessidade.<\/p>\n\n\n\n<hr class=\"wp-block-separator has-alpha-channel-opacity\"\/>\n\n\n\n<h1 class=\"wp-block-heading\" id=\"h-por-que-ele-t-o-importante\">\ud83d\udedf <strong>Por que ele \u00e9 t\u00e3o importante?<\/strong><\/h1>\n\n\n\n<p>Quando falamos de doen\u00e7as raras, cada minuto importa.<\/p>\n\n\n\n<p>\u2714 Em uma crise m\u00e9dica, o QR Code mostra <strong>o laudo digital na hora<\/strong><br>\u2714 Evita explica\u00e7\u00f5es repetidas e desgastantes<br>\u2714 Facilita atendimento preferencial e acolhedor<br>\u2714 Ajuda no reconhecimento em ambientes p\u00fablicos<br>\u2714 Reduz riscos em viagens, passeios e atividades escolares<br>\u2714 Garante autonomia para adultos, adolescentes e crian\u00e7as<\/p>\n\n\n\n<hr class=\"wp-block-separator has-alpha-channel-opacity\"\/>\n\n\n\n<h1 class=\"wp-block-heading\" id=\"h-como-funciona-o-qr-code-no-crach\">\ud83d\udd0d <strong>Como funciona o QR Code no Crach\u00e1?<\/strong><\/h1>\n\n\n\n<p>O QR Code pode ser configurado para abrir:<\/p>\n\n\n\n<ul>\n<li>Laudo m\u00e9dico digital<\/li>\n\n\n\n<li>Contatos de emerg\u00eancia<\/li>\n\n\n\n<li>Informa\u00e7\u00f5es sobre alergias<\/li>\n\n\n\n<li>Medica\u00e7\u00f5es em uso<\/li>\n\n\n\n<li>Recomenda\u00e7\u00f5es essenciais<\/li>\n\n\n\n<li>Link do Google Drive ou PDF<\/li>\n<\/ul>\n\n\n\n<p>Isso transforma o crach\u00e1 em uma <strong>identifica\u00e7\u00e3o inteligente<\/strong>, v\u00e1lida para emerg\u00eancias reais.<\/p>\n\n\n\n<hr class=\"wp-block-separator has-alpha-channel-opacity\"\/>\n\n\n\n<h1 class=\"wp-block-heading\" id=\"h-cord-o-m-os-coloridas-o-s-mbolo-da-representatividade\">\ud83d\uddbc\ufe0f <strong>Cord\u00e3o M\u00e3os Coloridas \u2013 O S\u00edmbolo da Representatividade<\/strong><\/h1>\n\n\n\n<p>O cord\u00e3o colorido representa:<\/p>\n\n\n\n<ul>\n<li>Diversidade<\/li>\n\n\n\n<li>Inclus\u00e3o<\/li>\n\n\n\n<li>Cuidado<\/li>\n\n\n\n<li>Aten\u00e7\u00e3o \u00e0s necessidades raras<\/li>\n\n\n\n<li>Respeito e visibilidade<\/li>\n<\/ul>\n\n\n\n<p>Ele funciona como \u201calerta gentil\u201d, mostrando que aquela pessoa pode precisar de suporte, prioridade ou compreens\u00e3o.<\/p>\n\n\n\n<hr class=\"wp-block-separator has-alpha-channel-opacity\"\/>\n\n\n\n<h1 class=\"wp-block-heading\" id=\"h-personaliza-o-completa\">\ud83d\udee0\ufe0f <strong>Personaliza\u00e7\u00e3o Completa<\/strong><\/h1>\n\n\n\n<p>Cada crach\u00e1 \u00e9 feito sob medida, incluindo:<\/p>\n\n\n\n<h3 class=\"wp-block-heading\" id=\"h-nome-completo\">\u2714 Nome completo<\/h3>\n\n\n\n<h3 class=\"wp-block-heading\" id=\"h-foto\">\u2714 Foto<\/h3>\n\n\n\n<h3 class=\"wp-block-heading\" id=\"h-cid-da-doen-a-rara\">\u2714 CID da doen\u00e7a rara<\/h3>\n\n\n\n<h3 class=\"wp-block-heading\" id=\"h-qr-code-vinculado-ao-laudo\">\u2714 QR Code vinculado ao laudo<\/h3>\n\n\n\n<h3 class=\"wp-block-heading\" id=\"h-texto-adicional-opcional\">\u2714 Texto adicional opcional<\/h3>\n\n\n\n<h3 class=\"wp-block-heading\" id=\"h-contato-de-emerg-ncia\">\u2714 Contato de emerg\u00eancia<\/h3>\n\n\n\n<p>Tudo isso em material r\u00edgido, resistente e ideal para uso di\u00e1rio.<\/p>\n\n\n\n<hr class=\"wp-block-separator has-alpha-channel-opacity\"\/>\n\n\n\n<h1 class=\"wp-block-heading\" id=\"h-para-quem-o-crach-de-doen-as-raras-indicado\">\ud83c\udf97\ufe0f <strong>Para quem o Crach\u00e1 de Doen\u00e7as Raras \u00e9 indicado?<\/strong><\/h1>\n\n\n\n<ul>\n<li>Pessoas com doen\u00e7as raras reconhecidas por CID<\/li>\n\n\n\n<li>Pacientes em acompanhamento m\u00e9dico cont\u00ednuo<\/li>\n\n\n\n<li>Crian\u00e7as que estudam em escolas ou institui\u00e7\u00f5es especiais<\/li>\n\n\n\n<li>Adultos que circulam sozinhos e precisam de identifica\u00e7\u00e3o<\/li>\n\n\n\n<li>Idosos em tratamento<\/li>\n\n\n\n<li>Pessoas que enfrentam crises s\u00fabitas<\/li>\n\n\n\n<li>Fam\u00edlias que desejam mais seguran\u00e7a no dia a dia<\/li>\n<\/ul>\n\n\n\n<hr class=\"wp-block-separator has-alpha-channel-opacity\"\/>\n\n\n\n<h1 class=\"wp-block-heading\" id=\"h-situa-es-em-que-o-crach-faz-diferen-a\">\ud83d\udea8 <strong>Situa\u00e7\u00f5es em que o crach\u00e1 faz diferen\u00e7a<\/strong><\/h1>\n\n\n\n<ul>\n<li>Crises convulsivas<\/li>\n\n\n\n<li>Desmaios<\/li>\n\n\n\n<li>Rea\u00e7\u00f5es adversas<\/li>\n\n\n\n<li>Confus\u00f5es cognitivas<\/li>\n\n\n\n<li>Situa\u00e7\u00f5es de estresse ou ansiedade<\/li>\n\n\n\n<li>Atendimento emergencial<\/li>\n\n\n\n<li>Perda tempor\u00e1ria de orienta\u00e7\u00e3o<\/li>\n<\/ul>\n\n\n\n<p>Ter <strong>Nome + Foto + CID + QR Code<\/strong> faz toda diferen\u00e7a no tipo de atendimento recebido.<\/p>\n\n\n\n<hr class=\"wp-block-separator has-alpha-channel-opacity\"\/>\n\n\n\n<h1 class=\"wp-block-heading\" id=\"h-o-que-acompanha-o-crach\">\ud83d\udce6 <strong>O que acompanha o crach\u00e1?<\/strong><\/h1>\n\n\n\n<ul>\n<li>01 Crach\u00e1 r\u00edgido personalizado<\/li>\n\n\n\n<li>01 Cord\u00e3o M\u00e3os Coloridas com trava de seguran\u00e7a<\/li>\n\n\n\n<li>01 Porta-crach\u00e1 resistente<\/li>\n\n\n\n<li>QR Code configurado<\/li>\n\n\n\n<li>Produ\u00e7\u00e3o r\u00e1pida e envio para todo o Brasil<\/li>\n<\/ul>\n\n\n\n<hr class=\"wp-block-separator has-alpha-channel-opacity\"\/>\n\n\n\n<h1 class=\"wp-block-heading\" id=\"h-seo-palavras-chave-sem-nticas-inclu-das-no-texto\">\ud83c\udf10 <strong>SEO \u2013 Palavras-chave sem\u00e2nticas inclu\u00eddas no texto<\/strong><\/h1>\n\n\n\n<p>\u2714 crach\u00e1 doen\u00e7as raras<br>\u2714 identifica\u00e7\u00e3o para doen\u00e7as raras<br>\u2714 crach\u00e1 com QR Code m\u00e9dico<br>\u2714 laudo m\u00e9dico digital<br>\u2714 crach\u00e1 personalizado doen\u00e7as raras<br>\u2714 identifica\u00e7\u00e3o emergencial<br>\u2714 cord\u00e3o m\u00e3os coloridas<br>\u2714 crach\u00e1 com CID<br>\u2714 identifica\u00e7\u00e3o inclusiva<\/p>\n\n\n\n<hr class=\"wp-block-separator has-alpha-channel-opacity\"\/>\n\n\n\n<h1 class=\"wp-block-heading\" id=\"h-por-que-escolher-o-identificame-dogtagclan\">\ud83d\udcac <strong>Por que escolher o IdentificaMe \/ DogTagClan?<\/strong><\/h1>\n\n\n\n<ul>\n<li>Produ\u00e7\u00e3o profissional<\/li>\n\n\n\n<li>Impress\u00e3o n\u00edtida e dur\u00e1vel<\/li>\n\n\n\n<li>Personaliza\u00e7\u00e3o completa<\/li>\n\n\n\n<li>Atendimento humano<\/li>\n\n\n\n<li>Envio r\u00e1pido para todo o Brasil<\/li>\n\n\n\n<li>Tecnologia QR Code integrada<\/li>\n<\/ul>\n\n\n\n<p>Se quiser, adiciono no artigo:<\/p>\n\n\n\n<p>\u27a1 Link do produto no <a href=\"https:\/\/crachaidentificame.com.br\/\" target=\"_blank\" rel=\"noopener\">IdentificaMe<\/a><br>\u27a1 Link do WhatsApp: <strong><a href=\"https:\/\/wa.me\/5547991770734\" target=\"_blank\" rel=\"noopener\">https:\/\/wa.me\/5547991770734<\/a><\/strong><br>\u27a1 Chamadas diretas para compra<\/p>\n","protected":false},"excerpt":{"rendered":"<p>Identifica\u00e7\u00e3o M\u00e9dica R\u00e1pida, Segura e Humanizada Para Quem Precisa de Cuidado Especial As doen\u00e7as raras fazem parte da vida de<\/p>\n","protected":false},"author":1,"featured_media":4911,"comment_status":"open","ping_status":"open","sticky":false,"template":"","format":"standard","meta":{"footnotes":""},"categories":[557,554],"tags":[],"yoast_head":"<!-- This site is optimized with the Yoast SEO Premium plugin v15.5 - https:\/\/yoast.com\/wordpress\/plugins\/seo\/ -->\n<title>\ud83e\uddec Crach\u00e1 Doen\u00e7as Raras com Nome, Foto, CID e QR Code \u2013 Cord\u00e3o M\u00e3os Coloridas | DogTagClan Blog<\/title>\n<meta name=\"description\" content=\"As doen\u00e7as raras fazem parte da vida de milhares de pessoas no Brasil. Elas mudam rotinas, exigem aten\u00e7\u00e3o extra e, muitas vezes, fazem com que a fam\u00edlia\" \/>\n<meta name=\"robots\" content=\"index, follow, max-snippet:-1, max-image-preview:large, max-video-preview:-1\" \/>\n<link rel=\"canonical\" href=\"https:\/\/dogtagclan.com.br\/blog\/\ud83e\uddec-cracha-doencas-raras-com-nome-foto-cid-e-qr-code-cordao-maos-coloridas\/\" \/>\n<meta property=\"og:locale\" content=\"pt_BR\" \/>\n<meta property=\"og:type\" content=\"article\" \/>\n<meta property=\"og:title\" content=\"\ud83e\uddec Crach\u00e1 Doen\u00e7as Raras com Nome, Foto, CID e QR Code \u2013 Cord\u00e3o M\u00e3os Coloridas | DogTagClan Blog\" \/>\n<meta property=\"og:description\" content=\"As doen\u00e7as raras fazem parte da vida de milhares de pessoas no Brasil. Elas mudam rotinas, exigem aten\u00e7\u00e3o extra e, muitas vezes, fazem com que a fam\u00edlia\" \/>\n<meta property=\"og:url\" content=\"https:\/\/dogtagclan.com.br\/blog\/\ud83e\uddec-cracha-doencas-raras-com-nome-foto-cid-e-qr-code-cordao-maos-coloridas\/\" \/>\n<meta property=\"og:site_name\" content=\"DogTagClan Blog\" \/>\n<meta property=\"article:publisher\" content=\"https:\/\/www.facebook.com\/dogtagclan\" \/>\n<meta property=\"article:author\" content=\"https:\/\/www.facebook.com\/dogtagclan\" \/>\n<meta property=\"article:published_time\" content=\"2025-11-13T01:30:01+00:00\" \/>\n<meta property=\"article:modified_time\" content=\"2025-11-13T01:30:14+00:00\" \/>\n<meta property=\"og:image\" content=\"https:\/\/dogtagclan.com.br\/blog\/wp-content\/uploads\/2025\/11\/image.png\" \/>\n\t<meta property=\"og:image:width\" content=\"1024\" \/>\n\t<meta property=\"og:image:height\" content=\"1024\" \/>\n<meta name=\"twitter:card\" content=\"summary_large_image\" \/>\n<meta name=\"twitter:creator\" content=\"@https:\/\/x.com\/Dogtagclanclan\" \/>\n<meta name=\"twitter:label1\" content=\"Est. tempo de leitura\">\n\t<meta name=\"twitter:data1\" content=\"3 minutos\">\n<script type=\"application\/ld+json\" class=\"yoast-schema-graph\">{\"@context\":\"https:\/\/schema.org\",\"@graph\":[{\"@type\":\"Organization\",\"@id\":\"https:\/\/dogtagclan.com.br\/blog\/#organization\",\"name\":\"DogTagClan | Dog Tags, Crach\\u00e1s e Acess\\u00f3rios Personalizados\",\"url\":\"https:\/\/dogtagclan.com.br\/blog\/\",\"sameAs\":[\"https:\/\/www.facebook.com\/dogtagclan\"],\"logo\":{\"@type\":\"ImageObject\",\"@id\":\"https:\/\/dogtagclan.com.br\/blog\/#logo\",\"inLanguage\":\"pt-BR\",\"url\":\"https:\/\/dogtagclan.com.br\/blog\/wp-content\/uploads\/2023\/02\/cropped-doftagclan-logo.png\",\"width\":250,\"height\":140,\"caption\":\"DogTagClan | Dog Tags, Crach\\u00e1s e Acess\\u00f3rios Personalizados\"},\"image\":{\"@id\":\"https:\/\/dogtagclan.com.br\/blog\/#logo\"}},{\"@type\":\"WebSite\",\"@id\":\"https:\/\/dogtagclan.com.br\/blog\/#website\",\"url\":\"https:\/\/dogtagclan.com.br\/blog\/\",\"name\":\"DogTagClan Blog\",\"description\":\"A gente faz, do seu Jeito\",\"publisher\":{\"@id\":\"https:\/\/dogtagclan.com.br\/blog\/#organization\"},\"potentialAction\":[{\"@type\":\"SearchAction\",\"target\":\"https:\/\/dogtagclan.com.br\/blog\/?s={search_term_string}\",\"query-input\":\"required name=search_term_string\"}],\"inLanguage\":\"pt-BR\"},{\"@type\":\"ImageObject\",\"@id\":\"https:\/\/dogtagclan.com.br\/blog\/%f0%9f%a7%ac-cracha-doencas-raras-com-nome-foto-cid-e-qr-code-cordao-maos-coloridas\/#primaryimage\",\"inLanguage\":\"pt-BR\",\"url\":\"https:\/\/dogtagclan.com.br\/blog\/wp-content\/uploads\/2025\/11\/image.png\",\"width\":1024,\"height\":1024,\"caption\":\"\\ud83d\\udc49 \\u201cCrach\\u00e1 de identifica\\u00e7\\u00e3o para Doen\\u00e7as Raras com nome, foto, CID e QR Code.\\u201d\"},{\"@type\":\"WebPage\",\"@id\":\"https:\/\/dogtagclan.com.br\/blog\/%f0%9f%a7%ac-cracha-doencas-raras-com-nome-foto-cid-e-qr-code-cordao-maos-coloridas\/#webpage\",\"url\":\"https:\/\/dogtagclan.com.br\/blog\/%f0%9f%a7%ac-cracha-doencas-raras-com-nome-foto-cid-e-qr-code-cordao-maos-coloridas\/\",\"name\":\"\\ud83e\\uddec Crach\\u00e1 Doen\\u00e7as Raras com Nome, Foto, CID e QR Code \\u2013 Cord\\u00e3o M\\u00e3os Coloridas | DogTagClan Blog\",\"isPartOf\":{\"@id\":\"https:\/\/dogtagclan.com.br\/blog\/#website\"},\"primaryImageOfPage\":{\"@id\":\"https:\/\/dogtagclan.com.br\/blog\/%f0%9f%a7%ac-cracha-doencas-raras-com-nome-foto-cid-e-qr-code-cordao-maos-coloridas\/#primaryimage\"},\"datePublished\":\"2025-11-13T01:30:01+00:00\",\"dateModified\":\"2025-11-13T01:30:14+00:00\",\"description\":\"As doen\\u00e7as raras fazem parte da vida de milhares de pessoas no Brasil. Elas mudam rotinas, exigem aten\\u00e7\\u00e3o extra e, muitas vezes, fazem com que a fam\\u00edlia\",\"inLanguage\":\"pt-BR\",\"potentialAction\":[{\"@type\":\"ReadAction\",\"target\":[\"https:\/\/dogtagclan.com.br\/blog\/%f0%9f%a7%ac-cracha-doencas-raras-com-nome-foto-cid-e-qr-code-cordao-maos-coloridas\/\"]}]},{\"@type\":\"Article\",\"@id\":\"https:\/\/dogtagclan.com.br\/blog\/%f0%9f%a7%ac-cracha-doencas-raras-com-nome-foto-cid-e-qr-code-cordao-maos-coloridas\/#article\",\"isPartOf\":{\"@id\":\"https:\/\/dogtagclan.com.br\/blog\/%f0%9f%a7%ac-cracha-doencas-raras-com-nome-foto-cid-e-qr-code-cordao-maos-coloridas\/#webpage\"},\"author\":{\"@id\":\"https:\/\/dogtagclan.com.br\/blog\/#\/schema\/person\/b7279d930f15e2a85c89cd3b2f1d8df5\"},\"headline\":\"\\ud83e\\uddec Crach\\u00e1 Doen\\u00e7as Raras com Nome, Foto, CID e QR Code \\u2013 Cord\\u00e3o M\\u00e3os Coloridas\",\"datePublished\":\"2025-11-13T01:30:01+00:00\",\"dateModified\":\"2025-11-13T01:30:14+00:00\",\"mainEntityOfPage\":{\"@id\":\"https:\/\/dogtagclan.com.br\/blog\/%f0%9f%a7%ac-cracha-doencas-raras-com-nome-foto-cid-e-qr-code-cordao-maos-coloridas\/#webpage\"},\"commentCount\":0,\"publisher\":{\"@id\":\"https:\/\/dogtagclan.com.br\/blog\/#organization\"},\"image\":{\"@id\":\"https:\/\/dogtagclan.com.br\/blog\/%f0%9f%a7%ac-cracha-doencas-raras-com-nome-foto-cid-e-qr-code-cordao-maos-coloridas\/#primaryimage\"},\"articleSection\":\"Crach\\u00e1 de Identifica\\u00e7\\u00e3o,Crachas e broches personalizados\",\"inLanguage\":\"pt-BR\",\"potentialAction\":[{\"@type\":\"CommentAction\",\"name\":\"Comment\",\"target\":[\"https:\/\/dogtagclan.com.br\/blog\/%f0%9f%a7%ac-cracha-doencas-raras-com-nome-foto-cid-e-qr-code-cordao-maos-coloridas\/#respond\"]}]},{\"@type\":\"Person\",\"@id\":\"https:\/\/dogtagclan.com.br\/blog\/#\/schema\/person\/b7279d930f15e2a85c89cd3b2f1d8df5\",\"name\":\"dogtagclan\",\"description\":\"\\\"A DogTagClan \\u00e9 especializada na fabrica\\u00e7\\u00e3o e personaliza\\u00e7\\u00e3o de Dog Tags, crach\\u00e1s e acess\\u00f3rios. Produzimos pe\\u00e7as em a\\u00e7o inoxid\\u00e1vel com grava\\u00e7\\u00f5es de alta precis\\u00e3o para identifica\\u00e7\\u00e3o pessoal e profissional.\\\"\",\"sameAs\":[\"https:\/\/blog.dogtagclan.com.br\",\"https:\/\/www.facebook.com\/dogtagclan\",\"https:\/\/www.instagram.com\/dogtagclan\",\"https:\/\/twitter.com\/https:\/\/x.com\/Dogtagclanclan\",\"https:\/\/www.youtube.com\/dogtagclan\"]}]}<\/script>\n<!-- \/ Yoast SEO Premium plugin. -->","_links":{"self":[{"href":"https:\/\/dogtagclan.com.br\/blog\/wp-json\/wp\/v2\/posts\/4910"}],"collection":[{"href":"https:\/\/dogtagclan.com.br\/blog\/wp-json\/wp\/v2\/posts"}],"about":[{"href":"https:\/\/dogtagclan.com.br\/blog\/wp-json\/wp\/v2\/types\/post"}],"author":[{"embeddable":true,"href":"https:\/\/dogtagclan.com.br\/blog\/wp-json\/wp\/v2\/users\/1"}],"replies":[{"embeddable":true,"href":"https:\/\/dogtagclan.com.br\/blog\/wp-json\/wp\/v2\/comments?post=4910"}],"version-history":[{"count":1,"href":"https:\/\/dogtagclan.com.br\/blog\/wp-json\/wp\/v2\/posts\/4910\/revisions"}],"predecessor-version":[{"id":4912,"href":"https:\/\/dogtagclan.com.br\/blog\/wp-json\/wp\/v2\/posts\/4910\/revisions\/4912"}],"wp:featuredmedia":[{"embeddable":true,"href":"https:\/\/dogtagclan.com.br\/blog\/wp-json\/wp\/v2\/media\/4911"}],"wp:attachment":[{"href":"https:\/\/dogtagclan.com.br\/blog\/wp-json\/wp\/v2\/media?parent=4910"}],"wp:term":[{"taxonomy":"category","embeddable":true,"href":"https:\/\/dogtagclan.com.br\/blog\/wp-json\/wp\/v2\/categories?post=4910"},{"taxonomy":"post_tag","embeddable":true,"href":"https:\/\/dogtagclan.com.br\/blog\/wp-json\/wp\/v2\/tags?post=4910"}],"curies":[{"name":"wp","href":"https:\/\/api.w.org\/{rel}","templated":true}]}}