{"id":4898,"date":"2025-11-08T15:42:38","date_gmt":"2025-11-08T18:42:38","guid":{"rendered":"https:\/\/dogtagclan.com.br\/blog\/?p=4898"},"modified":"2025-11-08T15:42:40","modified_gmt":"2025-11-08T18:42:40","slug":"%e2%99%bf-cracha-paralisia-cerebral-personalizado-com-qr-code-identificacao-e-atendimento-prioritario","status":"publish","type":"post","link":"https:\/\/dogtagclan.com.br\/blog\/%e2%99%bf-cracha-paralisia-cerebral-personalizado-com-qr-code-identificacao-e-atendimento-prioritario\/","title":{"rendered":"\u267f Crach\u00e1 Paralisia Cerebral Personalizado com QR Code \u2013 Identifica\u00e7\u00e3o e Atendimento Priorit\u00e1rio"},"content":{"rendered":"\n<p>A identifica\u00e7\u00e3o acess\u00edvel n\u00e3o \u00e9 apenas um item \u2014 \u00e9 uma forma de garantir <strong>respeito, empatia e seguran\u00e7a<\/strong> no dia a dia.<br>O <strong>Crach\u00e1 Paralisia Cerebral Personalizado com QR Code<\/strong> da <strong>DogTagClan<\/strong> foi criado justamente para isso: <strong>facilitar o atendimento priorit\u00e1rio<\/strong>, garantir <strong>visibilidade em situa\u00e7\u00f5es de emerg\u00eancia<\/strong> e transmitir <strong>dignidade<\/strong> em cada detalhe.<\/p>\n\n\n\n<p>\ud83d\udc49 <strong>Compre agora o seu:<\/strong><br>\ud83d\udd17 <a href=\"https:\/\/dogtagclan.com.br\/departamento\/adicionais\/crachas-de-identificacao\">dogtagclan.com.br\/departamento\/adicionais\/crachas-de-identificacao<\/a><\/p>\n\n\n\n<figure class=\"wp-block-image size-full\"><a href=\"https:\/\/dogtagclan.com.br\/departamento\/adicionais\/crachas-de-identificacao\"><img decoding=\"async\" width=\"1024\" height=\"1024\" src=\"https:\/\/dogtagclan.com.br\/blog\/wp-content\/uploads\/2025\/11\/paralisia-celebra2.jpg\" alt=\"Crach\u00e1 Paralisia Cerebral com QR Code e Cord\u00e3o Verde \u2013 Identifica\u00e7\u00e3o Personalizada DogTagClan\" class=\"wp-image-4899\" srcset=\"https:\/\/dogtagclan.com.br\/blog\/wp-content\/uploads\/2025\/11\/paralisia-celebra2.jpg 1024w, https:\/\/dogtagclan.com.br\/blog\/wp-content\/uploads\/2025\/11\/paralisia-celebra2-300x300.jpg 300w, https:\/\/dogtagclan.com.br\/blog\/wp-content\/uploads\/2025\/11\/paralisia-celebra2-150x150.jpg 150w, https:\/\/dogtagclan.com.br\/blog\/wp-content\/uploads\/2025\/11\/paralisia-celebra2-768x768.jpg 768w, https:\/\/dogtagclan.com.br\/blog\/wp-content\/uploads\/2025\/11\/paralisia-celebra2-96x96.jpg 96w\" sizes=\"(max-width: 1024px) 100vw, 1024px\" \/><\/a><figcaption class=\"wp-element-caption\">Crach\u00e1 de identifica\u00e7\u00e3o acess\u00edvel para pessoa com Paralisia Cerebral, com QR Code, leis de atendimento priorit\u00e1rio e cord\u00e3o verde de acessibilidade.<\/figcaption><\/figure>\n\n\n\n<hr class=\"wp-block-separator has-alpha-channel-opacity\"\/>\n\n\n\n<h2 class=\"wp-block-heading\" id=\"h-o-que-o-crach-paralisia-cerebral-com-qr-code\">\ud83c\udf3f <strong>O que \u00e9 o Crach\u00e1 Paralisia Cerebral com QR Code?<\/strong><\/h2>\n\n\n\n<p>\u00c9 um <strong>crach\u00e1 de identifica\u00e7\u00e3o personalizado<\/strong> que cont\u00e9m dados importantes da pessoa com Paralisia Cerebral \u2014 como <strong>nome, CID, telefone de emerg\u00eancia, tipo sangu\u00edneo e QR Code com laudo m\u00e9dico<\/strong>.<br>Ele \u00e9 acompanhado por um <strong>cord\u00e3o verde<\/strong>, s\u00edmbolo internacional da <strong>acessibilidade f\u00edsica<\/strong>, reconhecido por leis federais brasileiras.<\/p>\n\n\n\n<p>O objetivo \u00e9 simples e essencial: <strong>garantir que a pessoa seja reconhecida e assistida com prioridade<\/strong> em qualquer ambiente \u2014 seja <strong>em hospitais, escolas, transportes ou eventos.<\/strong><\/p>\n\n\n\n<hr class=\"wp-block-separator has-alpha-channel-opacity\"\/>\n\n\n\n<h2 class=\"wp-block-heading\" id=\"h-por-que-pessoas-com-paralisia-cerebral-precisam-de-um-crach-de-identifica-o\">\ud83e\udde0 <strong>Por que pessoas com Paralisia Cerebral precisam de um crach\u00e1 de identifica\u00e7\u00e3o?<\/strong><\/h2>\n\n\n\n<p>A <strong>Paralisia Cerebral (CID G80)<\/strong> \u00e9 uma condi\u00e7\u00e3o neurol\u00f3gica que pode causar limita\u00e7\u00f5es motoras, de fala e de coordena\u00e7\u00e3o.<br>Em muitos casos, a pessoa pode ter <strong>dificuldade de comunica\u00e7\u00e3o<\/strong> ou necessitar de <strong>ajuda imediata<\/strong> em situa\u00e7\u00f5es p\u00fablicas.<\/p>\n\n\n\n<p>O crach\u00e1:<\/p>\n\n\n\n<ul>\n<li><strong>Identifica rapidamente a condi\u00e7\u00e3o<\/strong>, evitando constrangimentos.<\/li>\n\n\n\n<li><strong>Facilita o atendimento priorit\u00e1rio<\/strong>, conforme previsto em lei.<\/li>\n\n\n\n<li><strong>Permite acesso r\u00e1pido a informa\u00e7\u00f5es m\u00e9dicas e de contato<\/strong> via QR Code.<\/li>\n\n\n\n<li><strong>Ajuda na conscientiza\u00e7\u00e3o social<\/strong>, estimulando empatia e respeito.<\/li>\n<\/ul>\n\n\n\n<figure class=\"wp-block-image size-full\"><img decoding=\"async\" width=\"500\" height=\"500\" src=\"https:\/\/dogtagclan.com.br\/blog\/wp-content\/uploads\/2025\/11\/paralisia-celebral5.jpg\" alt=\"Crach\u00e1 Paralisia Cerebral com QR Code e Cord\u00e3o Verde \u2013 Identifica\u00e7\u00e3o Personalizada DogTagClan\" class=\"wp-image-4900\" srcset=\"https:\/\/dogtagclan.com.br\/blog\/wp-content\/uploads\/2025\/11\/paralisia-celebral5.jpg 500w, https:\/\/dogtagclan.com.br\/blog\/wp-content\/uploads\/2025\/11\/paralisia-celebral5-300x300.jpg 300w, https:\/\/dogtagclan.com.br\/blog\/wp-content\/uploads\/2025\/11\/paralisia-celebral5-150x150.jpg 150w, https:\/\/dogtagclan.com.br\/blog\/wp-content\/uploads\/2025\/11\/paralisia-celebral5-96x96.jpg 96w\" sizes=\"(max-width: 500px) 100vw, 500px\" \/><\/figure>\n\n\n\n<hr class=\"wp-block-separator has-alpha-channel-opacity\"\/>\n\n\n\n<h2 class=\"wp-block-heading\" id=\"h-leis-que-garantem-o-direito-ao-atendimento-priorit-rio\">\u2696\ufe0f <strong>Leis que garantem o direito ao atendimento priorit\u00e1rio<\/strong><\/h2>\n\n\n\n<p>O <strong>Crach\u00e1 Paralisia Cerebral com QR Code<\/strong> \u00e9 respaldado por tr\u00eas leis federais fundamentais:<\/p>\n\n\n\n<ul>\n<li><strong>Lei n\u00ba 10.048\/2000:<\/strong> garante <strong>atendimento priorit\u00e1rio<\/strong> a pessoas com defici\u00eancia.<\/li>\n\n\n\n<li><strong>Lei n\u00ba 13.146\/2015:<\/strong> conhecida como o <strong>Estatuto da Pessoa com Defici\u00eancia<\/strong>, assegura todos os direitos de acessibilidade e inclus\u00e3o.<\/li>\n\n\n\n<li><strong>Lei n\u00ba 14.624\/2023:<\/strong> regulamenta o uso de <strong>cord\u00f5es de identifica\u00e7\u00e3o<\/strong> para defici\u00eancias reconhecidas.<\/li>\n<\/ul>\n\n\n\n<p>\ud83d\udcac Com base nessas leis, a <strong>Paralisia Cerebral \u00e9 considerada uma defici\u00eancia f\u00edsica<\/strong>, e o uso do crach\u00e1 \u00e9 uma ferramenta legal e pr\u00e1tica para refor\u00e7ar esse direito em ambientes p\u00fablicos e privados.<\/p>\n\n\n\n<hr class=\"wp-block-separator has-alpha-channel-opacity\"\/>\n\n\n\n<h2 class=\"wp-block-heading\" id=\"h-como-funciona-o-qr-code-do-crach-dogtagclan\">\ud83d\udd0d <strong>Como funciona o QR Code do Crach\u00e1 DogTagClan<\/strong><\/h2>\n\n\n\n<p>O QR Code \u00e9 o diferencial que transforma o crach\u00e1 em um <strong>documento inteligente de identifica\u00e7\u00e3o<\/strong>.<br>Ele pode conter:<\/p>\n\n\n\n<ul>\n<li><strong>Laudo m\u00e9dico digitalizado<\/strong>,<\/li>\n\n\n\n<li><strong>Contatos de familiares ou respons\u00e1veis<\/strong>,<\/li>\n\n\n\n<li><strong>Informa\u00e7\u00f5es sobre medica\u00e7\u00f5es<\/strong>,<\/li>\n\n\n\n<li>E at\u00e9 <strong>instru\u00e7\u00f5es r\u00e1pidas em caso de emerg\u00eancia<\/strong>.<\/li>\n<\/ul>\n\n\n\n<p>\ud83d\udcf2 Basta apontar a c\u00e2mera do celular para o QR Code, e as informa\u00e7\u00f5es aparecem imediatamente, sem necessidade de aplicativos.<\/p>\n\n\n\n<hr class=\"wp-block-separator has-alpha-channel-opacity\"\/>\n\n\n\n<h2 class=\"wp-block-heading\" id=\"h-cord-o-verde-s-mbolo-da-acessibilidade-f-sica\">\ud83d\udfe9 <strong>Cord\u00e3o Verde: s\u00edmbolo da acessibilidade f\u00edsica<\/strong><\/h2>\n\n\n\n<p>O cord\u00e3o verde \u00e9 reconhecido como <strong>s\u00edmbolo universal das defici\u00eancias f\u00edsicas vis\u00edveis<\/strong>, sendo amplamente usado em eventos, escolas e locais p\u00fablicos.<br>A cor verde representa:<\/p>\n\n\n\n<ul>\n<li><strong>Acolhimento e empatia<\/strong>,<\/li>\n\n\n\n<li><strong>Acessibilidade e inclus\u00e3o<\/strong>,<\/li>\n\n\n\n<li>E o <strong>respeito aos direitos da pessoa com defici\u00eancia.<\/strong><\/li>\n<\/ul>\n\n\n\n<p>Na <strong>DogTagClan<\/strong>, todos os crach\u00e1s acompanham <strong>cord\u00e3o verde com trava de seguran\u00e7a<\/strong>, para evitar risco de enforcamento e garantir conforto durante o uso.<\/p>\n\n\n\n<hr class=\"wp-block-separator has-alpha-channel-opacity\"\/>\n\n\n\n<h2 class=\"wp-block-heading\" id=\"h-depoimentos-de-quem-j-usa\">\ud83d\udcac <strong>Depoimentos de quem j\u00e1 usa<\/strong><\/h2>\n\n\n\n<blockquote class=\"wp-block-quote is-layout-flow wp-block-quote-is-layout-flow\">\n<p>\u201cFiz o crach\u00e1 para meu filho com Paralisia Cerebral e foi a melhor escolha. Agora todos entendem que ele precisa de mais tempo e ajuda. O QR Code \u00e9 muito \u00fatil!\u201d<br>\u2014 <em>Patr\u00edcia, m\u00e3e do Lucas \u2013 SP<\/em><\/p>\n<\/blockquote>\n\n\n\n<blockquote class=\"wp-block-quote is-layout-flow wp-block-quote-is-layout-flow\">\n<p>\u201cTrabalho com transporte escolar e o crach\u00e1 ajudou muito na identifica\u00e7\u00e3o r\u00e1pida das crian\u00e7as com defici\u00eancia. \u00c9 pr\u00e1tico, bonito e transmite respeito.\u201d<br>\u2014 <em>Rog\u00e9rio, motorista acess\u00edvel \u2013 PR<\/em><\/p>\n<\/blockquote>\n\n\n\n<hr class=\"wp-block-separator has-alpha-channel-opacity\"\/>\n\n\n\n<h2 class=\"wp-block-heading\" id=\"h-detalhes-t-cnicos-do-produto\">\ud83e\udde9 <strong>Detalhes t\u00e9cnicos do produto<\/strong><\/h2>\n\n\n\n<p>\u2714 Tamanho padr\u00e3o: <strong>8,6 cm x 5,5 cm<\/strong> (espessura 0,76mm)<br>\u2714 Personaliza\u00e7\u00e3o completa: <strong>Nome, Foto, CID, Tipo Sangu\u00edneo e QR Code<\/strong><br>\u2714 Material: <strong>PVC r\u00edgido e resistente \u00e0 \u00e1gua<\/strong><br>\u2714 Impress\u00e3o em alta defini\u00e7\u00e3o<br>\u2714 Cord\u00e3o verde com trava anti-sufocamento<br>\u2714 Brinde exclusivo <strong>DogTagClan<\/strong><\/p>\n\n\n\n<hr class=\"wp-block-separator has-alpha-channel-opacity\"\/>\n\n\n\n<h2 class=\"wp-block-heading\" id=\"h-por-que-escolher-a-dogtagclan\">\ud83d\ude80 <strong>Por que escolher a DogTagClan<\/strong><\/h2>\n\n\n\n<p>Na <strong>DogTagClan<\/strong>, cada produto \u00e9 feito com prop\u00f3sito.<br>N\u00e3o vendemos apenas crach\u00e1s \u2014 criamos <strong>identifica\u00e7\u00f5es com significado humano e empatia<\/strong>.<br>Cada pe\u00e7a \u00e9 personalizada com cuidado, respeitando a <strong>hist\u00f3ria e necessidade de quem vai us\u00e1-la.<\/strong><\/p>\n\n\n\n<p>\ud83d\udc9a <strong>Produzimos, personalizamos e entregamos para todo o Brasil.<\/strong><\/p>\n\n\n\n<p>\ud83d\udc49 <strong>Compre agora o seu Crach\u00e1 Paralisia Cerebral com QR Code:<\/strong><br>\ud83d\udd17 <a href=\"https:\/\/dogtagclan.com.br\/departamento\/adicionais\/crachas-de-identificacao\">https:\/\/dogtagclan.com.br\/departamento\/adicionais\/crachas-de-identificacao<\/a><\/p>\n\n\n\n<p>\ud83d\udcf2 <strong>Atendimento direto no WhatsApp:<\/strong> <a href=\"https:\/\/wa.me\/554174001990\" target=\"_blank\" rel=\"noopener\">https:\/\/wa.me\/554174001990<\/a><\/p>\n\n\n\n<hr class=\"wp-block-separator has-alpha-channel-opacity\"\/>\n\n\n\n<hr class=\"wp-block-separator has-alpha-channel-opacity\"\/>\n\n\n\n<h2 class=\"wp-block-heading\" id=\"h-conclus-o\">\ud83c\udf0e <strong>Conclus\u00e3o<\/strong><\/h2>\n\n\n\n<p>O <strong>Crach\u00e1 Paralisia Cerebral com QR Code da DogTagClan<\/strong> \u00e9 mais do que um item de identifica\u00e7\u00e3o:<br>\u00e9 uma <strong>ferramenta de inclus\u00e3o e empatia<\/strong> que pode salvar vidas, evitar constrangimentos e refor\u00e7ar o respeito que toda pessoa merece.<\/p>\n\n\n\n<p>Grave o que importa.<br>Mostre quem voc\u00ea \u00e9 com <strong>dignidade, seguran\u00e7a e prop\u00f3sito.<\/strong><\/p>\n\n\n\n<p>\ud83d\udc49 <strong>Compre agora o seu na DogTagClan:<\/strong><br>\ud83d\udd17 <a href=\"https:\/\/dogtagclan.com.br\/departamento\/adicionais\/crachas-de-identificacao\">dogtagclan.com.br\/departamento\/adicionais\/crachas-de-identificacao<\/a><\/p>\n","protected":false},"excerpt":{"rendered":"<p>A identifica\u00e7\u00e3o acess\u00edvel n\u00e3o \u00e9 apenas um item \u2014 \u00e9 uma forma de garantir respeito, empatia e seguran\u00e7a no dia<\/p>\n","protected":false},"author":1,"featured_media":4899,"comment_status":"open","ping_status":"open","sticky":false,"template":"","format":"standard","meta":{"footnotes":""},"categories":[557,554],"tags":[],"yoast_head":"<!-- This site is optimized with the Yoast SEO Premium plugin v15.5 - https:\/\/yoast.com\/wordpress\/plugins\/seo\/ -->\n<title>\u267f Crach\u00e1 Paralisia Cerebral Personalizado com QR Code \u2013 Identifica\u00e7\u00e3o e Atendimento Priorit\u00e1rio | DogTagClan Blog<\/title>\n<meta name=\"description\" content=\"A identifica\u00e7\u00e3o acess\u00edvel n\u00e3o \u00e9 apenas um item \u2014 \u00e9 uma forma de garantir respeito, empatia e seguran\u00e7a no dia a dia.\" \/>\n<meta name=\"robots\" content=\"index, follow, max-snippet:-1, max-image-preview:large, max-video-preview:-1\" \/>\n<link rel=\"canonical\" href=\"https:\/\/dogtagclan.com.br\/blog\/\u267f-cracha-paralisia-cerebral-personalizado-com-qr-code-identificacao-e-atendimento-prioritario\/\" \/>\n<meta property=\"og:locale\" content=\"pt_BR\" \/>\n<meta property=\"og:type\" content=\"article\" \/>\n<meta property=\"og:title\" content=\"\u267f Crach\u00e1 Paralisia Cerebral Personalizado com QR Code \u2013 Identifica\u00e7\u00e3o e Atendimento Priorit\u00e1rio | DogTagClan Blog\" \/>\n<meta property=\"og:description\" content=\"A identifica\u00e7\u00e3o acess\u00edvel n\u00e3o \u00e9 apenas um item \u2014 \u00e9 uma forma de garantir respeito, empatia e seguran\u00e7a no dia a dia.\" \/>\n<meta property=\"og:url\" content=\"https:\/\/dogtagclan.com.br\/blog\/\u267f-cracha-paralisia-cerebral-personalizado-com-qr-code-identificacao-e-atendimento-prioritario\/\" \/>\n<meta property=\"og:site_name\" content=\"DogTagClan Blog\" \/>\n<meta property=\"article:publisher\" content=\"https:\/\/www.facebook.com\/dogtagclan\" \/>\n<meta property=\"article:author\" content=\"https:\/\/www.facebook.com\/dogtagclan\" \/>\n<meta property=\"article:published_time\" content=\"2025-11-08T18:42:38+00:00\" \/>\n<meta property=\"article:modified_time\" content=\"2025-11-08T18:42:40+00:00\" \/>\n<meta property=\"og:image\" content=\"https:\/\/dogtagclan.com.br\/blog\/wp-content\/uploads\/2025\/11\/paralisia-celebra2.jpg\" \/>\n\t<meta property=\"og:image:width\" content=\"1024\" \/>\n\t<meta property=\"og:image:height\" content=\"1024\" \/>\n<meta name=\"twitter:card\" content=\"summary_large_image\" \/>\n<meta name=\"twitter:creator\" content=\"@https:\/\/x.com\/Dogtagclanclan\" \/>\n<meta name=\"twitter:label1\" content=\"Est. tempo de leitura\">\n\t<meta name=\"twitter:data1\" content=\"3 minutos\">\n<script type=\"application\/ld+json\" class=\"yoast-schema-graph\">{\"@context\":\"https:\/\/schema.org\",\"@graph\":[{\"@type\":\"Organization\",\"@id\":\"https:\/\/dogtagclan.com.br\/blog\/#organization\",\"name\":\"DogTagClan | Dog Tags, Crach\\u00e1s e Acess\\u00f3rios Personalizados\",\"url\":\"https:\/\/dogtagclan.com.br\/blog\/\",\"sameAs\":[\"https:\/\/www.facebook.com\/dogtagclan\"],\"logo\":{\"@type\":\"ImageObject\",\"@id\":\"https:\/\/dogtagclan.com.br\/blog\/#logo\",\"inLanguage\":\"pt-BR\",\"url\":\"https:\/\/dogtagclan.com.br\/blog\/wp-content\/uploads\/2023\/02\/cropped-doftagclan-logo.png\",\"width\":250,\"height\":140,\"caption\":\"DogTagClan | Dog Tags, Crach\\u00e1s e Acess\\u00f3rios Personalizados\"},\"image\":{\"@id\":\"https:\/\/dogtagclan.com.br\/blog\/#logo\"}},{\"@type\":\"WebSite\",\"@id\":\"https:\/\/dogtagclan.com.br\/blog\/#website\",\"url\":\"https:\/\/dogtagclan.com.br\/blog\/\",\"name\":\"DogTagClan Blog\",\"description\":\"A gente faz, do seu Jeito\",\"publisher\":{\"@id\":\"https:\/\/dogtagclan.com.br\/blog\/#organization\"},\"potentialAction\":[{\"@type\":\"SearchAction\",\"target\":\"https:\/\/dogtagclan.com.br\/blog\/?s={search_term_string}\",\"query-input\":\"required name=search_term_string\"}],\"inLanguage\":\"pt-BR\"},{\"@type\":\"ImageObject\",\"@id\":\"https:\/\/dogtagclan.com.br\/blog\/%e2%99%bf-cracha-paralisia-cerebral-personalizado-com-qr-code-identificacao-e-atendimento-prioritario\/#primaryimage\",\"inLanguage\":\"pt-BR\",\"url\":\"https:\/\/dogtagclan.com.br\/blog\/wp-content\/uploads\/2025\/11\/paralisia-celebra2.jpg\",\"width\":1024,\"height\":1024,\"caption\":\"Crach\\u00e1 de identifica\\u00e7\\u00e3o acess\\u00edvel para pessoa com Paralisia Cerebral, com QR Code, leis de atendimento priorit\\u00e1rio e cord\\u00e3o verde de acessibilidade.\"},{\"@type\":\"WebPage\",\"@id\":\"https:\/\/dogtagclan.com.br\/blog\/%e2%99%bf-cracha-paralisia-cerebral-personalizado-com-qr-code-identificacao-e-atendimento-prioritario\/#webpage\",\"url\":\"https:\/\/dogtagclan.com.br\/blog\/%e2%99%bf-cracha-paralisia-cerebral-personalizado-com-qr-code-identificacao-e-atendimento-prioritario\/\",\"name\":\"\\u267f Crach\\u00e1 Paralisia Cerebral Personalizado com QR Code \\u2013 Identifica\\u00e7\\u00e3o e Atendimento Priorit\\u00e1rio | DogTagClan Blog\",\"isPartOf\":{\"@id\":\"https:\/\/dogtagclan.com.br\/blog\/#website\"},\"primaryImageOfPage\":{\"@id\":\"https:\/\/dogtagclan.com.br\/blog\/%e2%99%bf-cracha-paralisia-cerebral-personalizado-com-qr-code-identificacao-e-atendimento-prioritario\/#primaryimage\"},\"datePublished\":\"2025-11-08T18:42:38+00:00\",\"dateModified\":\"2025-11-08T18:42:40+00:00\",\"description\":\"A identifica\\u00e7\\u00e3o acess\\u00edvel n\\u00e3o \\u00e9 apenas um item \\u2014 \\u00e9 uma forma de garantir respeito, empatia e seguran\\u00e7a no dia a dia.\",\"inLanguage\":\"pt-BR\",\"potentialAction\":[{\"@type\":\"ReadAction\",\"target\":[\"https:\/\/dogtagclan.com.br\/blog\/%e2%99%bf-cracha-paralisia-cerebral-personalizado-com-qr-code-identificacao-e-atendimento-prioritario\/\"]}]},{\"@type\":\"Article\",\"@id\":\"https:\/\/dogtagclan.com.br\/blog\/%e2%99%bf-cracha-paralisia-cerebral-personalizado-com-qr-code-identificacao-e-atendimento-prioritario\/#article\",\"isPartOf\":{\"@id\":\"https:\/\/dogtagclan.com.br\/blog\/%e2%99%bf-cracha-paralisia-cerebral-personalizado-com-qr-code-identificacao-e-atendimento-prioritario\/#webpage\"},\"author\":{\"@id\":\"https:\/\/dogtagclan.com.br\/blog\/#\/schema\/person\/b7279d930f15e2a85c89cd3b2f1d8df5\"},\"headline\":\"\\u267f Crach\\u00e1 Paralisia Cerebral Personalizado com QR Code \\u2013 Identifica\\u00e7\\u00e3o e Atendimento Priorit\\u00e1rio\",\"datePublished\":\"2025-11-08T18:42:38+00:00\",\"dateModified\":\"2025-11-08T18:42:40+00:00\",\"mainEntityOfPage\":{\"@id\":\"https:\/\/dogtagclan.com.br\/blog\/%e2%99%bf-cracha-paralisia-cerebral-personalizado-com-qr-code-identificacao-e-atendimento-prioritario\/#webpage\"},\"commentCount\":0,\"publisher\":{\"@id\":\"https:\/\/dogtagclan.com.br\/blog\/#organization\"},\"image\":{\"@id\":\"https:\/\/dogtagclan.com.br\/blog\/%e2%99%bf-cracha-paralisia-cerebral-personalizado-com-qr-code-identificacao-e-atendimento-prioritario\/#primaryimage\"},\"articleSection\":\"Crach\\u00e1 de Identifica\\u00e7\\u00e3o,Crachas e broches personalizados\",\"inLanguage\":\"pt-BR\",\"potentialAction\":[{\"@type\":\"CommentAction\",\"name\":\"Comment\",\"target\":[\"https:\/\/dogtagclan.com.br\/blog\/%e2%99%bf-cracha-paralisia-cerebral-personalizado-com-qr-code-identificacao-e-atendimento-prioritario\/#respond\"]}]},{\"@type\":\"Person\",\"@id\":\"https:\/\/dogtagclan.com.br\/blog\/#\/schema\/person\/b7279d930f15e2a85c89cd3b2f1d8df5\",\"name\":\"dogtagclan\",\"description\":\"\\\"A DogTagClan \\u00e9 especializada na fabrica\\u00e7\\u00e3o e personaliza\\u00e7\\u00e3o de Dog Tags, crach\\u00e1s e acess\\u00f3rios. Produzimos pe\\u00e7as em a\\u00e7o inoxid\\u00e1vel com grava\\u00e7\\u00f5es de alta precis\\u00e3o para identifica\\u00e7\\u00e3o pessoal e profissional.\\\"\",\"sameAs\":[\"https:\/\/blog.dogtagclan.com.br\",\"https:\/\/www.facebook.com\/dogtagclan\",\"https:\/\/www.instagram.com\/dogtagclan\",\"https:\/\/twitter.com\/https:\/\/x.com\/Dogtagclanclan\",\"https:\/\/www.youtube.com\/dogtagclan\"]}]}<\/script>\n<!-- \/ Yoast SEO Premium plugin. -->","_links":{"self":[{"href":"https:\/\/dogtagclan.com.br\/blog\/wp-json\/wp\/v2\/posts\/4898"}],"collection":[{"href":"https:\/\/dogtagclan.com.br\/blog\/wp-json\/wp\/v2\/posts"}],"about":[{"href":"https:\/\/dogtagclan.com.br\/blog\/wp-json\/wp\/v2\/types\/post"}],"author":[{"embeddable":true,"href":"https:\/\/dogtagclan.com.br\/blog\/wp-json\/wp\/v2\/users\/1"}],"replies":[{"embeddable":true,"href":"https:\/\/dogtagclan.com.br\/blog\/wp-json\/wp\/v2\/comments?post=4898"}],"version-history":[{"count":1,"href":"https:\/\/dogtagclan.com.br\/blog\/wp-json\/wp\/v2\/posts\/4898\/revisions"}],"predecessor-version":[{"id":4901,"href":"https:\/\/dogtagclan.com.br\/blog\/wp-json\/wp\/v2\/posts\/4898\/revisions\/4901"}],"wp:featuredmedia":[{"embeddable":true,"href":"https:\/\/dogtagclan.com.br\/blog\/wp-json\/wp\/v2\/media\/4899"}],"wp:attachment":[{"href":"https:\/\/dogtagclan.com.br\/blog\/wp-json\/wp\/v2\/media?parent=4898"}],"wp:term":[{"taxonomy":"category","embeddable":true,"href":"https:\/\/dogtagclan.com.br\/blog\/wp-json\/wp\/v2\/categories?post=4898"},{"taxonomy":"post_tag","embeddable":true,"href":"https:\/\/dogtagclan.com.br\/blog\/wp-json\/wp\/v2\/tags?post=4898"}],"curies":[{"name":"wp","href":"https:\/\/api.w.org\/{rel}","templated":true}]}}