{"id":4875,"date":"2025-10-25T09:03:46","date_gmt":"2025-10-25T12:03:46","guid":{"rendered":"https:\/\/dogtagclan.com.br\/blog\/?p=4875"},"modified":"2025-10-25T09:03:48","modified_gmt":"2025-10-25T12:03:48","slug":"%f0%9f%8f%b7%ef%b8%8f-dog-tag-com-corrente-personalizada-escolha-o-tamanho-e-o-estilo-que-mais-combina-com-voce","status":"publish","type":"post","link":"https:\/\/dogtagclan.com.br\/blog\/%f0%9f%8f%b7%ef%b8%8f-dog-tag-com-corrente-personalizada-escolha-o-tamanho-e-o-estilo-que-mais-combina-com-voce\/","title":{"rendered":"\ud83c\udff7\ufe0f Dog Tag com Corrente Personalizada: Escolha o Tamanho e o Estilo Que Mais Combina Com Voc\u00ea"},"content":{"rendered":"\n<h1 class=\"wp-block-heading\" id=\"h-voc\"><strong>Voc\u00ea<\/strong><\/h1>\n\n\n\n<h2 class=\"wp-block-heading\" id=\"h-a-corrente-tamb-m-conta-sua-hist-ria\">A corrente tamb\u00e9m conta sua hist\u00f3ria<\/h2>\n\n\n\n<p>Quando algu\u00e9m escolhe uma <strong>dog tag personalizada<\/strong>, normalmente pensa primeiro na grava\u00e7\u00e3o \u2014 o nome, a frase, o s\u00edmbolo. Mas h\u00e1 um detalhe que transforma o conjunto em algo ainda mais pessoal: <strong>a corrente<\/strong>.<br>Ela \u00e9 o elo que liga a lembran\u00e7a ao peito, o toque final que d\u00e1 estilo, identidade e prop\u00f3sito.<br>Na <strong>DogTagClan<\/strong>, cada cliente pode <strong>personalizar tamb\u00e9m a corrente<\/strong> \u2014 escolhendo o <strong>tamanho<\/strong>, o <strong>modelo<\/strong> e o <strong>acabamento<\/strong> que mais combinam com sua hist\u00f3ria.<\/p>\n\n\n\n<p>\ud83d\udc49 Personalize agora sua dog tag com corrente sob medida em <a href=\"https:\/\/dogtagclan.com.br\">dogtagclan.com.br<\/a><br>\ud83d\udcf2 Atendimento direto: <a href=\"https:\/\/wa.me\/554174001990\" target=\"_blank\" rel=\"noopener\">https:\/\/wa.me\/554174001990<\/a><\/p>\n\n\n\n<figure class=\"wp-block-image size-large is-resized\"><img decoding=\"async\" width=\"768\" height=\"1024\" src=\"https:\/\/dogtagclan.com.br\/blog\/wp-content\/uploads\/2025\/07\/dog-tag-alto-relevo-aco-768x1024.jpg\" alt=\"\" class=\"wp-image-4583\" style=\"width:395px;height:auto\" srcset=\"https:\/\/dogtagclan.com.br\/blog\/wp-content\/uploads\/2025\/07\/dog-tag-alto-relevo-aco-768x1024.jpg 768w, https:\/\/dogtagclan.com.br\/blog\/wp-content\/uploads\/2025\/07\/dog-tag-alto-relevo-aco-225x300.jpg 225w, https:\/\/dogtagclan.com.br\/blog\/wp-content\/uploads\/2025\/07\/dog-tag-alto-relevo-aco-640x853.jpg 640w, https:\/\/dogtagclan.com.br\/blog\/wp-content\/uploads\/2025\/07\/dog-tag-alto-relevo-aco-150x200.jpg 150w, https:\/\/dogtagclan.com.br\/blog\/wp-content\/uploads\/2025\/07\/dog-tag-alto-relevo-aco.jpg 960w\" sizes=\"(max-width: 768px) 100vw, 768px\" \/><\/figure>\n\n\n\n<hr class=\"wp-block-separator has-alpha-channel-opacity\"\/>\n\n\n\n<h2 class=\"wp-block-heading\" id=\"h-por-que-escolher-uma-corrente-personalizada\">\ud83d\udd17 <strong>Por que escolher uma corrente personalizada?<\/strong><\/h2>\n\n\n\n<p>A corrente da sua dog tag n\u00e3o \u00e9 apenas um detalhe est\u00e9tico \u2014 ela \u00e9 parte da identidade.<br>Cada tipo transmite uma sensa\u00e7\u00e3o diferente: a leveza, a for\u00e7a, a sobriedade ou o brilho.<\/p>\n\n\n\n<ul>\n<li><strong>Corrente de bolinha cl\u00e1ssica:<\/strong> o modelo tradicional militar. Resistente, pr\u00e1tica e cheia de hist\u00f3ria.<\/li>\n\n\n\n<li><strong>Corrente fina em a\u00e7o inox:<\/strong> ideal para quem busca um visual mais leve, elegante e discreto.<\/li>\n\n\n\n<li><strong>Corrente preta fosca:<\/strong> perfeita para quem gosta do estilo t\u00e1tico e moderno.<\/li>\n\n\n\n<li><strong>Corrente dourada ou prateada:<\/strong> combina com uso casual e tamb\u00e9m com presentes comemorativos.<\/li>\n<\/ul>\n\n\n\n<p>Todas s\u00e3o <strong>inoxid\u00e1veis<\/strong>, <strong>dur\u00e1veis<\/strong> e feitas para acompanhar voc\u00ea em qualquer miss\u00e3o \u2014 seja no quartel, nas trilhas, na estrada ou no dia a dia.<\/p>\n\n\n\n<figure class=\"wp-block-image size-full\"><img decoding=\"async\" width=\"768\" height=\"770\" src=\"https:\/\/dogtagclan.com.br\/blog\/wp-content\/uploads\/2025\/03\/corrente3.jpg\" alt=\"corrente3\" class=\"wp-image-3234\" srcset=\"https:\/\/dogtagclan.com.br\/blog\/wp-content\/uploads\/2025\/03\/corrente3.jpg 768w, https:\/\/dogtagclan.com.br\/blog\/wp-content\/uploads\/2025\/03\/corrente3-300x300.jpg 300w, https:\/\/dogtagclan.com.br\/blog\/wp-content\/uploads\/2025\/03\/corrente3-150x150.jpg 150w, https:\/\/dogtagclan.com.br\/blog\/wp-content\/uploads\/2025\/03\/corrente3-96x96.jpg 96w\" sizes=\"(max-width: 768px) 100vw, 768px\" \/><\/figure>\n\n\n\n<hr class=\"wp-block-separator has-alpha-channel-opacity\"\/>\n\n\n\n<h2 class=\"wp-block-heading\" id=\"h-tamanhos-de-corrente-e-ajustes-ideais\">\u2699\ufe0f <strong>Tamanhos de corrente e ajustes ideais<\/strong><\/h2>\n\n\n\n<p>A <strong>DogTagClan<\/strong> oferece correntes personaliz\u00e1veis em diferentes tamanhos, para se adaptar perfeitamente ao seu estilo e conforto:<\/p>\n\n\n\n<ul>\n<li><strong>50 cm:<\/strong> ideal para quem prefere a dog tag mais pr\u00f3xima do pesco\u00e7o.<\/li>\n\n\n\n<li><strong>60 cm:<\/strong> o equil\u00edbrio entre presen\u00e7a e leveza.<\/li>\n\n\n\n<li><strong>70 cm:<\/strong> comprimento cl\u00e1ssico, muito usado em dog tags militares.<\/li>\n\n\n\n<li><strong>80 cm ou sob medida:<\/strong> op\u00e7\u00e3o perfeita para quem gosta da pe\u00e7a mais solta ou com sobreposi\u00e7\u00e3o.<\/li>\n<\/ul>\n\n\n\n<p>\ud83d\udca1 Dica: Se for presentear algu\u00e9m, o tamanho de <strong>70 cm<\/strong> \u00e9 o mais vers\u00e1til \u2014 combina com todos os estilos e alturas.<\/p>\n\n\n\n<hr class=\"wp-block-separator has-alpha-channel-opacity\"\/>\n\n\n\n<h2 class=\"wp-block-heading\" id=\"h-personaliza-o-completa-corrente-grava-o\">\ud83e\udde0 <strong>Personaliza\u00e7\u00e3o completa: corrente + grava\u00e7\u00e3o<\/strong><\/h2>\n\n\n\n<p>Al\u00e9m de escolher o tipo e o tamanho da corrente, voc\u00ea pode gravar a dog tag com:<\/p>\n\n\n\n<ul>\n<li><strong>Nome e sobrenome<\/strong><\/li>\n\n\n\n<li><strong>Tipo sangu\u00edneo e telefone de emerg\u00eancia<\/strong><\/li>\n\n\n\n<li><strong>S\u00edmbolo ou imagem (militar, religiosa, familiar)<\/strong><\/li>\n\n\n\n<li><strong>Frase inspiradora ou data marcante<\/strong><\/li>\n<\/ul>\n\n\n\n<p>A grava\u00e7\u00e3o pode ser feita em tr\u00eas estilos:<\/p>\n\n\n\n<ul>\n<li><strong>Alto relevo<\/strong> (estilo militar tradicional)<\/li>\n\n\n\n<li><strong>Ponta de diamante<\/strong> (acabamento premium e brilho met\u00e1lico)<\/li>\n\n\n\n<li><strong>Sublim\u00e1tica colorida<\/strong> (permite imagens e cores vibrantes)<\/li>\n<\/ul>\n\n\n\n<p>\ud83d\udc49 Veja os modelos dispon\u00edveis em <a href=\"https:\/\/dogtagclan.com.br\">dogtagclan.com.br<\/a><br>\ud83d\udce6 Enviamos para todo o Brasil.<\/p>\n\n\n\n<figure class=\"wp-block-image size-full is-resized\"><img decoding=\"async\" width=\"768\" height=\"1024\" src=\"https:\/\/dogtagclan.com.br\/blog\/wp-content\/uploads\/2025\/09\/bombe444.jpg\" alt=\"\" class=\"wp-image-4698\" style=\"width:615px;height:auto\" srcset=\"https:\/\/dogtagclan.com.br\/blog\/wp-content\/uploads\/2025\/09\/bombe444.jpg 768w, https:\/\/dogtagclan.com.br\/blog\/wp-content\/uploads\/2025\/09\/bombe444-225x300.jpg 225w, https:\/\/dogtagclan.com.br\/blog\/wp-content\/uploads\/2025\/09\/bombe444-640x853.jpg 640w, https:\/\/dogtagclan.com.br\/blog\/wp-content\/uploads\/2025\/09\/bombe444-150x200.jpg 150w\" sizes=\"(max-width: 768px) 100vw, 768px\" \/><\/figure>\n\n\n\n<hr class=\"wp-block-separator has-alpha-channel-opacity\"\/>\n\n\n\n<h2 class=\"wp-block-heading\" id=\"h-dog-tag-com-corrente-estilo-prop-sito-e-resist-ncia\">\ud83e\ude96 <strong>Dog Tag com Corrente: estilo, prop\u00f3sito e resist\u00eancia<\/strong><\/h2>\n\n\n\n<p>Escolher a corrente certa \u00e9 t\u00e3o importante quanto escolher a grava\u00e7\u00e3o.<br>Ela representa o jeito de carregar o que \u00e9 importante pra voc\u00ea \u2014 e o a\u00e7o inox 316 da DogTagClan garante <strong>resist\u00eancia real, brilho duradouro e conforto no uso di\u00e1rio<\/strong>.<\/p>\n\n\n\n<p>Seja para uso militar, presente de formatura, homenagem a algu\u00e9m querido ou lembran\u00e7a de f\u00e9, a dog tag com corrente personalizada \u00e9 uma forma de <strong>gravar sua hist\u00f3ria no a\u00e7o<\/strong> \u2014 literalmente.<\/p>\n\n\n\n<hr class=\"wp-block-separator has-alpha-channel-opacity\"\/>\n\n\n\n<hr class=\"wp-block-separator has-alpha-channel-opacity\"\/>\n\n\n\n<h2 class=\"wp-block-heading\" id=\"h-conclus-o-seu-estilo-sua-hist-ria-seu-a-o\">\ud83d\udcac <strong>Conclus\u00e3o: seu estilo, sua hist\u00f3ria, seu a\u00e7o<\/strong><\/h2>\n\n\n\n<p>Cada dog tag da <strong>DogTagClan<\/strong> \u00e9 feita sob medida \u2014 e a corrente faz parte desse significado.<br>Mais do que um acess\u00f3rio, ela \u00e9 o elo entre o que voc\u00ea viveu e o que carrega no peito.<br>Personalize agora mesmo e sinta o peso simb\u00f3lico de uma pe\u00e7a feita pra durar.<\/p>\n\n\n\n<p>\ud83d\udc49 <strong>DogTagClan \u2014 grave sua hist\u00f3ria no a\u00e7o.<\/strong><br>\ud83d\udcf2 Pe\u00e7a pelo WhatsApp: <a href=\"https:\/\/wa.me\/554174001990\" target=\"_blank\" rel=\"noopener\">https:\/\/wa.me\/554174001990<\/a><\/p>\n\n\n\n<hr class=\"wp-block-separator has-alpha-channel-opacity\"\/>\n\n\n\n<h3 class=\"wp-block-heading\" id=\"h-hashtags-recomendadas\">\ud83d\udd16 Hashtags recomendadas:<\/h3>\n\n\n\n<p>#DogTagClan #DogTagPersonalizada #CorrenteDogTag<\/p>\n","protected":false},"excerpt":{"rendered":"<p>Voc\u00ea A corrente tamb\u00e9m conta sua hist\u00f3ria Quando algu\u00e9m escolhe uma dog tag personalizada, normalmente pensa primeiro na grava\u00e7\u00e3o \u2014<\/p>\n","protected":false},"author":1,"featured_media":4876,"comment_status":"open","ping_status":"open","sticky":false,"template":"","format":"standard","meta":{"footnotes":""},"categories":[11,17],"tags":[],"yoast_head":"<!-- This site is optimized with the Yoast SEO Premium plugin v15.5 - https:\/\/yoast.com\/wordpress\/plugins\/seo\/ -->\n<title>\ud83c\udff7\ufe0f Dog Tag com Corrente Personalizada: Escolha o Tamanho e o Estilo Que Mais Combina Com Voc\u00ea | DogTagClan Blog<\/title>\n<meta name=\"description\" content=\"Quando algu\u00e9m escolhe uma dog tag personalizada, normalmente pensa primeiro na grava\u00e7\u00e3o \u2014 o nome, a frase, o s\u00edmbolo. Mas h\u00e1 um detalhe que transforma\" \/>\n<meta name=\"robots\" content=\"index, follow, max-snippet:-1, max-image-preview:large, max-video-preview:-1\" \/>\n<link rel=\"canonical\" href=\"https:\/\/dogtagclan.com.br\/blog\/\ud83c\udff7\ufe0f-dog-tag-com-corrente-personalizada-escolha-o-tamanho-e-o-estilo-que-mais-combina-com-voce\/\" \/>\n<meta property=\"og:locale\" content=\"pt_BR\" \/>\n<meta property=\"og:type\" content=\"article\" \/>\n<meta property=\"og:title\" content=\"\ud83c\udff7\ufe0f Dog Tag com Corrente Personalizada: Escolha o Tamanho e o Estilo Que Mais Combina Com Voc\u00ea | DogTagClan Blog\" \/>\n<meta property=\"og:description\" content=\"Quando algu\u00e9m escolhe uma dog tag personalizada, normalmente pensa primeiro na grava\u00e7\u00e3o \u2014 o nome, a frase, o s\u00edmbolo. Mas h\u00e1 um detalhe que transforma\" \/>\n<meta property=\"og:url\" content=\"https:\/\/dogtagclan.com.br\/blog\/\ud83c\udff7\ufe0f-dog-tag-com-corrente-personalizada-escolha-o-tamanho-e-o-estilo-que-mais-combina-com-voce\/\" \/>\n<meta property=\"og:site_name\" content=\"DogTagClan Blog\" \/>\n<meta property=\"article:publisher\" content=\"https:\/\/www.facebook.com\/dogtagclan\" \/>\n<meta property=\"article:author\" content=\"https:\/\/www.facebook.com\/dogtagclan\" \/>\n<meta property=\"article:published_time\" content=\"2025-10-25T12:03:46+00:00\" \/>\n<meta property=\"article:modified_time\" content=\"2025-10-25T12:03:48+00:00\" \/>\n<meta property=\"og:image\" content=\"https:\/\/dogtagclan.com.br\/blog\/wp-content\/uploads\/2025\/10\/Sem-Titulo-1sf-1.jpg\" \/>\n\t<meta property=\"og:image:width\" content=\"1024\" \/>\n\t<meta property=\"og:image:height\" content=\"1024\" \/>\n<meta name=\"twitter:card\" content=\"summary_large_image\" \/>\n<meta name=\"twitter:creator\" content=\"@https:\/\/x.com\/Dogtagclanclan\" \/>\n<meta name=\"twitter:label1\" content=\"Est. tempo de leitura\">\n\t<meta name=\"twitter:data1\" content=\"2 minutos\">\n<script type=\"application\/ld+json\" class=\"yoast-schema-graph\">{\"@context\":\"https:\/\/schema.org\",\"@graph\":[{\"@type\":\"Organization\",\"@id\":\"https:\/\/dogtagclan.com.br\/blog\/#organization\",\"name\":\"DogTagClan | Dog Tags, Crach\\u00e1s e Acess\\u00f3rios Personalizados\",\"url\":\"https:\/\/dogtagclan.com.br\/blog\/\",\"sameAs\":[\"https:\/\/www.facebook.com\/dogtagclan\"],\"logo\":{\"@type\":\"ImageObject\",\"@id\":\"https:\/\/dogtagclan.com.br\/blog\/#logo\",\"inLanguage\":\"pt-BR\",\"url\":\"https:\/\/dogtagclan.com.br\/blog\/wp-content\/uploads\/2023\/02\/cropped-doftagclan-logo.png\",\"width\":250,\"height\":140,\"caption\":\"DogTagClan | Dog Tags, Crach\\u00e1s e Acess\\u00f3rios Personalizados\"},\"image\":{\"@id\":\"https:\/\/dogtagclan.com.br\/blog\/#logo\"}},{\"@type\":\"WebSite\",\"@id\":\"https:\/\/dogtagclan.com.br\/blog\/#website\",\"url\":\"https:\/\/dogtagclan.com.br\/blog\/\",\"name\":\"DogTagClan Blog\",\"description\":\"A gente faz, do seu Jeito\",\"publisher\":{\"@id\":\"https:\/\/dogtagclan.com.br\/blog\/#organization\"},\"potentialAction\":[{\"@type\":\"SearchAction\",\"target\":\"https:\/\/dogtagclan.com.br\/blog\/?s={search_term_string}\",\"query-input\":\"required name=search_term_string\"}],\"inLanguage\":\"pt-BR\"},{\"@type\":\"ImageObject\",\"@id\":\"https:\/\/dogtagclan.com.br\/blog\/%f0%9f%8f%b7%ef%b8%8f-dog-tag-com-corrente-personalizada-escolha-o-tamanho-e-o-estilo-que-mais-combina-com-voce\/#primaryimage\",\"inLanguage\":\"pt-BR\",\"url\":\"https:\/\/dogtagclan.com.br\/blog\/wp-content\/uploads\/2025\/10\/Sem-Titulo-1sf-1.jpg\",\"width\":1024,\"height\":1024,\"caption\":\"Corrente personalizada: porque cada hist\\u00f3ria tem o seu comprimento.\"},{\"@type\":\"WebPage\",\"@id\":\"https:\/\/dogtagclan.com.br\/blog\/%f0%9f%8f%b7%ef%b8%8f-dog-tag-com-corrente-personalizada-escolha-o-tamanho-e-o-estilo-que-mais-combina-com-voce\/#webpage\",\"url\":\"https:\/\/dogtagclan.com.br\/blog\/%f0%9f%8f%b7%ef%b8%8f-dog-tag-com-corrente-personalizada-escolha-o-tamanho-e-o-estilo-que-mais-combina-com-voce\/\",\"name\":\"\\ud83c\\udff7\\ufe0f Dog Tag com Corrente Personalizada: Escolha o Tamanho e o Estilo Que Mais Combina Com Voc\\u00ea | DogTagClan Blog\",\"isPartOf\":{\"@id\":\"https:\/\/dogtagclan.com.br\/blog\/#website\"},\"primaryImageOfPage\":{\"@id\":\"https:\/\/dogtagclan.com.br\/blog\/%f0%9f%8f%b7%ef%b8%8f-dog-tag-com-corrente-personalizada-escolha-o-tamanho-e-o-estilo-que-mais-combina-com-voce\/#primaryimage\"},\"datePublished\":\"2025-10-25T12:03:46+00:00\",\"dateModified\":\"2025-10-25T12:03:48+00:00\",\"description\":\"Quando algu\\u00e9m escolhe uma dog tag personalizada, normalmente pensa primeiro na grava\\u00e7\\u00e3o \\u2014 o nome, a frase, o s\\u00edmbolo. Mas h\\u00e1 um detalhe que transforma\",\"inLanguage\":\"pt-BR\",\"potentialAction\":[{\"@type\":\"ReadAction\",\"target\":[\"https:\/\/dogtagclan.com.br\/blog\/%f0%9f%8f%b7%ef%b8%8f-dog-tag-com-corrente-personalizada-escolha-o-tamanho-e-o-estilo-que-mais-combina-com-voce\/\"]}]},{\"@type\":\"Article\",\"@id\":\"https:\/\/dogtagclan.com.br\/blog\/%f0%9f%8f%b7%ef%b8%8f-dog-tag-com-corrente-personalizada-escolha-o-tamanho-e-o-estilo-que-mais-combina-com-voce\/#article\",\"isPartOf\":{\"@id\":\"https:\/\/dogtagclan.com.br\/blog\/%f0%9f%8f%b7%ef%b8%8f-dog-tag-com-corrente-personalizada-escolha-o-tamanho-e-o-estilo-que-mais-combina-com-voce\/#webpage\"},\"author\":{\"@id\":\"https:\/\/dogtagclan.com.br\/blog\/#\/schema\/person\/b7279d930f15e2a85c89cd3b2f1d8df5\"},\"headline\":\"\\ud83c\\udff7\\ufe0f Dog Tag com Corrente Personalizada: Escolha o Tamanho e o Estilo Que Mais Combina Com Voc\\u00ea\",\"datePublished\":\"2025-10-25T12:03:46+00:00\",\"dateModified\":\"2025-10-25T12:03:48+00:00\",\"mainEntityOfPage\":{\"@id\":\"https:\/\/dogtagclan.com.br\/blog\/%f0%9f%8f%b7%ef%b8%8f-dog-tag-com-corrente-personalizada-escolha-o-tamanho-e-o-estilo-que-mais-combina-com-voce\/#webpage\"},\"commentCount\":0,\"publisher\":{\"@id\":\"https:\/\/dogtagclan.com.br\/blog\/#organization\"},\"image\":{\"@id\":\"https:\/\/dogtagclan.com.br\/blog\/%f0%9f%8f%b7%ef%b8%8f-dog-tag-com-corrente-personalizada-escolha-o-tamanho-e-o-estilo-que-mais-combina-com-voce\/#primaryimage\"},\"articleSection\":\"Dog tags,Dog Tags Personalizadas\",\"inLanguage\":\"pt-BR\",\"potentialAction\":[{\"@type\":\"CommentAction\",\"name\":\"Comment\",\"target\":[\"https:\/\/dogtagclan.com.br\/blog\/%f0%9f%8f%b7%ef%b8%8f-dog-tag-com-corrente-personalizada-escolha-o-tamanho-e-o-estilo-que-mais-combina-com-voce\/#respond\"]}]},{\"@type\":\"Person\",\"@id\":\"https:\/\/dogtagclan.com.br\/blog\/#\/schema\/person\/b7279d930f15e2a85c89cd3b2f1d8df5\",\"name\":\"dogtagclan\",\"description\":\"\\\"A DogTagClan \\u00e9 especializada na fabrica\\u00e7\\u00e3o e personaliza\\u00e7\\u00e3o de Dog Tags, crach\\u00e1s e acess\\u00f3rios. Produzimos pe\\u00e7as em a\\u00e7o inoxid\\u00e1vel com grava\\u00e7\\u00f5es de alta precis\\u00e3o para identifica\\u00e7\\u00e3o pessoal e profissional.\\\"\",\"sameAs\":[\"https:\/\/blog.dogtagclan.com.br\",\"https:\/\/www.facebook.com\/dogtagclan\",\"https:\/\/www.instagram.com\/dogtagclan\",\"https:\/\/twitter.com\/https:\/\/x.com\/Dogtagclanclan\",\"https:\/\/www.youtube.com\/dogtagclan\"]}]}<\/script>\n<!-- \/ Yoast SEO Premium plugin. -->","_links":{"self":[{"href":"https:\/\/dogtagclan.com.br\/blog\/wp-json\/wp\/v2\/posts\/4875"}],"collection":[{"href":"https:\/\/dogtagclan.com.br\/blog\/wp-json\/wp\/v2\/posts"}],"about":[{"href":"https:\/\/dogtagclan.com.br\/blog\/wp-json\/wp\/v2\/types\/post"}],"author":[{"embeddable":true,"href":"https:\/\/dogtagclan.com.br\/blog\/wp-json\/wp\/v2\/users\/1"}],"replies":[{"embeddable":true,"href":"https:\/\/dogtagclan.com.br\/blog\/wp-json\/wp\/v2\/comments?post=4875"}],"version-history":[{"count":1,"href":"https:\/\/dogtagclan.com.br\/blog\/wp-json\/wp\/v2\/posts\/4875\/revisions"}],"predecessor-version":[{"id":4877,"href":"https:\/\/dogtagclan.com.br\/blog\/wp-json\/wp\/v2\/posts\/4875\/revisions\/4877"}],"wp:featuredmedia":[{"embeddable":true,"href":"https:\/\/dogtagclan.com.br\/blog\/wp-json\/wp\/v2\/media\/4876"}],"wp:attachment":[{"href":"https:\/\/dogtagclan.com.br\/blog\/wp-json\/wp\/v2\/media?parent=4875"}],"wp:term":[{"taxonomy":"category","embeddable":true,"href":"https:\/\/dogtagclan.com.br\/blog\/wp-json\/wp\/v2\/categories?post=4875"},{"taxonomy":"post_tag","embeddable":true,"href":"https:\/\/dogtagclan.com.br\/blog\/wp-json\/wp\/v2\/tags?post=4875"}],"curies":[{"name":"wp","href":"https:\/\/api.w.org\/{rel}","templated":true}]}}