{"id":4848,"date":"2025-10-21T09:06:05","date_gmt":"2025-10-21T12:06:05","guid":{"rendered":"https:\/\/dogtagclan.com.br\/blog\/?p=4848"},"modified":"2025-10-21T09:06:07","modified_gmt":"2025-10-21T12:06:07","slug":"%f0%9f%aa%96-dog-tag-colorida-fina-personalizada-modelos-especiais-para-militares-empresas-e-eventos-dogtagclan","status":"publish","type":"post","link":"https:\/\/dogtagclan.com.br\/blog\/%f0%9f%aa%96-dog-tag-colorida-fina-personalizada-modelos-especiais-para-militares-empresas-e-eventos-dogtagclan\/","title":{"rendered":"\ud83e\ude96 Dog Tag Colorida Fina Personalizada \u2013 Modelos Especiais para Militares, Empresas e Eventos | DogTagClan"},"content":{"rendered":"\n<p>Na DogTagClan, cada dog tag \u00e9 mais que um acess\u00f3rio \u2014 \u00e9 um s\u00edmbolo de identidade, pertencimento e prop\u00f3sito. Seja para militares, reservistas, veteranos ou empresas que desejam destacar sua marca, as <strong>dog tags coloridas finas<\/strong> se tornaram uma escolha moderna e vers\u00e1til para personaliza\u00e7\u00e3o e lembran\u00e7a.<\/p>\n\n\n\n<figure class=\"wp-block-image size-full\"><img decoding=\"async\" width=\"500\" height=\"500\" src=\"https:\/\/dogtagclan.com.br\/blog\/wp-content\/uploads\/2025\/07\/dog-tag-cfc.jpg\" alt=\"\" class=\"wp-image-4601\" srcset=\"https:\/\/dogtagclan.com.br\/blog\/wp-content\/uploads\/2025\/07\/dog-tag-cfc.jpg 500w, https:\/\/dogtagclan.com.br\/blog\/wp-content\/uploads\/2025\/07\/dog-tag-cfc-300x300.jpg 300w, https:\/\/dogtagclan.com.br\/blog\/wp-content\/uploads\/2025\/07\/dog-tag-cfc-150x150.jpg 150w, https:\/\/dogtagclan.com.br\/blog\/wp-content\/uploads\/2025\/07\/dog-tag-cfc-96x96.jpg 96w\" sizes=\"(max-width: 500px) 100vw, 500px\" \/><\/figure>\n\n\n\n<hr class=\"wp-block-separator has-alpha-channel-opacity\"\/>\n\n\n\n<h4 class=\"wp-block-heading\" id=\"h-o-que-uma-dog-tag-colorida-fina\">\ud83e\udde9 O que \u00e9 uma Dog Tag Colorida Fina?<\/h4>\n\n\n\n<p>As dog tags coloridas s\u00e3o feitas em <strong> a\u00e7o inox com pintura especial<\/strong>, ideais para grava\u00e7\u00f5es duradouras, leves e elegantes. Dispon\u00edveis em v\u00e1rias cores \u2014 preto, azul, vermelho, dourado e camuflado \u2014, elas unem estilo e significado em uma \u00fanica pe\u00e7a.<\/p>\n\n\n\n<hr class=\"wp-block-separator has-alpha-channel-opacity\"\/>\n\n\n\n<h4 class=\"wp-block-heading\" id=\"h-personaliza-o-sob-medida\">\u2699\ufe0f Personaliza\u00e7\u00e3o Sob Medida<\/h4>\n\n\n\n<p>Voc\u00ea escolhe:<\/p>\n\n\n\n<ul>\n<li>\u2705 Nome, dados pessoais ou tipo sangu\u00edneo<\/li>\n\n\n\n<li>\u2705 Logo de empresa, tropa, evento ou unidade militar<\/li>\n\n\n\n<li>\u2705 Cores e acabamentos especiais<\/li>\n\n\n\n<li>\u2705 Grava\u00e7\u00e3o em alto relevo, ponta de diamante ou sublimada<\/li>\n<\/ul>\n\n\n\n<p>Cada detalhe \u00e9 feito com precis\u00e3o, garantindo uma pe\u00e7a exclusiva e profissional.<\/p>\n\n\n\n<figure class=\"wp-block-image size-large\"><img decoding=\"async\" width=\"1024\" height=\"536\" src=\"https:\/\/dogtagclan.com.br\/blog\/wp-content\/uploads\/2025\/08\/dog-tag-battlefield-dogtagclan-1024x536.jpg\" alt=\"\" class=\"wp-image-4616\" srcset=\"https:\/\/dogtagclan.com.br\/blog\/wp-content\/uploads\/2025\/08\/dog-tag-battlefield-dogtagclan-1024x536.jpg 1024w, https:\/\/dogtagclan.com.br\/blog\/wp-content\/uploads\/2025\/08\/dog-tag-battlefield-dogtagclan-300x157.jpg 300w, https:\/\/dogtagclan.com.br\/blog\/wp-content\/uploads\/2025\/08\/dog-tag-battlefield-dogtagclan-768x402.jpg 768w, https:\/\/dogtagclan.com.br\/blog\/wp-content\/uploads\/2025\/08\/dog-tag-battlefield-dogtagclan-390x205.jpg 390w, https:\/\/dogtagclan.com.br\/blog\/wp-content\/uploads\/2025\/08\/dog-tag-battlefield-dogtagclan-150x79.jpg 150w, https:\/\/dogtagclan.com.br\/blog\/wp-content\/uploads\/2025\/08\/dog-tag-battlefield-dogtagclan.jpg 1200w\" sizes=\"(max-width: 1024px) 100vw, 1024px\" \/><\/figure>\n\n\n\n<hr class=\"wp-block-separator has-alpha-channel-opacity\"\/>\n\n\n\n<h4 class=\"wp-block-heading\" id=\"h-modelos-especiais-para-grupos-e-eventos\">\ud83e\ude99 Modelos Especiais para Grupos e Eventos<\/h4>\n\n\n\n<p>A DogTagClan fabrica dog tags em quantidade para:<\/p>\n\n\n\n<ul>\n<li>\ud83e\ude96 Militares e reservistas (EB, Marinha, Aeron\u00e1utica, PMs e Bombeiros)<\/li>\n\n\n\n<li>\ud83d\udc77\u200d\u2642\ufe0f Empresas e equipes de campo<\/li>\n\n\n\n<li>\ud83c\udfc6 Eventos corporativos e confraterniza\u00e7\u00f5es<\/li>\n\n\n\n<li>\ud83c\udf81 Brindes, recorda\u00e7\u00f5es e presentes com prop\u00f3sito<\/li>\n<\/ul>\n\n\n\n<p><strong>Exemplo de uso real:<\/strong><br>Dog tags com logo de tropa e nome de cada integrante \u2014 perfeitas para <strong>formaturas, campanhas e homenagens.<\/strong><\/p>\n\n\n\n<hr class=\"wp-block-separator has-alpha-channel-opacity\"\/>\n\n\n\n<h4 class=\"wp-block-heading\" id=\"h-qualidade-dogtagclan\">\ud83d\udc8e Qualidade DogTagClan<\/h4>\n\n\n\n<p>Fabricadas com <strong>a\u00e7o inoxid\u00e1vel e acabamento profissional<\/strong>, nossas dog tags resistem ao tempo e mant\u00eam o brilho da primeira impress\u00e3o.<br>Gravamos com <strong>tecnologia de ponta<\/strong> e oferecemos <strong>envio para todo o Brasil.<\/strong><\/p>\n\n\n\n<hr class=\"wp-block-separator has-alpha-channel-opacity\"\/>\n\n\n\n<h4 class=\"wp-block-heading\" id=\"h-onde-comprar\">\ud83d\uded2 Onde Comprar<\/h4>\n\n\n\n<p>Voc\u00ea pode adquirir sua Dog Tag Colorida diretamente no site oficial da DogTagClan, com seguran\u00e7a e personaliza\u00e7\u00e3o garantida:<\/p>\n\n\n\n<p>\ud83d\udc49 <strong><a>Compre agora na DogTagClan<\/a><\/strong><br>\ud83d\udce6 Entregamos para todo o Brasil<br>\ud83d\udcac Personalize pelo WhatsApp: <a>https:\/\/wa.me\/554174001990<\/a><\/p>\n\n\n\n<hr class=\"wp-block-separator has-alpha-channel-opacity\"\/>\n\n\n\n<h4 class=\"wp-block-heading\" id=\"h-conclus-o\">\ud83d\udccc Conclus\u00e3o<\/h4>\n\n\n\n<p>Mais que uma identifica\u00e7\u00e3o, uma <strong>Dog Tag Colorida da DogTagClan<\/strong> \u00e9 um s\u00edmbolo de pertencimento, uni\u00e3o e hist\u00f3ria.<br>Personalize a sua hoje mesmo e leve no peito aquilo que representa quem voc\u00ea \u00e9.<\/p>\n","protected":false},"excerpt":{"rendered":"<p>Na DogTagClan, cada dog tag \u00e9 mais que um acess\u00f3rio \u2014 \u00e9 um s\u00edmbolo de identidade, pertencimento e prop\u00f3sito. Seja<\/p>\n","protected":false},"author":1,"featured_media":4849,"comment_status":"open","ping_status":"open","sticky":false,"template":"","format":"standard","meta":{"footnotes":""},"categories":[11,17],"tags":[],"yoast_head":"<!-- This site is optimized with the Yoast SEO Premium plugin v15.5 - https:\/\/yoast.com\/wordpress\/plugins\/seo\/ -->\n<title>\ud83e\ude96 Dog Tag Colorida Fina Personalizada \u2013 Modelos Especiais para Militares, Empresas e Eventos | DogTagClan | DogTagClan Blog<\/title>\n<meta name=\"description\" content=\"Na DogTagClan, cada dog tag \u00e9 mais que um acess\u00f3rio \u2014 \u00e9 um s\u00edmbolo de identidade, pertencimento e prop\u00f3sito. Seja para militares, reservistas, veteranos\" \/>\n<meta name=\"robots\" content=\"index, follow, max-snippet:-1, max-image-preview:large, max-video-preview:-1\" \/>\n<link rel=\"canonical\" href=\"https:\/\/dogtagclan.com.br\/blog\/\ud83e\ude96-dog-tag-colorida-fina-personalizada-modelos-especiais-para-militares-empresas-e-eventos-dogtagclan\/\" \/>\n<meta property=\"og:locale\" content=\"pt_BR\" \/>\n<meta property=\"og:type\" content=\"article\" \/>\n<meta property=\"og:title\" content=\"\ud83e\ude96 Dog Tag Colorida Fina Personalizada \u2013 Modelos Especiais para Militares, Empresas e Eventos | DogTagClan | DogTagClan Blog\" \/>\n<meta property=\"og:description\" content=\"Na DogTagClan, cada dog tag \u00e9 mais que um acess\u00f3rio \u2014 \u00e9 um s\u00edmbolo de identidade, pertencimento e prop\u00f3sito. Seja para militares, reservistas, veteranos\" \/>\n<meta property=\"og:url\" content=\"https:\/\/dogtagclan.com.br\/blog\/\ud83e\ude96-dog-tag-colorida-fina-personalizada-modelos-especiais-para-militares-empresas-e-eventos-dogtagclan\/\" \/>\n<meta property=\"og:site_name\" content=\"DogTagClan Blog\" \/>\n<meta property=\"article:publisher\" content=\"https:\/\/www.facebook.com\/dogtagclan\" \/>\n<meta property=\"article:author\" content=\"https:\/\/www.facebook.com\/dogtagclan\" \/>\n<meta property=\"article:published_time\" content=\"2025-10-21T12:06:05+00:00\" \/>\n<meta property=\"article:modified_time\" content=\"2025-10-21T12:06:07+00:00\" \/>\n<meta property=\"og:image\" content=\"https:\/\/dogtagclan.com.br\/blog\/wp-content\/uploads\/2025\/10\/content-3.jpg\" \/>\n\t<meta property=\"og:image:width\" content=\"1024\" \/>\n\t<meta property=\"og:image:height\" content=\"1024\" \/>\n<meta name=\"twitter:card\" content=\"summary_large_image\" \/>\n<meta name=\"twitter:creator\" content=\"@https:\/\/x.com\/Dogtagclanclan\" \/>\n<meta name=\"twitter:label1\" content=\"Est. tempo de leitura\">\n\t<meta name=\"twitter:data1\" content=\"1 minuto\">\n<script type=\"application\/ld+json\" class=\"yoast-schema-graph\">{\"@context\":\"https:\/\/schema.org\",\"@graph\":[{\"@type\":\"Organization\",\"@id\":\"https:\/\/dogtagclan.com.br\/blog\/#organization\",\"name\":\"DogTagClan | Dog Tags, Crach\\u00e1s e Acess\\u00f3rios Personalizados\",\"url\":\"https:\/\/dogtagclan.com.br\/blog\/\",\"sameAs\":[\"https:\/\/www.facebook.com\/dogtagclan\"],\"logo\":{\"@type\":\"ImageObject\",\"@id\":\"https:\/\/dogtagclan.com.br\/blog\/#logo\",\"inLanguage\":\"pt-BR\",\"url\":\"https:\/\/dogtagclan.com.br\/blog\/wp-content\/uploads\/2023\/02\/cropped-doftagclan-logo.png\",\"width\":250,\"height\":140,\"caption\":\"DogTagClan | Dog Tags, Crach\\u00e1s e Acess\\u00f3rios Personalizados\"},\"image\":{\"@id\":\"https:\/\/dogtagclan.com.br\/blog\/#logo\"}},{\"@type\":\"WebSite\",\"@id\":\"https:\/\/dogtagclan.com.br\/blog\/#website\",\"url\":\"https:\/\/dogtagclan.com.br\/blog\/\",\"name\":\"DogTagClan Blog\",\"description\":\"A gente faz, do seu Jeito\",\"publisher\":{\"@id\":\"https:\/\/dogtagclan.com.br\/blog\/#organization\"},\"potentialAction\":[{\"@type\":\"SearchAction\",\"target\":\"https:\/\/dogtagclan.com.br\/blog\/?s={search_term_string}\",\"query-input\":\"required name=search_term_string\"}],\"inLanguage\":\"pt-BR\"},{\"@type\":\"ImageObject\",\"@id\":\"https:\/\/dogtagclan.com.br\/blog\/%f0%9f%aa%96-dog-tag-colorida-fina-personalizada-modelos-especiais-para-militares-empresas-e-eventos-dogtagclan\/#primaryimage\",\"inLanguage\":\"pt-BR\",\"url\":\"https:\/\/dogtagclan.com.br\/blog\/wp-content\/uploads\/2025\/10\/content-3.jpg\",\"width\":1024,\"height\":1024,\"caption\":\"Modelos especiais de Dog Tag para militares, reservistas, veteranos e empresas \\u2013 fabrica\\u00e7\\u00e3o direta DogTagClan.\"},{\"@type\":\"WebPage\",\"@id\":\"https:\/\/dogtagclan.com.br\/blog\/%f0%9f%aa%96-dog-tag-colorida-fina-personalizada-modelos-especiais-para-militares-empresas-e-eventos-dogtagclan\/#webpage\",\"url\":\"https:\/\/dogtagclan.com.br\/blog\/%f0%9f%aa%96-dog-tag-colorida-fina-personalizada-modelos-especiais-para-militares-empresas-e-eventos-dogtagclan\/\",\"name\":\"\\ud83e\\ude96 Dog Tag Colorida Fina Personalizada \\u2013 Modelos Especiais para Militares, Empresas e Eventos | DogTagClan | DogTagClan Blog\",\"isPartOf\":{\"@id\":\"https:\/\/dogtagclan.com.br\/blog\/#website\"},\"primaryImageOfPage\":{\"@id\":\"https:\/\/dogtagclan.com.br\/blog\/%f0%9f%aa%96-dog-tag-colorida-fina-personalizada-modelos-especiais-para-militares-empresas-e-eventos-dogtagclan\/#primaryimage\"},\"datePublished\":\"2025-10-21T12:06:05+00:00\",\"dateModified\":\"2025-10-21T12:06:07+00:00\",\"description\":\"Na DogTagClan, cada dog tag \\u00e9 mais que um acess\\u00f3rio \\u2014 \\u00e9 um s\\u00edmbolo de identidade, pertencimento e prop\\u00f3sito. Seja para militares, reservistas, veteranos\",\"inLanguage\":\"pt-BR\",\"potentialAction\":[{\"@type\":\"ReadAction\",\"target\":[\"https:\/\/dogtagclan.com.br\/blog\/%f0%9f%aa%96-dog-tag-colorida-fina-personalizada-modelos-especiais-para-militares-empresas-e-eventos-dogtagclan\/\"]}]},{\"@type\":\"Article\",\"@id\":\"https:\/\/dogtagclan.com.br\/blog\/%f0%9f%aa%96-dog-tag-colorida-fina-personalizada-modelos-especiais-para-militares-empresas-e-eventos-dogtagclan\/#article\",\"isPartOf\":{\"@id\":\"https:\/\/dogtagclan.com.br\/blog\/%f0%9f%aa%96-dog-tag-colorida-fina-personalizada-modelos-especiais-para-militares-empresas-e-eventos-dogtagclan\/#webpage\"},\"author\":{\"@id\":\"https:\/\/dogtagclan.com.br\/blog\/#\/schema\/person\/b7279d930f15e2a85c89cd3b2f1d8df5\"},\"headline\":\"\\ud83e\\ude96 Dog Tag Colorida Fina Personalizada \\u2013 Modelos Especiais para Militares, Empresas e Eventos | DogTagClan\",\"datePublished\":\"2025-10-21T12:06:05+00:00\",\"dateModified\":\"2025-10-21T12:06:07+00:00\",\"mainEntityOfPage\":{\"@id\":\"https:\/\/dogtagclan.com.br\/blog\/%f0%9f%aa%96-dog-tag-colorida-fina-personalizada-modelos-especiais-para-militares-empresas-e-eventos-dogtagclan\/#webpage\"},\"commentCount\":0,\"publisher\":{\"@id\":\"https:\/\/dogtagclan.com.br\/blog\/#organization\"},\"image\":{\"@id\":\"https:\/\/dogtagclan.com.br\/blog\/%f0%9f%aa%96-dog-tag-colorida-fina-personalizada-modelos-especiais-para-militares-empresas-e-eventos-dogtagclan\/#primaryimage\"},\"articleSection\":\"Dog tags,Dog Tags Personalizadas\",\"inLanguage\":\"pt-BR\",\"potentialAction\":[{\"@type\":\"CommentAction\",\"name\":\"Comment\",\"target\":[\"https:\/\/dogtagclan.com.br\/blog\/%f0%9f%aa%96-dog-tag-colorida-fina-personalizada-modelos-especiais-para-militares-empresas-e-eventos-dogtagclan\/#respond\"]}]},{\"@type\":\"Person\",\"@id\":\"https:\/\/dogtagclan.com.br\/blog\/#\/schema\/person\/b7279d930f15e2a85c89cd3b2f1d8df5\",\"name\":\"dogtagclan\",\"description\":\"\\\"A DogTagClan \\u00e9 especializada na fabrica\\u00e7\\u00e3o e personaliza\\u00e7\\u00e3o de Dog Tags, crach\\u00e1s e acess\\u00f3rios. Produzimos pe\\u00e7as em a\\u00e7o inoxid\\u00e1vel com grava\\u00e7\\u00f5es de alta precis\\u00e3o para identifica\\u00e7\\u00e3o pessoal e profissional.\\\"\",\"sameAs\":[\"https:\/\/blog.dogtagclan.com.br\",\"https:\/\/www.facebook.com\/dogtagclan\",\"https:\/\/www.instagram.com\/dogtagclan\",\"https:\/\/twitter.com\/https:\/\/x.com\/Dogtagclanclan\",\"https:\/\/www.youtube.com\/dogtagclan\"]}]}<\/script>\n<!-- \/ Yoast SEO Premium plugin. -->","_links":{"self":[{"href":"https:\/\/dogtagclan.com.br\/blog\/wp-json\/wp\/v2\/posts\/4848"}],"collection":[{"href":"https:\/\/dogtagclan.com.br\/blog\/wp-json\/wp\/v2\/posts"}],"about":[{"href":"https:\/\/dogtagclan.com.br\/blog\/wp-json\/wp\/v2\/types\/post"}],"author":[{"embeddable":true,"href":"https:\/\/dogtagclan.com.br\/blog\/wp-json\/wp\/v2\/users\/1"}],"replies":[{"embeddable":true,"href":"https:\/\/dogtagclan.com.br\/blog\/wp-json\/wp\/v2\/comments?post=4848"}],"version-history":[{"count":1,"href":"https:\/\/dogtagclan.com.br\/blog\/wp-json\/wp\/v2\/posts\/4848\/revisions"}],"predecessor-version":[{"id":4850,"href":"https:\/\/dogtagclan.com.br\/blog\/wp-json\/wp\/v2\/posts\/4848\/revisions\/4850"}],"wp:featuredmedia":[{"embeddable":true,"href":"https:\/\/dogtagclan.com.br\/blog\/wp-json\/wp\/v2\/media\/4849"}],"wp:attachment":[{"href":"https:\/\/dogtagclan.com.br\/blog\/wp-json\/wp\/v2\/media?parent=4848"}],"wp:term":[{"taxonomy":"category","embeddable":true,"href":"https:\/\/dogtagclan.com.br\/blog\/wp-json\/wp\/v2\/categories?post=4848"},{"taxonomy":"post_tag","embeddable":true,"href":"https:\/\/dogtagclan.com.br\/blog\/wp-json\/wp\/v2\/tags?post=4848"}],"curies":[{"name":"wp","href":"https:\/\/api.w.org\/{rel}","templated":true}]}}