{"id":4824,"date":"2025-10-10T09:48:32","date_gmt":"2025-10-10T12:48:32","guid":{"rendered":"https:\/\/dogtagclan.com.br\/blog\/?p=4824"},"modified":"2025-10-10T09:48:33","modified_gmt":"2025-10-10T12:48:33","slug":"%f0%9f%8e%97-qual-a-cor-e-o-simbolo-das-doencas-raras","status":"publish","type":"post","link":"https:\/\/dogtagclan.com.br\/blog\/%f0%9f%8e%97-qual-a-cor-e-o-simbolo-das-doencas-raras\/","title":{"rendered":"\ud83c\udf97 Qual a Cor e o S\u00edmbolo das Doen\u00e7as Raras?"},"content":{"rendered":"\n<h3 class=\"wp-block-heading\" id=\"h-entenda-o-significado-e-conhe-a-os-crach-s-personalizados-da-dogtagclan\">Entenda o Significado e Conhe\u00e7a os Crach\u00e1s Personalizados da DogTagClan<\/h3>\n\n\n\n<p>As <strong>doen\u00e7as raras<\/strong> s\u00e3o condi\u00e7\u00f5es que afetam uma pequena parcela da popula\u00e7\u00e3o, mas t\u00eam um <strong>impacto profundo na vida de quem convive com elas<\/strong>. E, ao longo dos anos, ganharam s\u00edmbolos e cores que representam <strong>luta, empatia e visibilidade<\/strong>.<\/p>\n\n\n\n<p>Mas afinal, <strong>qual \u00e9 a cor das doen\u00e7as raras<\/strong>?<br>E o que significa o <strong>s\u00edmbolo usado nas campanhas<\/strong>?<\/p>\n\n\n\n<p>Vamos te explicar \u2014 e te mostrar como voc\u00ea pode <strong>carregar essa causa no peito<\/strong>, literalmente, com um <strong>cracha de identifica\u00e7\u00e3o personalizado da DogTagClan<\/strong>. \ud83d\udc99<\/p>\n\n\n\n<figure class=\"wp-block-image size-full\"><img decoding=\"async\" width=\"1024\" height=\"1024\" src=\"https:\/\/dogtagclan.com.br\/blog\/wp-content\/uploads\/2025\/10\/doenca-rarad.jpg\" alt=\"Crach\u00e1 de Identifica\u00e7\u00e3o para Doen\u00e7as Raras com Nome, Foto, CID e QR Code \u2013 DogTagClan\" class=\"wp-image-4761\" srcset=\"https:\/\/dogtagclan.com.br\/blog\/wp-content\/uploads\/2025\/10\/doenca-rarad.jpg 1024w, https:\/\/dogtagclan.com.br\/blog\/wp-content\/uploads\/2025\/10\/doenca-rarad-300x300.jpg 300w, https:\/\/dogtagclan.com.br\/blog\/wp-content\/uploads\/2025\/10\/doenca-rarad-150x150.jpg 150w, https:\/\/dogtagclan.com.br\/blog\/wp-content\/uploads\/2025\/10\/doenca-rarad-768x768.jpg 768w, https:\/\/dogtagclan.com.br\/blog\/wp-content\/uploads\/2025\/10\/doenca-rarad-96x96.jpg 96w\" sizes=\"(max-width: 1024px) 100vw, 1024px\" \/><figcaption class=\"wp-element-caption\">Crach\u00e1 personalizado para identifica\u00e7\u00e3o de pessoas com doen\u00e7as raras. Inclui nome, foto, CID e QR Code.<\/figcaption><\/figure>\n\n\n\n<hr class=\"wp-block-separator has-alpha-channel-opacity\"\/>\n\n\n\n<h3 class=\"wp-block-heading\" id=\"h-a-cor-das-doen-as-raras\">\ud83c\udf97 A Cor das Doen\u00e7as Raras<\/h3>\n\n\n\n<p>A <strong>cor oficial das doen\u00e7as raras \u00e9 o azul-turquesa<\/strong>, combinada com tons de <strong>verde e rosa<\/strong>.<br>Essa combina\u00e7\u00e3o representa <strong>diversidade, esperan\u00e7a e for\u00e7a coletiva<\/strong>, simbolizando as milhares de doen\u00e7as raras existentes e as pessoas que lutam diariamente por reconhecimento e tratamento.<\/p>\n\n\n\n<p>\ud83d\udca1 <strong>Azul-turquesa:<\/strong> serenidade e empatia.<br>\ud83d\udc9a <strong>Verde:<\/strong> esperan\u00e7a e vida.<br>\ud83d\udc97 <strong>Rosa:<\/strong> amor, cuidado e solidariedade.<\/p>\n\n\n\n<p>Essas cores aparecem nas campanhas mundiais e tamb\u00e9m no <strong>s\u00edmbolo internacional<\/strong>, que \u00e9 facilmente reconhecido nas redes e eventos.<\/p>\n\n\n\n<hr class=\"wp-block-separator has-alpha-channel-opacity\"\/>\n\n\n\n<h3 class=\"wp-block-heading\" id=\"h-o-s-mbolo-das-doen-as-raras\">\ud83c\udf0d O S\u00edmbolo das Doen\u00e7as Raras<\/h3>\n\n\n\n<p>O s\u00edmbolo mundial das doen\u00e7as raras \u00e9 uma <strong>m\u00e3o colorida aberta<\/strong>, com dedos em tons de azul, verde e rosa.<br>Ela representa o <strong>acolhimento, uni\u00e3o e visibilidade<\/strong> \u2014 cada dedo simboliza uma vida tocada por uma condi\u00e7\u00e3o rara.<\/p>\n\n\n\n<p>\u00c9 um lembrete poderoso de que <strong>ningu\u00e9m deve enfrentar a jornada sozinho<\/strong>.<br>E \u00e9 justamente essa mensagem que inspirou os modelos de <strong>cracha de identifica\u00e7\u00e3o da DogTagClan<\/strong>.<\/p>\n\n\n\n<hr class=\"wp-block-separator has-alpha-channel-opacity\"\/>\n\n\n\n<h3 class=\"wp-block-heading\" id=\"h-crach-s-personalizados-para-doen-as-raras\">\ud83e\udde0 Crach\u00e1s Personalizados para Doen\u00e7as Raras<\/h3>\n\n\n\n<h4 class=\"wp-block-heading\" id=\"h-visibilidade-seguran-a-e-empatia-no-dia-a-dia\">Visibilidade, seguran\u00e7a e empatia no dia a dia.<\/h4>\n\n\n\n<p>Na <strong>DogTagClan<\/strong>, voc\u00ea pode <strong>personalizar seu crach\u00e1 de identifica\u00e7\u00e3o<\/strong> com:<br>\u2714 Nome completo<br>\u2714 Diagn\u00f3stico ou CID<br>\u2714 Foto<br>\u2714 Telefone de emerg\u00eancia<br>\u2714 QR Code com laudo m\u00e9dico digital<br>\u2714 Cord\u00e3o de seguran\u00e7a e porta-crach\u00e1 r\u00edgido<\/p>\n\n\n\n<p>Esses crach\u00e1s s\u00e3o usados por:<\/p>\n\n\n\n<ul>\n<li>Pacientes com <strong>doen\u00e7as raras<\/strong><\/li>\n\n\n\n<li>Pessoas com <strong>condi\u00e7\u00f5es neurol\u00f3gicas<\/strong> (TDAH, bipolaridade, autismo, epilepsia)<\/li>\n\n\n\n<li><strong>Cuidadores e familiares<\/strong> que desejam garantir seguran\u00e7a em emerg\u00eancias<\/li>\n<\/ul>\n\n\n\n<p>Cada crach\u00e1 \u00e9 feito em <strong>material resistente (PVC)<\/strong> e impresso em alta qualidade, com design exclusivo e envio para todo o Brasil. \ud83c\udde7\ud83c\uddf7<\/p>\n\n\n\n<hr class=\"wp-block-separator has-alpha-channel-opacity\"\/>\n\n\n\n<h3 class=\"wp-block-heading\" id=\"h-por-que-usar-o-crach\">\ud83d\udcac Por que usar o crach\u00e1?<\/h3>\n\n\n\n<p>\u27a1 Identifica de forma <strong>discreta e respeitosa<\/strong> a condi\u00e7\u00e3o de sa\u00fade.<br>\u27a1 Facilita <strong>atendimento priorit\u00e1rio e humanizado<\/strong>.<br>\u27a1 Evita constrangimentos em situa\u00e7\u00f5es de crise.<br>\u27a1 Gera <strong>consci\u00eancia e empatia<\/strong> ao redor.<\/p>\n\n\n\n<hr class=\"wp-block-separator has-alpha-channel-opacity\"\/>\n\n\n\n<h3 class=\"wp-block-heading\" id=\"h-dica-use-o-crach-junto-com-o-cord-o-colorido\">\ud83d\udca1 Dica: Use o crach\u00e1 junto com o cord\u00e3o colorido<\/h3>\n\n\n\n<p>O <strong>cord\u00e3o girassol<\/strong> e o <strong>cord\u00e3o turquesa<\/strong> s\u00e3o s\u00edmbolos reconhecidos de <strong>condi\u00e7\u00f5es n\u00e3o vis\u00edveis<\/strong>.<br>A DogTagClan oferece o <strong>kit completo<\/strong> com:<\/p>\n\n\n\n<ul>\n<li>Crach\u00e1 personalizado<\/li>\n\n\n\n<li>Cord\u00e3o de seguran\u00e7a<\/li>\n\n\n\n<li>Porta-crach\u00e1 r\u00edgido<\/li>\n<\/ul>\n\n\n\n<p>\ud83d\udce6 Pronto para uso e enviado direto da f\u00e1brica.<\/p>\n\n\n\n<hr class=\"wp-block-separator has-alpha-channel-opacity\"\/>\n\n\n\n<h3 class=\"wp-block-heading\" id=\"h-onde-comprar-seu-crach-de-doen-as-raras\">\ud83d\uded2 Onde comprar seu crach\u00e1 de doen\u00e7as raras?<\/h3>\n\n\n\n<p>\ud83d\udc49 Voc\u00ea pode solicitar seu crach\u00e1 completo diretamente na loja oficial:<br>\ud83d\udd17 <a href=\"https:\/\/dogtagclan.com.br\/departamento\/adicionais\/crachas-de-identificacao\">https:\/\/dogtagclan.com.br\/departamento\/adicionais\/crachas-de-identificacao<\/a><\/p>\n\n\n\n<p>Gravamos com seus <strong>dados, QR Code e informa\u00e7\u00f5es m\u00e9dicas<\/strong>, de forma segura e personalizada.<br>\u00c9 mais do que um crach\u00e1 \u2014 \u00e9 uma <strong>forma de ser visto, respeitado e protegido<\/strong>. \ud83d\udc99<\/p>\n","protected":false},"excerpt":{"rendered":"<p>Entenda o Significado e Conhe\u00e7a os Crach\u00e1s Personalizados da DogTagClan As doen\u00e7as raras s\u00e3o condi\u00e7\u00f5es que afetam uma pequena parcela<\/p>\n","protected":false},"author":1,"featured_media":4825,"comment_status":"open","ping_status":"open","sticky":false,"template":"","format":"standard","meta":{"footnotes":""},"categories":[554,557],"tags":[],"yoast_head":"<!-- This site is optimized with the Yoast SEO Premium plugin v15.5 - https:\/\/yoast.com\/wordpress\/plugins\/seo\/ -->\n<title>\ud83c\udf97 Qual a Cor e o S\u00edmbolo das Doen\u00e7as Raras? | DogTagClan Blog<\/title>\n<meta name=\"description\" content=\"As doen\u00e7as raras s\u00e3o condi\u00e7\u00f5es que afetam uma pequena parcela da popula\u00e7\u00e3o, mas t\u00eam um impacto profundo na vida de quem convive com elas. E, ao longo\" \/>\n<meta name=\"robots\" content=\"index, follow, max-snippet:-1, max-image-preview:large, max-video-preview:-1\" \/>\n<link rel=\"canonical\" href=\"https:\/\/dogtagclan.com.br\/blog\/\ud83c\udf97-qual-a-cor-e-o-simbolo-das-doencas-raras\/\" \/>\n<meta property=\"og:locale\" content=\"pt_BR\" \/>\n<meta property=\"og:type\" content=\"article\" \/>\n<meta property=\"og:title\" content=\"\ud83c\udf97 Qual a Cor e o S\u00edmbolo das Doen\u00e7as Raras? | DogTagClan Blog\" \/>\n<meta property=\"og:description\" content=\"As doen\u00e7as raras s\u00e3o condi\u00e7\u00f5es que afetam uma pequena parcela da popula\u00e7\u00e3o, mas t\u00eam um impacto profundo na vida de quem convive com elas. E, ao longo\" \/>\n<meta property=\"og:url\" content=\"https:\/\/dogtagclan.com.br\/blog\/\ud83c\udf97-qual-a-cor-e-o-simbolo-das-doencas-raras\/\" \/>\n<meta property=\"og:site_name\" content=\"DogTagClan Blog\" \/>\n<meta property=\"article:publisher\" content=\"https:\/\/www.facebook.com\/dogtagclan\" \/>\n<meta property=\"article:author\" content=\"https:\/\/www.facebook.com\/dogtagclan\" \/>\n<meta property=\"article:published_time\" content=\"2025-10-10T12:48:32+00:00\" \/>\n<meta property=\"article:modified_time\" content=\"2025-10-10T12:48:33+00:00\" \/>\n<meta property=\"og:image\" content=\"https:\/\/dogtagclan.com.br\/blog\/wp-content\/uploads\/2025\/10\/492522283_9651531611606470_4668137330054187515_n.jpg\" \/>\n\t<meta property=\"og:image:width\" content=\"1024\" \/>\n\t<meta property=\"og:image:height\" content=\"1024\" \/>\n<meta name=\"twitter:card\" content=\"summary_large_image\" \/>\n<meta name=\"twitter:creator\" content=\"@https:\/\/x.com\/Dogtagclanclan\" \/>\n<meta name=\"twitter:label1\" content=\"Est. tempo de leitura\">\n\t<meta name=\"twitter:data1\" content=\"2 minutos\">\n<script type=\"application\/ld+json\" class=\"yoast-schema-graph\">{\"@context\":\"https:\/\/schema.org\",\"@graph\":[{\"@type\":\"Organization\",\"@id\":\"https:\/\/dogtagclan.com.br\/blog\/#organization\",\"name\":\"DogTagClan | Dog Tags, Crach\\u00e1s e Acess\\u00f3rios Personalizados\",\"url\":\"https:\/\/dogtagclan.com.br\/blog\/\",\"sameAs\":[\"https:\/\/www.facebook.com\/dogtagclan\"],\"logo\":{\"@type\":\"ImageObject\",\"@id\":\"https:\/\/dogtagclan.com.br\/blog\/#logo\",\"inLanguage\":\"pt-BR\",\"url\":\"https:\/\/dogtagclan.com.br\/blog\/wp-content\/uploads\/2023\/02\/cropped-doftagclan-logo.png\",\"width\":250,\"height\":140,\"caption\":\"DogTagClan | Dog Tags, Crach\\u00e1s e Acess\\u00f3rios Personalizados\"},\"image\":{\"@id\":\"https:\/\/dogtagclan.com.br\/blog\/#logo\"}},{\"@type\":\"WebSite\",\"@id\":\"https:\/\/dogtagclan.com.br\/blog\/#website\",\"url\":\"https:\/\/dogtagclan.com.br\/blog\/\",\"name\":\"DogTagClan Blog\",\"description\":\"A gente faz, do seu Jeito\",\"publisher\":{\"@id\":\"https:\/\/dogtagclan.com.br\/blog\/#organization\"},\"potentialAction\":[{\"@type\":\"SearchAction\",\"target\":\"https:\/\/dogtagclan.com.br\/blog\/?s={search_term_string}\",\"query-input\":\"required name=search_term_string\"}],\"inLanguage\":\"pt-BR\"},{\"@type\":\"ImageObject\",\"@id\":\"https:\/\/dogtagclan.com.br\/blog\/%f0%9f%8e%97-qual-a-cor-e-o-simbolo-das-doencas-raras\/#primaryimage\",\"inLanguage\":\"pt-BR\",\"url\":\"https:\/\/dogtagclan.com.br\/blog\/wp-content\/uploads\/2025\/10\/492522283_9651531611606470_4668137330054187515_n.jpg\",\"width\":1024,\"height\":1024,\"caption\":\"Identifica\\u00e7\\u00e3o segura para pessoas com doen\\u00e7as raras \\u2014 personalize com seus dados e garanta visibilidade e respeito.\"},{\"@type\":\"WebPage\",\"@id\":\"https:\/\/dogtagclan.com.br\/blog\/%f0%9f%8e%97-qual-a-cor-e-o-simbolo-das-doencas-raras\/#webpage\",\"url\":\"https:\/\/dogtagclan.com.br\/blog\/%f0%9f%8e%97-qual-a-cor-e-o-simbolo-das-doencas-raras\/\",\"name\":\"\\ud83c\\udf97 Qual a Cor e o S\\u00edmbolo das Doen\\u00e7as Raras? | DogTagClan Blog\",\"isPartOf\":{\"@id\":\"https:\/\/dogtagclan.com.br\/blog\/#website\"},\"primaryImageOfPage\":{\"@id\":\"https:\/\/dogtagclan.com.br\/blog\/%f0%9f%8e%97-qual-a-cor-e-o-simbolo-das-doencas-raras\/#primaryimage\"},\"datePublished\":\"2025-10-10T12:48:32+00:00\",\"dateModified\":\"2025-10-10T12:48:33+00:00\",\"description\":\"As doen\\u00e7as raras s\\u00e3o condi\\u00e7\\u00f5es que afetam uma pequena parcela da popula\\u00e7\\u00e3o, mas t\\u00eam um impacto profundo na vida de quem convive com elas. E, ao longo\",\"inLanguage\":\"pt-BR\",\"potentialAction\":[{\"@type\":\"ReadAction\",\"target\":[\"https:\/\/dogtagclan.com.br\/blog\/%f0%9f%8e%97-qual-a-cor-e-o-simbolo-das-doencas-raras\/\"]}]},{\"@type\":\"Article\",\"@id\":\"https:\/\/dogtagclan.com.br\/blog\/%f0%9f%8e%97-qual-a-cor-e-o-simbolo-das-doencas-raras\/#article\",\"isPartOf\":{\"@id\":\"https:\/\/dogtagclan.com.br\/blog\/%f0%9f%8e%97-qual-a-cor-e-o-simbolo-das-doencas-raras\/#webpage\"},\"author\":{\"@id\":\"https:\/\/dogtagclan.com.br\/blog\/#\/schema\/person\/b7279d930f15e2a85c89cd3b2f1d8df5\"},\"headline\":\"\\ud83c\\udf97 Qual a Cor e o S\\u00edmbolo das Doen\\u00e7as Raras?\",\"datePublished\":\"2025-10-10T12:48:32+00:00\",\"dateModified\":\"2025-10-10T12:48:33+00:00\",\"mainEntityOfPage\":{\"@id\":\"https:\/\/dogtagclan.com.br\/blog\/%f0%9f%8e%97-qual-a-cor-e-o-simbolo-das-doencas-raras\/#webpage\"},\"commentCount\":0,\"publisher\":{\"@id\":\"https:\/\/dogtagclan.com.br\/blog\/#organization\"},\"image\":{\"@id\":\"https:\/\/dogtagclan.com.br\/blog\/%f0%9f%8e%97-qual-a-cor-e-o-simbolo-das-doencas-raras\/#primaryimage\"},\"articleSection\":\"Crachas e broches personalizados,Crach\\u00e1 de Identifica\\u00e7\\u00e3o\",\"inLanguage\":\"pt-BR\",\"potentialAction\":[{\"@type\":\"CommentAction\",\"name\":\"Comment\",\"target\":[\"https:\/\/dogtagclan.com.br\/blog\/%f0%9f%8e%97-qual-a-cor-e-o-simbolo-das-doencas-raras\/#respond\"]}]},{\"@type\":\"Person\",\"@id\":\"https:\/\/dogtagclan.com.br\/blog\/#\/schema\/person\/b7279d930f15e2a85c89cd3b2f1d8df5\",\"name\":\"dogtagclan\",\"description\":\"\\\"A DogTagClan \\u00e9 especializada na fabrica\\u00e7\\u00e3o e personaliza\\u00e7\\u00e3o de Dog Tags, crach\\u00e1s e acess\\u00f3rios. Produzimos pe\\u00e7as em a\\u00e7o inoxid\\u00e1vel com grava\\u00e7\\u00f5es de alta precis\\u00e3o para identifica\\u00e7\\u00e3o pessoal e profissional.\\\"\",\"sameAs\":[\"https:\/\/blog.dogtagclan.com.br\",\"https:\/\/www.facebook.com\/dogtagclan\",\"https:\/\/www.instagram.com\/dogtagclan\",\"https:\/\/twitter.com\/https:\/\/x.com\/Dogtagclanclan\",\"https:\/\/www.youtube.com\/dogtagclan\"]}]}<\/script>\n<!-- \/ Yoast SEO Premium plugin. -->","_links":{"self":[{"href":"https:\/\/dogtagclan.com.br\/blog\/wp-json\/wp\/v2\/posts\/4824"}],"collection":[{"href":"https:\/\/dogtagclan.com.br\/blog\/wp-json\/wp\/v2\/posts"}],"about":[{"href":"https:\/\/dogtagclan.com.br\/blog\/wp-json\/wp\/v2\/types\/post"}],"author":[{"embeddable":true,"href":"https:\/\/dogtagclan.com.br\/blog\/wp-json\/wp\/v2\/users\/1"}],"replies":[{"embeddable":true,"href":"https:\/\/dogtagclan.com.br\/blog\/wp-json\/wp\/v2\/comments?post=4824"}],"version-history":[{"count":1,"href":"https:\/\/dogtagclan.com.br\/blog\/wp-json\/wp\/v2\/posts\/4824\/revisions"}],"predecessor-version":[{"id":4826,"href":"https:\/\/dogtagclan.com.br\/blog\/wp-json\/wp\/v2\/posts\/4824\/revisions\/4826"}],"wp:featuredmedia":[{"embeddable":true,"href":"https:\/\/dogtagclan.com.br\/blog\/wp-json\/wp\/v2\/media\/4825"}],"wp:attachment":[{"href":"https:\/\/dogtagclan.com.br\/blog\/wp-json\/wp\/v2\/media?parent=4824"}],"wp:term":[{"taxonomy":"category","embeddable":true,"href":"https:\/\/dogtagclan.com.br\/blog\/wp-json\/wp\/v2\/categories?post=4824"},{"taxonomy":"post_tag","embeddable":true,"href":"https:\/\/dogtagclan.com.br\/blog\/wp-json\/wp\/v2\/tags?post=4824"}],"curies":[{"name":"wp","href":"https:\/\/api.w.org\/{rel}","templated":true}]}}