{"id":4763,"date":"2025-10-02T19:46:01","date_gmt":"2025-10-02T22:46:01","guid":{"rendered":"https:\/\/dogtagclan.com.br\/blog\/?p=4763"},"modified":"2026-02-17T08:26:19","modified_gmt":"2026-02-17T11:26:19","slug":"%f0%9f%8f%b7%ef%b8%8f-cracha-equipe-de-midia-para-igreja-identificacao-personalizada-com-nome-e-foto","status":"publish","type":"post","link":"https:\/\/dogtagclan.com.br\/blog\/%f0%9f%8f%b7%ef%b8%8f-cracha-equipe-de-midia-para-igreja-identificacao-personalizada-com-nome-e-foto\/","title":{"rendered":"\ud83c\udff7\ufe0f Crach\u00e1 Equipe de M\u00eddia para Igreja \u2013 Identifica\u00e7\u00e3o Personalizada com Nome e Foto"},"content":{"rendered":"\n<p>Se voc\u00ea \u00e9 parte de uma igreja que valoriza organiza\u00e7\u00e3o, visibilidade e profissionalismo, o <strong>Crach\u00e1 Equipe de M\u00eddia para Igreja<\/strong> \u00e9 uma ferramenta essencial. Ele ajuda a identificar facilmente quem est\u00e1 na equipe t\u00e9cnica, melhora a comunica\u00e7\u00e3o com os membros da igreja, visitantes e visitantes de eventos, e fortalece a unidade visual do minist\u00e9rio de m\u00eddia.<\/p>\n\n\n\n<p>Na DogTagClan oferecemos esse modelo com personaliza\u00e7\u00e3o completa: nome, foto e fun\u00e7\u00e3o para cada membro da equipe.<\/p>\n\n\n\n<p>\ud83d\udd17 <a href=\"https:\/\/dogtagclan.com.br\/departamento\/adicionais\/crachas-personalizados\">Pe\u00e7a o seu crach\u00e1 personalizado agora<\/a><\/p>\n\n\n\n<figure class=\"wp-block-image size-full\"><a href=\"https:\/\/dogtagclan.com.br\/departamento\/adicionais\/crachas-personalizados\"><img decoding=\"async\" width=\"1024\" height=\"1024\" src=\"https:\/\/dogtagclan.com.br\/blog\/wp-content\/uploads\/2025\/10\/post-1.jpg\" alt=\"Crach\u00e1 Equipe de M\u00eddia para Igreja personalizado com nome, foto e QR Code\" class=\"wp-image-4764\" srcset=\"https:\/\/dogtagclan.com.br\/blog\/wp-content\/uploads\/2025\/10\/post-1.jpg 1024w, https:\/\/dogtagclan.com.br\/blog\/wp-content\/uploads\/2025\/10\/post-1-300x300.jpg 300w, https:\/\/dogtagclan.com.br\/blog\/wp-content\/uploads\/2025\/10\/post-1-150x150.jpg 150w, https:\/\/dogtagclan.com.br\/blog\/wp-content\/uploads\/2025\/10\/post-1-768x768.jpg 768w, https:\/\/dogtagclan.com.br\/blog\/wp-content\/uploads\/2025\/10\/post-1-96x96.jpg 96w\" sizes=\"(max-width: 1024px) 100vw, 1024px\" \/><\/a><figcaption class=\"wp-element-caption\">Crach\u00e1 exclusivo para equipe de m\u00eddia da igreja, com nome, foto e QR Code para identifica\u00e7\u00e3o r\u00e1pida.<\/figcaption><\/figure>\n\n\n\n<hr class=\"wp-block-separator has-alpha-channel-opacity\"\/>\n\n\n\n<h2 class=\"wp-block-heading\" id=\"h-por-que-usar-um-crach-para-a-equipe-de-m-dia-da-igreja\"> Por que usar um crach\u00e1 para a equipe de m\u00eddia da igreja?<\/h2>\n\n\n\n<ul>\n<li><strong>Identifica\u00e7\u00e3o imediata<\/strong>: permite que pastores, volunt\u00e1rios e visitantes reconhe\u00e7am rapidamente quem est\u00e1 operando som, c\u00e2mera ou proje\u00e7\u00e3o.<\/li>\n\n\n\n<li><strong>Organiza\u00e7\u00e3o visual<\/strong>: gera uniformidade e refor\u00e7a a identidade do minist\u00e9rio de m\u00eddia.<\/li>\n\n\n\n<li><strong>Credibilidade<\/strong>: demonstra profissionalismo e cuidado na apresenta\u00e7\u00e3o do minist\u00e9rio.<\/li>\n\n\n\n<li><strong>Facilidade de comunica\u00e7\u00e3o<\/strong>: outros membros ou visitantes sabem com quem falar em caso de d\u00favidas ou problemas t\u00e9cnicos.<\/li>\n\n\n\n<li><strong>Seguran\u00e7a<\/strong>: evita que pessoas n\u00e3o autorizadas acessem \u00e1reas restritas na igreja ou no palco.<\/li>\n<\/ul>\n\n\n\n<hr class=\"wp-block-separator has-alpha-channel-opacity\"\/>\n\n\n\n<h2 class=\"wp-block-heading\" id=\"h-destaques-e-funcionalidades\"> Destaques e funcionalidades<\/h2>\n\n\n\n<figure class=\"wp-block-table\"><table><thead><tr><th>Recurso<\/th><th>Detalhes<\/th><\/tr><\/thead><tbody><tr><td><strong>Dimens\u00f5es padr\u00e3o<\/strong><\/td><td>8,6 \u00d7 5,4 cm (formato cart\u00e3o PVC r\u00edgido)<\/td><\/tr><tr><td><strong>Personaliza\u00e7\u00e3o<\/strong><\/td><td>Nome, foto e fun\u00e7\u00e3o ministerial (ex: som, c\u00e2mera, opera\u00e7\u00e3o t\u00e9cnica)<\/td><\/tr><tr><td><strong>Material dur\u00e1vel<\/strong><\/td><td>PVC r\u00edgido, ideal para uso frequente em ambiente de igreja e eventos<\/td><\/tr><tr><td><strong>Design limpo e leg\u00edvel<\/strong><\/td><td>Contraste e legibilidade s\u00e3o priorizados<\/td><\/tr><tr><td><strong>Op\u00e7\u00e3o de cord\u00e3o<\/strong><\/td><td>Crach\u00e1 pode ser usado com cord\u00e3o ou presilha, conforme prefer\u00eancia da igreja<\/td><\/tr><\/tbody><\/table><\/figure>\n\n\n\n<hr class=\"wp-block-separator has-alpha-channel-opacity\"\/>\n\n\n\n<h2 class=\"wp-block-heading\" id=\"h-como-personalizamos-o-crach\"> Como personalizamos o crach\u00e1<\/h2>\n\n\n\n<ol>\n<li>Voc\u00ea envia os dados dos membros da equipe (nome, foto, instagran da igreja).<\/li>\n\n\n\n<li>Nossa equipe ajusta o layout garantindo legibilidade e padr\u00e3o visual.<\/li>\n\n\n\n<li>Produzimos em PVC r\u00edgido com impress\u00e3o de alta qualidade e acabamento resistente.<\/li>\n\n\n\n<li>Enviamos para sua igreja para uso imediato.<\/li>\n<\/ol>\n\n\n\n<hr class=\"wp-block-separator has-alpha-channel-opacity\"\/>\n\n\n\n<hr class=\"wp-block-separator has-alpha-channel-opacity\"\/>\n\n\n\n<h2 class=\"wp-block-heading\" id=\"h-comparativo-com-outros-crach-s-para-igrejas\"> Comparativo com outros crach\u00e1s para igrejas<\/h2>\n\n\n\n<p>Muitas igrejas produzem crach\u00e1s gen\u00e9ricos para recep\u00e7\u00e3o ou voluntariado (ex: \u201cvolunt\u00e1rio igreja\u201d) <br>Mas um crach\u00e1 espec\u00edfico de <strong>m\u00eddia<\/strong> oferece vantagens:<\/p>\n\n\n\n<ul>\n<li>fun\u00e7\u00e3o vis\u00edvel (n\u00e3o apenas \u201cvolunt\u00e1rio\u201d)<\/li>\n\n\n\n<li>identidade t\u00e9cnica<\/li>\n\n\n\n<li>controle de acesso mais eficaz<\/li>\n<\/ul>\n\n\n\n<hr class=\"wp-block-separator has-alpha-channel-opacity\"\/>\n\n\n\n<h2 class=\"wp-block-heading\" id=\"h-faq-perguntas-frequentes\"> FAQ \u2013 Perguntas frequentes<\/h2>\n\n\n\n<p><strong>O crach\u00e1 \u00e9 obrigat\u00f3rio?<\/strong><br>N\u00e3o. Ele \u00e9 um recurso de identifica\u00e7\u00e3o interna opcional, mas altamente recomendado para organiza\u00e7\u00e3o do minist\u00e9rio de m\u00eddia.<\/p>\n\n\n\n<p><strong>Posso incluir foto?<\/strong><br>Sim. A personaliza\u00e7\u00e3o com foto torna o crach\u00e1 mais pessoal e facilita reconhecimento. Tamb\u00e9m oferecemos op\u00e7\u00e3o sem foto, se preferir uma vers\u00e3o mais discreta.<\/p>\n\n\n\n<p><strong>Esse crach\u00e1 substitui documentos oficiais?<\/strong><br>N\u00e3o. Ele s\u00f3 serve para identifica\u00e7\u00e3o dentro da igreja ou eventos. N\u00e3o tem validade legal fora desse contexto.<\/p>\n\n\n\n<hr class=\"wp-block-separator has-alpha-channel-opacity\"\/>\n\n\n\n<h2 class=\"wp-block-heading\" id=\"h-conclus-o\">\ud83c\udfc1 Conclus\u00e3o<\/h2>\n\n\n\n<p>Um <strong>Crach\u00e1 Equipe de M\u00eddia para Igreja \u2013 Identifica\u00e7\u00e3o Personalizada com Nome e Foto<\/strong> \u00e9 um investimento estrat\u00e9gico. Ele favorece a comunica\u00e7\u00e3o, valoriza o minist\u00e9rio, evita confus\u00f5es e passa uma imagem de organiza\u00e7\u00e3o.<\/p>\n\n\n\n<p>Se voc\u00ea quer que sua igreja tenha essa identidade forte, <strong>fa\u00e7a seu pedido agora<\/strong> na DogTagClan:<br>\ud83d\udd17 <a href=\"https:\/\/dogtagclan.com.br\/departamento\/adicionais\/crachas-personalizados\">Compre aqui<\/a><\/p>\n","protected":false},"excerpt":{"rendered":"<p>Se voc\u00ea \u00e9 parte de uma igreja que valoriza organiza\u00e7\u00e3o, visibilidade e profissionalismo, o Crach\u00e1 Equipe de M\u00eddia para Igreja<\/p>\n","protected":false},"author":1,"featured_media":4764,"comment_status":"open","ping_status":"open","sticky":false,"template":"","format":"standard","meta":{"footnotes":""},"categories":[557,554],"tags":[],"yoast_head":"<!-- This site is optimized with the Yoast SEO Premium plugin v15.5 - https:\/\/yoast.com\/wordpress\/plugins\/seo\/ -->\n<title>\ud83c\udff7\ufe0f Crach\u00e1 Equipe de M\u00eddia para Igreja \u2013 Identifica\u00e7\u00e3o Personalizada com Nome e Foto | DogTagClan Blog<\/title>\n<meta name=\"description\" content=\"Se voc\u00ea \u00e9 parte de uma igreja que valoriza organiza\u00e7\u00e3o, visibilidade e profissionalismo, o Crach\u00e1 Equipe de M\u00eddia para Igreja \u00e9 uma ferramenta essencial. Ele\" \/>\n<meta name=\"robots\" content=\"index, follow, max-snippet:-1, max-image-preview:large, max-video-preview:-1\" \/>\n<link rel=\"canonical\" href=\"https:\/\/dogtagclan.com.br\/blog\/\ud83c\udff7\ufe0f-cracha-equipe-de-midia-para-igreja-identificacao-personalizada-com-nome-e-foto\/\" \/>\n<meta property=\"og:locale\" content=\"pt_BR\" \/>\n<meta property=\"og:type\" content=\"article\" \/>\n<meta property=\"og:title\" content=\"\ud83c\udff7\ufe0f Crach\u00e1 Equipe de M\u00eddia para Igreja \u2013 Identifica\u00e7\u00e3o Personalizada com Nome e Foto | DogTagClan Blog\" \/>\n<meta property=\"og:description\" content=\"Se voc\u00ea \u00e9 parte de uma igreja que valoriza organiza\u00e7\u00e3o, visibilidade e profissionalismo, o Crach\u00e1 Equipe de M\u00eddia para Igreja \u00e9 uma ferramenta essencial. Ele\" \/>\n<meta property=\"og:url\" content=\"https:\/\/dogtagclan.com.br\/blog\/\ud83c\udff7\ufe0f-cracha-equipe-de-midia-para-igreja-identificacao-personalizada-com-nome-e-foto\/\" \/>\n<meta property=\"og:site_name\" content=\"DogTagClan Blog\" \/>\n<meta property=\"article:publisher\" content=\"https:\/\/www.facebook.com\/dogtagclan\" \/>\n<meta property=\"article:author\" content=\"https:\/\/www.facebook.com\/dogtagclan\" \/>\n<meta property=\"article:published_time\" content=\"2025-10-02T22:46:01+00:00\" \/>\n<meta property=\"article:modified_time\" content=\"2026-02-17T11:26:19+00:00\" \/>\n<meta property=\"og:image\" content=\"https:\/\/dogtagclan.com.br\/blog\/wp-content\/uploads\/2025\/10\/post-1.jpg\" \/>\n\t<meta property=\"og:image:width\" content=\"1024\" \/>\n\t<meta property=\"og:image:height\" content=\"1024\" \/>\n<meta name=\"twitter:card\" content=\"summary_large_image\" \/>\n<meta name=\"twitter:creator\" content=\"@https:\/\/x.com\/Dogtagclanclan\" \/>\n<meta name=\"twitter:label1\" content=\"Est. tempo de leitura\">\n\t<meta name=\"twitter:data1\" content=\"2 minutos\">\n<script type=\"application\/ld+json\" class=\"yoast-schema-graph\">{\"@context\":\"https:\/\/schema.org\",\"@graph\":[{\"@type\":\"Organization\",\"@id\":\"https:\/\/dogtagclan.com.br\/blog\/#organization\",\"name\":\"DogTagClan | Dog Tags, Crach\\u00e1s e Acess\\u00f3rios Personalizados\",\"url\":\"https:\/\/dogtagclan.com.br\/blog\/\",\"sameAs\":[\"https:\/\/www.facebook.com\/dogtagclan\"],\"logo\":{\"@type\":\"ImageObject\",\"@id\":\"https:\/\/dogtagclan.com.br\/blog\/#logo\",\"inLanguage\":\"pt-BR\",\"url\":\"https:\/\/dogtagclan.com.br\/blog\/wp-content\/uploads\/2023\/02\/cropped-doftagclan-logo.png\",\"width\":250,\"height\":140,\"caption\":\"DogTagClan | Dog Tags, Crach\\u00e1s e Acess\\u00f3rios Personalizados\"},\"image\":{\"@id\":\"https:\/\/dogtagclan.com.br\/blog\/#logo\"}},{\"@type\":\"WebSite\",\"@id\":\"https:\/\/dogtagclan.com.br\/blog\/#website\",\"url\":\"https:\/\/dogtagclan.com.br\/blog\/\",\"name\":\"DogTagClan Blog\",\"description\":\"A gente faz, do seu Jeito\",\"publisher\":{\"@id\":\"https:\/\/dogtagclan.com.br\/blog\/#organization\"},\"potentialAction\":[{\"@type\":\"SearchAction\",\"target\":\"https:\/\/dogtagclan.com.br\/blog\/?s={search_term_string}\",\"query-input\":\"required name=search_term_string\"}],\"inLanguage\":\"pt-BR\"},{\"@type\":\"ImageObject\",\"@id\":\"https:\/\/dogtagclan.com.br\/blog\/%f0%9f%8f%b7%ef%b8%8f-cracha-equipe-de-midia-para-igreja-identificacao-personalizada-com-nome-e-foto\/#primaryimage\",\"inLanguage\":\"pt-BR\",\"url\":\"https:\/\/dogtagclan.com.br\/blog\/wp-content\/uploads\/2025\/10\/post-1.jpg\",\"width\":1024,\"height\":1024,\"caption\":\"Crach\\u00e1 exclusivo para equipe de m\\u00eddia da igreja, com nome, foto e QR Code para identifica\\u00e7\\u00e3o r\\u00e1pida.\"},{\"@type\":\"WebPage\",\"@id\":\"https:\/\/dogtagclan.com.br\/blog\/%f0%9f%8f%b7%ef%b8%8f-cracha-equipe-de-midia-para-igreja-identificacao-personalizada-com-nome-e-foto\/#webpage\",\"url\":\"https:\/\/dogtagclan.com.br\/blog\/%f0%9f%8f%b7%ef%b8%8f-cracha-equipe-de-midia-para-igreja-identificacao-personalizada-com-nome-e-foto\/\",\"name\":\"\\ud83c\\udff7\\ufe0f Crach\\u00e1 Equipe de M\\u00eddia para Igreja \\u2013 Identifica\\u00e7\\u00e3o Personalizada com Nome e Foto | DogTagClan Blog\",\"isPartOf\":{\"@id\":\"https:\/\/dogtagclan.com.br\/blog\/#website\"},\"primaryImageOfPage\":{\"@id\":\"https:\/\/dogtagclan.com.br\/blog\/%f0%9f%8f%b7%ef%b8%8f-cracha-equipe-de-midia-para-igreja-identificacao-personalizada-com-nome-e-foto\/#primaryimage\"},\"datePublished\":\"2025-10-02T22:46:01+00:00\",\"dateModified\":\"2026-02-17T11:26:19+00:00\",\"description\":\"Se voc\\u00ea \\u00e9 parte de uma igreja que valoriza organiza\\u00e7\\u00e3o, visibilidade e profissionalismo, o Crach\\u00e1 Equipe de M\\u00eddia para Igreja \\u00e9 uma ferramenta essencial. Ele\",\"inLanguage\":\"pt-BR\",\"potentialAction\":[{\"@type\":\"ReadAction\",\"target\":[\"https:\/\/dogtagclan.com.br\/blog\/%f0%9f%8f%b7%ef%b8%8f-cracha-equipe-de-midia-para-igreja-identificacao-personalizada-com-nome-e-foto\/\"]}]},{\"@type\":\"Article\",\"@id\":\"https:\/\/dogtagclan.com.br\/blog\/%f0%9f%8f%b7%ef%b8%8f-cracha-equipe-de-midia-para-igreja-identificacao-personalizada-com-nome-e-foto\/#article\",\"isPartOf\":{\"@id\":\"https:\/\/dogtagclan.com.br\/blog\/%f0%9f%8f%b7%ef%b8%8f-cracha-equipe-de-midia-para-igreja-identificacao-personalizada-com-nome-e-foto\/#webpage\"},\"author\":{\"@id\":\"https:\/\/dogtagclan.com.br\/blog\/#\/schema\/person\/b7279d930f15e2a85c89cd3b2f1d8df5\"},\"headline\":\"\\ud83c\\udff7\\ufe0f Crach\\u00e1 Equipe de M\\u00eddia para Igreja \\u2013 Identifica\\u00e7\\u00e3o Personalizada com Nome e Foto\",\"datePublished\":\"2025-10-02T22:46:01+00:00\",\"dateModified\":\"2026-02-17T11:26:19+00:00\",\"mainEntityOfPage\":{\"@id\":\"https:\/\/dogtagclan.com.br\/blog\/%f0%9f%8f%b7%ef%b8%8f-cracha-equipe-de-midia-para-igreja-identificacao-personalizada-com-nome-e-foto\/#webpage\"},\"commentCount\":0,\"publisher\":{\"@id\":\"https:\/\/dogtagclan.com.br\/blog\/#organization\"},\"image\":{\"@id\":\"https:\/\/dogtagclan.com.br\/blog\/%f0%9f%8f%b7%ef%b8%8f-cracha-equipe-de-midia-para-igreja-identificacao-personalizada-com-nome-e-foto\/#primaryimage\"},\"articleSection\":\"Crach\\u00e1 de Identifica\\u00e7\\u00e3o,Crachas e broches personalizados\",\"inLanguage\":\"pt-BR\",\"potentialAction\":[{\"@type\":\"CommentAction\",\"name\":\"Comment\",\"target\":[\"https:\/\/dogtagclan.com.br\/blog\/%f0%9f%8f%b7%ef%b8%8f-cracha-equipe-de-midia-para-igreja-identificacao-personalizada-com-nome-e-foto\/#respond\"]}]},{\"@type\":\"Person\",\"@id\":\"https:\/\/dogtagclan.com.br\/blog\/#\/schema\/person\/b7279d930f15e2a85c89cd3b2f1d8df5\",\"name\":\"dogtagclan\",\"description\":\"\\\"A DogTagClan \\u00e9 especializada na fabrica\\u00e7\\u00e3o e personaliza\\u00e7\\u00e3o de Dog Tags, crach\\u00e1s e acess\\u00f3rios. Produzimos pe\\u00e7as em a\\u00e7o inoxid\\u00e1vel com grava\\u00e7\\u00f5es de alta precis\\u00e3o para identifica\\u00e7\\u00e3o pessoal e profissional.\\\"\",\"sameAs\":[\"https:\/\/blog.dogtagclan.com.br\",\"https:\/\/www.facebook.com\/dogtagclan\",\"https:\/\/www.instagram.com\/dogtagclan\",\"https:\/\/twitter.com\/https:\/\/x.com\/Dogtagclanclan\",\"https:\/\/www.youtube.com\/dogtagclan\"]}]}<\/script>\n<!-- \/ Yoast SEO Premium plugin. -->","_links":{"self":[{"href":"https:\/\/dogtagclan.com.br\/blog\/wp-json\/wp\/v2\/posts\/4763"}],"collection":[{"href":"https:\/\/dogtagclan.com.br\/blog\/wp-json\/wp\/v2\/posts"}],"about":[{"href":"https:\/\/dogtagclan.com.br\/blog\/wp-json\/wp\/v2\/types\/post"}],"author":[{"embeddable":true,"href":"https:\/\/dogtagclan.com.br\/blog\/wp-json\/wp\/v2\/users\/1"}],"replies":[{"embeddable":true,"href":"https:\/\/dogtagclan.com.br\/blog\/wp-json\/wp\/v2\/comments?post=4763"}],"version-history":[{"count":1,"href":"https:\/\/dogtagclan.com.br\/blog\/wp-json\/wp\/v2\/posts\/4763\/revisions"}],"predecessor-version":[{"id":6091,"href":"https:\/\/dogtagclan.com.br\/blog\/wp-json\/wp\/v2\/posts\/4763\/revisions\/6091"}],"wp:featuredmedia":[{"embeddable":true,"href":"https:\/\/dogtagclan.com.br\/blog\/wp-json\/wp\/v2\/media\/4764"}],"wp:attachment":[{"href":"https:\/\/dogtagclan.com.br\/blog\/wp-json\/wp\/v2\/media?parent=4763"}],"wp:term":[{"taxonomy":"category","embeddable":true,"href":"https:\/\/dogtagclan.com.br\/blog\/wp-json\/wp\/v2\/categories?post=4763"},{"taxonomy":"post_tag","embeddable":true,"href":"https:\/\/dogtagclan.com.br\/blog\/wp-json\/wp\/v2\/tags?post=4763"}],"curies":[{"name":"wp","href":"https:\/\/api.w.org\/{rel}","templated":true}]}}