{"id":4688,"date":"2025-09-21T12:18:32","date_gmt":"2025-09-21T15:18:32","guid":{"rendered":"https:\/\/dogtagclan.com.br\/blog\/?p=4688"},"modified":"2026-02-11T07:49:42","modified_gmt":"2026-02-11T10:49:42","slug":"%f0%9f%aa%aa-cracha-doenca-de-parkinson-cordao-tulipa-vermelha-com-qr-code","status":"publish","type":"post","link":"https:\/\/dogtagclan.com.br\/blog\/%f0%9f%aa%aa-cracha-doenca-de-parkinson-cordao-tulipa-vermelha-com-qr-code\/","title":{"rendered":"\ud83e\udeaa Crach\u00e1 Doen\u00e7a de Parkinson \u2013 Cord\u00e3o Tulipa Vermelha com QR Code"},"content":{"rendered":"\n<p>As pessoas diagnosticadas com Doen\u00e7a de Parkinson enfrentam desafios di\u00e1rios que v\u00e3o muito al\u00e9m dos sintomas motores. Tremores, rigidez muscular e lentid\u00e3o nos movimentos podem variar ao longo do dia \u2014 e, em muitos momentos, n\u00e3o s\u00e3o facilmente percept\u00edveis por quem est\u00e1 ao redor.<\/p>\n\n\n\n<p>Essa caracter\u00edstica \u201cinvis\u00edvel\u201d da condi\u00e7\u00e3o pode dificultar a compreens\u00e3o social e atrasar atendimentos em situa\u00e7\u00f5es que exigem agilidade, acolhimento e aten\u00e7\u00e3o especial.<\/p>\n\n\n\n<p>Nesse cen\u00e1rio, ganhou for\u00e7a a utiliza\u00e7\u00e3o da <strong>Tulipa Vermelha<\/strong>, s\u00edmbolo internacional de conscientiza\u00e7\u00e3o sobre a Doen\u00e7a de Parkinson. Em alguns munic\u00edpios brasileiros, iniciativas locais j\u00e1 reconheceram oficialmente o s\u00edmbolo como forma de identifica\u00e7\u00e3o e sensibiliza\u00e7\u00e3o social, inspirado em modelos internacionais e tamb\u00e9m no j\u00e1 conhecido Cord\u00e3o Girassol, utilizado para defici\u00eancias ocultas.<\/p>\n\n\n\n<p>O objetivo da identifica\u00e7\u00e3o com a tulipa vermelha \u00e9 simples e humano:<br>facilitar o reconhecimento da condi\u00e7\u00e3o, promover empatia, reduzir constrangimentos e incentivar suporte adequado em espa\u00e7os p\u00fablicos e privados.<\/p>\n\n\n\n<p>Pensando em tornar esse recurso ainda mais funcional e seguro, a DogTagClan desenvolveu o <strong>Crach\u00e1 Doen\u00e7a de Parkinson \u2013 Cord\u00e3o Tulipa Vermelha com QR Code<\/strong>.<\/p>\n\n\n\n<p>O modelo permite identifica\u00e7\u00e3o clara, personalizada e discreta, podendo incluir:<\/p>\n\n\n\n<p>\u2022 Nome<br>\u2022 Foto<br>\u2022 Contato de emerg\u00eancia<br>\u2022 Informa\u00e7\u00e3o sobre a condi\u00e7\u00e3o<br>\u2022 QR Code com laudo ou dados m\u00e9dicos complementares<\/p>\n\n\n\n<p>Assim, al\u00e9m do s\u00edmbolo visual, a pessoa passa a contar com uma ferramenta pr\u00e1tica de identifica\u00e7\u00e3o que pode auxiliar em emerg\u00eancias, atendimentos priorit\u00e1rios e situa\u00e7\u00f5es que exigem comunica\u00e7\u00e3o r\u00e1pida.<\/p>\n\n\n\n<figure class=\"wp-block-image size-large is-resized\"><img decoding=\"async\" width=\"1024\" height=\"819\" src=\"https:\/\/dogtagclan.com.br\/blog\/wp-content\/uploads\/2025\/09\/PARKINSONSDF-1024x819.jpg\" alt=\"Crach\u00e1 Doen\u00e7a de Parkinson \u2013 Cord\u00e3o Tulipa Vermelha com QR Code personalizado\" class=\"wp-image-4689\" style=\"width:300px;height:auto\" srcset=\"https:\/\/dogtagclan.com.br\/blog\/wp-content\/uploads\/2025\/09\/PARKINSONSDF-1024x819.jpg 1024w, https:\/\/dogtagclan.com.br\/blog\/wp-content\/uploads\/2025\/09\/PARKINSONSDF-300x240.jpg 300w, https:\/\/dogtagclan.com.br\/blog\/wp-content\/uploads\/2025\/09\/PARKINSONSDF-768x614.jpg 768w, https:\/\/dogtagclan.com.br\/blog\/wp-content\/uploads\/2025\/09\/PARKINSONSDF-150x120.jpg 150w, https:\/\/dogtagclan.com.br\/blog\/wp-content\/uploads\/2025\/09\/PARKINSONSDF.jpg 1328w\" sizes=\"(max-width: 1024px) 100vw, 1024px\" \/><figcaption class=\"wp-element-caption\">Crach\u00e1 de Identifica\u00e7\u00e3o para Doen\u00e7a de Parkinson com s\u00edmbolo da Tulipa Vermelha, QR Code e dados personalizados. Produzido pela DogTagClan.<\/figcaption><\/figure>\n\n\n\n<hr class=\"wp-block-separator has-alpha-channel-opacity\"\/>\n\n\n\n<h2 class=\"wp-block-heading\" id=\"h-por-que-usar-o-crach-de-identifica-o-para-parkinson\"> Por que usar o Crach\u00e1 de Identifica\u00e7\u00e3o para Parkinson?<\/h2>\n\n\n\n<p>\u2714 <strong>Identifica\u00e7\u00e3o imediata<\/strong> \u2013 O crach\u00e1 traz a tulipa vermelha, s\u00edmbolo oficial da conscientiza\u00e7\u00e3o sobre o Parkinson, reconhecido em v\u00e1rias cidades brasileiras.<br>\u2714 <strong>Apoio em emerg\u00eancias<\/strong> \u2013 Com o QR Code gravado, \u00e9 poss\u00edvel incluir laudos m\u00e9dicos, contatos de emerg\u00eancia e informa\u00e7\u00f5es importantes para atendimentos r\u00e1pidos e precisos.<br>\u2714 <strong>Atendimento preferencial<\/strong> \u2013 Em filas, hospitais, transportes e servi\u00e7os p\u00fablicos, o crach\u00e1 ajuda a garantir <strong>compreens\u00e3o e prioridade<\/strong>.<br>\u2714 <strong>Empatia e inclus\u00e3o<\/strong> \u2013 Facilita o conv\u00edvio social, reduz constrangimentos e promove conscientiza\u00e7\u00e3o sobre a doen\u00e7a.<\/p>\n\n\n\n<hr class=\"wp-block-separator has-alpha-channel-opacity\"\/>\n\n\n\n<h2 class=\"wp-block-heading\" id=\"h-destaques-do-crach-dogtagclan\">\ud83d\udccc Destaques do Crach\u00e1 DogTagClan<\/h2>\n\n\n\n<ul>\n<li><strong>Tamanho padr\u00e3o<\/strong>: 8,6 cm x 5,5 cm | Espessura 0,76 mm<\/li>\n\n\n\n<li><strong>Material premium<\/strong>: r\u00edgido, dur\u00e1vel e resistente ao uso di\u00e1rio<\/li>\n\n\n\n<li><strong>Personaliza\u00e7\u00e3o completa<\/strong>: Nome, foto, CID, tipo sangu\u00edneo e telefone de emerg\u00eancia<\/li>\n\n\n\n<li><strong>QR Code exclusivo<\/strong>: gera acesso direto a laudos m\u00e9dicos, contatos de familiares ou informa\u00e7\u00f5es essenciais<\/li>\n\n\n\n<li><strong>Cord\u00e3o de apoio<\/strong>: acompanha <strong>Cord\u00e3o Girassol com trava de seguran\u00e7a<\/strong>, at\u00e9 que o cord\u00e3o oficial da tulipa vermelha esteja dispon\u00edvel em larga escala<\/li>\n\n\n\n<li><strong>Frase de conscientiza\u00e7\u00e3o opcional<\/strong>:<br>\u201cEsta pessoa convive com a Doen\u00e7a de Parkinson. Compreens\u00e3o, empatia e apoio s\u00e3o fundamentais.\u201d<\/li>\n<\/ul>\n\n\n\n<figure class=\"wp-block-image size-full\"><img decoding=\"async\" width=\"500\" height=\"500\" src=\"https:\/\/dogtagclan.com.br\/blog\/wp-content\/uploads\/2025\/09\/PARKSON23.jpg\" alt=\"vCrach\u00e1 Doen\u00e7a de Parkinson \u2013 Cord\u00e3o Tulipa Vermelha com QR Code personalizado\" class=\"wp-image-4690\" srcset=\"https:\/\/dogtagclan.com.br\/blog\/wp-content\/uploads\/2025\/09\/PARKSON23.jpg 500w, https:\/\/dogtagclan.com.br\/blog\/wp-content\/uploads\/2025\/09\/PARKSON23-300x300.jpg 300w, https:\/\/dogtagclan.com.br\/blog\/wp-content\/uploads\/2025\/09\/PARKSON23-150x150.jpg 150w, https:\/\/dogtagclan.com.br\/blog\/wp-content\/uploads\/2025\/09\/PARKSON23-96x96.jpg 96w\" sizes=\"(max-width: 500px) 100vw, 500px\" \/><figcaption class=\"wp-element-caption\">Crach\u00e1 de Identifica\u00e7\u00e3o para Doen\u00e7a de Parkinson com s\u00edmbolo da Tulipa Vermelha, QR Code e dados personalizados. Produzido pela DogTagClan.<\/figcaption><\/figure>\n\n\n\n<hr class=\"wp-block-separator has-alpha-channel-opacity\"\/>\n\n\n\n<h2 class=\"wp-block-heading\" id=\"h-o-que-voc-recebe\"> O que voc\u00ea recebe<\/h2>\n\n\n\n<p>\u2714 01 Crach\u00e1 personalizado com Nome, Foto, CID e QR Code<br>\u2714 01 Cord\u00e3o Girassol com trava de seguran\u00e7a (48x2cm fechado | 85x2cm aberto)<br>\u2714 01 Porta-crach\u00e1 r\u00edgido e resistente<\/p>\n\n\n\n<hr class=\"wp-block-separator has-alpha-channel-opacity\"\/>\n\n\n\n<h2 class=\"wp-block-heading\" id=\"h-como-funciona-o-qr-code\"> Como funciona o QR Code<\/h2>\n\n\n\n<p>A DogTagClan oferece a op\u00e7\u00e3o de gravar um <strong>QR Code \u00fanico<\/strong> em seu crach\u00e1. Ele pode armazenar:<\/p>\n\n\n\n<ul>\n<li>Laudos m\u00e9dicos em PDF<\/li>\n\n\n\n<li>Contatos de familiares ou cuidadores<\/li>\n\n\n\n<li>Dados cl\u00ednicos essenciais (CID, tipo sangu\u00edneo, alergias)<\/li>\n\n\n\n<li>P\u00e1gina exclusiva em nuvem com as informa\u00e7\u00f5es autorizadas pelo usu\u00e1rio<\/li>\n<\/ul>\n\n\n\n<p> Basta enviar o arquivo ou link para nossa equipe, e n\u00f3s geramos o QR Code seguro e exclusivo.<\/p>\n\n\n\n<hr class=\"wp-block-separator has-alpha-channel-opacity\"\/>\n\n\n\n<h2 class=\"wp-block-heading\" id=\"h-contexto-legal-cord-o-tulipa-vermelha\"> Contexto Legal \u2013 Cord\u00e3o Tulipa Vermelha<\/h2>\n\n\n\n<p>O Cord\u00e3o Tulipa Vermelha foi reconhecido no munic\u00edpio de Itabirito (MG), por meio da Lei n\u00ba 4.344\/2025, como instrumento auxiliar de orienta\u00e7\u00e3o e identifica\u00e7\u00e3o de pessoas com Doen\u00e7a de Parkinson.<\/p>\n\n\n\n<p>A legisla\u00e7\u00e3o municipal estabelece diretrizes para conscientiza\u00e7\u00e3o e orienta\u00e7\u00e3o quanto ao reconhecimento do s\u00edmbolo, incentivando que estabelecimentos p\u00fablicos e privados estejam preparados para oferecer atendimento mais atento e humanizado \u00e0s pessoas que o utilizam.<\/p>\n\n\n\n<p>\u00c9 importante destacar que o uso do cord\u00e3o \u00e9 facultativo \u2014 ou seja, n\u00e3o \u00e9 obrigat\u00f3rio \u2014 e sua ado\u00e7\u00e3o funciona como um recurso de identifica\u00e7\u00e3o e sensibiliza\u00e7\u00e3o social.<\/p>\n\n\n\n<p>Na pr\u00e1tica, ele atua como um sinal de empatia, facilitando a compreens\u00e3o da condi\u00e7\u00e3o e contribuindo para um atendimento mais adequado em ambientes p\u00fablicos, m\u00e9dicos e institucionais.<\/p>\n\n\n\n<hr class=\"wp-block-separator has-alpha-channel-opacity\"\/>\n\n\n\n<h2 class=\"wp-block-heading\" id=\"h-quem-deve-usar-o-crach\">\ud83c\udf81 Quem deve usar o crach\u00e1?<\/h2>\n\n\n\n<p>\ud83d\udccd Pessoas diagnosticadas com <strong>Doen\u00e7a de Parkinson<\/strong><br>\ud83d\udccd <strong>Familiares e cuidadores<\/strong>, para facilitar identifica\u00e7\u00e3o em emerg\u00eancias<br>\ud83d\udccd <strong>Hospitais, cl\u00ednicas e centros de reabilita\u00e7\u00e3o<\/strong> que desejam padronizar identifica\u00e7\u00f5es<br>\ud83d\udccd Pacientes em <strong>transporte p\u00fablico, filas ou viagens<\/strong>, garantindo suporte r\u00e1pido<\/p>\n\n\n\n<hr class=\"wp-block-separator has-alpha-channel-opacity\"\/>\n\n\n\n<h2 class=\"wp-block-heading\" id=\"h-conclus-o\">\ud83d\ude80 Conclus\u00e3o<\/h2>\n\n\n\n<p>O <strong>Crach\u00e1 Doen\u00e7a de Parkinson \u2013 Cord\u00e3o Tulipa Vermelha com QR Code<\/strong> n\u00e3o \u00e9 apenas um item de identifica\u00e7\u00e3o. Ele \u00e9 uma <strong>ferramenta de empatia, seguran\u00e7a e inclus\u00e3o<\/strong>, capaz de transformar a forma como pessoas com Parkinson s\u00e3o compreendidas e atendidas no dia a dia.<\/p>\n\n\n\n<p>\ud83d\udc49 Garanta j\u00e1 o seu crach\u00e1 personalizado na DogTagClan:<br>\ud83d\udd17 <a href=\"https:\/\/dogtagclan.com.br\/departamento\/adicionais\/crachas-de-identificacao\">Compre aqui seu Crach\u00e1 Doen\u00e7a de Parkinson<\/a><br>\ud83d\udcf2 Atendimento humano via WhatsApp: <a>Clique aqui<\/a><\/p>\n","protected":false},"excerpt":{"rendered":"<p>As pessoas diagnosticadas com Doen\u00e7a de Parkinson enfrentam desafios di\u00e1rios que v\u00e3o muito al\u00e9m dos sintomas motores. Tremores, rigidez muscular<\/p>\n","protected":false},"author":1,"featured_media":4689,"comment_status":"open","ping_status":"open","sticky":false,"template":"","format":"standard","meta":{"footnotes":""},"categories":[554,557],"tags":[],"yoast_head":"<!-- This site is optimized with the Yoast SEO Premium plugin v15.5 - https:\/\/yoast.com\/wordpress\/plugins\/seo\/ -->\n<title>\ud83e\udeaa Crach\u00e1 Doen\u00e7a de Parkinson \u2013 Cord\u00e3o Tulipa Vermelha com QR Code | DogTagClan Blog<\/title>\n<meta name=\"description\" content=\"Dogtagclan \u00e9 fabricante de dog tag placas de identifica\u00e7\u00e3o com corrente de bolinha em a\u00e7o inox, Gravamos com seus dados e logo totalmente personalizadas desde 2015\" \/>\n<meta name=\"robots\" content=\"index, follow, max-snippet:-1, max-image-preview:large, max-video-preview:-1\" \/>\n<link rel=\"canonical\" href=\"https:\/\/dogtagclan.com.br\/blog\/\ud83e\udeaa-cracha-doenca-de-parkinson-cordao-tulipa-vermelha-com-qr-code\/\" \/>\n<meta property=\"og:locale\" content=\"pt_BR\" \/>\n<meta property=\"og:type\" content=\"article\" \/>\n<meta property=\"og:title\" content=\"\ud83e\udeaa Crach\u00e1 Doen\u00e7a de Parkinson \u2013 Cord\u00e3o Tulipa Vermelha com QR Code | DogTagClan Blog\" \/>\n<meta property=\"og:description\" content=\"Dogtagclan \u00e9 fabricante de dog tag placas de identifica\u00e7\u00e3o com corrente de bolinha em a\u00e7o inox, Gravamos com seus dados e logo totalmente personalizadas desde 2015\" \/>\n<meta property=\"og:url\" content=\"https:\/\/dogtagclan.com.br\/blog\/\ud83e\udeaa-cracha-doenca-de-parkinson-cordao-tulipa-vermelha-com-qr-code\/\" \/>\n<meta property=\"og:site_name\" content=\"DogTagClan Blog\" \/>\n<meta property=\"article:publisher\" content=\"https:\/\/www.facebook.com\/dogtagclan\" \/>\n<meta property=\"article:author\" content=\"https:\/\/www.facebook.com\/dogtagclan\" \/>\n<meta property=\"article:published_time\" content=\"2025-09-21T15:18:32+00:00\" \/>\n<meta property=\"article:modified_time\" content=\"2026-02-11T10:49:42+00:00\" \/>\n<meta property=\"og:image\" content=\"https:\/\/dogtagclan.com.br\/blog\/wp-content\/uploads\/2025\/09\/PARKINSONSDF.jpg\" \/>\n\t<meta property=\"og:image:width\" content=\"1328\" \/>\n\t<meta property=\"og:image:height\" content=\"1062\" \/>\n<meta name=\"twitter:card\" content=\"summary_large_image\" \/>\n<meta name=\"twitter:creator\" content=\"@https:\/\/x.com\/Dogtagclanclan\" \/>\n<meta name=\"twitter:label1\" content=\"Est. tempo de leitura\">\n\t<meta name=\"twitter:data1\" content=\"4 minutos\">\n<script type=\"application\/ld+json\" class=\"yoast-schema-graph\">{\"@context\":\"https:\/\/schema.org\",\"@graph\":[{\"@type\":\"Organization\",\"@id\":\"https:\/\/dogtagclan.com.br\/blog\/#organization\",\"name\":\"DogTagClan | Dog Tags, Crach\\u00e1s e Acess\\u00f3rios Personalizados\",\"url\":\"https:\/\/dogtagclan.com.br\/blog\/\",\"sameAs\":[\"https:\/\/www.facebook.com\/dogtagclan\"],\"logo\":{\"@type\":\"ImageObject\",\"@id\":\"https:\/\/dogtagclan.com.br\/blog\/#logo\",\"inLanguage\":\"pt-BR\",\"url\":\"https:\/\/dogtagclan.com.br\/blog\/wp-content\/uploads\/2023\/02\/cropped-doftagclan-logo.png\",\"width\":250,\"height\":140,\"caption\":\"DogTagClan | Dog Tags, Crach\\u00e1s e Acess\\u00f3rios Personalizados\"},\"image\":{\"@id\":\"https:\/\/dogtagclan.com.br\/blog\/#logo\"}},{\"@type\":\"WebSite\",\"@id\":\"https:\/\/dogtagclan.com.br\/blog\/#website\",\"url\":\"https:\/\/dogtagclan.com.br\/blog\/\",\"name\":\"DogTagClan Blog\",\"description\":\"A gente faz, do seu Jeito\",\"publisher\":{\"@id\":\"https:\/\/dogtagclan.com.br\/blog\/#organization\"},\"potentialAction\":[{\"@type\":\"SearchAction\",\"target\":\"https:\/\/dogtagclan.com.br\/blog\/?s={search_term_string}\",\"query-input\":\"required name=search_term_string\"}],\"inLanguage\":\"pt-BR\"},{\"@type\":\"ImageObject\",\"@id\":\"https:\/\/dogtagclan.com.br\/blog\/%f0%9f%aa%aa-cracha-doenca-de-parkinson-cordao-tulipa-vermelha-com-qr-code\/#primaryimage\",\"inLanguage\":\"pt-BR\",\"url\":\"https:\/\/dogtagclan.com.br\/blog\/wp-content\/uploads\/2025\/09\/PARKINSONSDF.jpg\",\"width\":1328,\"height\":1062,\"caption\":\"Crach\\u00e1 de Identifica\\u00e7\\u00e3o para Doen\\u00e7a de Parkinson com s\\u00edmbolo da Tulipa Vermelha, QR Code e dados personalizados. Produzido pela DogTagClan.\"},{\"@type\":\"WebPage\",\"@id\":\"https:\/\/dogtagclan.com.br\/blog\/%f0%9f%aa%aa-cracha-doenca-de-parkinson-cordao-tulipa-vermelha-com-qr-code\/#webpage\",\"url\":\"https:\/\/dogtagclan.com.br\/blog\/%f0%9f%aa%aa-cracha-doenca-de-parkinson-cordao-tulipa-vermelha-com-qr-code\/\",\"name\":\"\\ud83e\\udeaa Crach\\u00e1 Doen\\u00e7a de Parkinson \\u2013 Cord\\u00e3o Tulipa Vermelha com QR Code | DogTagClan Blog\",\"isPartOf\":{\"@id\":\"https:\/\/dogtagclan.com.br\/blog\/#website\"},\"primaryImageOfPage\":{\"@id\":\"https:\/\/dogtagclan.com.br\/blog\/%f0%9f%aa%aa-cracha-doenca-de-parkinson-cordao-tulipa-vermelha-com-qr-code\/#primaryimage\"},\"datePublished\":\"2025-09-21T15:18:32+00:00\",\"dateModified\":\"2026-02-11T10:49:42+00:00\",\"description\":\"Dogtagclan \\u00e9 fabricante de dog tag placas de identifica\\u00e7\\u00e3o com corrente de bolinha em a\\u00e7o inox, Gravamos com seus dados e logo totalmente personalizadas desde 2015\",\"inLanguage\":\"pt-BR\",\"potentialAction\":[{\"@type\":\"ReadAction\",\"target\":[\"https:\/\/dogtagclan.com.br\/blog\/%f0%9f%aa%aa-cracha-doenca-de-parkinson-cordao-tulipa-vermelha-com-qr-code\/\"]}]},{\"@type\":\"Article\",\"@id\":\"https:\/\/dogtagclan.com.br\/blog\/%f0%9f%aa%aa-cracha-doenca-de-parkinson-cordao-tulipa-vermelha-com-qr-code\/#article\",\"isPartOf\":{\"@id\":\"https:\/\/dogtagclan.com.br\/blog\/%f0%9f%aa%aa-cracha-doenca-de-parkinson-cordao-tulipa-vermelha-com-qr-code\/#webpage\"},\"author\":{\"@id\":\"https:\/\/dogtagclan.com.br\/blog\/#\/schema\/person\/b7279d930f15e2a85c89cd3b2f1d8df5\"},\"headline\":\"\\ud83e\\udeaa Crach\\u00e1 Doen\\u00e7a de Parkinson \\u2013 Cord\\u00e3o Tulipa Vermelha com QR Code\",\"datePublished\":\"2025-09-21T15:18:32+00:00\",\"dateModified\":\"2026-02-11T10:49:42+00:00\",\"mainEntityOfPage\":{\"@id\":\"https:\/\/dogtagclan.com.br\/blog\/%f0%9f%aa%aa-cracha-doenca-de-parkinson-cordao-tulipa-vermelha-com-qr-code\/#webpage\"},\"commentCount\":0,\"publisher\":{\"@id\":\"https:\/\/dogtagclan.com.br\/blog\/#organization\"},\"image\":{\"@id\":\"https:\/\/dogtagclan.com.br\/blog\/%f0%9f%aa%aa-cracha-doenca-de-parkinson-cordao-tulipa-vermelha-com-qr-code\/#primaryimage\"},\"articleSection\":\"Crachas e broches personalizados,Crach\\u00e1 de Identifica\\u00e7\\u00e3o\",\"inLanguage\":\"pt-BR\",\"potentialAction\":[{\"@type\":\"CommentAction\",\"name\":\"Comment\",\"target\":[\"https:\/\/dogtagclan.com.br\/blog\/%f0%9f%aa%aa-cracha-doenca-de-parkinson-cordao-tulipa-vermelha-com-qr-code\/#respond\"]}]},{\"@type\":\"Person\",\"@id\":\"https:\/\/dogtagclan.com.br\/blog\/#\/schema\/person\/b7279d930f15e2a85c89cd3b2f1d8df5\",\"name\":\"dogtagclan\",\"description\":\"\\\"A DogTagClan \\u00e9 especializada na fabrica\\u00e7\\u00e3o e personaliza\\u00e7\\u00e3o de Dog Tags, crach\\u00e1s e acess\\u00f3rios. Produzimos pe\\u00e7as em a\\u00e7o inoxid\\u00e1vel com grava\\u00e7\\u00f5es de alta precis\\u00e3o para identifica\\u00e7\\u00e3o pessoal e profissional.\\\"\",\"sameAs\":[\"https:\/\/blog.dogtagclan.com.br\",\"https:\/\/www.facebook.com\/dogtagclan\",\"https:\/\/www.instagram.com\/dogtagclan\",\"https:\/\/twitter.com\/https:\/\/x.com\/Dogtagclanclan\",\"https:\/\/www.youtube.com\/dogtagclan\"]}]}<\/script>\n<!-- \/ Yoast SEO Premium plugin. -->","_links":{"self":[{"href":"https:\/\/dogtagclan.com.br\/blog\/wp-json\/wp\/v2\/posts\/4688"}],"collection":[{"href":"https:\/\/dogtagclan.com.br\/blog\/wp-json\/wp\/v2\/posts"}],"about":[{"href":"https:\/\/dogtagclan.com.br\/blog\/wp-json\/wp\/v2\/types\/post"}],"author":[{"embeddable":true,"href":"https:\/\/dogtagclan.com.br\/blog\/wp-json\/wp\/v2\/users\/1"}],"replies":[{"embeddable":true,"href":"https:\/\/dogtagclan.com.br\/blog\/wp-json\/wp\/v2\/comments?post=4688"}],"version-history":[{"count":1,"href":"https:\/\/dogtagclan.com.br\/blog\/wp-json\/wp\/v2\/posts\/4688\/revisions"}],"predecessor-version":[{"id":5952,"href":"https:\/\/dogtagclan.com.br\/blog\/wp-json\/wp\/v2\/posts\/4688\/revisions\/5952"}],"wp:featuredmedia":[{"embeddable":true,"href":"https:\/\/dogtagclan.com.br\/blog\/wp-json\/wp\/v2\/media\/4689"}],"wp:attachment":[{"href":"https:\/\/dogtagclan.com.br\/blog\/wp-json\/wp\/v2\/media?parent=4688"}],"wp:term":[{"taxonomy":"category","embeddable":true,"href":"https:\/\/dogtagclan.com.br\/blog\/wp-json\/wp\/v2\/categories?post=4688"},{"taxonomy":"post_tag","embeddable":true,"href":"https:\/\/dogtagclan.com.br\/blog\/wp-json\/wp\/v2\/tags?post=4688"}],"curies":[{"name":"wp","href":"https:\/\/api.w.org\/{rel}","templated":true}]}}