{"id":4659,"date":"2025-09-15T12:46:24","date_gmt":"2025-09-15T15:46:24","guid":{"rendered":"https:\/\/dogtagclan.com.br\/blog\/?p=4659"},"modified":"2025-09-15T12:46:25","modified_gmt":"2025-09-15T15:46:25","slug":"%f0%9f%93%8c-pin-bandeira-de-governador-valadares-personalizado-para-voce","status":"publish","type":"post","link":"https:\/\/dogtagclan.com.br\/blog\/%f0%9f%93%8c-pin-bandeira-de-governador-valadares-personalizado-para-voce\/","title":{"rendered":"\ud83d\udccc Pin Bandeira de Governador Valadares \u2013 Personalizado para Voc\u00ea!"},"content":{"rendered":"\n<p>Se voc\u00ea \u00e9 de Governador Valadares ou tem um carinho especial pela cidade, agora pode levar esse orgulho sempre com voc\u00ea atrav\u00e9s do <strong>Pin Bandeira de Governador Valadares<\/strong>, gravado em a\u00e7o inox de alta qualidade e feito sob medida pela <strong>DogTagClan<\/strong>.<\/p>\n\n\n\n<p>Mais do que um simples acess\u00f3rio, esse pin \u00e9 um <strong>s\u00edmbolo de pertencimento, identidade e estilo<\/strong>, ideal para quem deseja expressar sua liga\u00e7\u00e3o com a cidade em eventos, reuni\u00f5es, encontros ou no dia a dia.<\/p>\n\n\n\n<figure class=\"wp-block-image size-full is-resized\"><img decoding=\"async\" width=\"500\" height=\"500\" src=\"https:\/\/dogtagclan.com.br\/blog\/wp-content\/uploads\/2025\/09\/WhatsApp-Image-2025-09-14-at-1d2.49.21-s6.jpeg\" alt=\"\" class=\"wp-image-4661\" style=\"width:98px;height:auto\" srcset=\"https:\/\/dogtagclan.com.br\/blog\/wp-content\/uploads\/2025\/09\/WhatsApp-Image-2025-09-14-at-1d2.49.21-s6.jpeg 500w, https:\/\/dogtagclan.com.br\/blog\/wp-content\/uploads\/2025\/09\/WhatsApp-Image-2025-09-14-at-1d2.49.21-s6-300x300.jpeg 300w, https:\/\/dogtagclan.com.br\/blog\/wp-content\/uploads\/2025\/09\/WhatsApp-Image-2025-09-14-at-1d2.49.21-s6-150x150.jpeg 150w, https:\/\/dogtagclan.com.br\/blog\/wp-content\/uploads\/2025\/09\/WhatsApp-Image-2025-09-14-at-1d2.49.21-s6-96x96.jpeg 96w\" sizes=\"(max-width: 500px) 100vw, 500px\" \/><\/figure>\n\n\n\n<p>\ud83d\udc49 <strong>Compre agora o seu aqui:<\/strong><br>\ud83d\udd17 <a href=\"https:\/\/dogtagclan.com.br\/departamento\/adicionais\/pin-bottom\">Pin Bandeira de Governador Valadares \u2013 DogTagClan<\/a><\/p>\n\n\n\n<hr class=\"wp-block-separator has-alpha-channel-opacity\"\/>\n\n\n\n<h2 class=\"wp-block-heading\" id=\"h-por-que-escolher-um-pin-de-bandeira\">\ud83c\udfaf Por que escolher um Pin de Bandeira?<\/h2>\n\n\n\n<p>Os <strong>pins de lapela<\/strong> sempre foram s\u00edmbolos de representatividade e eleg\u00e2ncia. Quando carregam uma <strong>bandeira<\/strong>, eles transmitem muito mais do que estilo: comunicam <strong>orgulho, hist\u00f3ria e pertencimento<\/strong>.<\/p>\n\n\n\n<p>\u2714\ufe0f <strong>Orgulho regional<\/strong> \u2013 destaque sua liga\u00e7\u00e3o com Governador Valadares.<br>\u2714\ufe0f <strong>Estilo e sofistica\u00e7\u00e3o<\/strong> \u2013 ideal para uniformes, blazers, camisas ou at\u00e9 mochilas.<br>\u2714\ufe0f <strong>Presente marcante<\/strong> \u2013 perfeito para familiares, amigos e colegas de trabalho.<\/p>\n\n\n\n<figure class=\"wp-block-embed is-type-video is-provider-youtube wp-block-embed-youtube wp-embed-aspect-9-16 wp-has-aspect-ratio\"><div class=\"wp-block-embed__wrapper\">\n<iframe title=\"Pin Bandeira de Governador Valadares \u2013 Personalizado para Voc\u00ea!\" width=\"563\" height=\"1000\" src=\"https:\/\/www.youtube.com\/embed\/RPRMlAnVxRs?feature=oembed\" frameborder=\"0\" allow=\"accelerometer; autoplay; clipboard-write; encrypted-media; gyroscope; picture-in-picture; web-share\" referrerpolicy=\"strict-origin-when-cross-origin\" allowfullscreen><\/iframe>\n<\/div><\/figure>\n\n\n\n<hr class=\"wp-block-separator has-alpha-channel-opacity\"\/>\n\n\n\n<h2 class=\"wp-block-heading\" id=\"h-pin-bandeira-de-governador-valadares-detalhes\">\u2728 Pin Bandeira de Governador Valadares \u2013 Detalhes<\/h2>\n\n\n\n<ul>\n<li>\u2705 Produzido em <strong>a\u00e7o inox<\/strong>, resistente e dur\u00e1vel.<\/li>\n\n\n\n<li>\u2705 Gravado com a <strong>bandeira oficial da cidade<\/strong> em alta defini\u00e7\u00e3o.<\/li>\n\n\n\n<li>\u2705 Fixa\u00e7\u00e3o pr\u00e1tica com <strong>alfinete<\/strong>, f\u00e1cil de usar em qualquer ocasi\u00e3o.<\/li>\n\n\n\n<li>\u2705 Tamanho ideal para destacar sem exagerar.<\/li>\n\n\n\n<li>\u2705 Leve, discreto e elegante.<\/li>\n<\/ul>\n\n\n\n<p>\ud83d\udc49 <strong>Pe\u00e7a j\u00e1 o seu e mostre com orgulho sua identidade valadarense!<\/strong><\/p>\n\n\n\n<hr class=\"wp-block-separator has-alpha-channel-opacity\"\/>\n\n\n\n<h2 class=\"wp-block-heading\" id=\"h-e-se-eu-quiser-outra-bandeira\">\ud83c\udf0d E se eu quiser outra bandeira?<\/h2>\n\n\n\n<p>Al\u00e9m da Bandeira de Governador Valadares, a <strong>DogTagClan grava qualquer bandeira que voc\u00ea desejar<\/strong>:<\/p>\n\n\n\n<ul>\n<li>\ud83c\udde7\ud83c\uddf7 <strong>Bandeira do Brasil<\/strong><\/li>\n\n\n\n<li>\ud83c\udff4 <strong>Bandeiras de todos os estados brasileiros<\/strong><\/li>\n\n\n\n<li>\ud83c\udfd9\ufe0f <strong>Bandeiras de cidades<\/strong><\/li>\n\n\n\n<li>\ud83c\udf0e <strong>Bandeiras internacionais<\/strong><\/li>\n<\/ul>\n\n\n\n<p>Basta nos enviar a arte da bandeira que personalizamos o seu pin em a\u00e7o inox.<\/p>\n\n\n\n<hr class=\"wp-block-separator has-alpha-channel-opacity\"\/>\n\n\n\n<h2 class=\"wp-block-heading\" id=\"h-um-pin-muitas-possibilidades\">\ud83c\udf81 Um Pin, Muitas Possibilidades<\/h2>\n\n\n\n<p>\u2714\ufe0f <strong>Presente especial<\/strong> para quem mora em Governador Valadares.<br>\u2714\ufe0f <strong>Acess\u00f3rio de estilo<\/strong> para eventos sociais, religiosos ou profissionais.<br>\u2714\ufe0f <strong>Item de cole\u00e7\u00e3o<\/strong> para quem gosta de s\u00edmbolos regionais.<br>\u2714\ufe0f <strong>Identidade visual<\/strong> para empresas, escolas, clubes ou institui\u00e7\u00f5es.<\/p>\n\n\n\n<hr class=\"wp-block-separator has-alpha-channel-opacity\"\/>\n\n\n\n<h2 class=\"wp-block-heading\" id=\"h-como-comprar-o-seu-pin\">\ud83d\udce6 Como Comprar o Seu Pin?<\/h2>\n\n\n\n<p>\u00c9 simples e r\u00e1pido!<\/p>\n\n\n\n<ol>\n<li>Acesse o link oficial: <a href=\"https:\/\/dogtagclan.com.br\/departamento\/adicionais\/pin-bottom\">Clique aqui para comprar<\/a>.<\/li>\n\n\n\n<li>Escolha a quantidade desejada (temos kits especiais com desconto).<\/li>\n\n\n\n<li>Envie sua arte (caso queira personalizar com outra bandeira).<\/li>\n\n\n\n<li>Receba em sua casa, com envio para todo o Brasil.<\/li>\n<\/ol>\n\n\n\n<p>\ud83d\udcf2 Atendimento r\u00e1pido e humano tamb\u00e9m pelo WhatsApp: <a>clique aqui<\/a><\/p>\n\n\n\n<hr class=\"wp-block-separator has-alpha-channel-opacity\"\/>\n\n\n\n<hr class=\"wp-block-separator has-alpha-channel-opacity\"\/>\n\n\n\n<h2 class=\"wp-block-heading\" id=\"h-conclus-o\">\ud83d\ude80 Conclus\u00e3o<\/h2>\n\n\n\n<p>O <strong>Pin Bandeira de Governador Valadares<\/strong> \u00e9 mais do que um acess\u00f3rio \u2013 \u00e9 uma forma de mostrar sua hist\u00f3ria, suas ra\u00edzes e sua identidade. Elegante, dur\u00e1vel e personaliz\u00e1vel, ele \u00e9 perfeito para quem valoriza <strong>orgulho, estilo e pertencimento<\/strong>.<\/p>\n\n\n\n<p>N\u00e3o espere mais!<br>\ud83d\udc49 Garanta j\u00e1 o seu: <a href=\"https:\/\/dogtagclan.com.br\/departamento\/adicionais\/pin-bottom\">Pin Bandeira \u2013 DogTagClan<\/a><\/p>\n\n\n\n<hr class=\"wp-block-separator has-alpha-channel-opacity\"\/>\n\n\n\n<p><br>Pin Bandeira de Governador Valadares em a\u00e7o inox \u2013 personalizado com a bandeira oficial ou a arte que voc\u00ea enviar. Mostre orgulho e estilo em qualquer ocasi\u00e3o.<\/p>\n","protected":false},"excerpt":{"rendered":"<p>Se voc\u00ea \u00e9 de Governador Valadares ou tem um carinho especial pela cidade, agora pode levar esse orgulho sempre com<\/p>\n","protected":false},"author":1,"featured_media":4660,"comment_status":"open","ping_status":"open","sticky":false,"template":"","format":"standard","meta":{"footnotes":""},"categories":[554,557,13],"tags":[],"yoast_head":"<!-- This site is optimized with the Yoast SEO Premium plugin v15.5 - https:\/\/yoast.com\/wordpress\/plugins\/seo\/ -->\n<title>\ud83d\udccc Pin Bandeira de Governador Valadares \u2013 Personalizado para Voc\u00ea! | DogTagClan Blog<\/title>\n<meta name=\"description\" content=\"Se voc\u00ea \u00e9 de Governador Valadares ou tem um carinho especial pela cidade, agora pode levar esse orgulho sempre com voc\u00ea atrav\u00e9s do Pin Bandeira de Governador Valadares,\" \/>\n<meta name=\"robots\" content=\"index, follow, max-snippet:-1, max-image-preview:large, max-video-preview:-1\" \/>\n<link rel=\"canonical\" href=\"https:\/\/dogtagclan.com.br\/blog\/\ud83d\udccc-pin-bandeira-de-governador-valadares-personalizado-para-voce\/\" \/>\n<meta property=\"og:locale\" content=\"pt_BR\" \/>\n<meta property=\"og:type\" content=\"article\" \/>\n<meta property=\"og:title\" content=\"\ud83d\udccc Pin Bandeira de Governador Valadares \u2013 Personalizado para Voc\u00ea! | DogTagClan Blog\" \/>\n<meta property=\"og:description\" content=\"Se voc\u00ea \u00e9 de Governador Valadares ou tem um carinho especial pela cidade, agora pode levar esse orgulho sempre com voc\u00ea atrav\u00e9s do Pin Bandeira de Governador Valadares,\" \/>\n<meta property=\"og:url\" content=\"https:\/\/dogtagclan.com.br\/blog\/\ud83d\udccc-pin-bandeira-de-governador-valadares-personalizado-para-voce\/\" \/>\n<meta property=\"og:site_name\" content=\"DogTagClan Blog\" \/>\n<meta property=\"article:publisher\" content=\"https:\/\/www.facebook.com\/dogtagclan\" \/>\n<meta property=\"article:author\" content=\"https:\/\/www.facebook.com\/dogtagclan\" \/>\n<meta property=\"article:published_time\" content=\"2025-09-15T15:46:24+00:00\" \/>\n<meta property=\"article:modified_time\" content=\"2025-09-15T15:46:25+00:00\" \/>\n<meta property=\"og:image\" content=\"https:\/\/dogtagclan.com.br\/blog\/wp-content\/uploads\/2025\/09\/WhatsApp-Image-2025-09-14-at-12.49.21-s6.jpeg\" \/>\n\t<meta property=\"og:image:width\" content=\"1024\" \/>\n\t<meta property=\"og:image:height\" content=\"1024\" \/>\n<meta name=\"twitter:card\" content=\"summary_large_image\" \/>\n<meta name=\"twitter:creator\" content=\"@https:\/\/x.com\/Dogtagclanclan\" \/>\n<meta name=\"twitter:label1\" content=\"Est. tempo de leitura\">\n\t<meta name=\"twitter:data1\" content=\"2 minutos\">\n<script type=\"application\/ld+json\" class=\"yoast-schema-graph\">{\"@context\":\"https:\/\/schema.org\",\"@graph\":[{\"@type\":\"Organization\",\"@id\":\"https:\/\/dogtagclan.com.br\/blog\/#organization\",\"name\":\"DogTagClan | Dog Tags, Crach\\u00e1s e Acess\\u00f3rios Personalizados\",\"url\":\"https:\/\/dogtagclan.com.br\/blog\/\",\"sameAs\":[\"https:\/\/www.facebook.com\/dogtagclan\"],\"logo\":{\"@type\":\"ImageObject\",\"@id\":\"https:\/\/dogtagclan.com.br\/blog\/#logo\",\"inLanguage\":\"pt-BR\",\"url\":\"https:\/\/dogtagclan.com.br\/blog\/wp-content\/uploads\/2023\/02\/cropped-doftagclan-logo.png\",\"width\":250,\"height\":140,\"caption\":\"DogTagClan | Dog Tags, Crach\\u00e1s e Acess\\u00f3rios Personalizados\"},\"image\":{\"@id\":\"https:\/\/dogtagclan.com.br\/blog\/#logo\"}},{\"@type\":\"WebSite\",\"@id\":\"https:\/\/dogtagclan.com.br\/blog\/#website\",\"url\":\"https:\/\/dogtagclan.com.br\/blog\/\",\"name\":\"DogTagClan Blog\",\"description\":\"A gente faz, do seu Jeito\",\"publisher\":{\"@id\":\"https:\/\/dogtagclan.com.br\/blog\/#organization\"},\"potentialAction\":[{\"@type\":\"SearchAction\",\"target\":\"https:\/\/dogtagclan.com.br\/blog\/?s={search_term_string}\",\"query-input\":\"required name=search_term_string\"}],\"inLanguage\":\"pt-BR\"},{\"@type\":\"ImageObject\",\"@id\":\"https:\/\/dogtagclan.com.br\/blog\/%f0%9f%93%8c-pin-bandeira-de-governador-valadares-personalizado-para-voce\/#primaryimage\",\"inLanguage\":\"pt-BR\",\"url\":\"https:\/\/dogtagclan.com.br\/blog\/wp-content\/uploads\/2025\/09\/WhatsApp-Image-2025-09-14-at-12.49.21-s6.jpeg\",\"width\":1024,\"height\":1024,\"caption\":\"Pin de lapela com a bandeira oficial de Governador Valadares. Perfeito para eventos, uniformes e presentes.\"},{\"@type\":\"WebPage\",\"@id\":\"https:\/\/dogtagclan.com.br\/blog\/%f0%9f%93%8c-pin-bandeira-de-governador-valadares-personalizado-para-voce\/#webpage\",\"url\":\"https:\/\/dogtagclan.com.br\/blog\/%f0%9f%93%8c-pin-bandeira-de-governador-valadares-personalizado-para-voce\/\",\"name\":\"\\ud83d\\udccc Pin Bandeira de Governador Valadares \\u2013 Personalizado para Voc\\u00ea! | DogTagClan Blog\",\"isPartOf\":{\"@id\":\"https:\/\/dogtagclan.com.br\/blog\/#website\"},\"primaryImageOfPage\":{\"@id\":\"https:\/\/dogtagclan.com.br\/blog\/%f0%9f%93%8c-pin-bandeira-de-governador-valadares-personalizado-para-voce\/#primaryimage\"},\"datePublished\":\"2025-09-15T15:46:24+00:00\",\"dateModified\":\"2025-09-15T15:46:25+00:00\",\"description\":\"Se voc\\u00ea \\u00e9 de Governador Valadares ou tem um carinho especial pela cidade, agora pode levar esse orgulho sempre com voc\\u00ea atrav\\u00e9s do Pin Bandeira de Governador Valadares,\",\"inLanguage\":\"pt-BR\",\"potentialAction\":[{\"@type\":\"ReadAction\",\"target\":[\"https:\/\/dogtagclan.com.br\/blog\/%f0%9f%93%8c-pin-bandeira-de-governador-valadares-personalizado-para-voce\/\"]}]},{\"@type\":\"Article\",\"@id\":\"https:\/\/dogtagclan.com.br\/blog\/%f0%9f%93%8c-pin-bandeira-de-governador-valadares-personalizado-para-voce\/#article\",\"isPartOf\":{\"@id\":\"https:\/\/dogtagclan.com.br\/blog\/%f0%9f%93%8c-pin-bandeira-de-governador-valadares-personalizado-para-voce\/#webpage\"},\"author\":{\"@id\":\"https:\/\/dogtagclan.com.br\/blog\/#\/schema\/person\/b7279d930f15e2a85c89cd3b2f1d8df5\"},\"headline\":\"\\ud83d\\udccc Pin Bandeira de Governador Valadares \\u2013 Personalizado para Voc\\u00ea!\",\"datePublished\":\"2025-09-15T15:46:24+00:00\",\"dateModified\":\"2025-09-15T15:46:25+00:00\",\"mainEntityOfPage\":{\"@id\":\"https:\/\/dogtagclan.com.br\/blog\/%f0%9f%93%8c-pin-bandeira-de-governador-valadares-personalizado-para-voce\/#webpage\"},\"commentCount\":0,\"publisher\":{\"@id\":\"https:\/\/dogtagclan.com.br\/blog\/#organization\"},\"image\":{\"@id\":\"https:\/\/dogtagclan.com.br\/blog\/%f0%9f%93%8c-pin-bandeira-de-governador-valadares-personalizado-para-voce\/#primaryimage\"},\"articleSection\":\"Crachas e broches personalizados,Crach\\u00e1 de Identifica\\u00e7\\u00e3o,Novidades\",\"inLanguage\":\"pt-BR\",\"potentialAction\":[{\"@type\":\"CommentAction\",\"name\":\"Comment\",\"target\":[\"https:\/\/dogtagclan.com.br\/blog\/%f0%9f%93%8c-pin-bandeira-de-governador-valadares-personalizado-para-voce\/#respond\"]}]},{\"@type\":\"Person\",\"@id\":\"https:\/\/dogtagclan.com.br\/blog\/#\/schema\/person\/b7279d930f15e2a85c89cd3b2f1d8df5\",\"name\":\"dogtagclan\",\"description\":\"\\\"A DogTagClan \\u00e9 especializada na fabrica\\u00e7\\u00e3o e personaliza\\u00e7\\u00e3o de Dog Tags, crach\\u00e1s e acess\\u00f3rios. Produzimos pe\\u00e7as em a\\u00e7o inoxid\\u00e1vel com grava\\u00e7\\u00f5es de alta precis\\u00e3o para identifica\\u00e7\\u00e3o pessoal e profissional.\\\"\",\"sameAs\":[\"https:\/\/blog.dogtagclan.com.br\",\"https:\/\/www.facebook.com\/dogtagclan\",\"https:\/\/www.instagram.com\/dogtagclan\",\"https:\/\/twitter.com\/https:\/\/x.com\/Dogtagclanclan\",\"https:\/\/www.youtube.com\/dogtagclan\"]}]}<\/script>\n<!-- \/ Yoast SEO Premium plugin. -->","_links":{"self":[{"href":"https:\/\/dogtagclan.com.br\/blog\/wp-json\/wp\/v2\/posts\/4659"}],"collection":[{"href":"https:\/\/dogtagclan.com.br\/blog\/wp-json\/wp\/v2\/posts"}],"about":[{"href":"https:\/\/dogtagclan.com.br\/blog\/wp-json\/wp\/v2\/types\/post"}],"author":[{"embeddable":true,"href":"https:\/\/dogtagclan.com.br\/blog\/wp-json\/wp\/v2\/users\/1"}],"replies":[{"embeddable":true,"href":"https:\/\/dogtagclan.com.br\/blog\/wp-json\/wp\/v2\/comments?post=4659"}],"version-history":[{"count":0,"href":"https:\/\/dogtagclan.com.br\/blog\/wp-json\/wp\/v2\/posts\/4659\/revisions"}],"wp:featuredmedia":[{"embeddable":true,"href":"https:\/\/dogtagclan.com.br\/blog\/wp-json\/wp\/v2\/media\/4660"}],"wp:attachment":[{"href":"https:\/\/dogtagclan.com.br\/blog\/wp-json\/wp\/v2\/media?parent=4659"}],"wp:term":[{"taxonomy":"category","embeddable":true,"href":"https:\/\/dogtagclan.com.br\/blog\/wp-json\/wp\/v2\/categories?post=4659"},{"taxonomy":"post_tag","embeddable":true,"href":"https:\/\/dogtagclan.com.br\/blog\/wp-json\/wp\/v2\/tags?post=4659"}],"curies":[{"name":"wp","href":"https:\/\/api.w.org\/{rel}","templated":true}]}}