{"id":4642,"date":"2025-08-21T12:15:39","date_gmt":"2025-08-21T15:15:39","guid":{"rendered":"https:\/\/dogtagclan.com.br\/blog\/?p=4642"},"modified":"2025-08-21T12:15:40","modified_gmt":"2025-08-21T15:15:40","slug":"%f0%9f%8e%9f%ef%b8%8f-tarjeta-para-eventos-identificacao-profissional-em-aco-inox-personalizada-com-ima-ou-alfinete","status":"publish","type":"post","link":"https:\/\/dogtagclan.com.br\/blog\/%f0%9f%8e%9f%ef%b8%8f-tarjeta-para-eventos-identificacao-profissional-em-aco-inox-personalizada-com-ima-ou-alfinete\/","title":{"rendered":"\ud83c\udf9f\ufe0f Tarjeta para Eventos \u2013 Identifica\u00e7\u00e3o Profissional em A\u00e7o Inox, Personalizada com Im\u00e3 ou Alfinete"},"content":{"rendered":"\n<p>Quando falamos em <strong>eventos profissionais, feiras, congressos ou encontros corporativos<\/strong>, a primeira impress\u00e3o conta muito. E nada transmite mais <strong>profissionalismo e organiza\u00e7\u00e3o<\/strong> do que ter uma identifica\u00e7\u00e3o clara, elegante e personalizada.<\/p>\n\n\n\n<p>A <strong>tarjeta para eventos<\/strong> se tornou a solu\u00e7\u00e3o ideal para empresas, palestrantes e equipes que precisam de um crach\u00e1 dur\u00e1vel, sofisticado e funcional. Diferente dos crach\u00e1s descart\u00e1veis de pl\u00e1stico, a tarjeta feita em <strong>a\u00e7o inox gravado<\/strong> valoriza a marca e transmite confian\u00e7a.<\/p>\n\n\n\n<figure class=\"wp-block-image size-full\"><img decoding=\"async\" width=\"1024\" height=\"1024\" src=\"https:\/\/dogtagclan.com.br\/blog\/wp-content\/uploads\/2025\/06\/tarjeta2.png\" alt=\"Tarjeta militar com \u00edm\u00e3 personalizada com nome, tipo sangu\u00edneo e patente em a\u00e7o inox da DogTagClan\" class=\"wp-image-4466\" srcset=\"https:\/\/dogtagclan.com.br\/blog\/wp-content\/uploads\/2025\/06\/tarjeta2.png 1024w, https:\/\/dogtagclan.com.br\/blog\/wp-content\/uploads\/2025\/06\/tarjeta2-300x300.png 300w, https:\/\/dogtagclan.com.br\/blog\/wp-content\/uploads\/2025\/06\/tarjeta2-150x150.png 150w, https:\/\/dogtagclan.com.br\/blog\/wp-content\/uploads\/2025\/06\/tarjeta2-768x768.png 768w, https:\/\/dogtagclan.com.br\/blog\/wp-content\/uploads\/2025\/06\/tarjeta2-96x96.png 96w\" sizes=\"(max-width: 1024px) 100vw, 1024px\" \/><figcaption class=\"wp-element-caption\">Identifica\u00e7\u00e3o militar com im\u00e3 neod\u00edmio \u2013 resistente, discreta e feita sob medida para col\u00e9gios militares, PM e for\u00e7as armadas.<\/figcaption><\/figure>\n\n\n\n<p>Neste artigo, voc\u00ea vai descobrir:<\/p>\n\n\n\n<ul>\n<li>O que \u00e9 uma tarjeta para eventos.<\/li>\n\n\n\n<li>Por que optar pelo modelo em a\u00e7o inox.<\/li>\n\n\n\n<li>Como funciona a personaliza\u00e7\u00e3o.<\/li>\n\n\n\n<li>Diferen\u00e7a entre fixa\u00e7\u00e3o com <strong>\u00edm\u00e3 ou alfinete<\/strong>.<\/li>\n\n\n\n<li>Onde comprar com qualidade garantida no Brasil.<\/li>\n<\/ul>\n\n\n\n<hr class=\"wp-block-separator has-alpha-channel-opacity\"\/>\n\n\n\n<h2 class=\"wp-block-heading\" id=\"h-o-que-uma-tarjeta-para-eventos\">O que \u00e9 uma Tarjeta para Eventos?<\/h2>\n\n\n\n<p>A <strong>tarjeta para eventos<\/strong> \u00e9 um crach\u00e1 profissional feito para <strong>identifica\u00e7\u00e3o de pessoas em feiras, workshops, congressos, conven\u00e7\u00f5es e reuni\u00f5es corporativas<\/strong>.<\/p>\n\n\n\n<p>Ela pode ser personalizada com:<\/p>\n\n\n\n<ul>\n<li>Nome do participante.<\/li>\n\n\n\n<li>Cargo ou fun\u00e7\u00e3o.<\/li>\n\n\n\n<li>Logo da empresa ou do evento.<\/li>\n\n\n\n<li>QR Code para networking digital.<\/li>\n<\/ul>\n\n\n\n<p>\ud83d\udc49 Ao contr\u00e1rio dos crach\u00e1s de papel ou PVC, a tarjeta em <strong>a\u00e7o inox<\/strong> \u00e9 resistente, duradoura e pode ser usada em m\u00faltiplos eventos.<\/p>\n\n\n\n<hr class=\"wp-block-separator has-alpha-channel-opacity\"\/>\n\n\n\n<h2 class=\"wp-block-heading\" id=\"h-por-que-usar-tarjetas-em-a-o-inox\">Por que usar Tarjetas em A\u00e7o Inox?<\/h2>\n\n\n\n<p>Muitos organizadores de eventos ainda recorrem a crach\u00e1s simples de papel plastificado. Por\u00e9m, o crach\u00e1 met\u00e1lico em a\u00e7o inox \u00e9 um <strong>diferencial competitivo<\/strong>.<\/p>\n\n\n\n<h3 class=\"wp-block-heading\" id=\"h-benef-cios-da-tarjeta-em-a-o-inox\">Benef\u00edcios da tarjeta em a\u00e7o inox:<\/h3>\n\n\n\n<p>\u2705 <strong>Durabilidade<\/strong> \u2013 n\u00e3o rasga, n\u00e3o desbota e n\u00e3o quebra.<br>\u2705 <strong>Eleg\u00e2ncia<\/strong> \u2013 acabamento sofisticado, transmite profissionalismo.<br>\u2705 <strong>Personaliza\u00e7\u00e3o de alto n\u00edvel<\/strong> \u2013 gravamos dados, logo e at\u00e9 QR Code.<br>\u2705 <strong>Versatilidade<\/strong> \u2013 pode ser usada em diferentes ocasi\u00f5es.<br>\u2705 <strong>Reutiliz\u00e1vel<\/strong> \u2013 ao contr\u00e1rio de crach\u00e1s descart\u00e1veis.<\/p>\n\n\n\n<p>\ud83d\udc49 Empresas que investem em identifica\u00e7\u00e3o met\u00e1lica passam a imagem de <strong>organiza\u00e7\u00e3o e seriedade<\/strong>, o que gera mais confian\u00e7a no p\u00fablico.<\/p>\n\n\n\n<hr class=\"wp-block-separator has-alpha-channel-opacity\"\/>\n\n\n\n<h2 class=\"wp-block-heading\" id=\"h-tipos-de-fixa-o-m-ou-alfinete\">Tipos de Fixa\u00e7\u00e3o: \u00cdm\u00e3 ou Alfinete<\/h2>\n\n\n\n<p>A <strong>DogTagClan<\/strong> oferece duas op\u00e7\u00f5es de fixa\u00e7\u00e3o para as tarjetas:<\/p>\n\n\n\n<h3 class=\"wp-block-heading\" id=\"h-fixa-o-com-m\">\ud83d\udd39 Fixa\u00e7\u00e3o com \u00cdm\u00e3<\/h3>\n\n\n\n<ul>\n<li>Mais confort\u00e1vel.<\/li>\n\n\n\n<li>N\u00e3o fura a roupa.<\/li>\n\n\n\n<li>Ideal para camisas sociais e uniformes de empresa.<\/li>\n<\/ul>\n\n\n\n<h3 class=\"wp-block-heading\" id=\"h-fixa-o-com-alfinete\">\ud83d\udd39 Fixa\u00e7\u00e3o com Alfinete<\/h3>\n\n\n\n<ul>\n<li>Modelo tradicional.<\/li>\n\n\n\n<li>Muito usado em grandes eventos.<\/li>\n\n\n\n<li>Fixa\u00e7\u00e3o firme em qualquer tipo de tecido.<\/li>\n<\/ul>\n\n\n\n<p>\ud83d\udc49 Ambos os sistemas s\u00e3o seguros, e a escolha depende do <strong>conforto do usu\u00e1rio<\/strong> e do <strong>tipo de evento<\/strong>.<\/p>\n\n\n\n<hr class=\"wp-block-separator has-alpha-channel-opacity\"\/>\n\n\n\n<h2 class=\"wp-block-heading\" id=\"h-como-personalizar-sua-tarjeta-para-eventos\">Como Personalizar sua Tarjeta para Eventos<\/h2>\n\n\n\n<p>Na DogTagClan, cada tarjeta \u00e9 feita sob medida. Voc\u00ea pode escolher:<\/p>\n\n\n\n<ul>\n<li><strong>Nome e cargo<\/strong> em destaque.<\/li>\n\n\n\n<li><strong>Logo da empresa<\/strong> gravada em a\u00e7o.<\/li>\n\n\n\n<li><strong>QR Code exclusivo<\/strong>, direcionando para LinkedIn, site ou contato.<\/li>\n\n\n\n<li><strong>Design minimalista<\/strong> ou com detalhes personalizados.<\/li>\n<\/ul>\n\n\n\n<p>A grava\u00e7\u00e3o \u00e9 feita em <strong>a\u00e7o inox de alta qualidade<\/strong>, garantindo um resultado profissional e duradouro.<\/p>\n\n\n\n<hr class=\"wp-block-separator has-alpha-channel-opacity\"\/>\n\n\n\n<h2 class=\"wp-block-heading\" id=\"h-quem-deve-usar-tarjetas-em-eventos\">Quem Deve Usar Tarjetas em Eventos?<\/h2>\n\n\n\n<p>As tarjetas s\u00e3o indicadas para:<\/p>\n\n\n\n<ul>\n<li><strong>Empresas em feiras e exposi\u00e7\u00f5es<\/strong> \u2013 destaque da marca no crach\u00e1 da equipe.<\/li>\n\n\n\n<li><strong>Palestrantes e organizadores<\/strong> \u2013 identifica\u00e7\u00e3o elegante e clara.<\/li>\n\n\n\n<li><strong>Equipes de apoio<\/strong> \u2013 seguran\u00e7a e staff facilmente reconhecidos.<\/li>\n\n\n\n<li><strong>Congressos m\u00e9dicos, jur\u00eddicos e corporativos<\/strong> \u2013 identifica\u00e7\u00e3o profissional.<\/li>\n\n\n\n<li><strong>Networking<\/strong> \u2013 QR Code direto para o contato digital.<\/li>\n<\/ul>\n\n\n\n<hr class=\"wp-block-separator has-alpha-channel-opacity\"\/>\n\n\n\n<h2 class=\"wp-block-heading\" id=\"h-onde-comprar-tarjetas-para-eventos-em-a-o-inox\">Onde Comprar Tarjetas para Eventos em A\u00e7o Inox<\/h2>\n\n\n\n<p>Se voc\u00ea busca qualidade e personaliza\u00e7\u00e3o real, o melhor lugar para comprar \u00e9 na <strong>DogTagClan<\/strong>.<\/p>\n\n\n\n<p>\ud83d\udd17 Confira a p\u00e1gina oficial:<br>\u27a1\ufe0f <a href=\"https:\/\/dogtagclan.com.br\/departamento\/adicionais\/tarjeta-e-plaqueta\">Tarjetas e Plaquetas \u2013 DogTagClan<\/a><\/p>\n\n\n\n<p>\ud83d\udcf2 Atendimento direto via WhatsApp:<br>\ud83d\udc49 <a>Falar agora no WhatsApp<\/a><\/p>\n\n\n\n<p>N\u00f3s fabricamos e enviamos para todo o Brasil, sempre com grava\u00e7\u00e3o personalizada em a\u00e7o inox e op\u00e7\u00f5es de fixa\u00e7\u00e3o com <strong>\u00edm\u00e3 ou alfinete<\/strong>.<\/p>\n\n\n\n<hr class=\"wp-block-separator has-alpha-channel-opacity\"\/>\n\n\n\n<h2 class=\"wp-block-heading\" id=\"h-perguntas-frequentes-faq\">Perguntas Frequentes (FAQ)<\/h2>\n\n\n\n<p><strong>1. Qual a diferen\u00e7a entre tarjeta e crach\u00e1 comum?<\/strong><br>A tarjeta \u00e9 feita em <strong>a\u00e7o inox<\/strong>, com grava\u00e7\u00e3o duradoura e design sofisticado, enquanto crach\u00e1s comuns geralmente s\u00e3o de papel ou PVC.<\/p>\n\n\n\n<p><strong>2. \u00c9 poss\u00edvel incluir o logo da empresa?<\/strong><br>Sim! Gravamos logo, nome, cargo e at\u00e9 QR Code.<\/p>\n\n\n\n<p><strong>3. Posso escolher o tipo de fixa\u00e7\u00e3o?<\/strong><br>Sim, temos op\u00e7\u00f5es com <strong>\u00edm\u00e3<\/strong> (mais confort\u00e1vel) ou <strong>alfinete<\/strong> (mais tradicional).<\/p>\n\n\n\n<p><strong>4. Serve apenas para empresas grandes?<\/strong><br>N\u00e3o. Temos clientes desde <strong>microempresas at\u00e9 grandes corpora\u00e7\u00f5es<\/strong>.<\/p>\n\n\n\n<p><strong>5. Quanto tempo demora a entrega?<\/strong><br>Produzimos r\u00e1pido e enviamos para todo o Brasil.<\/p>\n\n\n\n<hr class=\"wp-block-separator has-alpha-channel-opacity\"\/>\n\n\n\n<h2 class=\"wp-block-heading\" id=\"h-conclus-o\">Conclus\u00e3o<\/h2>\n\n\n\n<p>A <strong>tarjeta para eventos em a\u00e7o inox<\/strong> \u00e9 a escolha certa para quem busca <strong>profissionalismo, eleg\u00e2ncia e durabilidade<\/strong>. Seja para uma feira, congresso, palestra ou encontro corporativo, ela garante que sua equipe esteja bem identificada e sua marca valorizada.<\/p>\n\n\n\n<p>\ud83d\udc49 Invista em um crach\u00e1 que transmite confian\u00e7a e faz a diferen\u00e7a no seu evento.<br>Pe\u00e7a j\u00e1 o seu na <strong>DogTagClan<\/strong>:<br>\u27a1\ufe0f <a href=\"https:\/\/dogtagclan.com.br\/departamento\/adicionais\/tarjeta-e-plaqueta\">Comprar Tarjeta para Eventos Agora<\/a><\/p>\n\n\n\n<hr class=\"wp-block-separator has-alpha-channel-opacity\"\/>\n\n\n\n<h3 class=\"wp-block-heading\" id=\"h-\"><\/h3>\n\n\n\n<p>#TarjetaParaEventos #Crach\u00e1Personalizado #DogTagClan #Identifica\u00e7\u00e3oProfissional #EventosCorporativos #Networking<\/p>\n","protected":false},"excerpt":{"rendered":"<p>Quando falamos em eventos profissionais, feiras, congressos ou encontros corporativos, a primeira impress\u00e3o conta muito. E nada transmite mais profissionalismo<\/p>\n","protected":false},"author":1,"featured_media":4466,"comment_status":"open","ping_status":"open","sticky":false,"template":"","format":"standard","meta":{"footnotes":""},"categories":[554,557,11],"tags":[],"yoast_head":"<!-- This site is optimized with the Yoast SEO Premium plugin v15.5 - https:\/\/yoast.com\/wordpress\/plugins\/seo\/ -->\n<title>\ud83c\udf9f\ufe0f Tarjeta para Eventos \u2013 Identifica\u00e7\u00e3o Profissional em A\u00e7o Inox, Personalizada com Im\u00e3 ou Alfinete | DogTagClan Blog<\/title>\n<meta name=\"description\" content=\"Quando falamos em eventos profissionais, feiras, congressos ou encontros corporativos, a primeira impress\u00e3o conta muito. E nada transmite mais\" \/>\n<meta name=\"robots\" content=\"index, follow, max-snippet:-1, max-image-preview:large, max-video-preview:-1\" \/>\n<link rel=\"canonical\" href=\"https:\/\/dogtagclan.com.br\/blog\/\ud83c\udf9f\ufe0f-tarjeta-para-eventos-identificacao-profissional-em-aco-inox-personalizada-com-ima-ou-alfinete\/\" \/>\n<meta property=\"og:locale\" content=\"pt_BR\" \/>\n<meta property=\"og:type\" content=\"article\" \/>\n<meta property=\"og:title\" content=\"\ud83c\udf9f\ufe0f Tarjeta para Eventos \u2013 Identifica\u00e7\u00e3o Profissional em A\u00e7o Inox, Personalizada com Im\u00e3 ou Alfinete | DogTagClan Blog\" \/>\n<meta property=\"og:description\" content=\"Quando falamos em eventos profissionais, feiras, congressos ou encontros corporativos, a primeira impress\u00e3o conta muito. E nada transmite mais\" \/>\n<meta property=\"og:url\" content=\"https:\/\/dogtagclan.com.br\/blog\/\ud83c\udf9f\ufe0f-tarjeta-para-eventos-identificacao-profissional-em-aco-inox-personalizada-com-ima-ou-alfinete\/\" \/>\n<meta property=\"og:site_name\" content=\"DogTagClan Blog\" \/>\n<meta property=\"article:publisher\" content=\"https:\/\/www.facebook.com\/dogtagclan\" \/>\n<meta property=\"article:author\" content=\"https:\/\/www.facebook.com\/dogtagclan\" \/>\n<meta property=\"article:published_time\" content=\"2025-08-21T15:15:39+00:00\" \/>\n<meta property=\"article:modified_time\" content=\"2025-08-21T15:15:40+00:00\" \/>\n<meta property=\"og:image\" content=\"https:\/\/dogtagclan.com.br\/blog\/wp-content\/uploads\/2025\/06\/tarjeta2.png\" \/>\n\t<meta property=\"og:image:width\" content=\"1024\" \/>\n\t<meta property=\"og:image:height\" content=\"1024\" \/>\n<meta name=\"twitter:card\" content=\"summary_large_image\" \/>\n<meta name=\"twitter:creator\" content=\"@https:\/\/x.com\/Dogtagclanclan\" \/>\n<meta name=\"twitter:label1\" content=\"Est. tempo de leitura\">\n\t<meta name=\"twitter:data1\" content=\"3 minutos\">\n<script type=\"application\/ld+json\" class=\"yoast-schema-graph\">{\"@context\":\"https:\/\/schema.org\",\"@graph\":[{\"@type\":\"Organization\",\"@id\":\"https:\/\/dogtagclan.com.br\/blog\/#organization\",\"name\":\"DogTagClan | Dog Tags, Crach\\u00e1s e Acess\\u00f3rios Personalizados\",\"url\":\"https:\/\/dogtagclan.com.br\/blog\/\",\"sameAs\":[\"https:\/\/www.facebook.com\/dogtagclan\"],\"logo\":{\"@type\":\"ImageObject\",\"@id\":\"https:\/\/dogtagclan.com.br\/blog\/#logo\",\"inLanguage\":\"pt-BR\",\"url\":\"https:\/\/dogtagclan.com.br\/blog\/wp-content\/uploads\/2023\/02\/cropped-doftagclan-logo.png\",\"width\":250,\"height\":140,\"caption\":\"DogTagClan | Dog Tags, Crach\\u00e1s e Acess\\u00f3rios Personalizados\"},\"image\":{\"@id\":\"https:\/\/dogtagclan.com.br\/blog\/#logo\"}},{\"@type\":\"WebSite\",\"@id\":\"https:\/\/dogtagclan.com.br\/blog\/#website\",\"url\":\"https:\/\/dogtagclan.com.br\/blog\/\",\"name\":\"DogTagClan Blog\",\"description\":\"A gente faz, do seu Jeito\",\"publisher\":{\"@id\":\"https:\/\/dogtagclan.com.br\/blog\/#organization\"},\"potentialAction\":[{\"@type\":\"SearchAction\",\"target\":\"https:\/\/dogtagclan.com.br\/blog\/?s={search_term_string}\",\"query-input\":\"required name=search_term_string\"}],\"inLanguage\":\"pt-BR\"},{\"@type\":\"ImageObject\",\"@id\":\"https:\/\/dogtagclan.com.br\/blog\/%f0%9f%8e%9f%ef%b8%8f-tarjeta-para-eventos-identificacao-profissional-em-aco-inox-personalizada-com-ima-ou-alfinete\/#primaryimage\",\"inLanguage\":\"pt-BR\",\"url\":\"https:\/\/dogtagclan.com.br\/blog\/wp-content\/uploads\/2025\/06\/tarjeta2.png\",\"width\":1024,\"height\":1024,\"caption\":\"Identifica\\u00e7\\u00e3o militar com im\\u00e3 neod\\u00edmio \\u2013 resistente, discreta e feita sob medida para col\\u00e9gios militares, PM e for\\u00e7as armadas.\"},{\"@type\":\"WebPage\",\"@id\":\"https:\/\/dogtagclan.com.br\/blog\/%f0%9f%8e%9f%ef%b8%8f-tarjeta-para-eventos-identificacao-profissional-em-aco-inox-personalizada-com-ima-ou-alfinete\/#webpage\",\"url\":\"https:\/\/dogtagclan.com.br\/blog\/%f0%9f%8e%9f%ef%b8%8f-tarjeta-para-eventos-identificacao-profissional-em-aco-inox-personalizada-com-ima-ou-alfinete\/\",\"name\":\"\\ud83c\\udf9f\\ufe0f Tarjeta para Eventos \\u2013 Identifica\\u00e7\\u00e3o Profissional em A\\u00e7o Inox, Personalizada com Im\\u00e3 ou Alfinete | DogTagClan Blog\",\"isPartOf\":{\"@id\":\"https:\/\/dogtagclan.com.br\/blog\/#website\"},\"primaryImageOfPage\":{\"@id\":\"https:\/\/dogtagclan.com.br\/blog\/%f0%9f%8e%9f%ef%b8%8f-tarjeta-para-eventos-identificacao-profissional-em-aco-inox-personalizada-com-ima-ou-alfinete\/#primaryimage\"},\"datePublished\":\"2025-08-21T15:15:39+00:00\",\"dateModified\":\"2025-08-21T15:15:40+00:00\",\"description\":\"Quando falamos em eventos profissionais, feiras, congressos ou encontros corporativos, a primeira impress\\u00e3o conta muito. E nada transmite mais\",\"inLanguage\":\"pt-BR\",\"potentialAction\":[{\"@type\":\"ReadAction\",\"target\":[\"https:\/\/dogtagclan.com.br\/blog\/%f0%9f%8e%9f%ef%b8%8f-tarjeta-para-eventos-identificacao-profissional-em-aco-inox-personalizada-com-ima-ou-alfinete\/\"]}]},{\"@type\":\"Article\",\"@id\":\"https:\/\/dogtagclan.com.br\/blog\/%f0%9f%8e%9f%ef%b8%8f-tarjeta-para-eventos-identificacao-profissional-em-aco-inox-personalizada-com-ima-ou-alfinete\/#article\",\"isPartOf\":{\"@id\":\"https:\/\/dogtagclan.com.br\/blog\/%f0%9f%8e%9f%ef%b8%8f-tarjeta-para-eventos-identificacao-profissional-em-aco-inox-personalizada-com-ima-ou-alfinete\/#webpage\"},\"author\":{\"@id\":\"https:\/\/dogtagclan.com.br\/blog\/#\/schema\/person\/b7279d930f15e2a85c89cd3b2f1d8df5\"},\"headline\":\"\\ud83c\\udf9f\\ufe0f Tarjeta para Eventos \\u2013 Identifica\\u00e7\\u00e3o Profissional em A\\u00e7o Inox, Personalizada com Im\\u00e3 ou Alfinete\",\"datePublished\":\"2025-08-21T15:15:39+00:00\",\"dateModified\":\"2025-08-21T15:15:40+00:00\",\"mainEntityOfPage\":{\"@id\":\"https:\/\/dogtagclan.com.br\/blog\/%f0%9f%8e%9f%ef%b8%8f-tarjeta-para-eventos-identificacao-profissional-em-aco-inox-personalizada-com-ima-ou-alfinete\/#webpage\"},\"commentCount\":0,\"publisher\":{\"@id\":\"https:\/\/dogtagclan.com.br\/blog\/#organization\"},\"image\":{\"@id\":\"https:\/\/dogtagclan.com.br\/blog\/%f0%9f%8e%9f%ef%b8%8f-tarjeta-para-eventos-identificacao-profissional-em-aco-inox-personalizada-com-ima-ou-alfinete\/#primaryimage\"},\"articleSection\":\"Crachas e broches personalizados,Crach\\u00e1 de Identifica\\u00e7\\u00e3o,Dog tags\",\"inLanguage\":\"pt-BR\",\"potentialAction\":[{\"@type\":\"CommentAction\",\"name\":\"Comment\",\"target\":[\"https:\/\/dogtagclan.com.br\/blog\/%f0%9f%8e%9f%ef%b8%8f-tarjeta-para-eventos-identificacao-profissional-em-aco-inox-personalizada-com-ima-ou-alfinete\/#respond\"]}]},{\"@type\":\"Person\",\"@id\":\"https:\/\/dogtagclan.com.br\/blog\/#\/schema\/person\/b7279d930f15e2a85c89cd3b2f1d8df5\",\"name\":\"dogtagclan\",\"description\":\"\\\"A DogTagClan \\u00e9 especializada na fabrica\\u00e7\\u00e3o e personaliza\\u00e7\\u00e3o de Dog Tags, crach\\u00e1s e acess\\u00f3rios. Produzimos pe\\u00e7as em a\\u00e7o inoxid\\u00e1vel com grava\\u00e7\\u00f5es de alta precis\\u00e3o para identifica\\u00e7\\u00e3o pessoal e profissional.\\\"\",\"sameAs\":[\"https:\/\/blog.dogtagclan.com.br\",\"https:\/\/www.facebook.com\/dogtagclan\",\"https:\/\/www.instagram.com\/dogtagclan\",\"https:\/\/twitter.com\/https:\/\/x.com\/Dogtagclanclan\",\"https:\/\/www.youtube.com\/dogtagclan\"]}]}<\/script>\n<!-- \/ Yoast SEO Premium plugin. -->","_links":{"self":[{"href":"https:\/\/dogtagclan.com.br\/blog\/wp-json\/wp\/v2\/posts\/4642"}],"collection":[{"href":"https:\/\/dogtagclan.com.br\/blog\/wp-json\/wp\/v2\/posts"}],"about":[{"href":"https:\/\/dogtagclan.com.br\/blog\/wp-json\/wp\/v2\/types\/post"}],"author":[{"embeddable":true,"href":"https:\/\/dogtagclan.com.br\/blog\/wp-json\/wp\/v2\/users\/1"}],"replies":[{"embeddable":true,"href":"https:\/\/dogtagclan.com.br\/blog\/wp-json\/wp\/v2\/comments?post=4642"}],"version-history":[{"count":0,"href":"https:\/\/dogtagclan.com.br\/blog\/wp-json\/wp\/v2\/posts\/4642\/revisions"}],"wp:featuredmedia":[{"embeddable":true,"href":"https:\/\/dogtagclan.com.br\/blog\/wp-json\/wp\/v2\/media\/4466"}],"wp:attachment":[{"href":"https:\/\/dogtagclan.com.br\/blog\/wp-json\/wp\/v2\/media?parent=4642"}],"wp:term":[{"taxonomy":"category","embeddable":true,"href":"https:\/\/dogtagclan.com.br\/blog\/wp-json\/wp\/v2\/categories?post=4642"},{"taxonomy":"post_tag","embeddable":true,"href":"https:\/\/dogtagclan.com.br\/blog\/wp-json\/wp\/v2\/tags?post=4642"}],"curies":[{"name":"wp","href":"https:\/\/api.w.org\/{rel}","templated":true}]}}