{"id":4605,"date":"2025-07-16T20:22:16","date_gmt":"2025-07-16T23:22:16","guid":{"rendered":"https:\/\/dogtagclan.com.br\/blog\/?p=4605"},"modified":"2025-07-16T20:22:18","modified_gmt":"2025-07-16T23:22:18","slug":"%f0%9f%93%8e-cordao-para-cracha-tdah-qual-e-o-modelo-ideal-e-qual-o-simbolo-usado","status":"publish","type":"post","link":"https:\/\/dogtagclan.com.br\/blog\/%f0%9f%93%8e-cordao-para-cracha-tdah-qual-e-o-modelo-ideal-e-qual-o-simbolo-usado\/","title":{"rendered":"\ud83d\udcce Cord\u00e3o para Crach\u00e1 TDAH \u2013 Qual \u00e9 o Modelo Ideal e Qual o S\u00edmbolo Usado?"},"content":{"rendered":"\n<p>Quando se trata de garantir seguran\u00e7a e inclus\u00e3o para pessoas com Transtorno de D\u00e9ficit de Aten\u00e7\u00e3o com Hiperatividade (TDAH), um item simples como um cord\u00e3o de pesco\u00e7o com crach\u00e1 pode fazer toda a diferen\u00e7a. Neste guia completo, vamos explicar qual \u00e9 o cord\u00e3o ideal, qual o s\u00edmbolo que representa o TDAH, como personalizar corretamente e onde comprar um modelo eficiente.<\/p>\n\n\n\n<hr class=\"wp-block-separator has-alpha-channel-opacity\"\/>\n\n\n\n<h3 class=\"wp-block-heading\" id=\"h-o-que-o-cord-o-para-crach-tdah\">\ud83c\udfe5 O que \u00e9 o Cord\u00e3o para Crach\u00e1 TDAH?<\/h3>\n\n\n\n<p>O cord\u00e3o para crach\u00e1 TDAH \u00e9 um acess\u00f3rio usado no pesco\u00e7o que acompanha um crach\u00e1 de identifica\u00e7\u00e3o personalizado. Ele \u00e9 essencial para sinalizar condi\u00e7\u00f5es especiais de sa\u00fade ou comportamento, facilitando o atendimento adequado em locais como escolas, parques, com\u00e9rcios, transporte p\u00fablico e hospitais.<\/p>\n\n\n\n<p>Esse crach\u00e1 pode conter:<\/p>\n\n\n\n<ul>\n<li>Nome da crian\u00e7a ou adulto<\/li>\n\n\n\n<li>CID (c\u00f3digo da doen\u00e7a)<\/li>\n\n\n\n<li>Nome do transtorno (TDAH)<\/li>\n\n\n\n<li>Contato do respons\u00e1vel<\/li>\n\n\n\n<li>QR Code com laudo m\u00e9dico ou informa\u00e7\u00f5es adicionais<\/li>\n<\/ul>\n\n\n\n<hr class=\"wp-block-separator has-alpha-channel-opacity\"\/>\n\n\n\n<h3 class=\"wp-block-heading\" id=\"h-cord-o-girassol-usado-para-tdah\">\ud83c\udf3b Cord\u00e3o Girassol \u00e9 Usado Para TDAH?<\/h3>\n\n\n\n<p>Embora o&nbsp;<strong>cord\u00e3o de girassol<\/strong>&nbsp;tenha sido criado originalmente para o espectro autista e defici\u00eancias ocultas, ele passou a ser usado por pessoas com TDAH por representar neurodiversidade. No entanto,&nbsp;<strong>o TDAH n\u00e3o tem um cord\u00e3o oficial<\/strong>, por isso a recomenda\u00e7\u00e3o \u00e9:<\/p>\n\n\n\n<ul>\n<li>Usar\u00a0<strong>cord\u00e3o colorido com alerta visual<\/strong><\/li>\n\n\n\n<li>Personalizar o crach\u00e1 com nome, CID e QR Code<\/li>\n\n\n\n<li>Incluir frase de identifica\u00e7\u00e3o como: \u201cTenho TDAH. Em caso de necessidade, escaneie o QR Code.\u201d<\/li>\n<\/ul>\n\n\n\n<hr class=\"wp-block-separator has-alpha-channel-opacity\"\/>\n\n\n\n<h3 class=\"wp-block-heading\" id=\"h-qual-o-s-mbolo-do-tdah\">\ud83d\udd39 Qual o S\u00edmbolo do TDAH?<\/h3>\n\n\n\n<p>O s\u00edmbolo mais comum associado ao TDAH \u00e9 o&nbsp;<strong>la\u00e7o laranja<\/strong>, representando conscientiza\u00e7\u00e3o e apoio ao transtorno. Esse la\u00e7o pode ser inclu\u00eddo na arte do crach\u00e1 para facilitar o reconhecimento.<\/p>\n\n\n\n<p>Outros elementos importantes:<\/p>\n\n\n\n<ul>\n<li>Cores vibrantes como laranja e azul podem ajudar na identifica\u00e7\u00e3o<\/li>\n\n\n\n<li>S\u00edmbolos de QR Code e sinal de alerta tamb\u00e9m s\u00e3o bem-vindos<\/li>\n<\/ul>\n\n\n\n<hr class=\"wp-block-separator has-alpha-channel-opacity\"\/>\n\n\n\n<h3 class=\"wp-block-heading\" id=\"h-quem-deve-usar-o-cord-o-com-crach-tdah\">\ud83d\udcc5 Quem Deve Usar o Cord\u00e3o com Crach\u00e1 TDAH?<\/h3>\n\n\n\n<ul>\n<li><strong>Crian\u00e7as em idade escolar<\/strong>: com identifica\u00e7\u00e3o do respons\u00e1vel e CID<\/li>\n\n\n\n<li><strong>Adolescentes e jovens<\/strong>: para eventos, passeios ou viagens<\/li>\n\n\n\n<li><strong>Adultos com TDAH severo<\/strong>: que possam enfrentar situa\u00e7\u00f5es de desorganiza\u00e7\u00e3o ou emerg\u00eancias<\/li>\n<\/ul>\n\n\n\n<p>Esse tipo de identifica\u00e7\u00e3o n\u00e3o apenas garante seguran\u00e7a, mas tamb\u00e9m respeita a individualidade e evita situa\u00e7\u00f5es de constrangimento.<\/p>\n\n\n\n<hr class=\"wp-block-separator has-alpha-channel-opacity\"\/>\n\n\n\n<h3 class=\"wp-block-heading\" id=\"h-como-personalizar-seu-crach-com-cord-o-para-tdah\">\ud83d\udce2 Como Personalizar Seu Crach\u00e1 com Cord\u00e3o para TDAH<\/h3>\n\n\n\n<p>A DogTagClan oferece crach\u00e1s personalizados em material r\u00edgido, dur\u00e1vel e lav\u00e1vel, com op\u00e7\u00f5es de:<\/p>\n\n\n\n<ul>\n<li>Nome, data de nascimento, tipo sangu\u00edneo<\/li>\n\n\n\n<li>CID e QR Code para emerg\u00eancias<\/li>\n\n\n\n<li>Cord\u00e3o colorido ou neutro de acordo com a necessidade<\/li>\n<\/ul>\n\n\n\n<p>\ud83d\udcf2 Pe\u00e7a pelo WhatsApp:&nbsp;<a>https:\/\/wa.me\/554174001990<\/a><\/p>\n\n\n\n<p>\ud83d\udccd Ou compre direto no site:&nbsp;<a href=\"https:\/\/dogtagclan.com.br\/departamento\/adicionais\/crachas-de-identificacao\">Crach\u00e1s de Identifica\u00e7\u00e3o DogTagClan<\/a><\/p>\n","protected":false},"excerpt":{"rendered":"<p>Quando se trata de garantir seguran\u00e7a e inclus\u00e3o para pessoas com Transtorno de D\u00e9ficit de Aten\u00e7\u00e3o com Hiperatividade (TDAH), um<\/p>\n","protected":false},"author":1,"featured_media":4606,"comment_status":"open","ping_status":"open","sticky":false,"template":"","format":"standard","meta":{"footnotes":""},"categories":[557,554],"tags":[],"yoast_head":"<!-- This site is optimized with the Yoast SEO Premium plugin v15.5 - https:\/\/yoast.com\/wordpress\/plugins\/seo\/ -->\n<title>\ud83d\udcce Cord\u00e3o para Crach\u00e1 TDAH \u2013 Qual \u00e9 o Modelo Ideal e Qual o S\u00edmbolo Usado? | DogTagClan Blog<\/title>\n<meta name=\"description\" content=\"Dogtagclan \u00e9 fabricante de dog tag placas de identifica\u00e7\u00e3o com corrente de bolinha em a\u00e7o inox, Gravamos com seus dados e logo totalmente personalizadas desde 2015\" \/>\n<meta name=\"robots\" content=\"index, follow, max-snippet:-1, max-image-preview:large, max-video-preview:-1\" \/>\n<link rel=\"canonical\" href=\"https:\/\/dogtagclan.com.br\/blog\/\ud83d\udcce-cordao-para-cracha-tdah-qual-e-o-modelo-ideal-e-qual-o-simbolo-usado\/\" \/>\n<meta property=\"og:locale\" content=\"pt_BR\" \/>\n<meta property=\"og:type\" content=\"article\" \/>\n<meta property=\"og:title\" content=\"\ud83d\udcce Cord\u00e3o para Crach\u00e1 TDAH \u2013 Qual \u00e9 o Modelo Ideal e Qual o S\u00edmbolo Usado? | DogTagClan Blog\" \/>\n<meta property=\"og:description\" content=\"Dogtagclan \u00e9 fabricante de dog tag placas de identifica\u00e7\u00e3o com corrente de bolinha em a\u00e7o inox, Gravamos com seus dados e logo totalmente personalizadas desde 2015\" \/>\n<meta property=\"og:url\" content=\"https:\/\/dogtagclan.com.br\/blog\/\ud83d\udcce-cordao-para-cracha-tdah-qual-e-o-modelo-ideal-e-qual-o-simbolo-usado\/\" \/>\n<meta property=\"og:site_name\" content=\"DogTagClan Blog\" \/>\n<meta property=\"article:publisher\" content=\"https:\/\/www.facebook.com\/dogtagclan\" \/>\n<meta property=\"article:author\" content=\"https:\/\/www.facebook.com\/dogtagclan\" \/>\n<meta property=\"article:published_time\" content=\"2025-07-16T23:22:16+00:00\" \/>\n<meta property=\"article:modified_time\" content=\"2025-07-16T23:22:18+00:00\" \/>\n<meta property=\"og:image\" content=\"https:\/\/dogtagclan.com.br\/blog\/wp-content\/uploads\/2025\/07\/images.jpeg\" \/>\n\t<meta property=\"og:image:width\" content=\"565\" \/>\n\t<meta property=\"og:image:height\" content=\"542\" \/>\n<meta name=\"twitter:card\" content=\"summary_large_image\" \/>\n<meta name=\"twitter:creator\" content=\"@https:\/\/x.com\/Dogtagclanclan\" \/>\n<meta name=\"twitter:label1\" content=\"Est. tempo de leitura\">\n\t<meta name=\"twitter:data1\" content=\"2 minutos\">\n<script type=\"application\/ld+json\" class=\"yoast-schema-graph\">{\"@context\":\"https:\/\/schema.org\",\"@graph\":[{\"@type\":\"Organization\",\"@id\":\"https:\/\/dogtagclan.com.br\/blog\/#organization\",\"name\":\"DogTagClan | Dog Tags, Crach\\u00e1s e Acess\\u00f3rios Personalizados\",\"url\":\"https:\/\/dogtagclan.com.br\/blog\/\",\"sameAs\":[\"https:\/\/www.facebook.com\/dogtagclan\"],\"logo\":{\"@type\":\"ImageObject\",\"@id\":\"https:\/\/dogtagclan.com.br\/blog\/#logo\",\"inLanguage\":\"pt-BR\",\"url\":\"https:\/\/dogtagclan.com.br\/blog\/wp-content\/uploads\/2023\/02\/cropped-doftagclan-logo.png\",\"width\":250,\"height\":140,\"caption\":\"DogTagClan | Dog Tags, Crach\\u00e1s e Acess\\u00f3rios Personalizados\"},\"image\":{\"@id\":\"https:\/\/dogtagclan.com.br\/blog\/#logo\"}},{\"@type\":\"WebSite\",\"@id\":\"https:\/\/dogtagclan.com.br\/blog\/#website\",\"url\":\"https:\/\/dogtagclan.com.br\/blog\/\",\"name\":\"DogTagClan Blog\",\"description\":\"A gente faz, do seu Jeito\",\"publisher\":{\"@id\":\"https:\/\/dogtagclan.com.br\/blog\/#organization\"},\"potentialAction\":[{\"@type\":\"SearchAction\",\"target\":\"https:\/\/dogtagclan.com.br\/blog\/?s={search_term_string}\",\"query-input\":\"required name=search_term_string\"}],\"inLanguage\":\"pt-BR\"},{\"@type\":\"ImageObject\",\"@id\":\"https:\/\/dogtagclan.com.br\/blog\/%f0%9f%93%8e-cordao-para-cracha-tdah-qual-e-o-modelo-ideal-e-qual-o-simbolo-usado\/#primaryimage\",\"inLanguage\":\"pt-BR\",\"url\":\"https:\/\/dogtagclan.com.br\/blog\/wp-content\/uploads\/2025\/07\/images.jpeg\",\"width\":565,\"height\":542,\"caption\":\"Cordao para pesco\\u00e7o tdah\"},{\"@type\":\"WebPage\",\"@id\":\"https:\/\/dogtagclan.com.br\/blog\/%f0%9f%93%8e-cordao-para-cracha-tdah-qual-e-o-modelo-ideal-e-qual-o-simbolo-usado\/#webpage\",\"url\":\"https:\/\/dogtagclan.com.br\/blog\/%f0%9f%93%8e-cordao-para-cracha-tdah-qual-e-o-modelo-ideal-e-qual-o-simbolo-usado\/\",\"name\":\"\\ud83d\\udcce Cord\\u00e3o para Crach\\u00e1 TDAH \\u2013 Qual \\u00e9 o Modelo Ideal e Qual o S\\u00edmbolo Usado? | DogTagClan Blog\",\"isPartOf\":{\"@id\":\"https:\/\/dogtagclan.com.br\/blog\/#website\"},\"primaryImageOfPage\":{\"@id\":\"https:\/\/dogtagclan.com.br\/blog\/%f0%9f%93%8e-cordao-para-cracha-tdah-qual-e-o-modelo-ideal-e-qual-o-simbolo-usado\/#primaryimage\"},\"datePublished\":\"2025-07-16T23:22:16+00:00\",\"dateModified\":\"2025-07-16T23:22:18+00:00\",\"description\":\"Dogtagclan \\u00e9 fabricante de dog tag placas de identifica\\u00e7\\u00e3o com corrente de bolinha em a\\u00e7o inox, Gravamos com seus dados e logo totalmente personalizadas desde 2015\",\"inLanguage\":\"pt-BR\",\"potentialAction\":[{\"@type\":\"ReadAction\",\"target\":[\"https:\/\/dogtagclan.com.br\/blog\/%f0%9f%93%8e-cordao-para-cracha-tdah-qual-e-o-modelo-ideal-e-qual-o-simbolo-usado\/\"]}]},{\"@type\":\"Article\",\"@id\":\"https:\/\/dogtagclan.com.br\/blog\/%f0%9f%93%8e-cordao-para-cracha-tdah-qual-e-o-modelo-ideal-e-qual-o-simbolo-usado\/#article\",\"isPartOf\":{\"@id\":\"https:\/\/dogtagclan.com.br\/blog\/%f0%9f%93%8e-cordao-para-cracha-tdah-qual-e-o-modelo-ideal-e-qual-o-simbolo-usado\/#webpage\"},\"author\":{\"@id\":\"https:\/\/dogtagclan.com.br\/blog\/#\/schema\/person\/b7279d930f15e2a85c89cd3b2f1d8df5\"},\"headline\":\"\\ud83d\\udcce Cord\\u00e3o para Crach\\u00e1 TDAH \\u2013 Qual \\u00e9 o Modelo Ideal e Qual o S\\u00edmbolo Usado?\",\"datePublished\":\"2025-07-16T23:22:16+00:00\",\"dateModified\":\"2025-07-16T23:22:18+00:00\",\"mainEntityOfPage\":{\"@id\":\"https:\/\/dogtagclan.com.br\/blog\/%f0%9f%93%8e-cordao-para-cracha-tdah-qual-e-o-modelo-ideal-e-qual-o-simbolo-usado\/#webpage\"},\"commentCount\":0,\"publisher\":{\"@id\":\"https:\/\/dogtagclan.com.br\/blog\/#organization\"},\"image\":{\"@id\":\"https:\/\/dogtagclan.com.br\/blog\/%f0%9f%93%8e-cordao-para-cracha-tdah-qual-e-o-modelo-ideal-e-qual-o-simbolo-usado\/#primaryimage\"},\"articleSection\":\"Crach\\u00e1 de Identifica\\u00e7\\u00e3o,Crachas e broches personalizados\",\"inLanguage\":\"pt-BR\",\"potentialAction\":[{\"@type\":\"CommentAction\",\"name\":\"Comment\",\"target\":[\"https:\/\/dogtagclan.com.br\/blog\/%f0%9f%93%8e-cordao-para-cracha-tdah-qual-e-o-modelo-ideal-e-qual-o-simbolo-usado\/#respond\"]}]},{\"@type\":\"Person\",\"@id\":\"https:\/\/dogtagclan.com.br\/blog\/#\/schema\/person\/b7279d930f15e2a85c89cd3b2f1d8df5\",\"name\":\"dogtagclan\",\"description\":\"\\\"A DogTagClan \\u00e9 especializada na fabrica\\u00e7\\u00e3o e personaliza\\u00e7\\u00e3o de Dog Tags, crach\\u00e1s e acess\\u00f3rios. Produzimos pe\\u00e7as em a\\u00e7o inoxid\\u00e1vel com grava\\u00e7\\u00f5es de alta precis\\u00e3o para identifica\\u00e7\\u00e3o pessoal e profissional.\\\"\",\"sameAs\":[\"https:\/\/blog.dogtagclan.com.br\",\"https:\/\/www.facebook.com\/dogtagclan\",\"https:\/\/www.instagram.com\/dogtagclan\",\"https:\/\/twitter.com\/https:\/\/x.com\/Dogtagclanclan\",\"https:\/\/www.youtube.com\/dogtagclan\"]}]}<\/script>\n<!-- \/ Yoast SEO Premium plugin. -->","_links":{"self":[{"href":"https:\/\/dogtagclan.com.br\/blog\/wp-json\/wp\/v2\/posts\/4605"}],"collection":[{"href":"https:\/\/dogtagclan.com.br\/blog\/wp-json\/wp\/v2\/posts"}],"about":[{"href":"https:\/\/dogtagclan.com.br\/blog\/wp-json\/wp\/v2\/types\/post"}],"author":[{"embeddable":true,"href":"https:\/\/dogtagclan.com.br\/blog\/wp-json\/wp\/v2\/users\/1"}],"replies":[{"embeddable":true,"href":"https:\/\/dogtagclan.com.br\/blog\/wp-json\/wp\/v2\/comments?post=4605"}],"version-history":[{"count":0,"href":"https:\/\/dogtagclan.com.br\/blog\/wp-json\/wp\/v2\/posts\/4605\/revisions"}],"wp:featuredmedia":[{"embeddable":true,"href":"https:\/\/dogtagclan.com.br\/blog\/wp-json\/wp\/v2\/media\/4606"}],"wp:attachment":[{"href":"https:\/\/dogtagclan.com.br\/blog\/wp-json\/wp\/v2\/media?parent=4605"}],"wp:term":[{"taxonomy":"category","embeddable":true,"href":"https:\/\/dogtagclan.com.br\/blog\/wp-json\/wp\/v2\/categories?post=4605"},{"taxonomy":"post_tag","embeddable":true,"href":"https:\/\/dogtagclan.com.br\/blog\/wp-json\/wp\/v2\/tags?post=4605"}],"curies":[{"name":"wp","href":"https:\/\/api.w.org\/{rel}","templated":true}]}}