{"id":4597,"date":"2025-07-11T14:57:28","date_gmt":"2025-07-11T17:57:28","guid":{"rendered":"https:\/\/dogtagclan.com.br\/blog\/?p=4597"},"modified":"2025-07-11T18:20:41","modified_gmt":"2025-07-11T21:20:41","slug":"%f0%9f%8e%96%ef%b8%8f-dog-tag-cfc-caveira-militar-com-chapeu-verde-o-simbolo-da-sua-conquista-gravado-no-aco","status":"publish","type":"post","link":"https:\/\/dogtagclan.com.br\/blog\/%f0%9f%8e%96%ef%b8%8f-dog-tag-cfc-caveira-militar-com-chapeu-verde-o-simbolo-da-sua-conquista-gravado-no-aco\/","title":{"rendered":"\ud83c\udf96\ufe0f Dog Tag CFC Caveira Militar com Chap\u00e9u Verde \u2013 O S\u00edmbolo da Sua Conquista Gravado no A\u00e7o"},"content":{"rendered":"\n<p>Voc\u00ea concluiu o CFC e quer eternizar essa conquista com um presente de impacto? A <strong>Dog Tag CFC Caveira Militar Personalizada com Chap\u00e9u Verde<\/strong> \u00e9 mais do que um acess\u00f3rio: \u00e9 uma homenagem \u00e0 sua trajet\u00f3ria, disciplina e coragem. Gravada em a\u00e7o inox, com s\u00edmbolos poderosos como a caveira e o tradicional chap\u00e9u verde, essa pe\u00e7a carrega identidade e hist\u00f3ria no peito.<\/p>\n\n\n\n<figure class=\"wp-block-image size-full is-resized\"><img decoding=\"async\" width=\"500\" height=\"500\" src=\"https:\/\/dogtagclan.com.br\/blog\/wp-content\/uploads\/2025\/07\/dog-tag-cfcd.jpg\" alt=\"\" class=\"wp-image-4600\" style=\"width:488px;height:auto\" srcset=\"https:\/\/dogtagclan.com.br\/blog\/wp-content\/uploads\/2025\/07\/dog-tag-cfcd.jpg 500w, https:\/\/dogtagclan.com.br\/blog\/wp-content\/uploads\/2025\/07\/dog-tag-cfcd-300x300.jpg 300w, https:\/\/dogtagclan.com.br\/blog\/wp-content\/uploads\/2025\/07\/dog-tag-cfcd-150x150.jpg 150w, https:\/\/dogtagclan.com.br\/blog\/wp-content\/uploads\/2025\/07\/dog-tag-cfcd-96x96.jpg 96w\" sizes=\"(max-width: 500px) 100vw, 500px\" \/><\/figure>\n\n\n\n<p>\ud83d\udc49<a href=\"https:\/\/dogtagclan.com.br\/produto\/dog-tag-cfc-caveira-militar-personalizada-chapeu-verde\"> Clique aqui para personalizar a sua agora mesmo!<\/a><\/p>\n\n\n\n<hr class=\"wp-block-separator has-alpha-channel-opacity\"\/>\n\n\n\n<h2 class=\"wp-block-heading\" id=\"h-o-que-a-dog-tag-cfc-com-caveira-militar\">\ud83d\udccc O Que \u00c9 a Dog Tag CFC com Caveira Militar?<\/h2>\n\n\n\n<p>A <strong>dog tag personalizada CFC<\/strong> \u00e9 uma plaqueta de identifica\u00e7\u00e3o feita em <strong>a\u00e7o inox de alta durabilidade<\/strong>, usada por militares e for\u00e7as de seguran\u00e7a como s\u00edmbolo de pertencimento. Essa vers\u00e3o especial com <strong>caveira e chap\u00e9u verde<\/strong> representa os valores da forma\u00e7\u00e3o no <strong>Curso de Forma\u00e7\u00e3o de Cabos (CFC)<\/strong>, trazendo uma est\u00e9tica forte e simb\u00f3lica.<\/p>\n\n\n\n<hr class=\"wp-block-separator has-alpha-channel-opacity\"\/>\n\n\n\n<h2 class=\"wp-block-heading\" id=\"h-caracter-sticas-da-dog-tag-cfc-personalizada\">\u2705 Caracter\u00edsticas da Dog Tag CFC Personalizada<\/h2>\n\n\n\n<ul>\n<li><strong>Material:<\/strong> A\u00e7o inoxid\u00e1vel \u2013 n\u00e3o enferruja, n\u00e3o desbota<\/li>\n\n\n\n<li><strong>Grava\u00e7\u00e3o:<\/strong> Temos modelos em Alto relevo ou ponta de diamante ou sublima\u00e7\u00e3o<\/li>\n\n\n\n<li><strong>Personaliza\u00e7\u00e3o:<\/strong> Nome, OM, turma, bras\u00e3o e frase inspiradora<\/li>\n\n\n\n<li><strong>Corrente:<\/strong> Bolinha estilo militar (a\u00e7o inox, preta ou dourada)<\/li>\n\n\n\n<li><strong>S\u00edmbolos:<\/strong> Caveira militar, chap\u00e9u verde e bandeiras brasileiras<\/li>\n\n\n\n<li><strong>Acabamento:<\/strong> Brilho profissional e grava\u00e7\u00e3o profunda<\/li>\n\n\n\n<li><strong>Enviamos para todo o Brasil<\/strong><\/li>\n\n\n\n<li><\/li>\n<\/ul>\n\n\n\n<figure class=\"wp-block-image size-full\"><a href=\"https:\/\/dogtagclan.com.br\/produto\/dog-tag-cfc-caveira-militar-personalizada-chapeu-verde\"><img decoding=\"async\" width=\"500\" height=\"500\" src=\"https:\/\/dogtagclan.com.br\/blog\/wp-content\/uploads\/2025\/07\/dog-tag-cfc.jpg\" alt=\"\" class=\"wp-image-4601\" srcset=\"https:\/\/dogtagclan.com.br\/blog\/wp-content\/uploads\/2025\/07\/dog-tag-cfc.jpg 500w, https:\/\/dogtagclan.com.br\/blog\/wp-content\/uploads\/2025\/07\/dog-tag-cfc-300x300.jpg 300w, https:\/\/dogtagclan.com.br\/blog\/wp-content\/uploads\/2025\/07\/dog-tag-cfc-150x150.jpg 150w, https:\/\/dogtagclan.com.br\/blog\/wp-content\/uploads\/2025\/07\/dog-tag-cfc-96x96.jpg 96w\" sizes=\"(max-width: 500px) 100vw, 500px\" \/><\/a><\/figure>\n\n\n\n<hr class=\"wp-block-separator has-alpha-channel-opacity\"\/>\n\n\n\n<h2 class=\"wp-block-heading\" id=\"h-para-quem-essa-dog-tag\">\ud83c\udfaf Para Quem \u00c9 Essa Dog Tag?<\/h2>\n\n\n\n<p>Essa pe\u00e7a \u00e9 ideal para:<\/p>\n\n\n\n<ul>\n<li>\ud83d\udc68\u200d\u2708\ufe0f <strong>Militares rec\u00e9m-formados no CFC<\/strong><\/li>\n\n\n\n<li>\ud83c\udf81 <strong>Presentear colegas e turmas formadas<\/strong><\/li>\n\n\n\n<li>\ud83d\udce6 <strong>Lembran\u00e7a para guardar com orgulho<\/strong><\/li>\n\n\n\n<li>\ud83d\udee1\ufe0f <strong>Pessoas que valorizam a simbologia militar<\/strong><\/li>\n<\/ul>\n\n\n\n<hr class=\"wp-block-separator has-alpha-channel-opacity\"\/>\n\n\n\n<h2 class=\"wp-block-heading\" id=\"h-o-significado-da-caveira-e-do-chap-u-verde\">\ud83c\udfa8 O Significado da Caveira e do Chap\u00e9u Verde<\/h2>\n\n\n\n<p>A <strong>caveira militar<\/strong> representa coragem, lealdade e prontid\u00e3o para o combate. J\u00e1 o <strong>chap\u00e9u verde<\/strong>, s\u00edmbolo tradicional em muitas forma\u00e7\u00f5es militares no Brasil, evoca honra, disciplina e supera\u00e7\u00e3o.<\/p>\n\n\n\n<p>As <strong>bandeiras gravadas<\/strong> ao lado da arte refor\u00e7am o patriotismo e a dedica\u00e7\u00e3o \u00e0 p\u00e1tria \u2013 um toque visual que transforma a pe\u00e7a em uma dog tag com valor emocional e simb\u00f3lico.<\/p>\n\n\n\n<hr class=\"wp-block-separator has-alpha-channel-opacity\"\/>\n\n\n\n<h2 class=\"wp-block-heading\" id=\"h-por-que-escolher-a-dogtagclan\">\ud83d\udd25 Por Que Escolher a DogTagClan?<\/h2>\n\n\n\n<p>A DogTagClan \u00e9 refer\u00eancia nacional em personaliza\u00e7\u00e3o de dog tags militares. Trabalhamos com:<\/p>\n\n\n\n<ul>\n<li>Grava\u00e7\u00e3o em <strong>alto relevo<\/strong><\/li>\n\n\n\n<li>Grava\u00e7\u00e3o por <strong>ponta de diamante<\/strong><\/li>\n\n\n\n<li>Arte com <strong>imagem gravada<\/strong><\/li>\n\n\n\n<li>Acabamentos resistentes ao tempo e ao uso cont\u00ednuo<\/li>\n\n\n\n<li>Atendimento humanizado e envio r\u00e1pido para todo o Brasil<\/li>\n\n\n\n<li><\/li>\n<\/ul>\n\n\n\n<figure class=\"wp-block-image size-full\"><img decoding=\"async\" width=\"500\" height=\"500\" src=\"https:\/\/dogtagclan.com.br\/blog\/wp-content\/uploads\/2025\/07\/dogtag-cfc-1.jpg\" alt=\"\" class=\"wp-image-4602\" srcset=\"https:\/\/dogtagclan.com.br\/blog\/wp-content\/uploads\/2025\/07\/dogtag-cfc-1.jpg 500w, https:\/\/dogtagclan.com.br\/blog\/wp-content\/uploads\/2025\/07\/dogtag-cfc-1-300x300.jpg 300w, https:\/\/dogtagclan.com.br\/blog\/wp-content\/uploads\/2025\/07\/dogtag-cfc-1-150x150.jpg 150w, https:\/\/dogtagclan.com.br\/blog\/wp-content\/uploads\/2025\/07\/dogtag-cfc-1-96x96.jpg 96w\" sizes=\"(max-width: 500px) 100vw, 500px\" \/><\/figure>\n\n\n\n<hr class=\"wp-block-separator has-alpha-channel-opacity\"\/>\n\n\n\n<h2 class=\"wp-block-heading\" id=\"h-ideias-de-personaliza-o\">\ud83d\udca1 Ideias de Personaliza\u00e7\u00e3o<\/h2>\n\n\n\n<p>Voc\u00ea pode gravar:<\/p>\n\n\n\n<ul>\n<li><strong>Nome completo<\/strong><\/li>\n\n\n\n<li><strong>Organiza\u00e7\u00e3o Militar (OM)<\/strong><\/li>\n\n\n\n<li><strong>Ano e turma da forma\u00e7\u00e3o<\/strong><\/li>\n\n\n\n<li><strong>Frases como \u201cGuerreiro de Farda\u201d, \u201cDisciplina e Honra\u201d ou \u201cMiss\u00e3o dada \u00e9 miss\u00e3o cumprida\u201d<\/strong><\/li>\n\n\n\n<li><strong>Bras\u00e3o da turma ou imagem simb\u00f3lica<\/strong><\/li>\n<\/ul>\n\n\n\n<hr class=\"wp-block-separator has-alpha-channel-opacity\"\/>\n\n\n\n<h2 class=\"wp-block-heading\" id=\"h-como-comprar\">\ud83d\udce6 Como Comprar?<\/h2>\n\n\n\n<ol>\n<li>Acesse o link:<br>\ud83d\udc49 <a class=\"\" href=\"https:\/\/dogtagclan.com.br\/produto\/dog-tag-cfc-caveira-militar-personalizada-chapeu-verde\">Dog Tag CFC Caveira Militar Personalizada Chap\u00e9u Verde<\/a><\/li>\n\n\n\n<li>Escolha:\n<ul>\n<li>O modelo de corrente<\/li>\n\n\n\n<li>O tipo de grava\u00e7\u00e3o<\/li>\n\n\n\n<li>Se deseja silenciador (borracha)<\/li>\n<\/ul>\n<\/li>\n\n\n\n<li>Envie os dados para grava\u00e7\u00e3o no campo de personaliza\u00e7\u00e3o ou por WhatsApp:<br>\ud83d\udcf2 <a>Clique aqui para falar no WhatsApp<\/a><\/li>\n<\/ol>\n\n\n\n<hr class=\"wp-block-separator has-alpha-channel-opacity\"\/>\n\n\n\n<hr class=\"wp-block-separator has-alpha-channel-opacity\"\/>\n\n\n\n<h2 class=\"wp-block-heading\" id=\"h-perguntas-frequentes-faq\">\ud83d\ude4b\u200d\u2642\ufe0f Perguntas Frequentes (FAQ)<\/h2>\n\n\n\n<p><strong>\ud83d\udccc Posso gravar o bras\u00e3o da minha turma?<\/strong><br>Sim! Basta enviar a imagem em boa qualidade no momento da compra.<\/p>\n\n\n\n<p><strong>\ud83d\udccc Posso usar essa dog tag no dia a dia?<\/strong><br>Sim. Ela \u00e9 resistente \u00e0 \u00e1gua, suor e sol. Ideal para uso di\u00e1rio.<\/p>\n\n\n\n<p><strong>\ud83d\udccc Voc\u00eas fazem para outras forma\u00e7\u00f5es?<\/strong><br>Sim! Temos dog tags para TFM, Selva, PQD, ROTAM e muitas outras. Consulte!<\/p>\n\n\n\n<hr class=\"wp-block-separator has-alpha-channel-opacity\"\/>\n\n\n\n<h2 class=\"wp-block-heading\" id=\"h-conclus-o-grave-sua-hist-ria-no-a-o\">\u270d\ufe0f Conclus\u00e3o: Grave Sua Hist\u00f3ria no A\u00e7o<\/h2>\n\n\n\n<p>A formatura no CFC \u00e9 um marco de transforma\u00e7\u00e3o e disciplina. N\u00e3o deixe essa conquista passar em branco. Grave seu nome, sua hist\u00f3ria e sua coragem com uma <strong>dog tag que representa quem voc\u00ea \u00e9 de verdade<\/strong>.<\/p>\n\n\n\n<p>\ud83d\udd17 <a class=\"\" href=\"https:\/\/dogtagclan.com.br\/produto\/dog-tag-cfc-caveira-militar-personalizada-chapeu-verde\">Personalize agora sua Dog Tag CFC Caveira com Chap\u00e9u Verde<\/a><\/p>\n","protected":false},"excerpt":{"rendered":"<p>Voc\u00ea concluiu o CFC e quer eternizar essa conquista com um presente de impacto? A Dog Tag CFC Caveira Militar<\/p>\n","protected":false},"author":1,"featured_media":4598,"comment_status":"open","ping_status":"open","sticky":false,"template":"","format":"standard","meta":{"footnotes":""},"categories":[11,17],"tags":[],"yoast_head":"<!-- This site is optimized with the Yoast SEO Premium plugin v15.5 - https:\/\/yoast.com\/wordpress\/plugins\/seo\/ -->\n<title>\ud83c\udf96\ufe0f Dog Tag CFC Caveira Militar com Chap\u00e9u Verde \u2013 O S\u00edmbolo da Sua Conquista Gravado no A\u00e7o | DogTagClan Blog<\/title>\n<meta name=\"description\" content=\"Voc\u00ea concluiu o CFC e quer eternizar essa conquista com um presente de impacto? A Dog Tag CFC Caveira Militar Personalizada com Chap\u00e9u Verde\" \/>\n<meta name=\"robots\" content=\"index, follow, max-snippet:-1, max-image-preview:large, max-video-preview:-1\" \/>\n<link rel=\"canonical\" href=\"https:\/\/dogtagclan.com.br\/blog\/\ud83c\udf96\ufe0f-dog-tag-cfc-caveira-militar-com-chapeu-verde-o-simbolo-da-sua-conquista-gravado-no-aco\/\" \/>\n<meta property=\"og:locale\" content=\"pt_BR\" \/>\n<meta property=\"og:type\" content=\"article\" \/>\n<meta property=\"og:title\" content=\"\ud83c\udf96\ufe0f Dog Tag CFC Caveira Militar com Chap\u00e9u Verde \u2013 O S\u00edmbolo da Sua Conquista Gravado no A\u00e7o | DogTagClan Blog\" \/>\n<meta property=\"og:description\" content=\"Voc\u00ea concluiu o CFC e quer eternizar essa conquista com um presente de impacto? A Dog Tag CFC Caveira Militar Personalizada com Chap\u00e9u Verde\" \/>\n<meta property=\"og:url\" content=\"https:\/\/dogtagclan.com.br\/blog\/\ud83c\udf96\ufe0f-dog-tag-cfc-caveira-militar-com-chapeu-verde-o-simbolo-da-sua-conquista-gravado-no-aco\/\" \/>\n<meta property=\"og:site_name\" content=\"DogTagClan Blog\" \/>\n<meta property=\"article:publisher\" content=\"https:\/\/www.facebook.com\/dogtagclan\" \/>\n<meta property=\"article:author\" content=\"https:\/\/www.facebook.com\/dogtagclan\" \/>\n<meta property=\"article:published_time\" content=\"2025-07-11T17:57:28+00:00\" \/>\n<meta property=\"article:modified_time\" content=\"2025-07-11T21:20:41+00:00\" \/>\n<meta property=\"og:image\" content=\"https:\/\/dogtagclan.com.br\/blog\/wp-content\/uploads\/2025\/07\/acc49bb4-faad-41c7-ae51-80e5e04cc52e.png\" \/>\n\t<meta property=\"og:image:width\" content=\"1024\" \/>\n\t<meta property=\"og:image:height\" content=\"1024\" \/>\n<meta name=\"twitter:card\" content=\"summary_large_image\" \/>\n<meta name=\"twitter:creator\" content=\"@https:\/\/x.com\/Dogtagclanclan\" \/>\n<meta name=\"twitter:label1\" content=\"Est. tempo de leitura\">\n\t<meta name=\"twitter:data1\" content=\"2 minutos\">\n<script type=\"application\/ld+json\" class=\"yoast-schema-graph\">{\"@context\":\"https:\/\/schema.org\",\"@graph\":[{\"@type\":\"Organization\",\"@id\":\"https:\/\/dogtagclan.com.br\/blog\/#organization\",\"name\":\"DogTagClan | Dog Tags, Crach\\u00e1s e Acess\\u00f3rios Personalizados\",\"url\":\"https:\/\/dogtagclan.com.br\/blog\/\",\"sameAs\":[\"https:\/\/www.facebook.com\/dogtagclan\"],\"logo\":{\"@type\":\"ImageObject\",\"@id\":\"https:\/\/dogtagclan.com.br\/blog\/#logo\",\"inLanguage\":\"pt-BR\",\"url\":\"https:\/\/dogtagclan.com.br\/blog\/wp-content\/uploads\/2023\/02\/cropped-doftagclan-logo.png\",\"width\":250,\"height\":140,\"caption\":\"DogTagClan | Dog Tags, Crach\\u00e1s e Acess\\u00f3rios Personalizados\"},\"image\":{\"@id\":\"https:\/\/dogtagclan.com.br\/blog\/#logo\"}},{\"@type\":\"WebSite\",\"@id\":\"https:\/\/dogtagclan.com.br\/blog\/#website\",\"url\":\"https:\/\/dogtagclan.com.br\/blog\/\",\"name\":\"DogTagClan Blog\",\"description\":\"A gente faz, do seu Jeito\",\"publisher\":{\"@id\":\"https:\/\/dogtagclan.com.br\/blog\/#organization\"},\"potentialAction\":[{\"@type\":\"SearchAction\",\"target\":\"https:\/\/dogtagclan.com.br\/blog\/?s={search_term_string}\",\"query-input\":\"required name=search_term_string\"}],\"inLanguage\":\"pt-BR\"},{\"@type\":\"ImageObject\",\"@id\":\"https:\/\/dogtagclan.com.br\/blog\/%f0%9f%8e%96%ef%b8%8f-dog-tag-cfc-caveira-militar-com-chapeu-verde-o-simbolo-da-sua-conquista-gravado-no-aco\/#primaryimage\",\"inLanguage\":\"pt-BR\",\"url\":\"https:\/\/dogtagclan.com.br\/blog\/wp-content\/uploads\/2025\/07\/acc49bb4-faad-41c7-ae51-80e5e04cc52e.png\",\"width\":1024,\"height\":1024,\"caption\":\"Modelo exclusivo com caveira, chap\\u00e9u verde camuflado e bras\\u00e3o militar \\u2013 ideal para formandos do CFC.\"},{\"@type\":\"WebPage\",\"@id\":\"https:\/\/dogtagclan.com.br\/blog\/%f0%9f%8e%96%ef%b8%8f-dog-tag-cfc-caveira-militar-com-chapeu-verde-o-simbolo-da-sua-conquista-gravado-no-aco\/#webpage\",\"url\":\"https:\/\/dogtagclan.com.br\/blog\/%f0%9f%8e%96%ef%b8%8f-dog-tag-cfc-caveira-militar-com-chapeu-verde-o-simbolo-da-sua-conquista-gravado-no-aco\/\",\"name\":\"\\ud83c\\udf96\\ufe0f Dog Tag CFC Caveira Militar com Chap\\u00e9u Verde \\u2013 O S\\u00edmbolo da Sua Conquista Gravado no A\\u00e7o | DogTagClan Blog\",\"isPartOf\":{\"@id\":\"https:\/\/dogtagclan.com.br\/blog\/#website\"},\"primaryImageOfPage\":{\"@id\":\"https:\/\/dogtagclan.com.br\/blog\/%f0%9f%8e%96%ef%b8%8f-dog-tag-cfc-caveira-militar-com-chapeu-verde-o-simbolo-da-sua-conquista-gravado-no-aco\/#primaryimage\"},\"datePublished\":\"2025-07-11T17:57:28+00:00\",\"dateModified\":\"2025-07-11T21:20:41+00:00\",\"description\":\"Voc\\u00ea concluiu o CFC e quer eternizar essa conquista com um presente de impacto? A Dog Tag CFC Caveira Militar Personalizada com Chap\\u00e9u Verde\",\"inLanguage\":\"pt-BR\",\"potentialAction\":[{\"@type\":\"ReadAction\",\"target\":[\"https:\/\/dogtagclan.com.br\/blog\/%f0%9f%8e%96%ef%b8%8f-dog-tag-cfc-caveira-militar-com-chapeu-verde-o-simbolo-da-sua-conquista-gravado-no-aco\/\"]}]},{\"@type\":\"Article\",\"@id\":\"https:\/\/dogtagclan.com.br\/blog\/%f0%9f%8e%96%ef%b8%8f-dog-tag-cfc-caveira-militar-com-chapeu-verde-o-simbolo-da-sua-conquista-gravado-no-aco\/#article\",\"isPartOf\":{\"@id\":\"https:\/\/dogtagclan.com.br\/blog\/%f0%9f%8e%96%ef%b8%8f-dog-tag-cfc-caveira-militar-com-chapeu-verde-o-simbolo-da-sua-conquista-gravado-no-aco\/#webpage\"},\"author\":{\"@id\":\"https:\/\/dogtagclan.com.br\/blog\/#\/schema\/person\/b7279d930f15e2a85c89cd3b2f1d8df5\"},\"headline\":\"\\ud83c\\udf96\\ufe0f Dog Tag CFC Caveira Militar com Chap\\u00e9u Verde \\u2013 O S\\u00edmbolo da Sua Conquista Gravado no A\\u00e7o\",\"datePublished\":\"2025-07-11T17:57:28+00:00\",\"dateModified\":\"2025-07-11T21:20:41+00:00\",\"mainEntityOfPage\":{\"@id\":\"https:\/\/dogtagclan.com.br\/blog\/%f0%9f%8e%96%ef%b8%8f-dog-tag-cfc-caveira-militar-com-chapeu-verde-o-simbolo-da-sua-conquista-gravado-no-aco\/#webpage\"},\"commentCount\":0,\"publisher\":{\"@id\":\"https:\/\/dogtagclan.com.br\/blog\/#organization\"},\"image\":{\"@id\":\"https:\/\/dogtagclan.com.br\/blog\/%f0%9f%8e%96%ef%b8%8f-dog-tag-cfc-caveira-militar-com-chapeu-verde-o-simbolo-da-sua-conquista-gravado-no-aco\/#primaryimage\"},\"articleSection\":\"Dog tags,Dog Tags Personalizadas\",\"inLanguage\":\"pt-BR\",\"potentialAction\":[{\"@type\":\"CommentAction\",\"name\":\"Comment\",\"target\":[\"https:\/\/dogtagclan.com.br\/blog\/%f0%9f%8e%96%ef%b8%8f-dog-tag-cfc-caveira-militar-com-chapeu-verde-o-simbolo-da-sua-conquista-gravado-no-aco\/#respond\"]}]},{\"@type\":\"Person\",\"@id\":\"https:\/\/dogtagclan.com.br\/blog\/#\/schema\/person\/b7279d930f15e2a85c89cd3b2f1d8df5\",\"name\":\"dogtagclan\",\"description\":\"\\\"A DogTagClan \\u00e9 especializada na fabrica\\u00e7\\u00e3o e personaliza\\u00e7\\u00e3o de Dog Tags, crach\\u00e1s e acess\\u00f3rios. Produzimos pe\\u00e7as em a\\u00e7o inoxid\\u00e1vel com grava\\u00e7\\u00f5es de alta precis\\u00e3o para identifica\\u00e7\\u00e3o pessoal e profissional.\\\"\",\"sameAs\":[\"https:\/\/blog.dogtagclan.com.br\",\"https:\/\/www.facebook.com\/dogtagclan\",\"https:\/\/www.instagram.com\/dogtagclan\",\"https:\/\/twitter.com\/https:\/\/x.com\/Dogtagclanclan\",\"https:\/\/www.youtube.com\/dogtagclan\"]}]}<\/script>\n<!-- \/ Yoast SEO Premium plugin. -->","_links":{"self":[{"href":"https:\/\/dogtagclan.com.br\/blog\/wp-json\/wp\/v2\/posts\/4597"}],"collection":[{"href":"https:\/\/dogtagclan.com.br\/blog\/wp-json\/wp\/v2\/posts"}],"about":[{"href":"https:\/\/dogtagclan.com.br\/blog\/wp-json\/wp\/v2\/types\/post"}],"author":[{"embeddable":true,"href":"https:\/\/dogtagclan.com.br\/blog\/wp-json\/wp\/v2\/users\/1"}],"replies":[{"embeddable":true,"href":"https:\/\/dogtagclan.com.br\/blog\/wp-json\/wp\/v2\/comments?post=4597"}],"version-history":[{"count":0,"href":"https:\/\/dogtagclan.com.br\/blog\/wp-json\/wp\/v2\/posts\/4597\/revisions"}],"wp:featuredmedia":[{"embeddable":true,"href":"https:\/\/dogtagclan.com.br\/blog\/wp-json\/wp\/v2\/media\/4598"}],"wp:attachment":[{"href":"https:\/\/dogtagclan.com.br\/blog\/wp-json\/wp\/v2\/media?parent=4597"}],"wp:term":[{"taxonomy":"category","embeddable":true,"href":"https:\/\/dogtagclan.com.br\/blog\/wp-json\/wp\/v2\/categories?post=4597"},{"taxonomy":"post_tag","embeddable":true,"href":"https:\/\/dogtagclan.com.br\/blog\/wp-json\/wp\/v2\/tags?post=4597"}],"curies":[{"name":"wp","href":"https:\/\/api.w.org\/{rel}","templated":true}]}}