{"id":4499,"date":"2025-07-06T17:24:52","date_gmt":"2025-07-06T20:24:52","guid":{"rendered":"https:\/\/dogtagclan.com.br\/blog\/?p=4499"},"modified":"2025-07-06T17:33:24","modified_gmt":"2025-07-06T20:33:24","slug":"dog-tag-aeromovel-personalizada-identificacao-militar-com-nome-om-gravado-no-aco","status":"publish","type":"post","link":"https:\/\/dogtagclan.com.br\/blog\/dog-tag-aeromovel-personalizada-identificacao-militar-com-nome-om-gravado-no-aco\/","title":{"rendered":"Dog Tag Aerom\u00f3vel Personalizada \u2013 Identifica\u00e7\u00e3o Militar com Nome, OM Gravado no A\u00e7o"},"content":{"rendered":"\n<p>A <strong>Dog Tag Aerom\u00f3vel Personalizada<\/strong> \u00e9 muito mais que uma identifica\u00e7\u00e3o militar. Ela \u00e9 um s\u00edmbolo de honra, irmandade e pertencimento \u00e0s tropas de elite do Ex\u00e9rcito Brasileiro. Nesta vers\u00e3o especial com a famosa &#8220;faixa Aerom\u00f3vel&#8221;, tamb\u00e9m conhecida como <strong>tarjeta semicircular<\/strong>, <strong>distintivo meia-lua<\/strong> ou simplesmente <strong>Manicaca Aerom\u00f3vel<\/strong>, a DogTagClan oferece uma grava\u00e7\u00e3o duradoura, feita diretamente no a\u00e7o inox. <a href=\"https:\/\/dogtagclan.com.br\/produto\/dog-tag-aeromovel-personalizada-com-nome-e-om-gravacao-no-aco-inox\">compre aqui <\/a><\/p>\n\n\n\n<figure class=\"wp-block-image size-full is-resized\"><a href=\"https:\/\/dogtagclan.com.br\/produto\/dog-tag-aeromovel-personalizada-com-nome-e-om-gravacao-no-aco-inox\"><img decoding=\"async\" width=\"500\" height=\"500\" src=\"https:\/\/dogtagclan.com.br\/blog\/wp-content\/uploads\/2025\/07\/Untitled-19.jpg\" alt=\"\" class=\"wp-image-4500\" style=\"width:285px;height:auto\" srcset=\"https:\/\/dogtagclan.com.br\/blog\/wp-content\/uploads\/2025\/07\/Untitled-19.jpg 500w, https:\/\/dogtagclan.com.br\/blog\/wp-content\/uploads\/2025\/07\/Untitled-19-300x300.jpg 300w, https:\/\/dogtagclan.com.br\/blog\/wp-content\/uploads\/2025\/07\/Untitled-19-150x150.jpg 150w, https:\/\/dogtagclan.com.br\/blog\/wp-content\/uploads\/2025\/07\/Untitled-19-96x96.jpg 96w\" sizes=\"(max-width: 500px) 100vw, 500px\" \/><\/a><\/figure>\n\n\n\n<h2 class=\"wp-block-heading\" id=\"h-o-que-a-faixa-aerom-vel\">O Que \u00e9 a Faixa Aerom\u00f3vel?<\/h2>\n\n\n\n<p>A faixa Aerom\u00f3vel \u00e9 um distintivo semicircular usado por militares do 6\u00ba Batalh\u00e3o de Infantaria Leve (6\u00ba BIL), entre outras unidades aerotransportadas. Apelidada de <strong>Manicaca Aerom\u00f3vel<\/strong>, ela representa a forma\u00e7\u00e3o, disciplina e coragem dos soldados especializados em mobilidade r\u00e1pida por via terrestre e a\u00e9rea.<\/p>\n\n\n\n<p>Sua presen\u00e7a na dog tag \u00e9 um marco de respeito e reconhecimento.<\/p>\n\n\n\n<h2 class=\"wp-block-heading\" id=\"h-dados-personalizados-gravados-no-a-o-inox\">Dados Personalizados Gravados no A\u00e7o Inox<\/h2>\n\n\n\n<p>Cada dog tag pode ser <strong>personalizada com nome, OM (Organiza\u00e7\u00e3o Militar)<\/strong>, tipo sangu\u00edneo, telefone de emerg\u00eancia ou outros dados relevantes. A grava\u00e7\u00e3o \u00e9 feita diretamente em <strong>chapa de a\u00e7o inox de alta resist\u00eancia<\/strong>, utilizando t\u00e9cnica mec\u00e2nica de ponta de diamante ou alto relevo (conforme op\u00e7\u00e3o escolhida).<\/p>\n\n\n\n<p>Essa grava\u00e7\u00e3o n\u00e3o sai com o tempo, \u00e9 \u00e0 prova d&#8217;\u00e1gua e feita para durar a vida toda.<\/p>\n\n\n\n<figure class=\"wp-block-image size-large is-resized\"><a href=\"https:\/\/dogtagclan.com.br\/produto\/dog-tag-aeromovel-personalizada-com-nome-e-om-gravacao-no-aco-inox\"><img decoding=\"async\" width=\"768\" height=\"1024\" src=\"https:\/\/dogtagclan.com.br\/blog\/wp-content\/uploads\/2025\/07\/Untitled-17-768x1024.jpg\" alt=\"\" class=\"wp-image-4501\" style=\"width:285px;height:auto\" srcset=\"https:\/\/dogtagclan.com.br\/blog\/wp-content\/uploads\/2025\/07\/Untitled-17-768x1024.jpg 768w, https:\/\/dogtagclan.com.br\/blog\/wp-content\/uploads\/2025\/07\/Untitled-17-225x300.jpg 225w, https:\/\/dogtagclan.com.br\/blog\/wp-content\/uploads\/2025\/07\/Untitled-17-640x853.jpg 640w, https:\/\/dogtagclan.com.br\/blog\/wp-content\/uploads\/2025\/07\/Untitled-17-150x200.jpg 150w, https:\/\/dogtagclan.com.br\/blog\/wp-content\/uploads\/2025\/07\/Untitled-17.jpg 960w\" sizes=\"(max-width: 768px) 100vw, 768px\" \/><\/a><\/figure>\n\n\n\n<h2 class=\"wp-block-heading\" id=\"h-caracter-sticas-da-dog-tag-aerom-vel\">Caracter\u00edsticas da Dog Tag Aerom\u00f3vel<\/h2>\n\n\n\n<ul>\n<li>Chapa em <strong>a\u00e7o inox 304<\/strong> (n\u00e3o enferruja)<\/li>\n\n\n\n<li>Dimens\u00f5es: 5cm x 2,8cm<\/li>\n\n\n\n<li>Grava\u00e7\u00e3o: frente ou frente e verso<\/li>\n\n\n\n<li>Op\u00e7\u00f5es de grava\u00e7\u00e3o: <strong>alto relevo ou ponta de diamante<\/strong><\/li>\n\n\n\n<li>Corrente de bolinha <strong>a\u00e7o inox 2.4mm<\/strong> (op\u00e7\u00e3o de 60cm ou 70cm)<\/li>\n\n\n\n<li>Silenciador emborrachado (preto, verde ou transparente)<\/li>\n\n\n\n<li>Pode incluir a <strong>faixa Aerom\u00f3vel<\/strong> colorida ou em grava\u00e7\u00e3o s\u00f3bria<\/li>\n<\/ul>\n\n\n\n<h2 class=\"wp-block-heading\" id=\"h-grave-sua-hist-ria-no-a-o\">Grave sua Hist\u00f3ria no A\u00e7o<\/h2>\n\n\n\n<p>Cada militar tem uma hist\u00f3ria, uma caminhada e um nome que merece respeito. Ao gravar suas informa\u00e7\u00f5es nesta dog tag, voc\u00ea eterniza sua jornada no a\u00e7o e leva consigo um peda\u00e7o da sua identidade por onde for.<\/p>\n\n\n\n<p>Essa \u00e9 mais do que uma identifica\u00e7\u00e3o. \u00c9 uma declara\u00e7\u00e3o:<\/p>\n\n\n\n<blockquote class=\"wp-block-quote is-layout-flow wp-block-quote-is-layout-flow\">\n<p>&#8220;Sou Aerom\u00f3vel. Estou pronto para agir. E minha identidade est\u00e1 gravada no a\u00e7o.&#8221;<\/p>\n<\/blockquote>\n\n\n\n<h2 class=\"wp-block-heading\" id=\"h-aplicabilidade\">Aplicabilidade<\/h2>\n\n\n\n<ul>\n<li>Soldados da ativa ou da reserva<\/li>\n\n\n\n<li>Colecionadores militares<\/li>\n\n\n\n<li>Presentes personalizados entre irm\u00e3os de farda<\/li>\n\n\n\n<li>Homenagens a veteranos<\/li>\n\n\n\n<li>Suporte para identifica\u00e7\u00e3o r\u00e1pida em opera\u00e7\u00f5es<\/li>\n<\/ul>\n\n\n\n<figure class=\"wp-block-image size-large is-resized\"><a href=\"https:\/\/dogtagclan.com.br\/produto\/dog-tag-aeromovel-personalizada-com-nome-e-om-gravacao-no-aco-inox\"><img decoding=\"async\" width=\"768\" height=\"1024\" src=\"https:\/\/dogtagclan.com.br\/blog\/wp-content\/uploads\/2025\/07\/dog-tag-patente2-768x1024.jpg\" alt=\"\" class=\"wp-image-4502\" style=\"width:247px;height:auto\" srcset=\"https:\/\/dogtagclan.com.br\/blog\/wp-content\/uploads\/2025\/07\/dog-tag-patente2-768x1024.jpg 768w, https:\/\/dogtagclan.com.br\/blog\/wp-content\/uploads\/2025\/07\/dog-tag-patente2-225x300.jpg 225w, https:\/\/dogtagclan.com.br\/blog\/wp-content\/uploads\/2025\/07\/dog-tag-patente2-1152x1536.jpg 1152w, https:\/\/dogtagclan.com.br\/blog\/wp-content\/uploads\/2025\/07\/dog-tag-patente2-640x853.jpg 640w, https:\/\/dogtagclan.com.br\/blog\/wp-content\/uploads\/2025\/07\/dog-tag-patente2-150x200.jpg 150w, https:\/\/dogtagclan.com.br\/blog\/wp-content\/uploads\/2025\/07\/dog-tag-patente2.jpg 1200w\" sizes=\"(max-width: 768px) 100vw, 768px\" \/><\/a><\/figure>\n\n\n\n<h2 class=\"wp-block-heading\" id=\"h-por-que-comprar-com-a-dogtagclan\">Por Que Comprar com a DogTagClan?<\/h2>\n\n\n\n<ul>\n<li>Especialistas em personaliza\u00e7\u00f5es militares<\/li>\n\n\n\n<li>Envio r\u00e1pido para todo o Brasil<\/li>\n\n\n\n<li>Atendimento via WhatsApp com suporte humano<\/li>\n\n\n\n<li><\/li>\n<\/ul>\n\n\n\n<h2 class=\"wp-block-heading\" id=\"h-pe-a-a-sua-agora-mesmo\">Pe\u00e7a a Sua Agora Mesmo!<\/h2>\n\n\n\n<p>Garanta sua <strong>Dog Tag Aerom\u00f3vel com a faixa semicircular personalizada<\/strong>, gravada com seus dados em a\u00e7o inox de verdade.<\/p>\n\n\n\n<p>Clique no link e fale conosco:<\/p>\n\n\n\n<p>\ud83d\udcde <a>Atendimento r\u00e1pido via WhatsApp<\/a><\/p>\n\n\n\n<p>Ou acesse o site: <a href=\"https:\/\/www.dogtagclan.com.br\"><strong>www.dogtagclan.com.br<\/strong><\/a><\/p>\n\n\n\n<hr class=\"wp-block-separator has-alpha-channel-opacity\"\/>\n\n\n\n<h2 class=\"wp-block-heading\" id=\"h-\"><\/h2>\n","protected":false},"excerpt":{"rendered":"<p>A Dog Tag Aerom\u00f3vel Personalizada \u00e9 muito mais que uma identifica\u00e7\u00e3o militar. Ela \u00e9 um s\u00edmbolo de honra, irmandade e<\/p>\n","protected":false},"author":1,"featured_media":4503,"comment_status":"open","ping_status":"open","sticky":false,"template":"","format":"standard","meta":{"footnotes":""},"categories":[11,17],"tags":[],"yoast_head":"<!-- This site is optimized with the Yoast SEO Premium plugin v15.5 - https:\/\/yoast.com\/wordpress\/plugins\/seo\/ -->\n<title>Dog Tag Aerom\u00f3vel Personalizada \u2013 Identifica\u00e7\u00e3o Militar com Nome, OM Gravado no A\u00e7o | DogTagClan Blog<\/title>\n<meta name=\"description\" content=\"A Dog Tag Aerom\u00f3vel Personalizada \u00e9 muito mais que uma identifica\u00e7\u00e3o militar. Ela \u00e9 um s\u00edmbolo de honra, irmandade e pertencimento \u00e0s tropas de elite do\" \/>\n<meta name=\"robots\" content=\"index, follow, max-snippet:-1, max-image-preview:large, max-video-preview:-1\" \/>\n<link rel=\"canonical\" href=\"https:\/\/dogtagclan.com.br\/blog\/dog-tag-aeromovel-personalizada-identificacao-militar-com-nome-om-gravado-no-aco\/\" \/>\n<meta property=\"og:locale\" content=\"pt_BR\" \/>\n<meta property=\"og:type\" content=\"article\" \/>\n<meta property=\"og:title\" content=\"Dog Tag Aerom\u00f3vel Personalizada \u2013 Identifica\u00e7\u00e3o Militar com Nome, OM Gravado no A\u00e7o | DogTagClan Blog\" \/>\n<meta property=\"og:description\" content=\"A Dog Tag Aerom\u00f3vel Personalizada \u00e9 muito mais que uma identifica\u00e7\u00e3o militar. Ela \u00e9 um s\u00edmbolo de honra, irmandade e pertencimento \u00e0s tropas de elite do\" \/>\n<meta property=\"og:url\" content=\"https:\/\/dogtagclan.com.br\/blog\/dog-tag-aeromovel-personalizada-identificacao-militar-com-nome-om-gravado-no-aco\/\" \/>\n<meta property=\"og:site_name\" content=\"DogTagClan Blog\" \/>\n<meta property=\"article:publisher\" content=\"https:\/\/www.facebook.com\/dogtagclan\" \/>\n<meta property=\"article:author\" content=\"https:\/\/www.facebook.com\/dogtagclan\" \/>\n<meta property=\"article:published_time\" content=\"2025-07-06T20:24:52+00:00\" \/>\n<meta property=\"article:modified_time\" content=\"2025-07-06T20:33:24+00:00\" \/>\n<meta property=\"og:image\" content=\"https:\/\/dogtagclan.com.br\/blog\/wp-content\/uploads\/2025\/07\/dog-tag-aeromovel.jpg\" \/>\n\t<meta property=\"og:image:width\" content=\"1024\" \/>\n\t<meta property=\"og:image:height\" content=\"1024\" \/>\n<meta name=\"twitter:card\" content=\"summary_large_image\" \/>\n<meta name=\"twitter:creator\" content=\"@https:\/\/x.com\/Dogtagclanclan\" \/>\n<meta name=\"twitter:label1\" content=\"Est. tempo de leitura\">\n\t<meta name=\"twitter:data1\" content=\"2 minutos\">\n<script type=\"application\/ld+json\" class=\"yoast-schema-graph\">{\"@context\":\"https:\/\/schema.org\",\"@graph\":[{\"@type\":\"Organization\",\"@id\":\"https:\/\/dogtagclan.com.br\/blog\/#organization\",\"name\":\"DogTagClan | Dog Tags, Crach\\u00e1s e Acess\\u00f3rios Personalizados\",\"url\":\"https:\/\/dogtagclan.com.br\/blog\/\",\"sameAs\":[\"https:\/\/www.facebook.com\/dogtagclan\"],\"logo\":{\"@type\":\"ImageObject\",\"@id\":\"https:\/\/dogtagclan.com.br\/blog\/#logo\",\"inLanguage\":\"pt-BR\",\"url\":\"https:\/\/dogtagclan.com.br\/blog\/wp-content\/uploads\/2023\/02\/cropped-doftagclan-logo.png\",\"width\":250,\"height\":140,\"caption\":\"DogTagClan | Dog Tags, Crach\\u00e1s e Acess\\u00f3rios Personalizados\"},\"image\":{\"@id\":\"https:\/\/dogtagclan.com.br\/blog\/#logo\"}},{\"@type\":\"WebSite\",\"@id\":\"https:\/\/dogtagclan.com.br\/blog\/#website\",\"url\":\"https:\/\/dogtagclan.com.br\/blog\/\",\"name\":\"DogTagClan Blog\",\"description\":\"A gente faz, do seu Jeito\",\"publisher\":{\"@id\":\"https:\/\/dogtagclan.com.br\/blog\/#organization\"},\"potentialAction\":[{\"@type\":\"SearchAction\",\"target\":\"https:\/\/dogtagclan.com.br\/blog\/?s={search_term_string}\",\"query-input\":\"required name=search_term_string\"}],\"inLanguage\":\"pt-BR\"},{\"@type\":\"ImageObject\",\"@id\":\"https:\/\/dogtagclan.com.br\/blog\/dog-tag-aeromovel-personalizada-identificacao-militar-com-nome-om-gravado-no-aco\/#primaryimage\",\"inLanguage\":\"pt-BR\",\"url\":\"https:\/\/dogtagclan.com.br\/blog\/wp-content\/uploads\/2025\/07\/dog-tag-aeromovel.jpg\",\"width\":1024,\"height\":1024,\"caption\":\"Dog Tag Aerom\\u00f3vel \\u2013 Nome e OM Gravados no A\\u00e7o Inox\"},{\"@type\":\"WebPage\",\"@id\":\"https:\/\/dogtagclan.com.br\/blog\/dog-tag-aeromovel-personalizada-identificacao-militar-com-nome-om-gravado-no-aco\/#webpage\",\"url\":\"https:\/\/dogtagclan.com.br\/blog\/dog-tag-aeromovel-personalizada-identificacao-militar-com-nome-om-gravado-no-aco\/\",\"name\":\"Dog Tag Aerom\\u00f3vel Personalizada \\u2013 Identifica\\u00e7\\u00e3o Militar com Nome, OM Gravado no A\\u00e7o | DogTagClan Blog\",\"isPartOf\":{\"@id\":\"https:\/\/dogtagclan.com.br\/blog\/#website\"},\"primaryImageOfPage\":{\"@id\":\"https:\/\/dogtagclan.com.br\/blog\/dog-tag-aeromovel-personalizada-identificacao-militar-com-nome-om-gravado-no-aco\/#primaryimage\"},\"datePublished\":\"2025-07-06T20:24:52+00:00\",\"dateModified\":\"2025-07-06T20:33:24+00:00\",\"description\":\"A Dog Tag Aerom\\u00f3vel Personalizada \\u00e9 muito mais que uma identifica\\u00e7\\u00e3o militar. Ela \\u00e9 um s\\u00edmbolo de honra, irmandade e pertencimento \\u00e0s tropas de elite do\",\"inLanguage\":\"pt-BR\",\"potentialAction\":[{\"@type\":\"ReadAction\",\"target\":[\"https:\/\/dogtagclan.com.br\/blog\/dog-tag-aeromovel-personalizada-identificacao-militar-com-nome-om-gravado-no-aco\/\"]}]},{\"@type\":\"Article\",\"@id\":\"https:\/\/dogtagclan.com.br\/blog\/dog-tag-aeromovel-personalizada-identificacao-militar-com-nome-om-gravado-no-aco\/#article\",\"isPartOf\":{\"@id\":\"https:\/\/dogtagclan.com.br\/blog\/dog-tag-aeromovel-personalizada-identificacao-militar-com-nome-om-gravado-no-aco\/#webpage\"},\"author\":{\"@id\":\"https:\/\/dogtagclan.com.br\/blog\/#\/schema\/person\/b7279d930f15e2a85c89cd3b2f1d8df5\"},\"headline\":\"Dog Tag Aerom\\u00f3vel Personalizada \\u2013 Identifica\\u00e7\\u00e3o Militar com Nome, OM Gravado no A\\u00e7o\",\"datePublished\":\"2025-07-06T20:24:52+00:00\",\"dateModified\":\"2025-07-06T20:33:24+00:00\",\"mainEntityOfPage\":{\"@id\":\"https:\/\/dogtagclan.com.br\/blog\/dog-tag-aeromovel-personalizada-identificacao-militar-com-nome-om-gravado-no-aco\/#webpage\"},\"commentCount\":0,\"publisher\":{\"@id\":\"https:\/\/dogtagclan.com.br\/blog\/#organization\"},\"image\":{\"@id\":\"https:\/\/dogtagclan.com.br\/blog\/dog-tag-aeromovel-personalizada-identificacao-militar-com-nome-om-gravado-no-aco\/#primaryimage\"},\"articleSection\":\"Dog tags,Dog Tags Personalizadas\",\"inLanguage\":\"pt-BR\",\"potentialAction\":[{\"@type\":\"CommentAction\",\"name\":\"Comment\",\"target\":[\"https:\/\/dogtagclan.com.br\/blog\/dog-tag-aeromovel-personalizada-identificacao-militar-com-nome-om-gravado-no-aco\/#respond\"]}]},{\"@type\":\"Person\",\"@id\":\"https:\/\/dogtagclan.com.br\/blog\/#\/schema\/person\/b7279d930f15e2a85c89cd3b2f1d8df5\",\"name\":\"dogtagclan\",\"description\":\"\\\"A DogTagClan \\u00e9 especializada na fabrica\\u00e7\\u00e3o e personaliza\\u00e7\\u00e3o de Dog Tags, crach\\u00e1s e acess\\u00f3rios. Produzimos pe\\u00e7as em a\\u00e7o inoxid\\u00e1vel com grava\\u00e7\\u00f5es de alta precis\\u00e3o para identifica\\u00e7\\u00e3o pessoal e profissional.\\\"\",\"sameAs\":[\"https:\/\/blog.dogtagclan.com.br\",\"https:\/\/www.facebook.com\/dogtagclan\",\"https:\/\/www.instagram.com\/dogtagclan\",\"https:\/\/twitter.com\/https:\/\/x.com\/Dogtagclanclan\",\"https:\/\/www.youtube.com\/dogtagclan\"]}]}<\/script>\n<!-- \/ Yoast SEO Premium plugin. -->","_links":{"self":[{"href":"https:\/\/dogtagclan.com.br\/blog\/wp-json\/wp\/v2\/posts\/4499"}],"collection":[{"href":"https:\/\/dogtagclan.com.br\/blog\/wp-json\/wp\/v2\/posts"}],"about":[{"href":"https:\/\/dogtagclan.com.br\/blog\/wp-json\/wp\/v2\/types\/post"}],"author":[{"embeddable":true,"href":"https:\/\/dogtagclan.com.br\/blog\/wp-json\/wp\/v2\/users\/1"}],"replies":[{"embeddable":true,"href":"https:\/\/dogtagclan.com.br\/blog\/wp-json\/wp\/v2\/comments?post=4499"}],"version-history":[{"count":0,"href":"https:\/\/dogtagclan.com.br\/blog\/wp-json\/wp\/v2\/posts\/4499\/revisions"}],"wp:featuredmedia":[{"embeddable":true,"href":"https:\/\/dogtagclan.com.br\/blog\/wp-json\/wp\/v2\/media\/4503"}],"wp:attachment":[{"href":"https:\/\/dogtagclan.com.br\/blog\/wp-json\/wp\/v2\/media?parent=4499"}],"wp:term":[{"taxonomy":"category","embeddable":true,"href":"https:\/\/dogtagclan.com.br\/blog\/wp-json\/wp\/v2\/categories?post=4499"},{"taxonomy":"post_tag","embeddable":true,"href":"https:\/\/dogtagclan.com.br\/blog\/wp-json\/wp\/v2\/tags?post=4499"}],"curies":[{"name":"wp","href":"https:\/\/api.w.org\/{rel}","templated":true}]}}