{"id":4398,"date":"2025-06-20T11:03:08","date_gmt":"2025-06-20T14:03:08","guid":{"rendered":"https:\/\/dogtagclan.com.br\/blog\/?p=4398"},"modified":"2025-06-20T11:03:09","modified_gmt":"2025-06-20T14:03:09","slug":"o-que-significa-o-laco-laranja-do-tdah-entenda-o-simbolo-e-como-usar-na-identificacao-da-crianca","status":"publish","type":"post","link":"https:\/\/dogtagclan.com.br\/blog\/o-que-significa-o-laco-laranja-do-tdah-entenda-o-simbolo-e-como-usar-na-identificacao-da-crianca\/","title":{"rendered":"O Que Significa o La\u00e7o Laranja do TDAH? Entenda o S\u00edmbolo e Como Usar na Identifica\u00e7\u00e3o da Crian\u00e7a"},"content":{"rendered":"\n<p>O <strong>la\u00e7o laranja<\/strong> \u00e9 hoje o <strong>s\u00edmbolo mais reconhecido para o Transtorno de D\u00e9ficit de Aten\u00e7\u00e3o e Hiperatividade (TDAH)<\/strong>. Sua cor vibrante representa energia, impulso, mas tamb\u00e9m a urg\u00eancia de visibilidade para um transtorno muitas vezes invis\u00edvel.<\/p>\n\n\n\n<p>Na DogTagClan, esse la\u00e7o se transformou em um elemento central de crach\u00e1s personalizados que <strong>promovem a seguran\u00e7a, empatia e autonomia<\/strong> de crian\u00e7as com TDAH em ambientes escolares, sociais e p\u00fablicos.  <a href=\"https:\/\/www.dogtagclan.com.br\/departamento\/adicionais\/crachas-de-identificacao\">compre aqui <\/a><\/p>\n\n\n\n<figure class=\"wp-block-image size-large is-resized\"><a href=\"https:\/\/www.dogtagclan.com.br\/departamento\/adicionais\/crachas-de-identificacao\"><img decoding=\"async\" width=\"1024\" height=\"1024\" src=\"https:\/\/dogtagclan.com.br\/blog\/wp-content\/uploads\/2025\/04\/image-13-1024x1024.png\" alt=\"\" class=\"wp-image-3992\" style=\"width:291px;height:auto\" srcset=\"https:\/\/dogtagclan.com.br\/blog\/wp-content\/uploads\/2025\/04\/image-13-1024x1024.png 1024w, https:\/\/dogtagclan.com.br\/blog\/wp-content\/uploads\/2025\/04\/image-13-300x300.png 300w, https:\/\/dogtagclan.com.br\/blog\/wp-content\/uploads\/2025\/04\/image-13-150x150.png 150w, https:\/\/dogtagclan.com.br\/blog\/wp-content\/uploads\/2025\/04\/image-13-768x768.png 768w, https:\/\/dogtagclan.com.br\/blog\/wp-content\/uploads\/2025\/04\/image-13-96x96.png 96w, https:\/\/dogtagclan.com.br\/blog\/wp-content\/uploads\/2025\/04\/image-13.png 1200w\" sizes=\"(max-width: 1024px) 100vw, 1024px\" \/><\/a><\/figure>\n\n\n\n<hr class=\"wp-block-separator has-alpha-channel-opacity\"\/>\n\n\n\n<h3 class=\"wp-block-heading\" id=\"h-qual-o-significado-do-la-o-laranja\">\ud83d\udcc0 Qual \u00e9 o Significado do La\u00e7o Laranja?<\/h3>\n\n\n\n<p>O la\u00e7o laranja foi adotado internacionalmente como um s\u00edmbolo de <strong>conscientiza\u00e7\u00e3o sobre o TDAH<\/strong>. Ele representa:<\/p>\n\n\n\n<ul>\n<li>Est\u00edmulo mental e hiperatividade<\/li>\n\n\n\n<li>Busca por compreens\u00e3o e respeito<\/li>\n\n\n\n<li>Inclus\u00e3o e empatia em espa\u00e7os sociais<\/li>\n\n\n\n<li>Necessidade de reconhecimento de <strong>condi\u00e7\u00f5es n\u00e3o vis\u00edveis<\/strong><\/li>\n<\/ul>\n\n\n\n<p>Na pr\u00e1tica, esse s\u00edmbolo serve como <strong>um lembrete visual para educadores, profissionais de sa\u00fade e a sociedade<\/strong> sobre a import\u00e2ncia de ajustar o olhar para as necessidades da crian\u00e7a.<\/p>\n\n\n\n<hr class=\"wp-block-separator has-alpha-channel-opacity\"\/>\n\n\n\n<h3 class=\"wp-block-heading\" id=\"h-onde-e-como-usar-o-la-o-laranja\">\ud83d\udccd Onde e Como Usar o La\u00e7o Laranja?<\/h3>\n\n\n\n<p>Na DogTagClan, aplicamos o s\u00edmbolo do la\u00e7o laranja em nossos crach\u00e1s de identifica\u00e7\u00e3o personalizados com:<\/p>\n\n\n\n<ul>\n<li><strong>Nome da crian\u00e7a<\/strong><\/li>\n\n\n\n<li><strong>CID do TDAH (F90.0)<\/strong><\/li>\n\n\n\n<li><strong>QR Code com informa\u00e7\u00f5es completas<\/strong><\/li>\n\n\n\n<li><strong>Dados dos pais ou respons\u00e1veis<\/strong><\/li>\n\n\n\n<li><strong>Frase orientativa para quem encontrar a crian\u00e7a<\/strong><\/li>\n\n\n\n<li><strong>Cord\u00e3o infantil com desenhos e la\u00e7os laranjas<\/strong>  <a href=\"https:\/\/www.dogtagclan.com.br\/departamento\/adicionais\/crachas-de-identificacao\">compre aqui <\/a><\/li>\n<\/ul>\n\n\n\n<p>Esses crach\u00e1s s\u00e3o ideais para uso:<\/p>\n\n\n\n<ul>\n<li>Na escola e transporte escolar<\/li>\n\n\n\n<li>Em parques, shoppings e viagens<\/li>\n\n\n\n<li>Em consultas m\u00e9dicas ou espa\u00e7os p\u00fablicos<\/li>\n<\/ul>\n\n\n\n<figure class=\"wp-block-image size-full is-resized\"><a href=\"https:\/\/www.dogtagclan.com.br\/departamento\/adicionais\/crachas-de-identificacao\"><img decoding=\"async\" width=\"1024\" height=\"1024\" src=\"https:\/\/dogtagclan.com.br\/blog\/wp-content\/uploads\/2025\/06\/image-2.png\" alt=\"\" class=\"wp-image-4399\" style=\"width:583px;height:auto\" srcset=\"https:\/\/dogtagclan.com.br\/blog\/wp-content\/uploads\/2025\/06\/image-2.png 1024w, https:\/\/dogtagclan.com.br\/blog\/wp-content\/uploads\/2025\/06\/image-2-300x300.png 300w, https:\/\/dogtagclan.com.br\/blog\/wp-content\/uploads\/2025\/06\/image-2-150x150.png 150w, https:\/\/dogtagclan.com.br\/blog\/wp-content\/uploads\/2025\/06\/image-2-768x768.png 768w, https:\/\/dogtagclan.com.br\/blog\/wp-content\/uploads\/2025\/06\/image-2-96x96.png 96w\" sizes=\"(max-width: 1024px) 100vw, 1024px\" \/><\/a><\/figure>\n\n\n\n<hr class=\"wp-block-separator has-alpha-channel-opacity\"\/>\n\n\n\n<h3 class=\"wp-block-heading\" id=\"h-qual-a-import-ncia-de-usar-o-s-mbolo\">\ud83d\udca1 Qual a Import\u00e2ncia de Usar o S\u00edmbolo?<\/h3>\n\n\n\n<p>Muitas crian\u00e7as com TDAH n\u00e3o conseguem <strong>explicar seu estado emocional<\/strong> ou comportamento em situa\u00e7\u00f5es de press\u00e3o. O crach\u00e1 com o la\u00e7o laranja:<\/p>\n\n\n\n<ul>\n<li>Evita <strong>constrangimentos e julgamentos<\/strong><\/li>\n\n\n\n<li>Facilita atendimentos priorit\u00e1rios e acolhedores<\/li>\n\n\n\n<li>Alerta adultos sobre a <strong>necessidade de paci\u00eancia e compreens\u00e3o<\/strong><\/li>\n\n\n\n<li>Garante <strong>resposta r\u00e1pida em emerg\u00eancias<\/strong><\/li>\n<\/ul>\n\n\n\n<hr class=\"wp-block-separator has-alpha-channel-opacity\"\/>\n\n\n\n<h3 class=\"wp-block-heading\" id=\"h-por-que-escolher-os-crach-s-dogtagclan\">\ud83d\ude80 Por Que Escolher os Crach\u00e1s DogTagClan?<\/h3>\n\n\n\n<ul>\n<li>Design exclusivo com ilustra\u00e7\u00f5es alegres e educativas<\/li>\n\n\n\n<li>Impress\u00e3o em material dur\u00e1vel e resistente<\/li>\n\n\n\n<li>QR Code com op\u00e7\u00e3o de PDF de laudo ou dados emergenciais<\/li>\n\n\n\n<li>Cord\u00e3o infantil ergon\u00f4mico e seguro<\/li>\n\n\n\n<li>Personaliza\u00e7\u00e3o completa com nome, CID e foto<\/li>\n\n\n\n<li>Envio para todo o Brasil<\/li>\n<\/ul>\n\n\n\n<p>\ud83d\udce2 <strong>Compre agora pelo link oficial:<\/strong><br><a href=\"https:\/\/dogtagclan.com.br\/departamento\/adicionais\/crachas-de-identificacao\">https:\/\/dogtagclan.com.br\/departamento\/adicionais\/crachas-de-identificacao<\/a><\/p>\n\n\n\n<p>\ud83d\udce7 Ou chame no WhatsApp: <a href=\"https:\/\/wa.me\/554174001990\" target=\"_blank\" rel=\"noopener\">https:\/\/wa.me\/554174001990<\/a><\/p>\n\n\n\n<hr class=\"wp-block-separator has-alpha-channel-opacity\"\/>\n\n\n\n<h3 class=\"wp-block-heading\" id=\"h-perguntas-frequentes-faq\">\u2753 Perguntas Frequentes (FAQ)<\/h3>\n\n\n\n<p><strong>\u25cf O la\u00e7o laranja \u00e9 obrigat\u00f3rio por lei?<\/strong> N\u00e3o. Mas \u00e9 amplamente reconhecido como s\u00edmbolo de conscientiza\u00e7\u00e3o sobre o TDAH. Seu uso facilita a comunica\u00e7\u00e3o em espa\u00e7os diversos.<\/p>\n\n\n\n<p><strong>\u25cf Posso usar o crach\u00e1 da DogTagClan com outros s\u00edmbolos?<\/strong> Sim! Podemos personalizar com cord\u00e3o de girassol, la\u00e7o roxo, s\u00edmbolos de autismo, epilepsia e outros.<\/p>\n\n\n\n<p><strong>\u25cf O que gravar no crach\u00e1 TDAH?<\/strong> Nome, foto, CID, telefone de emerg\u00eancia, orienta\u00e7\u00e3o em caso de agita\u00e7\u00e3o e QR Code com dados extras.<\/p>\n\n\n\n<hr class=\"wp-block-separator has-alpha-channel-opacity\"\/>\n\n\n\n<h3 class=\"wp-block-heading\" id=\"h-conclus-o\">\ud83c\udf1f Conclus\u00e3o<\/h3>\n\n\n\n<p>O <strong>la\u00e7o laranja \u00e9 mais do que um detalhe visual<\/strong>: \u00e9 um convite \u00e0 empatia. Ao inclu\u00ed-lo em um crach\u00e1 de identifica\u00e7\u00e3o infantil, voc\u00ea protege, informa e d\u00e1 voz a uma necessidade real.<\/p>\n\n\n\n<p><strong>DogTagClan<\/strong> acredita em personaliza\u00e7\u00e3o com significado.<\/p>\n\n\n\n<blockquote class=\"wp-block-quote is-layout-flow wp-block-quote-is-layout-flow\">\n<p>Seu filho n\u00e3o est\u00e1 sozinho. Ele carrega o la\u00e7o, e o la\u00e7o fala por ele.<\/p>\n<\/blockquote>\n","protected":false},"excerpt":{"rendered":"<p>O la\u00e7o laranja \u00e9 hoje o s\u00edmbolo mais reconhecido para o Transtorno de D\u00e9ficit de Aten\u00e7\u00e3o e Hiperatividade (TDAH). Sua<\/p>\n","protected":false},"author":1,"featured_media":4389,"comment_status":"open","ping_status":"open","sticky":false,"template":"","format":"standard","meta":{"footnotes":""},"categories":[557,554],"tags":[],"yoast_head":"<!-- This site is optimized with the Yoast SEO Premium plugin v15.5 - https:\/\/yoast.com\/wordpress\/plugins\/seo\/ -->\n<title>O Que Significa o La\u00e7o Laranja do TDAH? Entenda o S\u00edmbolo e Como Usar na Identifica\u00e7\u00e3o da Crian\u00e7a | DogTagClan Blog<\/title>\n<meta name=\"description\" content=\"O la\u00e7o laranja \u00e9 hoje o s\u00edmbolo mais reconhecido para o Transtorno de D\u00e9ficit de Aten\u00e7\u00e3o e Hiperatividade (TDAH). Sua cor vibrante representa energia,\" \/>\n<meta name=\"robots\" content=\"index, follow, max-snippet:-1, max-image-preview:large, max-video-preview:-1\" \/>\n<link rel=\"canonical\" href=\"https:\/\/dogtagclan.com.br\/blog\/o-que-significa-o-laco-laranja-do-tdah-entenda-o-simbolo-e-como-usar-na-identificacao-da-crianca\/\" \/>\n<meta property=\"og:locale\" content=\"pt_BR\" \/>\n<meta property=\"og:type\" content=\"article\" \/>\n<meta property=\"og:title\" content=\"O Que Significa o La\u00e7o Laranja do TDAH? Entenda o S\u00edmbolo e Como Usar na Identifica\u00e7\u00e3o da Crian\u00e7a | DogTagClan Blog\" \/>\n<meta property=\"og:description\" content=\"O la\u00e7o laranja \u00e9 hoje o s\u00edmbolo mais reconhecido para o Transtorno de D\u00e9ficit de Aten\u00e7\u00e3o e Hiperatividade (TDAH). Sua cor vibrante representa energia,\" \/>\n<meta property=\"og:url\" content=\"https:\/\/dogtagclan.com.br\/blog\/o-que-significa-o-laco-laranja-do-tdah-entenda-o-simbolo-e-como-usar-na-identificacao-da-crianca\/\" \/>\n<meta property=\"og:site_name\" content=\"DogTagClan Blog\" \/>\n<meta property=\"article:publisher\" content=\"https:\/\/www.facebook.com\/dogtagclan\" \/>\n<meta property=\"article:author\" content=\"https:\/\/www.facebook.com\/dogtagclan\" \/>\n<meta property=\"article:published_time\" content=\"2025-06-20T14:03:08+00:00\" \/>\n<meta property=\"article:modified_time\" content=\"2025-06-20T14:03:09+00:00\" \/>\n<meta property=\"og:image\" content=\"https:\/\/dogtagclan.com.br\/blog\/wp-content\/uploads\/2025\/06\/Sem-Titulo-2.jpg\" \/>\n\t<meta property=\"og:image:width\" content=\"1024\" \/>\n\t<meta property=\"og:image:height\" content=\"1024\" \/>\n<meta name=\"twitter:card\" content=\"summary_large_image\" \/>\n<meta name=\"twitter:creator\" content=\"@https:\/\/x.com\/Dogtagclanclan\" \/>\n<meta name=\"twitter:label1\" content=\"Est. tempo de leitura\">\n\t<meta name=\"twitter:data1\" content=\"2 minutos\">\n<script type=\"application\/ld+json\" class=\"yoast-schema-graph\">{\"@context\":\"https:\/\/schema.org\",\"@graph\":[{\"@type\":\"Organization\",\"@id\":\"https:\/\/dogtagclan.com.br\/blog\/#organization\",\"name\":\"DogTagClan | Dog Tags, Crach\\u00e1s e Acess\\u00f3rios Personalizados\",\"url\":\"https:\/\/dogtagclan.com.br\/blog\/\",\"sameAs\":[\"https:\/\/www.facebook.com\/dogtagclan\"],\"logo\":{\"@type\":\"ImageObject\",\"@id\":\"https:\/\/dogtagclan.com.br\/blog\/#logo\",\"inLanguage\":\"pt-BR\",\"url\":\"https:\/\/dogtagclan.com.br\/blog\/wp-content\/uploads\/2023\/02\/cropped-doftagclan-logo.png\",\"width\":250,\"height\":140,\"caption\":\"DogTagClan | Dog Tags, Crach\\u00e1s e Acess\\u00f3rios Personalizados\"},\"image\":{\"@id\":\"https:\/\/dogtagclan.com.br\/blog\/#logo\"}},{\"@type\":\"WebSite\",\"@id\":\"https:\/\/dogtagclan.com.br\/blog\/#website\",\"url\":\"https:\/\/dogtagclan.com.br\/blog\/\",\"name\":\"DogTagClan Blog\",\"description\":\"A gente faz, do seu Jeito\",\"publisher\":{\"@id\":\"https:\/\/dogtagclan.com.br\/blog\/#organization\"},\"potentialAction\":[{\"@type\":\"SearchAction\",\"target\":\"https:\/\/dogtagclan.com.br\/blog\/?s={search_term_string}\",\"query-input\":\"required name=search_term_string\"}],\"inLanguage\":\"pt-BR\"},{\"@type\":\"ImageObject\",\"@id\":\"https:\/\/dogtagclan.com.br\/blog\/o-que-significa-o-laco-laranja-do-tdah-entenda-o-simbolo-e-como-usar-na-identificacao-da-crianca\/#primaryimage\",\"inLanguage\":\"pt-BR\",\"url\":\"https:\/\/dogtagclan.com.br\/blog\/wp-content\/uploads\/2025\/06\/Sem-Titulo-2.jpg\",\"width\":1024,\"height\":1024,\"caption\":\"Crach\\u00e1 para TDAH e TOD com s\\u00edmbolos visuais: la\\u00e7o laranja, cord\\u00e3o tem\\u00e1tico e frase explicativa.\"},{\"@type\":\"WebPage\",\"@id\":\"https:\/\/dogtagclan.com.br\/blog\/o-que-significa-o-laco-laranja-do-tdah-entenda-o-simbolo-e-como-usar-na-identificacao-da-crianca\/#webpage\",\"url\":\"https:\/\/dogtagclan.com.br\/blog\/o-que-significa-o-laco-laranja-do-tdah-entenda-o-simbolo-e-como-usar-na-identificacao-da-crianca\/\",\"name\":\"O Que Significa o La\\u00e7o Laranja do TDAH? Entenda o S\\u00edmbolo e Como Usar na Identifica\\u00e7\\u00e3o da Crian\\u00e7a | DogTagClan Blog\",\"isPartOf\":{\"@id\":\"https:\/\/dogtagclan.com.br\/blog\/#website\"},\"primaryImageOfPage\":{\"@id\":\"https:\/\/dogtagclan.com.br\/blog\/o-que-significa-o-laco-laranja-do-tdah-entenda-o-simbolo-e-como-usar-na-identificacao-da-crianca\/#primaryimage\"},\"datePublished\":\"2025-06-20T14:03:08+00:00\",\"dateModified\":\"2025-06-20T14:03:09+00:00\",\"description\":\"O la\\u00e7o laranja \\u00e9 hoje o s\\u00edmbolo mais reconhecido para o Transtorno de D\\u00e9ficit de Aten\\u00e7\\u00e3o e Hiperatividade (TDAH). Sua cor vibrante representa energia,\",\"inLanguage\":\"pt-BR\",\"potentialAction\":[{\"@type\":\"ReadAction\",\"target\":[\"https:\/\/dogtagclan.com.br\/blog\/o-que-significa-o-laco-laranja-do-tdah-entenda-o-simbolo-e-como-usar-na-identificacao-da-crianca\/\"]}]},{\"@type\":\"Article\",\"@id\":\"https:\/\/dogtagclan.com.br\/blog\/o-que-significa-o-laco-laranja-do-tdah-entenda-o-simbolo-e-como-usar-na-identificacao-da-crianca\/#article\",\"isPartOf\":{\"@id\":\"https:\/\/dogtagclan.com.br\/blog\/o-que-significa-o-laco-laranja-do-tdah-entenda-o-simbolo-e-como-usar-na-identificacao-da-crianca\/#webpage\"},\"author\":{\"@id\":\"https:\/\/dogtagclan.com.br\/blog\/#\/schema\/person\/b7279d930f15e2a85c89cd3b2f1d8df5\"},\"headline\":\"O Que Significa o La\\u00e7o Laranja do TDAH? Entenda o S\\u00edmbolo e Como Usar na Identifica\\u00e7\\u00e3o da Crian\\u00e7a\",\"datePublished\":\"2025-06-20T14:03:08+00:00\",\"dateModified\":\"2025-06-20T14:03:09+00:00\",\"mainEntityOfPage\":{\"@id\":\"https:\/\/dogtagclan.com.br\/blog\/o-que-significa-o-laco-laranja-do-tdah-entenda-o-simbolo-e-como-usar-na-identificacao-da-crianca\/#webpage\"},\"commentCount\":0,\"publisher\":{\"@id\":\"https:\/\/dogtagclan.com.br\/blog\/#organization\"},\"image\":{\"@id\":\"https:\/\/dogtagclan.com.br\/blog\/o-que-significa-o-laco-laranja-do-tdah-entenda-o-simbolo-e-como-usar-na-identificacao-da-crianca\/#primaryimage\"},\"articleSection\":\"Crach\\u00e1 de Identifica\\u00e7\\u00e3o,Crachas e broches personalizados\",\"inLanguage\":\"pt-BR\",\"potentialAction\":[{\"@type\":\"CommentAction\",\"name\":\"Comment\",\"target\":[\"https:\/\/dogtagclan.com.br\/blog\/o-que-significa-o-laco-laranja-do-tdah-entenda-o-simbolo-e-como-usar-na-identificacao-da-crianca\/#respond\"]}]},{\"@type\":\"Person\",\"@id\":\"https:\/\/dogtagclan.com.br\/blog\/#\/schema\/person\/b7279d930f15e2a85c89cd3b2f1d8df5\",\"name\":\"dogtagclan\",\"description\":\"\\\"A DogTagClan \\u00e9 especializada na fabrica\\u00e7\\u00e3o e personaliza\\u00e7\\u00e3o de Dog Tags, crach\\u00e1s e acess\\u00f3rios. Produzimos pe\\u00e7as em a\\u00e7o inoxid\\u00e1vel com grava\\u00e7\\u00f5es de alta precis\\u00e3o para identifica\\u00e7\\u00e3o pessoal e profissional.\\\"\",\"sameAs\":[\"https:\/\/blog.dogtagclan.com.br\",\"https:\/\/www.facebook.com\/dogtagclan\",\"https:\/\/www.instagram.com\/dogtagclan\",\"https:\/\/twitter.com\/https:\/\/x.com\/Dogtagclanclan\",\"https:\/\/www.youtube.com\/dogtagclan\"]}]}<\/script>\n<!-- \/ Yoast SEO Premium plugin. -->","_links":{"self":[{"href":"https:\/\/dogtagclan.com.br\/blog\/wp-json\/wp\/v2\/posts\/4398"}],"collection":[{"href":"https:\/\/dogtagclan.com.br\/blog\/wp-json\/wp\/v2\/posts"}],"about":[{"href":"https:\/\/dogtagclan.com.br\/blog\/wp-json\/wp\/v2\/types\/post"}],"author":[{"embeddable":true,"href":"https:\/\/dogtagclan.com.br\/blog\/wp-json\/wp\/v2\/users\/1"}],"replies":[{"embeddable":true,"href":"https:\/\/dogtagclan.com.br\/blog\/wp-json\/wp\/v2\/comments?post=4398"}],"version-history":[{"count":0,"href":"https:\/\/dogtagclan.com.br\/blog\/wp-json\/wp\/v2\/posts\/4398\/revisions"}],"wp:featuredmedia":[{"embeddable":true,"href":"https:\/\/dogtagclan.com.br\/blog\/wp-json\/wp\/v2\/media\/4389"}],"wp:attachment":[{"href":"https:\/\/dogtagclan.com.br\/blog\/wp-json\/wp\/v2\/media?parent=4398"}],"wp:term":[{"taxonomy":"category","embeddable":true,"href":"https:\/\/dogtagclan.com.br\/blog\/wp-json\/wp\/v2\/categories?post=4398"},{"taxonomy":"post_tag","embeddable":true,"href":"https:\/\/dogtagclan.com.br\/blog\/wp-json\/wp\/v2\/tags?post=4398"}],"curies":[{"name":"wp","href":"https:\/\/api.w.org\/{rel}","templated":true}]}}