{"id":4368,"date":"2025-06-11T18:41:56","date_gmt":"2025-06-11T21:41:56","guid":{"rendered":"https:\/\/dogtagclan.com.br\/blog\/?p=4368"},"modified":"2025-06-11T18:41:57","modified_gmt":"2025-06-11T21:41:57","slug":"colar-militar-masculino-em-aco-inox-estilo-forca-e-identidade-no-peitocolar-militar-masculino","status":"publish","type":"post","link":"https:\/\/dogtagclan.com.br\/blog\/colar-militar-masculino-em-aco-inox-estilo-forca-e-identidade-no-peitocolar-militar-masculino\/","title":{"rendered":"Colar Militar Masculino em A\u00e7o Inox \u2013 Estilo, For\u00e7a e Identidade no Peitocolar militar masculino"},"content":{"rendered":"\n<p>O colar militar masculino vai muito al\u00e9m da moda: ele carrega estilo, for\u00e7a e prop\u00f3sito. Na DogTagClan, esse acess\u00f3rio ganha um novo significado com grava\u00e7\u00e3o personalizada, op\u00e7\u00e3o de imagem ou dados em <strong>alto-relevo<\/strong> e acabamento premium em <strong>a\u00e7o inoxid\u00e1vel<\/strong>.<\/p>\n\n\n\n<p>Seja para uso pessoal, presente com significado ou identifica\u00e7\u00e3o de emerg\u00eancia, a <strong>dog tag masculina<\/strong> \u00e9 uma escolha que une utilidade, estilo e express\u00e3o pessoal.<\/p>\n\n\n\n<figure class=\"wp-block-image size-large is-resized\"><img decoding=\"async\" width=\"768\" height=\"1024\" src=\"https:\/\/dogtagclan.com.br\/blog\/wp-content\/uploads\/2025\/05\/dog-tag-alto-relevo-aco-1-768x1024.jpg\" alt=\"og tag em alto relevo com grava\u00e7\u00e3o militar personalizada em a\u00e7o inox\" class=\"wp-image-4105\" style=\"width:322px;height:auto\" srcset=\"https:\/\/dogtagclan.com.br\/blog\/wp-content\/uploads\/2025\/05\/dog-tag-alto-relevo-aco-1-768x1024.jpg 768w, https:\/\/dogtagclan.com.br\/blog\/wp-content\/uploads\/2025\/05\/dog-tag-alto-relevo-aco-1-225x300.jpg 225w, https:\/\/dogtagclan.com.br\/blog\/wp-content\/uploads\/2025\/05\/dog-tag-alto-relevo-aco-1-640x853.jpg 640w, https:\/\/dogtagclan.com.br\/blog\/wp-content\/uploads\/2025\/05\/dog-tag-alto-relevo-aco-1-150x200.jpg 150w, https:\/\/dogtagclan.com.br\/blog\/wp-content\/uploads\/2025\/05\/dog-tag-alto-relevo-aco-1.jpg 960w\" sizes=\"(max-width: 768px) 100vw, 768px\" \/><figcaption class=\"wp-element-caption\">Modelo cl\u00e1ssico de dog tag em alto relevo gravada com dados oficiais \u2013 DogTagClan<\/figcaption><\/figure>\n\n\n\n<hr class=\"wp-block-separator has-alpha-channel-opacity\"\/>\n\n\n\n<h3 class=\"wp-block-heading\" id=\"h-caracter-sticas-do-colar-militar-da-dogtagclan\">\ud83d\udd27 Caracter\u00edsticas do Colar Militar da DogTagClan<\/h3>\n\n\n\n<ul>\n<li>\ud83d\udd12 <strong>Material:<\/strong> A\u00e7o inoxid\u00e1vel (n\u00e3o enferruja, resistente \u00e0 \u00e1gua e ao tempo)<\/li>\n\n\n\n<li>\ud83d\udd8a <strong>Grava\u00e7\u00e3o em Alto-Relevo:<\/strong> 13 caracteres por linha, at\u00e9 5 linhas por placa<\/li>\n\n\n\n<li>\u2728 <strong>Ponta de Diamante:<\/strong> Grava\u00e7\u00e3o n\u00edtida, permanente e profunda<\/li>\n\n\n\n<li>\ud83c\udfa8 <strong>Grava\u00e7\u00e3o Sublim\u00e1tica:<\/strong> Frontal e verso com imagem, logo, frases ou dados<\/li>\n\n\n\n<li>\u2709 <strong>Personaliza\u00e7\u00e3o livre:<\/strong> Nome, tipo sangu\u00edneo, telefone, CPF, frases, vers\u00edculos e muito mais<\/li>\n\n\n\n<li>\ud83d\udd0e <strong>Imagem ou Dados em ambos os lados:<\/strong> Voc\u00ea escolhe como personalizar<\/li>\n\n\n\n<li>\ud83e\udd1d <strong>Op\u00e7\u00f5es com duas placas:<\/strong> Uma para imagem e outra para informa\u00e7\u00f5es<\/li>\n\n\n\n<li>\u26d3 <strong>Corrente de bolinha:<\/strong> A\u00e7o inox 2.4mm com op\u00e7\u00e3o de tamanho maior<\/li>\n<\/ul>\n\n\n\n<figure class=\"wp-block-image size-full is-resized\"><img decoding=\"async\" width=\"500\" height=\"500\" src=\"https:\/\/dogtagclan.com.br\/blog\/wp-content\/uploads\/2025\/06\/500352703_1120994846733624_77885.jpg\" alt=\"Dog tag com foto do casal personalizada em a\u00e7o inox com a frase &quot;Voc\u00ea \u00e9 especial&quot;, presente criativo da DogTagClan\" class=\"wp-image-4326\" style=\"width:305px;height:auto\" srcset=\"https:\/\/dogtagclan.com.br\/blog\/wp-content\/uploads\/2025\/06\/500352703_1120994846733624_77885.jpg 500w, https:\/\/dogtagclan.com.br\/blog\/wp-content\/uploads\/2025\/06\/500352703_1120994846733624_77885-300x300.jpg 300w, https:\/\/dogtagclan.com.br\/blog\/wp-content\/uploads\/2025\/06\/500352703_1120994846733624_77885-150x150.jpg 150w, https:\/\/dogtagclan.com.br\/blog\/wp-content\/uploads\/2025\/06\/500352703_1120994846733624_77885-96x96.jpg 96w\" sizes=\"(max-width: 500px) 100vw, 500px\" \/><figcaption class=\"wp-element-caption\">Grave a imagem de quem voc\u00ea ama em uma dog tag resistente, feita sob medida com foto, frase e nome.<\/figcaption><\/figure>\n\n\n\n<hr class=\"wp-block-separator has-alpha-channel-opacity\"\/>\n\n\n\n<h3 class=\"wp-block-heading\" id=\"h-quando-usar-o-colar-militar-masculino\">\ud83d\ude80 Quando usar o colar militar masculino?<\/h3>\n\n\n\n<ul>\n<li>Como acess\u00f3rio de estilo urbano<\/li>\n\n\n\n<li>Como identifica\u00e7\u00e3o em trilhas, viagens ou academia<\/li>\n\n\n\n<li>Em situa\u00e7\u00f5es de sa\u00fade: tipo sangu\u00edneo, alergias, contato de emerg\u00eancia<\/li>\n\n\n\n<li>Para expressar sua f\u00e9 ou homenagear algu\u00e9m importante<\/li>\n\n\n\n<li>Presente com significado para namorados, amigos ou formandos militares<\/li>\n<\/ul>\n\n\n\n<figure class=\"wp-block-image size-full is-resized\"><img decoding=\"async\" width=\"768\" height=\"1024\" src=\"https:\/\/dogtagclan.com.br\/blog\/wp-content\/uploads\/2025\/04\/bombe444-2.jpg\" alt=\"\" class=\"wp-image-4042\" style=\"width:339px;height:auto\" srcset=\"https:\/\/dogtagclan.com.br\/blog\/wp-content\/uploads\/2025\/04\/bombe444-2.jpg 768w, https:\/\/dogtagclan.com.br\/blog\/wp-content\/uploads\/2025\/04\/bombe444-2-225x300.jpg 225w, https:\/\/dogtagclan.com.br\/blog\/wp-content\/uploads\/2025\/04\/bombe444-2-640x853.jpg 640w, https:\/\/dogtagclan.com.br\/blog\/wp-content\/uploads\/2025\/04\/bombe444-2-150x200.jpg 150w\" sizes=\"(max-width: 768px) 100vw, 768px\" \/><\/figure>\n\n\n\n<hr class=\"wp-block-separator has-alpha-channel-opacity\"\/>\n\n\n\n<h3 class=\"wp-block-heading\" id=\"h-dog-tag-com-estilo-e-seguran-a\">\ud83c\udf1f Dog Tag com estilo e seguran\u00e7a<\/h3>\n\n\n\n<p>Nosso colar militar masculino n\u00e3o \u00e9 s\u00f3 bonito: ele \u00e9 pensado para resistir, proteger e marcar momentos. A grava\u00e7\u00e3o em alto-relevo permite que os dados permane\u00e7am leg\u00edveis por toda a vida. J\u00e1 a vers\u00e3o sublim\u00e1tica oferece cores vivas e a possibilidade de adicionar fotos e logotipos.<\/p>\n\n\n\n<p>Voc\u00ea pode combinar:<\/p>\n\n\n\n<ul>\n<li><strong>Uma dog tag com frase ou vers\u00edculo<\/strong><\/li>\n\n\n\n<li><strong>Outra com foto ou bras\u00e3o militar, time ou logo empresarial<\/strong><\/li>\n<\/ul>\n\n\n\n<hr class=\"wp-block-separator has-alpha-channel-opacity\"\/>\n\n\n\n<h3 class=\"wp-block-heading\" id=\"h-compre-com-seguran-a\">\ud83d\udecd Compre com seguran\u00e7a:<\/h3>\n\n\n\n<p>\ud83d\udccd Site oficial: <a href=\"https:\/\/dogtagclan.com.br\">www.dogtagclan.com.br<\/a><br>\ud83d\udcde WhatsApp: <a>Clique aqui para falar conosco<\/a><br>\ud83d\ude9a Enviamos para todo o Brasil!<\/p>\n\n\n\n<hr class=\"wp-block-separator has-alpha-channel-opacity\"\/>\n\n\n\n<p><\/p>\n\n\n\n<hr class=\"wp-block-separator has-alpha-channel-opacity\"\/>\n\n\n\n<h3 class=\"wp-block-heading\" id=\"h-depoimento-real-de-quem-usa\">\ud83e\udde1 Depoimento real de quem usa:<\/h3>\n\n\n\n<p>&#8220;Comprei para dar de presente pro meu filho, que se formou na Pol\u00edcia. Ele se emocionou ao ver a frase que sempre repeti pra ele gravada no a\u00e7o. Nunca mais tirou do pesco\u00e7o.&#8221;<\/p>\n\n\n\n<hr class=\"wp-block-separator has-alpha-channel-opacity\"\/>\n\n\n\n<h3 class=\"wp-block-heading\" id=\"h-ideias-de-personaliza-o\">\ud83c\udf81 Ideias de personaliza\u00e7\u00e3o:<\/h3>\n\n\n\n<ul>\n<li>Josu\u00e9 1:9 \u2013 S\u00ea forte e corajoso<\/li>\n\n\n\n<li>Nome + Tipo sangu\u00edneo + Telefone<\/li>\n\n\n\n<li>Bras\u00e3o da Pol\u00edcia ou Ex\u00e9rcito<\/li>\n\n\n\n<li>Frases de amor ou homenagem<\/li>\n\n\n\n<li>Logotipo da empresa ou time<\/li>\n<\/ul>\n\n\n\n<hr class=\"wp-block-separator has-alpha-channel-opacity\"\/>\n\n\n\n<h3 class=\"wp-block-heading\" id=\"h-troca-e-suporte\">\ud83d\udd04 Troca e suporte<\/h3>\n\n\n\n<p>Nossa equipe est\u00e1 pronta para te ajudar com a personaliza\u00e7\u00e3o ideal. Se precisar alterar algum dado, estamos a um clique de dist\u00e2ncia. Atendimento r\u00e1pido e humanizado.<\/p>\n\n\n\n<hr class=\"wp-block-separator has-alpha-channel-opacity\"\/>\n\n\n\n<p><strong>DogTagClan \u2013 Grave sua hist\u00f3ria no a\u00e7o.<\/strong><\/p>\n","protected":false},"excerpt":{"rendered":"<p>O colar militar masculino vai muito al\u00e9m da moda: ele carrega estilo, for\u00e7a e prop\u00f3sito. Na DogTagClan, esse acess\u00f3rio ganha<\/p>\n","protected":false},"author":1,"featured_media":4369,"comment_status":"open","ping_status":"open","sticky":false,"template":"","format":"standard","meta":{"footnotes":""},"categories":[11,17],"tags":[],"yoast_head":"<!-- This site is optimized with the Yoast SEO Premium plugin v15.5 - https:\/\/yoast.com\/wordpress\/plugins\/seo\/ -->\n<title>Colar Militar Masculino em A\u00e7o Inox \u2013 Estilo, For\u00e7a e Identidade no Peitocolar militar masculino | DogTagClan Blog<\/title>\n<meta name=\"description\" content=\"O colar militar masculino vai muito al\u00e9m da moda: ele carrega estilo, for\u00e7a e prop\u00f3sito. Na DogTagClan, esse acess\u00f3rio ganha um novo significado com grava\u00e7\u00e3o\" \/>\n<meta name=\"robots\" content=\"index, follow, max-snippet:-1, max-image-preview:large, max-video-preview:-1\" \/>\n<link rel=\"canonical\" href=\"https:\/\/dogtagclan.com.br\/blog\/colar-militar-masculino-em-aco-inox-estilo-forca-e-identidade-no-peitocolar-militar-masculino\/\" \/>\n<meta property=\"og:locale\" content=\"pt_BR\" \/>\n<meta property=\"og:type\" content=\"article\" \/>\n<meta property=\"og:title\" content=\"Colar Militar Masculino em A\u00e7o Inox \u2013 Estilo, For\u00e7a e Identidade no Peitocolar militar masculino | DogTagClan Blog\" \/>\n<meta property=\"og:description\" content=\"O colar militar masculino vai muito al\u00e9m da moda: ele carrega estilo, for\u00e7a e prop\u00f3sito. Na DogTagClan, esse acess\u00f3rio ganha um novo significado com grava\u00e7\u00e3o\" \/>\n<meta property=\"og:url\" content=\"https:\/\/dogtagclan.com.br\/blog\/colar-militar-masculino-em-aco-inox-estilo-forca-e-identidade-no-peitocolar-militar-masculino\/\" \/>\n<meta property=\"og:site_name\" content=\"DogTagClan Blog\" \/>\n<meta property=\"article:publisher\" content=\"https:\/\/www.facebook.com\/dogtagclan\" \/>\n<meta property=\"article:author\" content=\"https:\/\/www.facebook.com\/dogtagclan\" \/>\n<meta property=\"article:published_time\" content=\"2025-06-11T21:41:56+00:00\" \/>\n<meta property=\"article:modified_time\" content=\"2025-06-11T21:41:57+00:00\" \/>\n<meta property=\"og:image\" content=\"https:\/\/dogtagclan.com.br\/blog\/wp-content\/uploads\/2025\/06\/Sem-Titulo-s1.jpg\" \/>\n\t<meta property=\"og:image:width\" content=\"1024\" \/>\n\t<meta property=\"og:image:height\" content=\"1024\" \/>\n<meta name=\"twitter:card\" content=\"summary_large_image\" \/>\n<meta name=\"twitter:creator\" content=\"@https:\/\/x.com\/Dogtagclanclan\" \/>\n<meta name=\"twitter:label1\" content=\"Est. tempo de leitura\">\n\t<meta name=\"twitter:data1\" content=\"2 minutos\">\n<script type=\"application\/ld+json\" class=\"yoast-schema-graph\">{\"@context\":\"https:\/\/schema.org\",\"@graph\":[{\"@type\":\"Organization\",\"@id\":\"https:\/\/dogtagclan.com.br\/blog\/#organization\",\"name\":\"DogTagClan | Dog Tags, Crach\\u00e1s e Acess\\u00f3rios Personalizados\",\"url\":\"https:\/\/dogtagclan.com.br\/blog\/\",\"sameAs\":[\"https:\/\/www.facebook.com\/dogtagclan\"],\"logo\":{\"@type\":\"ImageObject\",\"@id\":\"https:\/\/dogtagclan.com.br\/blog\/#logo\",\"inLanguage\":\"pt-BR\",\"url\":\"https:\/\/dogtagclan.com.br\/blog\/wp-content\/uploads\/2023\/02\/cropped-doftagclan-logo.png\",\"width\":250,\"height\":140,\"caption\":\"DogTagClan | Dog Tags, Crach\\u00e1s e Acess\\u00f3rios Personalizados\"},\"image\":{\"@id\":\"https:\/\/dogtagclan.com.br\/blog\/#logo\"}},{\"@type\":\"WebSite\",\"@id\":\"https:\/\/dogtagclan.com.br\/blog\/#website\",\"url\":\"https:\/\/dogtagclan.com.br\/blog\/\",\"name\":\"DogTagClan Blog\",\"description\":\"A gente faz, do seu Jeito\",\"publisher\":{\"@id\":\"https:\/\/dogtagclan.com.br\/blog\/#organization\"},\"potentialAction\":[{\"@type\":\"SearchAction\",\"target\":\"https:\/\/dogtagclan.com.br\/blog\/?s={search_term_string}\",\"query-input\":\"required name=search_term_string\"}],\"inLanguage\":\"pt-BR\"},{\"@type\":\"ImageObject\",\"@id\":\"https:\/\/dogtagclan.com.br\/blog\/colar-militar-masculino-em-aco-inox-estilo-forca-e-identidade-no-peitocolar-militar-masculino\/#primaryimage\",\"inLanguage\":\"pt-BR\",\"url\":\"https:\/\/dogtagclan.com.br\/blog\/wp-content\/uploads\/2025\/06\/Sem-Titulo-s1.jpg\",\"width\":1024,\"height\":1024,\"caption\":\"Colar militar masculino com grava\\u00e7\\u00e3o em alto relevo \\u2013 estilo, for\\u00e7a e identidade.\"},{\"@type\":\"WebPage\",\"@id\":\"https:\/\/dogtagclan.com.br\/blog\/colar-militar-masculino-em-aco-inox-estilo-forca-e-identidade-no-peitocolar-militar-masculino\/#webpage\",\"url\":\"https:\/\/dogtagclan.com.br\/blog\/colar-militar-masculino-em-aco-inox-estilo-forca-e-identidade-no-peitocolar-militar-masculino\/\",\"name\":\"Colar Militar Masculino em A\\u00e7o Inox \\u2013 Estilo, For\\u00e7a e Identidade no Peitocolar militar masculino | DogTagClan Blog\",\"isPartOf\":{\"@id\":\"https:\/\/dogtagclan.com.br\/blog\/#website\"},\"primaryImageOfPage\":{\"@id\":\"https:\/\/dogtagclan.com.br\/blog\/colar-militar-masculino-em-aco-inox-estilo-forca-e-identidade-no-peitocolar-militar-masculino\/#primaryimage\"},\"datePublished\":\"2025-06-11T21:41:56+00:00\",\"dateModified\":\"2025-06-11T21:41:57+00:00\",\"description\":\"O colar militar masculino vai muito al\\u00e9m da moda: ele carrega estilo, for\\u00e7a e prop\\u00f3sito. Na DogTagClan, esse acess\\u00f3rio ganha um novo significado com grava\\u00e7\\u00e3o\",\"inLanguage\":\"pt-BR\",\"potentialAction\":[{\"@type\":\"ReadAction\",\"target\":[\"https:\/\/dogtagclan.com.br\/blog\/colar-militar-masculino-em-aco-inox-estilo-forca-e-identidade-no-peitocolar-militar-masculino\/\"]}]},{\"@type\":\"Article\",\"@id\":\"https:\/\/dogtagclan.com.br\/blog\/colar-militar-masculino-em-aco-inox-estilo-forca-e-identidade-no-peitocolar-militar-masculino\/#article\",\"isPartOf\":{\"@id\":\"https:\/\/dogtagclan.com.br\/blog\/colar-militar-masculino-em-aco-inox-estilo-forca-e-identidade-no-peitocolar-militar-masculino\/#webpage\"},\"author\":{\"@id\":\"https:\/\/dogtagclan.com.br\/blog\/#\/schema\/person\/b7279d930f15e2a85c89cd3b2f1d8df5\"},\"headline\":\"Colar Militar Masculino em A\\u00e7o Inox \\u2013 Estilo, For\\u00e7a e Identidade no Peitocolar militar masculino\",\"datePublished\":\"2025-06-11T21:41:56+00:00\",\"dateModified\":\"2025-06-11T21:41:57+00:00\",\"mainEntityOfPage\":{\"@id\":\"https:\/\/dogtagclan.com.br\/blog\/colar-militar-masculino-em-aco-inox-estilo-forca-e-identidade-no-peitocolar-militar-masculino\/#webpage\"},\"commentCount\":0,\"publisher\":{\"@id\":\"https:\/\/dogtagclan.com.br\/blog\/#organization\"},\"image\":{\"@id\":\"https:\/\/dogtagclan.com.br\/blog\/colar-militar-masculino-em-aco-inox-estilo-forca-e-identidade-no-peitocolar-militar-masculino\/#primaryimage\"},\"articleSection\":\"Dog tags,Dog Tags Personalizadas\",\"inLanguage\":\"pt-BR\",\"potentialAction\":[{\"@type\":\"CommentAction\",\"name\":\"Comment\",\"target\":[\"https:\/\/dogtagclan.com.br\/blog\/colar-militar-masculino-em-aco-inox-estilo-forca-e-identidade-no-peitocolar-militar-masculino\/#respond\"]}]},{\"@type\":\"Person\",\"@id\":\"https:\/\/dogtagclan.com.br\/blog\/#\/schema\/person\/b7279d930f15e2a85c89cd3b2f1d8df5\",\"name\":\"dogtagclan\",\"description\":\"\\\"A DogTagClan \\u00e9 especializada na fabrica\\u00e7\\u00e3o e personaliza\\u00e7\\u00e3o de Dog Tags, crach\\u00e1s e acess\\u00f3rios. Produzimos pe\\u00e7as em a\\u00e7o inoxid\\u00e1vel com grava\\u00e7\\u00f5es de alta precis\\u00e3o para identifica\\u00e7\\u00e3o pessoal e profissional.\\\"\",\"sameAs\":[\"https:\/\/blog.dogtagclan.com.br\",\"https:\/\/www.facebook.com\/dogtagclan\",\"https:\/\/www.instagram.com\/dogtagclan\",\"https:\/\/twitter.com\/https:\/\/x.com\/Dogtagclanclan\",\"https:\/\/www.youtube.com\/dogtagclan\"]}]}<\/script>\n<!-- \/ Yoast SEO Premium plugin. -->","_links":{"self":[{"href":"https:\/\/dogtagclan.com.br\/blog\/wp-json\/wp\/v2\/posts\/4368"}],"collection":[{"href":"https:\/\/dogtagclan.com.br\/blog\/wp-json\/wp\/v2\/posts"}],"about":[{"href":"https:\/\/dogtagclan.com.br\/blog\/wp-json\/wp\/v2\/types\/post"}],"author":[{"embeddable":true,"href":"https:\/\/dogtagclan.com.br\/blog\/wp-json\/wp\/v2\/users\/1"}],"replies":[{"embeddable":true,"href":"https:\/\/dogtagclan.com.br\/blog\/wp-json\/wp\/v2\/comments?post=4368"}],"version-history":[{"count":0,"href":"https:\/\/dogtagclan.com.br\/blog\/wp-json\/wp\/v2\/posts\/4368\/revisions"}],"wp:featuredmedia":[{"embeddable":true,"href":"https:\/\/dogtagclan.com.br\/blog\/wp-json\/wp\/v2\/media\/4369"}],"wp:attachment":[{"href":"https:\/\/dogtagclan.com.br\/blog\/wp-json\/wp\/v2\/media?parent=4368"}],"wp:term":[{"taxonomy":"category","embeddable":true,"href":"https:\/\/dogtagclan.com.br\/blog\/wp-json\/wp\/v2\/categories?post=4368"},{"taxonomy":"post_tag","embeddable":true,"href":"https:\/\/dogtagclan.com.br\/blog\/wp-json\/wp\/v2\/tags?post=4368"}],"curies":[{"name":"wp","href":"https:\/\/api.w.org\/{rel}","templated":true}]}}