{"id":4341,"date":"2025-06-04T14:27:00","date_gmt":"2025-06-04T17:27:00","guid":{"rendered":"https:\/\/dogtagclan.com.br\/blog\/?p=4341"},"modified":"2025-06-04T14:27:01","modified_gmt":"2025-06-04T17:27:01","slug":"dog-tag-com-foto-gravada-em-aco-inox-presente-com-nome-e-imagem","status":"publish","type":"post","link":"https:\/\/dogtagclan.com.br\/blog\/dog-tag-com-foto-gravada-em-aco-inox-presente-com-nome-e-imagem\/","title":{"rendered":"Dog Tag com Foto Gravada em A\u00e7o Inox \u2013 Presente com Nome e Imagem"},"content":{"rendered":"\n<p>Uma <strong>Dog Tag com foto gravada em a\u00e7o inox<\/strong> \u00e9 mais do que um simples acess\u00f3rio. \u00c9 uma lembran\u00e7a eterna, um <strong>presente personalizado com nome e imagem<\/strong> que carrega amor, hist\u00f3ria e emo\u00e7\u00e3o no peito de quem usa.<\/p>\n\n\n\n<p>Na <strong>DogTagClan<\/strong>, oferecemos uma pe\u00e7a \u00fanica, feita com a mais alta qualidade em <strong>a\u00e7o inoxid\u00e1vel<\/strong>, com op\u00e7\u00e3o de <strong>grava\u00e7\u00e3o frente e verso<\/strong>. Seja para homenagear algu\u00e9m especial, presentear um amor ou eternizar a mem\u00f3ria de quem partiu, essa dog tag \u00e9 perfeita para ocasi\u00f5es marcantes.<\/p>\n\n\n\n<figure class=\"wp-block-image size-large is-resized\"><img decoding=\"async\" width=\"768\" height=\"1024\" src=\"https:\/\/dogtagclan.com.br\/blog\/wp-content\/uploads\/2025\/06\/dog-tag-com-imagescm23-768x1024.jpg\" alt=\"\" class=\"wp-image-4336\" style=\"width:212px;height:auto\" srcset=\"https:\/\/dogtagclan.com.br\/blog\/wp-content\/uploads\/2025\/06\/dog-tag-com-imagescm23-768x1024.jpg 768w, https:\/\/dogtagclan.com.br\/blog\/wp-content\/uploads\/2025\/06\/dog-tag-com-imagescm23-225x300.jpg 225w, https:\/\/dogtagclan.com.br\/blog\/wp-content\/uploads\/2025\/06\/dog-tag-com-imagescm23-640x853.jpg 640w, https:\/\/dogtagclan.com.br\/blog\/wp-content\/uploads\/2025\/06\/dog-tag-com-imagescm23-150x200.jpg 150w, https:\/\/dogtagclan.com.br\/blog\/wp-content\/uploads\/2025\/06\/dog-tag-com-imagescm23.jpg 960w\" sizes=\"(max-width: 768px) 100vw, 768px\" \/><\/figure>\n\n\n\n<h2 class=\"wp-block-heading\" id=\"h-grave-sua-hist-ria-no-a-o\">Grave sua Hist\u00f3ria no A\u00e7o<\/h2>\n\n\n\n<p>Nossa <strong>placa de identifica\u00e7\u00e3o com imagem<\/strong> pode receber fotos reais, frases, nomes, datas importantes, emojis e at\u00e9 mensagens espirituais. O acabamento escovado do a\u00e7o inox evita oxida\u00e7\u00e3o, n\u00e3o escurece e mant\u00e9m a beleza da pe\u00e7a por muitos anos.<\/p>\n\n\n\n<p>Cada grava\u00e7\u00e3o \u00e9 feita com tecnologia de ponta, garantindo uma <strong>impress\u00e3o dur\u00e1vel<\/strong>, com nitidez e emo\u00e7\u00e3o em cada detalhe. O resultado \u00e9 uma dog tag forte, resistente e cheia de significado.<\/p>\n\n\n\n<h2 class=\"wp-block-heading\" id=\"h-quando-usar-uma-dog-tag-com-foto\">Quando Usar uma Dog Tag com Foto?<\/h2>\n\n\n\n<p>Essa dog tag \u00e9 ideal para:<\/p>\n\n\n\n<ul>\n<li>Presentes de <strong>Dia dos Namorados<\/strong>, anivers\u00e1rios, bodas<\/li>\n\n\n\n<li>Homenagens p\u00f3stumas com <strong>foto e nome de quem partiu<\/strong><\/li>\n\n\n\n<li>Surpresas no <strong>Dia dos Pais, M\u00e3es ou Av\u00f3s<\/strong><\/li>\n\n\n\n<li>Presentes de amizade ou gratid\u00e3o<\/li>\n\n\n\n<li><strong>Presentes personalizados para casais<\/strong> ou amigos de longa data<\/li>\n<\/ul>\n\n\n\n<figure class=\"wp-block-image size-large is-resized\"><img decoding=\"async\" width=\"768\" height=\"1024\" src=\"https:\/\/dogtagclan.com.br\/blog\/wp-content\/uploads\/2025\/05\/namorado11ssd-768x1024.jpg\" alt=\"Dog Tag com Foto \u2013 Grave a Imagem, Nome e Frase de Quem Voc\u00ea Ama no A\u00e7o Inox\" class=\"wp-image-4262\" style=\"width:244px;height:auto\" srcset=\"https:\/\/dogtagclan.com.br\/blog\/wp-content\/uploads\/2025\/05\/namorado11ssd-768x1024.jpg 768w, https:\/\/dogtagclan.com.br\/blog\/wp-content\/uploads\/2025\/05\/namorado11ssd-225x300.jpg 225w, https:\/\/dogtagclan.com.br\/blog\/wp-content\/uploads\/2025\/05\/namorado11ssd-640x853.jpg 640w, https:\/\/dogtagclan.com.br\/blog\/wp-content\/uploads\/2025\/05\/namorado11ssd-150x200.jpg 150w, https:\/\/dogtagclan.com.br\/blog\/wp-content\/uploads\/2025\/05\/namorado11ssd.jpg 960w\" sizes=\"(max-width: 768px) 100vw, 768px\" \/><figcaption class=\"wp-element-caption\">Grave a Imagem<\/figcaption><\/figure>\n\n\n\n<h2 class=\"wp-block-heading\" id=\"h-um-presente-com-emo-o-real\">Um Presente com Emo\u00e7\u00e3o Real<\/h2>\n\n\n\n<p>O que torna essa pe\u00e7a especial \u00e9 o significado que ela carrega. Ao <strong>gravar a imagem de quem voc\u00ea ama<\/strong>, voc\u00ea transforma a dog tag em um peda\u00e7o de mem\u00f3ria que acompanha o seu dia a dia.<\/p>\n\n\n\n<p>Voc\u00ea pode escolher frases como:<\/p>\n\n\n\n<ul>\n<li>&#8220;Te amo para sempre&#8221;<\/li>\n\n\n\n<li>&#8220;Saudades eternas&#8221;<\/li>\n\n\n\n<li>&#8220;Fam\u00edlia, minha base&#8221;<\/li>\n\n\n\n<li>&#8220;Meu pai, meu her\u00f3i&#8221;<\/li>\n\n\n\n<li>&#8220;Nossa data: 12.06.2024&#8221;<\/li>\n<\/ul>\n\n\n\n<figure class=\"wp-block-image size-large is-resized\"><img decoding=\"async\" width=\"768\" height=\"1024\" src=\"https:\/\/dogtagclan.com.br\/blog\/wp-content\/uploads\/2025\/05\/dog-tag-imagem-0-768x1024.jpg\" alt=\"\" class=\"wp-image-4316\" style=\"width:342px;height:auto\" srcset=\"https:\/\/dogtagclan.com.br\/blog\/wp-content\/uploads\/2025\/05\/dog-tag-imagem-0-768x1024.jpg 768w, https:\/\/dogtagclan.com.br\/blog\/wp-content\/uploads\/2025\/05\/dog-tag-imagem-0-225x300.jpg 225w, https:\/\/dogtagclan.com.br\/blog\/wp-content\/uploads\/2025\/05\/dog-tag-imagem-0-640x853.jpg 640w, https:\/\/dogtagclan.com.br\/blog\/wp-content\/uploads\/2025\/05\/dog-tag-imagem-0-150x200.jpg 150w, https:\/\/dogtagclan.com.br\/blog\/wp-content\/uploads\/2025\/05\/dog-tag-imagem-0.jpg 960w\" sizes=\"(max-width: 768px) 100vw, 768px\" \/><\/figure>\n\n\n\n<p>E, se preferir, incluir <strong>dados simb\u00f3licos<\/strong> como tipo sangu\u00edneo, religi\u00e3o, ou coordenadas de um lugar especial.<\/p>\n\n\n\n<figure class=\"wp-block-image size-large\"><img decoding=\"async\" width=\"768\" height=\"1024\" src=\"https:\/\/dogtagclan.com.br\/blog\/wp-content\/uploads\/2025\/05\/dog-tag-alto-relevo-aco-768x1024.jpg\" alt=\"\" class=\"wp-image-4100\" srcset=\"https:\/\/dogtagclan.com.br\/blog\/wp-content\/uploads\/2025\/05\/dog-tag-alto-relevo-aco-768x1024.jpg 768w, https:\/\/dogtagclan.com.br\/blog\/wp-content\/uploads\/2025\/05\/dog-tag-alto-relevo-aco-225x300.jpg 225w, https:\/\/dogtagclan.com.br\/blog\/wp-content\/uploads\/2025\/05\/dog-tag-alto-relevo-aco-640x853.jpg 640w, https:\/\/dogtagclan.com.br\/blog\/wp-content\/uploads\/2025\/05\/dog-tag-alto-relevo-aco-150x200.jpg 150w, https:\/\/dogtagclan.com.br\/blog\/wp-content\/uploads\/2025\/05\/dog-tag-alto-relevo-aco.jpg 960w\" sizes=\"(max-width: 768px) 100vw, 768px\" \/><\/figure>\n\n\n\n<h2 class=\"wp-block-heading\" id=\"h-caracter-sticas-da-pe-a\">Caracter\u00edsticas da Pe\u00e7a:<\/h2>\n\n\n\n<ul>\n<li>Material: <strong>A\u00e7o inoxid\u00e1vel premium<\/strong><\/li>\n\n\n\n<li>Grava\u00e7\u00e3o: <strong>Frente e verso<\/strong> com foto + texto<\/li>\n\n\n\n<li>Dimens\u00e3o: modelo padr\u00e3o militar<\/li>\n\n\n\n<li>Uso: colar, chaveiro, acess\u00f3rio decorativo<\/li>\n\n\n\n<li>Op\u00e7\u00f5es de corrente: <strong>bolinha inox<\/strong> ou modelos alternativos<\/li>\n<\/ul>\n\n\n\n<h2 class=\"wp-block-heading\" id=\"h-por-que-escolher-a-dogtagclan\">Por que escolher a DogTagClan?<\/h2>\n\n\n\n<p>Somos especialistas em <strong>dog tags personalizadas com imagem<\/strong>. Cada pe\u00e7a \u00e9 feita sob medida, com atendimento humanizado, envio r\u00e1pido e acabamento impec\u00e1vel. Atendemos pedidos de todo o Brasil.<\/p>\n\n\n\n<p>Nosso compromisso \u00e9 transformar a sua emo\u00e7\u00e3o em a\u00e7o: <strong>grave quem voc\u00ea ama e carregue no peito para sempre<\/strong>.<\/p>\n\n\n\n<hr class=\"wp-block-separator has-alpha-channel-opacity\"\/>\n\n\n\n<h3 class=\"wp-block-heading\" id=\"h-acesse-agora-https-dogtagclan-com-br-produto-dog-tag-com-foto-gravada-em-aco-inox-presente-com-nome-e-imagem\">Acesse agora: <a href=\"https:\/\/dogtagclan.com.br\/produto\/dog-tag-com-foto-gravada-em-aco-inox-presente-com-nome-e-imagem\">https:\/\/dogtagclan.com.br\/produto\/dog-tag-com-foto-gravada-em-aco-inox-presente-com-nome-e-imagem<\/a><\/h3>\n\n\n\n<h3 class=\"wp-block-heading\" id=\"h-atendimento-r-pido-no-whatsapp-clique-aqui\">Atendimento r\u00e1pido no WhatsApp: <a href=\"https:\/\/wa.me\/554174001990\" target=\"_blank\" rel=\"noopener\">clique aqui<\/a><\/h3>\n\n\n\n<hr class=\"wp-block-separator has-alpha-channel-opacity\"\/>\n","protected":false},"excerpt":{"rendered":"<p>Uma Dog Tag com foto gravada em a\u00e7o inox \u00e9 mais do que um simples acess\u00f3rio. \u00c9 uma lembran\u00e7a eterna,<\/p>\n","protected":false},"author":1,"featured_media":4342,"comment_status":"open","ping_status":"open","sticky":false,"template":"","format":"standard","meta":{"footnotes":""},"categories":[11,17],"tags":[],"yoast_head":"<!-- This site is optimized with the Yoast SEO Premium plugin v15.5 - https:\/\/yoast.com\/wordpress\/plugins\/seo\/ -->\n<title>Dog Tag com Foto Gravada em A\u00e7o Inox \u2013 Presente com Nome e Imagem | DogTagClan Blog<\/title>\n<meta name=\"description\" content=\"Uma Dog Tag com foto gravada em a\u00e7o inox \u00e9 mais do que um simples acess\u00f3rio. \u00c9 uma lembran\u00e7a eterna, um presente personalizado com nome e imagem\" \/>\n<meta name=\"robots\" content=\"index, follow, max-snippet:-1, max-image-preview:large, max-video-preview:-1\" \/>\n<link rel=\"canonical\" href=\"https:\/\/dogtagclan.com.br\/blog\/dog-tag-com-foto-gravada-em-aco-inox-presente-com-nome-e-imagem\/\" \/>\n<meta property=\"og:locale\" content=\"pt_BR\" \/>\n<meta property=\"og:type\" content=\"article\" \/>\n<meta property=\"og:title\" content=\"Dog Tag com Foto Gravada em A\u00e7o Inox \u2013 Presente com Nome e Imagem | DogTagClan Blog\" \/>\n<meta property=\"og:description\" content=\"Uma Dog Tag com foto gravada em a\u00e7o inox \u00e9 mais do que um simples acess\u00f3rio. \u00c9 uma lembran\u00e7a eterna, um presente personalizado com nome e imagem\" \/>\n<meta property=\"og:url\" content=\"https:\/\/dogtagclan.com.br\/blog\/dog-tag-com-foto-gravada-em-aco-inox-presente-com-nome-e-imagem\/\" \/>\n<meta property=\"og:site_name\" content=\"DogTagClan Blog\" \/>\n<meta property=\"article:publisher\" content=\"https:\/\/www.facebook.com\/dogtagclan\" \/>\n<meta property=\"article:author\" content=\"https:\/\/www.facebook.com\/dogtagclan\" \/>\n<meta property=\"article:published_time\" content=\"2025-06-04T17:27:00+00:00\" \/>\n<meta property=\"article:modified_time\" content=\"2025-06-04T17:27:01+00:00\" \/>\n<meta property=\"og:image\" content=\"https:\/\/dogtagclan.com.br\/blog\/wp-content\/uploads\/2025\/06\/dogtag-foto-123.jpg\" \/>\n\t<meta property=\"og:image:width\" content=\"1024\" \/>\n\t<meta property=\"og:image:height\" content=\"1024\" \/>\n<meta name=\"twitter:card\" content=\"summary_large_image\" \/>\n<meta name=\"twitter:creator\" content=\"@https:\/\/x.com\/Dogtagclanclan\" \/>\n<meta name=\"twitter:label1\" content=\"Est. tempo de leitura\">\n\t<meta name=\"twitter:data1\" content=\"2 minutos\">\n<script type=\"application\/ld+json\" class=\"yoast-schema-graph\">{\"@context\":\"https:\/\/schema.org\",\"@graph\":[{\"@type\":\"Organization\",\"@id\":\"https:\/\/dogtagclan.com.br\/blog\/#organization\",\"name\":\"DogTagClan | Dog Tags, Crach\\u00e1s e Acess\\u00f3rios Personalizados\",\"url\":\"https:\/\/dogtagclan.com.br\/blog\/\",\"sameAs\":[\"https:\/\/www.facebook.com\/dogtagclan\"],\"logo\":{\"@type\":\"ImageObject\",\"@id\":\"https:\/\/dogtagclan.com.br\/blog\/#logo\",\"inLanguage\":\"pt-BR\",\"url\":\"https:\/\/dogtagclan.com.br\/blog\/wp-content\/uploads\/2023\/02\/cropped-doftagclan-logo.png\",\"width\":250,\"height\":140,\"caption\":\"DogTagClan | Dog Tags, Crach\\u00e1s e Acess\\u00f3rios Personalizados\"},\"image\":{\"@id\":\"https:\/\/dogtagclan.com.br\/blog\/#logo\"}},{\"@type\":\"WebSite\",\"@id\":\"https:\/\/dogtagclan.com.br\/blog\/#website\",\"url\":\"https:\/\/dogtagclan.com.br\/blog\/\",\"name\":\"DogTagClan Blog\",\"description\":\"A gente faz, do seu Jeito\",\"publisher\":{\"@id\":\"https:\/\/dogtagclan.com.br\/blog\/#organization\"},\"potentialAction\":[{\"@type\":\"SearchAction\",\"target\":\"https:\/\/dogtagclan.com.br\/blog\/?s={search_term_string}\",\"query-input\":\"required name=search_term_string\"}],\"inLanguage\":\"pt-BR\"},{\"@type\":\"ImageObject\",\"@id\":\"https:\/\/dogtagclan.com.br\/blog\/dog-tag-com-foto-gravada-em-aco-inox-presente-com-nome-e-imagem\/#primaryimage\",\"inLanguage\":\"pt-BR\",\"url\":\"https:\/\/dogtagclan.com.br\/blog\/wp-content\/uploads\/2025\/06\/dogtag-foto-123.jpg\",\"width\":1024,\"height\":1024,\"caption\":\"Dog Tag personalizada com nome e imagem gravada \\u2013 Ideal para eternizar mem\\u00f3rias e carregar no peito.\"},{\"@type\":\"WebPage\",\"@id\":\"https:\/\/dogtagclan.com.br\/blog\/dog-tag-com-foto-gravada-em-aco-inox-presente-com-nome-e-imagem\/#webpage\",\"url\":\"https:\/\/dogtagclan.com.br\/blog\/dog-tag-com-foto-gravada-em-aco-inox-presente-com-nome-e-imagem\/\",\"name\":\"Dog Tag com Foto Gravada em A\\u00e7o Inox \\u2013 Presente com Nome e Imagem | DogTagClan Blog\",\"isPartOf\":{\"@id\":\"https:\/\/dogtagclan.com.br\/blog\/#website\"},\"primaryImageOfPage\":{\"@id\":\"https:\/\/dogtagclan.com.br\/blog\/dog-tag-com-foto-gravada-em-aco-inox-presente-com-nome-e-imagem\/#primaryimage\"},\"datePublished\":\"2025-06-04T17:27:00+00:00\",\"dateModified\":\"2025-06-04T17:27:01+00:00\",\"description\":\"Uma Dog Tag com foto gravada em a\\u00e7o inox \\u00e9 mais do que um simples acess\\u00f3rio. \\u00c9 uma lembran\\u00e7a eterna, um presente personalizado com nome e imagem\",\"inLanguage\":\"pt-BR\",\"potentialAction\":[{\"@type\":\"ReadAction\",\"target\":[\"https:\/\/dogtagclan.com.br\/blog\/dog-tag-com-foto-gravada-em-aco-inox-presente-com-nome-e-imagem\/\"]}]},{\"@type\":\"Article\",\"@id\":\"https:\/\/dogtagclan.com.br\/blog\/dog-tag-com-foto-gravada-em-aco-inox-presente-com-nome-e-imagem\/#article\",\"isPartOf\":{\"@id\":\"https:\/\/dogtagclan.com.br\/blog\/dog-tag-com-foto-gravada-em-aco-inox-presente-com-nome-e-imagem\/#webpage\"},\"author\":{\"@id\":\"https:\/\/dogtagclan.com.br\/blog\/#\/schema\/person\/b7279d930f15e2a85c89cd3b2f1d8df5\"},\"headline\":\"Dog Tag com Foto Gravada em A\\u00e7o Inox \\u2013 Presente com Nome e Imagem\",\"datePublished\":\"2025-06-04T17:27:00+00:00\",\"dateModified\":\"2025-06-04T17:27:01+00:00\",\"mainEntityOfPage\":{\"@id\":\"https:\/\/dogtagclan.com.br\/blog\/dog-tag-com-foto-gravada-em-aco-inox-presente-com-nome-e-imagem\/#webpage\"},\"commentCount\":0,\"publisher\":{\"@id\":\"https:\/\/dogtagclan.com.br\/blog\/#organization\"},\"image\":{\"@id\":\"https:\/\/dogtagclan.com.br\/blog\/dog-tag-com-foto-gravada-em-aco-inox-presente-com-nome-e-imagem\/#primaryimage\"},\"articleSection\":\"Dog tags,Dog Tags Personalizadas\",\"inLanguage\":\"pt-BR\",\"potentialAction\":[{\"@type\":\"CommentAction\",\"name\":\"Comment\",\"target\":[\"https:\/\/dogtagclan.com.br\/blog\/dog-tag-com-foto-gravada-em-aco-inox-presente-com-nome-e-imagem\/#respond\"]}]},{\"@type\":\"Person\",\"@id\":\"https:\/\/dogtagclan.com.br\/blog\/#\/schema\/person\/b7279d930f15e2a85c89cd3b2f1d8df5\",\"name\":\"dogtagclan\",\"description\":\"\\\"A DogTagClan \\u00e9 especializada na fabrica\\u00e7\\u00e3o e personaliza\\u00e7\\u00e3o de Dog Tags, crach\\u00e1s e acess\\u00f3rios. Produzimos pe\\u00e7as em a\\u00e7o inoxid\\u00e1vel com grava\\u00e7\\u00f5es de alta precis\\u00e3o para identifica\\u00e7\\u00e3o pessoal e profissional.\\\"\",\"sameAs\":[\"https:\/\/blog.dogtagclan.com.br\",\"https:\/\/www.facebook.com\/dogtagclan\",\"https:\/\/www.instagram.com\/dogtagclan\",\"https:\/\/twitter.com\/https:\/\/x.com\/Dogtagclanclan\",\"https:\/\/www.youtube.com\/dogtagclan\"]}]}<\/script>\n<!-- \/ Yoast SEO Premium plugin. -->","_links":{"self":[{"href":"https:\/\/dogtagclan.com.br\/blog\/wp-json\/wp\/v2\/posts\/4341"}],"collection":[{"href":"https:\/\/dogtagclan.com.br\/blog\/wp-json\/wp\/v2\/posts"}],"about":[{"href":"https:\/\/dogtagclan.com.br\/blog\/wp-json\/wp\/v2\/types\/post"}],"author":[{"embeddable":true,"href":"https:\/\/dogtagclan.com.br\/blog\/wp-json\/wp\/v2\/users\/1"}],"replies":[{"embeddable":true,"href":"https:\/\/dogtagclan.com.br\/blog\/wp-json\/wp\/v2\/comments?post=4341"}],"version-history":[{"count":0,"href":"https:\/\/dogtagclan.com.br\/blog\/wp-json\/wp\/v2\/posts\/4341\/revisions"}],"wp:featuredmedia":[{"embeddable":true,"href":"https:\/\/dogtagclan.com.br\/blog\/wp-json\/wp\/v2\/media\/4342"}],"wp:attachment":[{"href":"https:\/\/dogtagclan.com.br\/blog\/wp-json\/wp\/v2\/media?parent=4341"}],"wp:term":[{"taxonomy":"category","embeddable":true,"href":"https:\/\/dogtagclan.com.br\/blog\/wp-json\/wp\/v2\/categories?post=4341"},{"taxonomy":"post_tag","embeddable":true,"href":"https:\/\/dogtagclan.com.br\/blog\/wp-json\/wp\/v2\/tags?post=4341"}],"curies":[{"name":"wp","href":"https:\/\/api.w.org\/{rel}","templated":true}]}}