{"id":4338,"date":"2025-06-04T08:23:32","date_gmt":"2025-06-04T11:23:32","guid":{"rendered":"https:\/\/dogtagclan.com.br\/blog\/?p=4338"},"modified":"2025-06-04T08:23:33","modified_gmt":"2025-06-04T11:23:33","slug":"%f0%9f%8f%86-dog-tag-com-foto-grave-quem-voce-ama-e-carregue-no-peito-para-sempre","status":"publish","type":"post","link":"https:\/\/dogtagclan.com.br\/blog\/%f0%9f%8f%86-dog-tag-com-foto-grave-quem-voce-ama-e-carregue-no-peito-para-sempre\/","title":{"rendered":"\ud83c\udfc6 Dog Tag com Foto: Grave Quem Voc\u00ea Ama e Carregue no Peito Para Sempre"},"content":{"rendered":"\n<p>Se existe uma forma de eternizar sentimentos, ela est\u00e1 em pequenos gestos com grandes significados. A <strong>Dog Tag com Foto<\/strong> \u00e9 mais que um acess\u00f3rio: \u00e9 uma mem\u00f3ria gravada no a\u00e7o, feita para durar tanto quanto o amor que representa. Seja para presentear um namorado, homenagear um pai, guardar a lembran\u00e7a de um filho ou de quem partiu, a Dog Tag personalizada com imagem carrega emo\u00e7\u00e3o, identidade e hist\u00f3ria.<\/p>\n\n\n\n<p>Na DogTagClan, voc\u00ea encontra <strong>modelos exclusivos de dog tag com foto gravada<\/strong>, com acabamento premium em <strong>a\u00e7o inoxid\u00e1vel<\/strong>, grava\u00e7\u00e3o permanente e envio para todo o Brasil.<\/p>\n\n\n\n<figure class=\"wp-block-image size-large is-resized\"><img decoding=\"async\" width=\"768\" height=\"1024\" src=\"https:\/\/dogtagclan.com.br\/blog\/wp-content\/uploads\/2025\/06\/dog-tag-com-imagem-65-768x1024.jpg\" alt=\"\" class=\"wp-image-4325\" style=\"width:226px;height:auto\" srcset=\"https:\/\/dogtagclan.com.br\/blog\/wp-content\/uploads\/2025\/06\/dog-tag-com-imagem-65-768x1024.jpg 768w, https:\/\/dogtagclan.com.br\/blog\/wp-content\/uploads\/2025\/06\/dog-tag-com-imagem-65-225x300.jpg 225w, https:\/\/dogtagclan.com.br\/blog\/wp-content\/uploads\/2025\/06\/dog-tag-com-imagem-65-640x853.jpg 640w, https:\/\/dogtagclan.com.br\/blog\/wp-content\/uploads\/2025\/06\/dog-tag-com-imagem-65-150x200.jpg 150w, https:\/\/dogtagclan.com.br\/blog\/wp-content\/uploads\/2025\/06\/dog-tag-com-imagem-65.jpg 960w\" sizes=\"(max-width: 768px) 100vw, 768px\" \/><\/figure>\n\n\n\n<h2 class=\"wp-block-heading\" id=\"h-por-que-escolher-uma-dog-tag-com-foto\">Por Que Escolher Uma Dog Tag com Foto?<\/h2>\n\n\n\n<h3 class=\"wp-block-heading\" id=\"h-emo-o-em-forma-de-imagem\">\ud83d\udcf8 Emo\u00e7\u00e3o em Forma de Imagem<\/h3>\n\n\n\n<p>Uma imagem diz mais do que mil palavras. Gravar a foto de quem voc\u00ea ama na dog tag \u00e9 uma forma de manter essa pessoa sempre perto do cora\u00e7\u00e3o, literalmente.<\/p>\n\n\n\n<h3 class=\"wp-block-heading\" id=\"h-a-o-inox-de-alta-resist-ncia\">\u2714\ufe0f A\u00e7o Inox de Alta Resist\u00eancia<\/h3>\n\n\n\n<p>Utilizamos <strong>a\u00e7o inox escovado<\/strong>, que n\u00e3o enferruja e n\u00e3o perde o brilho com o tempo. A grava\u00e7\u00e3o \u00e9 feita com tecnologia de ponta, garantindo detalhes perfeitos da imagem.<\/p>\n\n\n\n<h3 class=\"wp-block-heading\" id=\"h-personaliza-o-total\">\ud83c\udf1f Personaliza\u00e7\u00e3o Total<\/h3>\n\n\n\n<p>Voc\u00ea pode personalizar com:<\/p>\n\n\n\n<ul>\n<li>Foto (individual, casal, pai e filho, pet&#8230;)<\/li>\n\n\n\n<li>Nome ou nomes<\/li>\n\n\n\n<li>Datas importantes<\/li>\n\n\n\n<li>Frases marcantes ou vers\u00edculos<\/li>\n\n\n\n<li>Emojis ou s\u00edmbolos<\/li>\n<\/ul>\n\n\n\n<figure class=\"wp-block-image size-full is-resized\"><img decoding=\"async\" width=\"401\" height=\"551\" src=\"https:\/\/dogtagclan.com.br\/blog\/wp-content\/uploads\/2025\/05\/dog-tag-imagem-7.jpg\" alt=\"\" class=\"wp-image-4315\" style=\"width:329px;height:auto\" srcset=\"https:\/\/dogtagclan.com.br\/blog\/wp-content\/uploads\/2025\/05\/dog-tag-imagem-7.jpg 401w, https:\/\/dogtagclan.com.br\/blog\/wp-content\/uploads\/2025\/05\/dog-tag-imagem-7-218x300.jpg 218w, https:\/\/dogtagclan.com.br\/blog\/wp-content\/uploads\/2025\/05\/dog-tag-imagem-7-150x206.jpg 150w\" sizes=\"(max-width: 401px) 100vw, 401px\" \/><\/figure>\n\n\n\n<h2 class=\"wp-block-heading\" id=\"h-ideias-de-uso-para-sua-dog-tag-com-foto\">Ideias de Uso Para Sua Dog Tag com Foto<\/h2>\n\n\n\n<h3 class=\"wp-block-heading\" id=\"h-presente-de-namorado-a\">\ud83d\udc8d Presente de Namorado(a)<\/h3>\n\n\n\n<p>Uma foto do casal + frase rom\u00e2ntica + data especial:<\/p>\n\n\n\n<blockquote class=\"wp-block-quote is-layout-flow wp-block-quote-is-layout-flow\">\n<p>&#8220;Juntos desde 2020. Te amo pra sempre.&#8221;<\/p>\n<\/blockquote>\n\n\n\n<h3 class=\"wp-block-heading\" id=\"h-pai-ou-m-e-com-filho-a\">\ud83d\udc69\u200d\ud83d\udc66 Pai ou M\u00e3e com Filho(a)<\/h3>\n\n\n\n<p>Uma lembran\u00e7a afetiva com a imagem e nome do filho:<\/p>\n\n\n\n<blockquote class=\"wp-block-quote is-layout-flow wp-block-quote-is-layout-flow\">\n<p>&#8220;Te carrego comigo em todos os passos.&#8221;<\/p>\n<\/blockquote>\n\n\n\n<h3 class=\"wp-block-heading\" id=\"h-homenagem-p-stuma\">\ud83d\ude4f Homenagem P\u00f3stuma<\/h3>\n\n\n\n<p>Para quem partiu mas continua no cora\u00e7\u00e3o:<\/p>\n\n\n\n<blockquote class=\"wp-block-quote is-layout-flow wp-block-quote-is-layout-flow\">\n<p>&#8220;Sempre ser\u00e1 minha saudade mais bonita.&#8221;<\/p>\n<\/blockquote>\n\n\n\n<h3 class=\"wp-block-heading\" id=\"h-alerta-m-dico-com-foto\">\ud83d\ude91 Alerta M\u00e9dico com Foto<\/h3>\n\n\n\n<p>Combinar imagem + informa\u00e7\u00f5es de sa\u00fade para situa\u00e7\u00f5es emergenciais:<\/p>\n\n\n\n<blockquote class=\"wp-block-quote is-layout-flow wp-block-quote-is-layout-flow\">\n<p>&#8220;Lucas &#8211; Autista. N\u00e3o verbal. Contato: (11) 99999-9999&#8221;<\/p>\n<\/blockquote>\n\n\n\n<h2 class=\"wp-block-heading\" id=\"h-caracter-sticas-do-produto\">Caracter\u00edsticas do Produto<\/h2>\n\n\n\n<ul>\n<li>Material: A\u00e7o Inoxid\u00e1vel 2mm<\/li>\n\n\n\n<li>Tamanhos: Padr\u00e3o militar ou mini<\/li>\n\n\n\n<li>Correntes: Bolinha (v\u00e1rias cores), lat\u00e3o, black piano, dourada<\/li>\n\n\n\n<li>Grava\u00e7\u00e3o: Frente e verso<\/li>\n\n\n\n<li>Silenciador de borracha incluso<\/li>\n<\/ul>\n\n\n\n<h2 class=\"wp-block-heading\" id=\"h-enviamos-para-todo-o-bra\">Enviamos Para Todo o Bra<\/h2>\n\n\n\n<figure class=\"wp-block-image size-large is-resized\"><img decoding=\"async\" width=\"768\" height=\"1024\" src=\"https:\/\/dogtagclan.com.br\/blog\/wp-content\/uploads\/2025\/05\/dog-tag-alto-relevo-aco-1-768x1024.jpg\" alt=\"\" class=\"wp-image-4105\" style=\"width:358px;height:auto\" srcset=\"https:\/\/dogtagclan.com.br\/blog\/wp-content\/uploads\/2025\/05\/dog-tag-alto-relevo-aco-1-768x1024.jpg 768w, https:\/\/dogtagclan.com.br\/blog\/wp-content\/uploads\/2025\/05\/dog-tag-alto-relevo-aco-1-225x300.jpg 225w, https:\/\/dogtagclan.com.br\/blog\/wp-content\/uploads\/2025\/05\/dog-tag-alto-relevo-aco-1-640x853.jpg 640w, https:\/\/dogtagclan.com.br\/blog\/wp-content\/uploads\/2025\/05\/dog-tag-alto-relevo-aco-1-150x200.jpg 150w, https:\/\/dogtagclan.com.br\/blog\/wp-content\/uploads\/2025\/05\/dog-tag-alto-relevo-aco-1.jpg 960w\" sizes=\"(max-width: 768px) 100vw, 768px\" \/><\/figure>\n\n\n\n<h2 class=\"wp-block-heading\" id=\"h-\"><\/h2>\n\n\n\n<p>Comprou, personalizou, gravamos e enviamos. De forma r\u00e1pida, segura e com atendimento personalizado via WhatsApp.<\/p>\n\n\n\n<p>\u2728 <strong>WhatsApp R\u00e1pido<\/strong>: <a href=\"https:\/\/wa.me\/554174001990\" target=\"_blank\" rel=\"noopener\">Clique aqui para falar conosco<\/a><\/p>\n\n\n\n<h2 class=\"wp-block-heading\" id=\"h-como-funciona-a-grava-o-da-foto\">Como Funciona a Grava\u00e7\u00e3o da Foto?<\/h2>\n\n\n\n<ol start=\"1\">\n<li>Voc\u00ea escolhe o modelo no site<\/li>\n\n\n\n<li>Envia a imagem em boa qualidade (de prefer\u00eancia n\u00edtida e bem iluminada)<\/li>\n\n\n\n<li>Indicamos a melhor orienta\u00e7\u00e3o para a arte<\/li>\n\n\n\n<li>Gravamos com precis\u00e3o profissional<\/li>\n<\/ol>\n\n\n\n<h2 class=\"wp-block-heading\" id=\"h-exemplos-de-frases-para-gravar-com-foto\">Exemplos de Frases para Gravar com Foto<\/h2>\n\n\n\n<ul>\n<li>&#8220;Voc\u00ea \u00e9 minha lembran\u00e7a favorita.&#8221;<\/li>\n\n\n\n<li>&#8220;E se eu n\u00e3o puder te ver, que eu possa te carregar.&#8221;<\/li>\n\n\n\n<li>&#8220;Nossa hist\u00f3ria est\u00e1 gravada em mim.&#8221;<\/li>\n\n\n\n<li>&#8220;Pai, her\u00f3i, eterno amor.&#8221;<\/li>\n\n\n\n<li>&#8220;Amor que o tempo n\u00e3o apaga.&#8221;<\/li>\n<\/ul>\n\n\n\n<h2 class=\"wp-block-heading\" id=\"h-faq-as-pessoas-tamb-m-perguntam\">FAQ \u2013 As Pessoas Tamb\u00e9m Perguntam<\/h2>\n\n\n\n<p><strong>\u2705 A foto desbota com o tempo?<\/strong><br>N\u00e3o. A grava\u00e7\u00e3o \u00e9 permanente no a\u00e7o inox. Diferente de impress\u00f5es ou resina, n\u00e3o desbota e nem descasca.<\/p>\n\n\n\n<p><strong>\u2705 Posso gravar dos dois lados?<\/strong><br>Sim! Voc\u00ea pode gravar frente e verso com textos, imagens ou combina\u00e7\u00f5es.<\/p>\n\n\n\n<p><strong>\u2705 A entrega \u00e9 feita para todo o Brasil?<\/strong><br>Sim. Enviamos com c\u00f3digo de rastreio para todo o pa\u00eds.<\/p>\n\n\n\n<p><strong>\u2705 Posso usar como colar no dia a dia?<\/strong><br>Pode sim! A corrente \u00e9 resistente e o a\u00e7o inoxid\u00e1vel \u00e9 ideal para uso cont\u00ednuo.<\/p>\n\n\n\n<h2 class=\"wp-block-heading\" id=\"h-conclus-o\">Conclus\u00e3o<\/h2>\n\n\n\n<p>A <strong>Dog Tag com Foto<\/strong> \u00e9 mais que um presente. \u00c9 uma declara\u00e7\u00e3o de amor, uma homenagem, um peda\u00e7o de mem\u00f3ria que voc\u00ea leva no peito. Personalize a sua na DogTagClan e eternize quem voc\u00ea ama.<\/p>\n\n\n\n<p>\ud83d\udcf1 Compre agora: <a href=\"https:\/\/dogtagclan.com.br\/produto\/dog-tag-namorados\">https:\/\/dogtagclan.com.br\/produto\/dog-tag-namorados<\/a><br>\ud83d\udce2 Atendimento r\u00e1pido: <a href=\"https:\/\/wa.me\/554174001990\" target=\"_blank\" rel=\"noopener\">https:\/\/wa.me\/554174001990<\/a><\/p>\n\n\n\n<hr class=\"wp-block-separator has-alpha-channel-opacity\"\/>\n","protected":false},"excerpt":{"rendered":"<p>Se existe uma forma de eternizar sentimentos, ela est\u00e1 em pequenos gestos com grandes significados. A Dog Tag com Foto<\/p>\n","protected":false},"author":1,"featured_media":4339,"comment_status":"open","ping_status":"open","sticky":false,"template":"","format":"standard","meta":{"footnotes":""},"categories":[11,17],"tags":[],"yoast_head":"<!-- This site is optimized with the Yoast SEO Premium plugin v15.5 - https:\/\/yoast.com\/wordpress\/plugins\/seo\/ -->\n<title>\ud83c\udfc6 Dog Tag com Foto: Grave Quem Voc\u00ea Ama e Carregue no Peito Para Sempre | DogTagClan Blog<\/title>\n<meta name=\"description\" content=\"Se existe uma forma de eternizar sentimentos, ela est\u00e1 em pequenos gestos com grandes significados. A Dog Tag com Foto \u00e9 mais que um acess\u00f3rio: \u00e9 uma\" \/>\n<meta name=\"robots\" content=\"index, follow, max-snippet:-1, max-image-preview:large, max-video-preview:-1\" \/>\n<link rel=\"canonical\" href=\"https:\/\/dogtagclan.com.br\/blog\/\ud83c\udfc6-dog-tag-com-foto-grave-quem-voce-ama-e-carregue-no-peito-para-sempre\/\" \/>\n<meta property=\"og:locale\" content=\"pt_BR\" \/>\n<meta property=\"og:type\" content=\"article\" \/>\n<meta property=\"og:title\" content=\"\ud83c\udfc6 Dog Tag com Foto: Grave Quem Voc\u00ea Ama e Carregue no Peito Para Sempre | DogTagClan Blog\" \/>\n<meta property=\"og:description\" content=\"Se existe uma forma de eternizar sentimentos, ela est\u00e1 em pequenos gestos com grandes significados. A Dog Tag com Foto \u00e9 mais que um acess\u00f3rio: \u00e9 uma\" \/>\n<meta property=\"og:url\" content=\"https:\/\/dogtagclan.com.br\/blog\/\ud83c\udfc6-dog-tag-com-foto-grave-quem-voce-ama-e-carregue-no-peito-para-sempre\/\" \/>\n<meta property=\"og:site_name\" content=\"DogTagClan Blog\" \/>\n<meta property=\"article:publisher\" content=\"https:\/\/www.facebook.com\/dogtagclan\" \/>\n<meta property=\"article:author\" content=\"https:\/\/www.facebook.com\/dogtagclan\" \/>\n<meta property=\"article:published_time\" content=\"2025-06-04T11:23:32+00:00\" \/>\n<meta property=\"article:modified_time\" content=\"2025-06-04T11:23:33+00:00\" \/>\n<meta property=\"og:image\" content=\"https:\/\/dogtagclan.com.br\/blog\/wp-content\/uploads\/2025\/06\/dog-tag-com-foto-25.jpg\" \/>\n\t<meta property=\"og:image:width\" content=\"1024\" \/>\n\t<meta property=\"og:image:height\" content=\"1024\" \/>\n<meta name=\"twitter:card\" content=\"summary_large_image\" \/>\n<meta name=\"twitter:creator\" content=\"@https:\/\/x.com\/Dogtagclanclan\" \/>\n<meta name=\"twitter:label1\" content=\"Est. tempo de leitura\">\n\t<meta name=\"twitter:data1\" content=\"2 minutos\">\n<script type=\"application\/ld+json\" class=\"yoast-schema-graph\">{\"@context\":\"https:\/\/schema.org\",\"@graph\":[{\"@type\":\"Organization\",\"@id\":\"https:\/\/dogtagclan.com.br\/blog\/#organization\",\"name\":\"DogTagClan | Dog Tags, Crach\\u00e1s e Acess\\u00f3rios Personalizados\",\"url\":\"https:\/\/dogtagclan.com.br\/blog\/\",\"sameAs\":[\"https:\/\/www.facebook.com\/dogtagclan\"],\"logo\":{\"@type\":\"ImageObject\",\"@id\":\"https:\/\/dogtagclan.com.br\/blog\/#logo\",\"inLanguage\":\"pt-BR\",\"url\":\"https:\/\/dogtagclan.com.br\/blog\/wp-content\/uploads\/2023\/02\/cropped-doftagclan-logo.png\",\"width\":250,\"height\":140,\"caption\":\"DogTagClan | Dog Tags, Crach\\u00e1s e Acess\\u00f3rios Personalizados\"},\"image\":{\"@id\":\"https:\/\/dogtagclan.com.br\/blog\/#logo\"}},{\"@type\":\"WebSite\",\"@id\":\"https:\/\/dogtagclan.com.br\/blog\/#website\",\"url\":\"https:\/\/dogtagclan.com.br\/blog\/\",\"name\":\"DogTagClan Blog\",\"description\":\"A gente faz, do seu Jeito\",\"publisher\":{\"@id\":\"https:\/\/dogtagclan.com.br\/blog\/#organization\"},\"potentialAction\":[{\"@type\":\"SearchAction\",\"target\":\"https:\/\/dogtagclan.com.br\/blog\/?s={search_term_string}\",\"query-input\":\"required name=search_term_string\"}],\"inLanguage\":\"pt-BR\"},{\"@type\":\"ImageObject\",\"@id\":\"https:\/\/dogtagclan.com.br\/blog\/%f0%9f%8f%86-dog-tag-com-foto-grave-quem-voce-ama-e-carregue-no-peito-para-sempre\/#primaryimage\",\"inLanguage\":\"pt-BR\",\"url\":\"https:\/\/dogtagclan.com.br\/blog\/wp-content\/uploads\/2025\/06\/dog-tag-com-foto-25.jpg\",\"width\":1024,\"height\":1024,\"caption\":\"Dog Tag personalizada com a imagem de quem voc\\u00ea ama. Presente com significado real.\"},{\"@type\":\"WebPage\",\"@id\":\"https:\/\/dogtagclan.com.br\/blog\/%f0%9f%8f%86-dog-tag-com-foto-grave-quem-voce-ama-e-carregue-no-peito-para-sempre\/#webpage\",\"url\":\"https:\/\/dogtagclan.com.br\/blog\/%f0%9f%8f%86-dog-tag-com-foto-grave-quem-voce-ama-e-carregue-no-peito-para-sempre\/\",\"name\":\"\\ud83c\\udfc6 Dog Tag com Foto: Grave Quem Voc\\u00ea Ama e Carregue no Peito Para Sempre | DogTagClan Blog\",\"isPartOf\":{\"@id\":\"https:\/\/dogtagclan.com.br\/blog\/#website\"},\"primaryImageOfPage\":{\"@id\":\"https:\/\/dogtagclan.com.br\/blog\/%f0%9f%8f%86-dog-tag-com-foto-grave-quem-voce-ama-e-carregue-no-peito-para-sempre\/#primaryimage\"},\"datePublished\":\"2025-06-04T11:23:32+00:00\",\"dateModified\":\"2025-06-04T11:23:33+00:00\",\"description\":\"Se existe uma forma de eternizar sentimentos, ela est\\u00e1 em pequenos gestos com grandes significados. A Dog Tag com Foto \\u00e9 mais que um acess\\u00f3rio: \\u00e9 uma\",\"inLanguage\":\"pt-BR\",\"potentialAction\":[{\"@type\":\"ReadAction\",\"target\":[\"https:\/\/dogtagclan.com.br\/blog\/%f0%9f%8f%86-dog-tag-com-foto-grave-quem-voce-ama-e-carregue-no-peito-para-sempre\/\"]}]},{\"@type\":\"Article\",\"@id\":\"https:\/\/dogtagclan.com.br\/blog\/%f0%9f%8f%86-dog-tag-com-foto-grave-quem-voce-ama-e-carregue-no-peito-para-sempre\/#article\",\"isPartOf\":{\"@id\":\"https:\/\/dogtagclan.com.br\/blog\/%f0%9f%8f%86-dog-tag-com-foto-grave-quem-voce-ama-e-carregue-no-peito-para-sempre\/#webpage\"},\"author\":{\"@id\":\"https:\/\/dogtagclan.com.br\/blog\/#\/schema\/person\/b7279d930f15e2a85c89cd3b2f1d8df5\"},\"headline\":\"\\ud83c\\udfc6 Dog Tag com Foto: Grave Quem Voc\\u00ea Ama e Carregue no Peito Para Sempre\",\"datePublished\":\"2025-06-04T11:23:32+00:00\",\"dateModified\":\"2025-06-04T11:23:33+00:00\",\"mainEntityOfPage\":{\"@id\":\"https:\/\/dogtagclan.com.br\/blog\/%f0%9f%8f%86-dog-tag-com-foto-grave-quem-voce-ama-e-carregue-no-peito-para-sempre\/#webpage\"},\"commentCount\":0,\"publisher\":{\"@id\":\"https:\/\/dogtagclan.com.br\/blog\/#organization\"},\"image\":{\"@id\":\"https:\/\/dogtagclan.com.br\/blog\/%f0%9f%8f%86-dog-tag-com-foto-grave-quem-voce-ama-e-carregue-no-peito-para-sempre\/#primaryimage\"},\"articleSection\":\"Dog tags,Dog Tags Personalizadas\",\"inLanguage\":\"pt-BR\",\"potentialAction\":[{\"@type\":\"CommentAction\",\"name\":\"Comment\",\"target\":[\"https:\/\/dogtagclan.com.br\/blog\/%f0%9f%8f%86-dog-tag-com-foto-grave-quem-voce-ama-e-carregue-no-peito-para-sempre\/#respond\"]}]},{\"@type\":\"Person\",\"@id\":\"https:\/\/dogtagclan.com.br\/blog\/#\/schema\/person\/b7279d930f15e2a85c89cd3b2f1d8df5\",\"name\":\"dogtagclan\",\"description\":\"\\\"A DogTagClan \\u00e9 especializada na fabrica\\u00e7\\u00e3o e personaliza\\u00e7\\u00e3o de Dog Tags, crach\\u00e1s e acess\\u00f3rios. Produzimos pe\\u00e7as em a\\u00e7o inoxid\\u00e1vel com grava\\u00e7\\u00f5es de alta precis\\u00e3o para identifica\\u00e7\\u00e3o pessoal e profissional.\\\"\",\"sameAs\":[\"https:\/\/blog.dogtagclan.com.br\",\"https:\/\/www.facebook.com\/dogtagclan\",\"https:\/\/www.instagram.com\/dogtagclan\",\"https:\/\/twitter.com\/https:\/\/x.com\/Dogtagclanclan\",\"https:\/\/www.youtube.com\/dogtagclan\"]}]}<\/script>\n<!-- \/ Yoast SEO Premium plugin. -->","_links":{"self":[{"href":"https:\/\/dogtagclan.com.br\/blog\/wp-json\/wp\/v2\/posts\/4338"}],"collection":[{"href":"https:\/\/dogtagclan.com.br\/blog\/wp-json\/wp\/v2\/posts"}],"about":[{"href":"https:\/\/dogtagclan.com.br\/blog\/wp-json\/wp\/v2\/types\/post"}],"author":[{"embeddable":true,"href":"https:\/\/dogtagclan.com.br\/blog\/wp-json\/wp\/v2\/users\/1"}],"replies":[{"embeddable":true,"href":"https:\/\/dogtagclan.com.br\/blog\/wp-json\/wp\/v2\/comments?post=4338"}],"version-history":[{"count":0,"href":"https:\/\/dogtagclan.com.br\/blog\/wp-json\/wp\/v2\/posts\/4338\/revisions"}],"wp:featuredmedia":[{"embeddable":true,"href":"https:\/\/dogtagclan.com.br\/blog\/wp-json\/wp\/v2\/media\/4339"}],"wp:attachment":[{"href":"https:\/\/dogtagclan.com.br\/blog\/wp-json\/wp\/v2\/media?parent=4338"}],"wp:term":[{"taxonomy":"category","embeddable":true,"href":"https:\/\/dogtagclan.com.br\/blog\/wp-json\/wp\/v2\/categories?post=4338"},{"taxonomy":"post_tag","embeddable":true,"href":"https:\/\/dogtagclan.com.br\/blog\/wp-json\/wp\/v2\/tags?post=4338"}],"curies":[{"name":"wp","href":"https:\/\/api.w.org\/{rel}","templated":true}]}}