{"id":4334,"date":"2025-06-04T08:05:38","date_gmt":"2025-06-04T11:05:38","guid":{"rendered":"https:\/\/dogtagclan.com.br\/blog\/?p=4334"},"modified":"2025-06-04T08:05:39","modified_gmt":"2025-06-04T11:05:39","slug":"%f0%9f%8f%86-dog-tag-com-foto-grave-a-imagem-de-quem-voce-ama-e-leve-para-sempre-no-peito","status":"publish","type":"post","link":"https:\/\/dogtagclan.com.br\/blog\/%f0%9f%8f%86-dog-tag-com-foto-grave-a-imagem-de-quem-voce-ama-e-leve-para-sempre-no-peito\/","title":{"rendered":"\ud83c\udfc6 Dog Tag com Foto: Grave a Imagem de Quem Voc\u00ea Ama e Leve Para Sempre no Peito"},"content":{"rendered":"\n<p>Dog tag personalizada com foto gravada no a\u00e7o inox \u2013 ideal para eternizar momentos com quem voc\u00ea ama. Envio para todo o Brasil. Grave amor, saudade e hist\u00f3ria.<\/p>\n\n\n\n<hr class=\"wp-block-separator has-alpha-channel-opacity\"\/>\n\n\n\n<h3 class=\"wp-block-heading\" id=\"h-voc-j-pensou-em-eternizar-uma-imagem-uma-mem-ria-ou-at-um-abra-o-especial-no-a-o-a-dog-tag-com-foto-personalizada-mais-do-que-um-colar-uma-lembran-a-palp-vel-de-algu-m-que-marcou-sua-vida-perfeita-para-casais-pais-e-filhos-amigos-insepar-veis-ou-para-homenagear-quem-partiu-essa-pe-a-une-estilo-militar-com-emo-o-real\">Voc\u00ea j\u00e1 pensou em eternizar uma imagem, uma mem\u00f3ria ou at\u00e9 um abra\u00e7o especial no a\u00e7o? A <strong>Dog Tag com foto personalizada<\/strong> \u00e9 mais do que um colar \u2013 \u00e9 uma lembran\u00e7a palp\u00e1vel de algu\u00e9m que marcou sua vida.<br>Perfeita para casais, pais e filhos, amigos insepar\u00e1veis ou para homenagear quem partiu, essa pe\u00e7a une estilo militar com emo\u00e7\u00e3o real.<\/h3>\n\n\n\n<figure class=\"wp-block-image size-full is-resized\"><img decoding=\"async\" width=\"401\" height=\"551\" src=\"https:\/\/dogtagclan.com.br\/blog\/wp-content\/uploads\/2025\/05\/dog-tag-imagem-7.jpg\" alt=\"\" class=\"wp-image-4315\" style=\"width:273px;height:auto\" srcset=\"https:\/\/dogtagclan.com.br\/blog\/wp-content\/uploads\/2025\/05\/dog-tag-imagem-7.jpg 401w, https:\/\/dogtagclan.com.br\/blog\/wp-content\/uploads\/2025\/05\/dog-tag-imagem-7-218x300.jpg 218w, https:\/\/dogtagclan.com.br\/blog\/wp-content\/uploads\/2025\/05\/dog-tag-imagem-7-150x206.jpg 150w\" sizes=\"(max-width: 401px) 100vw, 401px\" \/><\/figure>\n\n\n\n<hr class=\"wp-block-separator has-alpha-channel-opacity\"\/>\n\n\n\n<h3 class=\"wp-block-heading\" id=\"h-como-funciona-a-dog-tag-com-foto\">\ud83d\udcf8 Como Funciona a Dog Tag com Foto?<\/h3>\n\n\n\n<p>A dog tag com imagem \u00e9 feita em a\u00e7o inox de alta qualidade, resistente ao tempo, \u00e0 \u00e1gua e ao desgaste. A grava\u00e7\u00e3o da imagem \u00e9 feita com precis\u00e3o, usando tecnologia avan\u00e7ada que imprime com nitidez e contraste.<br>Voc\u00ea pode enviar:<\/p>\n\n\n\n<ul>\n<li>Foto do casal<\/li>\n\n\n\n<li>Pai e filho(a)<\/li>\n\n\n\n<li>Av\u00f3s e netos<\/li>\n\n\n\n<li>Amigo de longa data<\/li>\n\n\n\n<li>Homenagem p\u00f3stuma<\/li>\n<\/ul>\n\n\n\n<hr class=\"wp-block-separator has-alpha-channel-opacity\"\/>\n\n\n\n<h3 class=\"wp-block-heading\" id=\"h-o-que-posso-gravar-junto-com-a-foto\">\u2728 O Que Posso Gravar Junto com a Foto?<\/h3>\n\n\n\n<p>Al\u00e9m da imagem, voc\u00ea pode gravar:<\/p>\n\n\n\n<ul>\n<li>Nome da pessoa<\/li>\n\n\n\n<li>Datas marcantes (nascimento, falecimento, formatura, namoro)<\/li>\n\n\n\n<li>Frases emocionantes<\/li>\n\n\n\n<li>Emojis ou s\u00edmbolos religiosos<\/li>\n<\/ul>\n\n\n\n<figure class=\"wp-block-image size-large is-resized\"><img decoding=\"async\" width=\"768\" height=\"1024\" src=\"https:\/\/dogtagclan.com.br\/blog\/wp-content\/uploads\/2025\/06\/dog-tag-com-imagescm23-768x1024.jpg\" alt=\"\" class=\"wp-image-4336\" style=\"width:232px;height:auto\" srcset=\"https:\/\/dogtagclan.com.br\/blog\/wp-content\/uploads\/2025\/06\/dog-tag-com-imagescm23-768x1024.jpg 768w, https:\/\/dogtagclan.com.br\/blog\/wp-content\/uploads\/2025\/06\/dog-tag-com-imagescm23-225x300.jpg 225w, https:\/\/dogtagclan.com.br\/blog\/wp-content\/uploads\/2025\/06\/dog-tag-com-imagescm23-640x853.jpg 640w, https:\/\/dogtagclan.com.br\/blog\/wp-content\/uploads\/2025\/06\/dog-tag-com-imagescm23-150x200.jpg 150w, https:\/\/dogtagclan.com.br\/blog\/wp-content\/uploads\/2025\/06\/dog-tag-com-imagescm23.jpg 960w\" sizes=\"(max-width: 768px) 100vw, 768px\" \/><\/figure>\n\n\n\n<p><strong>Exemplos de frases:<\/strong><\/p>\n\n\n\n<ul>\n<li>\u201cTe carrego comigo\u201d<\/li>\n\n\n\n<li>\u201cMeu pai, meu her\u00f3i\u201d<\/li>\n\n\n\n<li>\u201cPara sempre em meu cora\u00e7\u00e3o\u201d<\/li>\n\n\n\n<li>\u201cOnde quer que eu v\u00e1, voc\u00ea vai junto\u201d<\/li>\n\n\n\n<li>\u201cNossa hist\u00f3ria gravada no a\u00e7o\u201d<\/li>\n<\/ul>\n\n\n\n<hr class=\"wp-block-separator has-alpha-channel-opacity\"\/>\n\n\n\n<h3 class=\"wp-block-heading\" id=\"h-por-que-escolher-a-dogtagclan\">\ud83d\udee1\ufe0f Por Que Escolher a DogTagClan?<\/h3>\n\n\n\n<ul>\n<li><strong>Grava\u00e7\u00e3o dur\u00e1vel:<\/strong> feita em a\u00e7o inox escovado, n\u00e3o apaga com o tempo.<\/li>\n\n\n\n<li><strong>Personaliza\u00e7\u00e3o real:<\/strong> voc\u00ea envia a imagem e n\u00f3s fazemos o resto.<\/li>\n\n\n\n<li><strong>Entrega para todo o Brasil<\/strong><\/li>\n\n\n\n<li><strong>Atendimento direto pelo WhatsApp:<\/strong> <a class=\"\" href=\"https:\/\/wa.me\/554174001990\" target=\"_blank\" rel=\"noopener\">Clique aqui<\/a><\/li>\n<\/ul>\n\n\n\n<figure class=\"wp-block-image size-large is-resized\"><img decoding=\"async\" width=\"768\" height=\"1024\" src=\"https:\/\/dogtagclan.com.br\/blog\/wp-content\/uploads\/2025\/05\/dog-tag-alto-relevo-aco-1-768x1024.jpg\" alt=\"\" class=\"wp-image-4105\" style=\"width:326px;height:auto\" srcset=\"https:\/\/dogtagclan.com.br\/blog\/wp-content\/uploads\/2025\/05\/dog-tag-alto-relevo-aco-1-768x1024.jpg 768w, https:\/\/dogtagclan.com.br\/blog\/wp-content\/uploads\/2025\/05\/dog-tag-alto-relevo-aco-1-225x300.jpg 225w, https:\/\/dogtagclan.com.br\/blog\/wp-content\/uploads\/2025\/05\/dog-tag-alto-relevo-aco-1-640x853.jpg 640w, https:\/\/dogtagclan.com.br\/blog\/wp-content\/uploads\/2025\/05\/dog-tag-alto-relevo-aco-1-150x200.jpg 150w, https:\/\/dogtagclan.com.br\/blog\/wp-content\/uploads\/2025\/05\/dog-tag-alto-relevo-aco-1.jpg 960w\" sizes=\"(max-width: 768px) 100vw, 768px\" \/><\/figure>\n\n\n\n<hr class=\"wp-block-separator has-alpha-channel-opacity\"\/>\n\n\n\n<h3 class=\"wp-block-heading\" id=\"h-ideal-para-presentes-especiais\">\ud83c\udf81 Ideal Para Presentes Especiais<\/h3>\n\n\n\n<ul>\n<li>Dia dos Namorados<\/li>\n\n\n\n<li>Dia dos Pais<\/li>\n\n\n\n<li>Presente para militares<\/li>\n\n\n\n<li>Datas de homenagem<\/li>\n\n\n\n<li>Recorda\u00e7\u00e3o de algu\u00e9m que partiu<\/li>\n<\/ul>\n\n\n\n<hr class=\"wp-block-separator has-alpha-channel-opacity\"\/>\n\n\n\n<h3 class=\"wp-block-heading\" id=\"h-onde-comprar\">\ud83d\uded2 Onde Comprar?<\/h3>\n\n\n\n<p>Voc\u00ea pode personalizar e comprar sua Dog Tag com Foto diretamente pelo nosso site:<\/p>\n\n\n\n<p>\ud83d\udc49 <a class=\"\" href=\"https:\/\/dogtagclan.com.br\/produto\/dog-tag-namorados\">Dog Tag com Foto \u2013 Clique aqui para personalizar<\/a><\/p>\n\n\n\n<hr class=\"wp-block-separator has-alpha-channel-opacity\"\/>\n\n\n\n<h3 class=\"wp-block-heading\" id=\"h-palavras-chave-sem-nticas-para-seo\">\ud83d\udd0d Palavras-chave sem\u00e2nticas para SEO:<\/h3>\n\n\n\n<ul>\n<li>colar com foto gravada<\/li>\n\n\n\n<li>presente personalizado com imagem<\/li>\n\n\n\n<li>dog tag com imagem no a\u00e7o<\/li>\n\n\n\n<li>placa de identifica\u00e7\u00e3o com foto<\/li>\n\n\n\n<li>colar militar com grava\u00e7\u00e3o<\/li>\n\n\n\n<li>dog tag personalizada para casal<\/li>\n\n\n\n<li>dog tag homenagem p\u00f3stuma<\/li>\n<\/ul>\n\n\n\n<hr class=\"wp-block-separator has-alpha-channel-opacity\"\/>\n\n\n\n<h3 class=\"wp-block-heading\" id=\"h-conclus-o\">\ud83d\udccc Conclus\u00e3o<\/h3>\n\n\n\n<p>Uma imagem vale mais do que mil palavras. E quando ela \u00e9 gravada no a\u00e7o, ela se torna eterna. Personalize sua <strong>Dog Tag com foto<\/strong> e leve no peito quem voc\u00ea carrega no cora\u00e7\u00e3o.<\/p>\n\n\n\n<p>\ud83d\udcf2 Fale com a gente agora mesmo: <a class=\"\" href=\"https:\/\/wa.me\/554174001990\" target=\"_blank\" rel=\"noopener\">https:\/\/wa.me\/554174001990<\/a><\/p>\n","protected":false},"excerpt":{"rendered":"<p>Dog tag personalizada com foto gravada no a\u00e7o inox \u2013 ideal para eternizar momentos com quem voc\u00ea ama. Envio para<\/p>\n","protected":false},"author":1,"featured_media":4335,"comment_status":"open","ping_status":"open","sticky":false,"template":"","format":"standard","meta":{"footnotes":""},"categories":[11,17],"tags":[],"yoast_head":"<!-- This site is optimized with the Yoast SEO Premium plugin v15.5 - https:\/\/yoast.com\/wordpress\/plugins\/seo\/ -->\n<title>\ud83c\udfc6 Dog Tag com Foto: Grave a Imagem de Quem Voc\u00ea Ama e Leve Para Sempre no Peito | DogTagClan Blog<\/title>\n<meta name=\"description\" content=\"Dog tag personalizada com foto gravada no a\u00e7o inox \u2013 ideal para eternizar momentos com quem voc\u00ea ama. Envio para todo o Brasil. Grave amor, saudade e hist\u00f3ria.\" \/>\n<meta name=\"robots\" content=\"index, follow, max-snippet:-1, max-image-preview:large, max-video-preview:-1\" \/>\n<link rel=\"canonical\" href=\"https:\/\/dogtagclan.com.br\/blog\/\ud83c\udfc6-dog-tag-com-foto-grave-a-imagem-de-quem-voce-ama-e-leve-para-sempre-no-peito\/\" \/>\n<meta property=\"og:locale\" content=\"pt_BR\" \/>\n<meta property=\"og:type\" content=\"article\" \/>\n<meta property=\"og:title\" content=\"\ud83c\udfc6 Dog Tag com Foto: Grave a Imagem de Quem Voc\u00ea Ama e Leve Para Sempre no Peito | DogTagClan Blog\" \/>\n<meta property=\"og:description\" content=\"Dog tag personalizada com foto gravada no a\u00e7o inox \u2013 ideal para eternizar momentos com quem voc\u00ea ama. Envio para todo o Brasil. Grave amor, saudade e hist\u00f3ria.\" \/>\n<meta property=\"og:url\" content=\"https:\/\/dogtagclan.com.br\/blog\/\ud83c\udfc6-dog-tag-com-foto-grave-a-imagem-de-quem-voce-ama-e-leve-para-sempre-no-peito\/\" \/>\n<meta property=\"og:site_name\" content=\"DogTagClan Blog\" \/>\n<meta property=\"article:publisher\" content=\"https:\/\/www.facebook.com\/dogtagclan\" \/>\n<meta property=\"article:author\" content=\"https:\/\/www.facebook.com\/dogtagclan\" \/>\n<meta property=\"article:published_time\" content=\"2025-06-04T11:05:38+00:00\" \/>\n<meta property=\"article:modified_time\" content=\"2025-06-04T11:05:39+00:00\" \/>\n<meta property=\"og:image\" content=\"https:\/\/dogtagclan.com.br\/blog\/wp-content\/uploads\/2025\/06\/dog-tag-com-foto.jpg\" \/>\n\t<meta property=\"og:image:width\" content=\"1024\" \/>\n\t<meta property=\"og:image:height\" content=\"1024\" \/>\n<meta name=\"twitter:card\" content=\"summary_large_image\" \/>\n<meta name=\"twitter:creator\" content=\"@https:\/\/x.com\/Dogtagclanclan\" \/>\n<meta name=\"twitter:label1\" content=\"Est. tempo de leitura\">\n\t<meta name=\"twitter:data1\" content=\"2 minutos\">\n<script type=\"application\/ld+json\" class=\"yoast-schema-graph\">{\"@context\":\"https:\/\/schema.org\",\"@graph\":[{\"@type\":\"Organization\",\"@id\":\"https:\/\/dogtagclan.com.br\/blog\/#organization\",\"name\":\"DogTagClan | Dog Tags, Crach\\u00e1s e Acess\\u00f3rios Personalizados\",\"url\":\"https:\/\/dogtagclan.com.br\/blog\/\",\"sameAs\":[\"https:\/\/www.facebook.com\/dogtagclan\"],\"logo\":{\"@type\":\"ImageObject\",\"@id\":\"https:\/\/dogtagclan.com.br\/blog\/#logo\",\"inLanguage\":\"pt-BR\",\"url\":\"https:\/\/dogtagclan.com.br\/blog\/wp-content\/uploads\/2023\/02\/cropped-doftagclan-logo.png\",\"width\":250,\"height\":140,\"caption\":\"DogTagClan | Dog Tags, Crach\\u00e1s e Acess\\u00f3rios Personalizados\"},\"image\":{\"@id\":\"https:\/\/dogtagclan.com.br\/blog\/#logo\"}},{\"@type\":\"WebSite\",\"@id\":\"https:\/\/dogtagclan.com.br\/blog\/#website\",\"url\":\"https:\/\/dogtagclan.com.br\/blog\/\",\"name\":\"DogTagClan Blog\",\"description\":\"A gente faz, do seu Jeito\",\"publisher\":{\"@id\":\"https:\/\/dogtagclan.com.br\/blog\/#organization\"},\"potentialAction\":[{\"@type\":\"SearchAction\",\"target\":\"https:\/\/dogtagclan.com.br\/blog\/?s={search_term_string}\",\"query-input\":\"required name=search_term_string\"}],\"inLanguage\":\"pt-BR\"},{\"@type\":\"ImageObject\",\"@id\":\"https:\/\/dogtagclan.com.br\/blog\/%f0%9f%8f%86-dog-tag-com-foto-grave-a-imagem-de-quem-voce-ama-e-leve-para-sempre-no-peito\/#primaryimage\",\"inLanguage\":\"pt-BR\",\"url\":\"https:\/\/dogtagclan.com.br\/blog\/wp-content\/uploads\/2025\/06\/dog-tag-com-foto.jpg\",\"width\":1024,\"height\":1024,\"caption\":\"Dog tag gravada com foto real \\u2013 lembran\\u00e7a eterna entre pai e filho\"},{\"@type\":\"WebPage\",\"@id\":\"https:\/\/dogtagclan.com.br\/blog\/%f0%9f%8f%86-dog-tag-com-foto-grave-a-imagem-de-quem-voce-ama-e-leve-para-sempre-no-peito\/#webpage\",\"url\":\"https:\/\/dogtagclan.com.br\/blog\/%f0%9f%8f%86-dog-tag-com-foto-grave-a-imagem-de-quem-voce-ama-e-leve-para-sempre-no-peito\/\",\"name\":\"\\ud83c\\udfc6 Dog Tag com Foto: Grave a Imagem de Quem Voc\\u00ea Ama e Leve Para Sempre no Peito | DogTagClan Blog\",\"isPartOf\":{\"@id\":\"https:\/\/dogtagclan.com.br\/blog\/#website\"},\"primaryImageOfPage\":{\"@id\":\"https:\/\/dogtagclan.com.br\/blog\/%f0%9f%8f%86-dog-tag-com-foto-grave-a-imagem-de-quem-voce-ama-e-leve-para-sempre-no-peito\/#primaryimage\"},\"datePublished\":\"2025-06-04T11:05:38+00:00\",\"dateModified\":\"2025-06-04T11:05:39+00:00\",\"description\":\"Dog tag personalizada com foto gravada no a\\u00e7o inox \\u2013 ideal para eternizar momentos com quem voc\\u00ea ama. Envio para todo o Brasil. Grave amor, saudade e hist\\u00f3ria.\",\"inLanguage\":\"pt-BR\",\"potentialAction\":[{\"@type\":\"ReadAction\",\"target\":[\"https:\/\/dogtagclan.com.br\/blog\/%f0%9f%8f%86-dog-tag-com-foto-grave-a-imagem-de-quem-voce-ama-e-leve-para-sempre-no-peito\/\"]}]},{\"@type\":\"Article\",\"@id\":\"https:\/\/dogtagclan.com.br\/blog\/%f0%9f%8f%86-dog-tag-com-foto-grave-a-imagem-de-quem-voce-ama-e-leve-para-sempre-no-peito\/#article\",\"isPartOf\":{\"@id\":\"https:\/\/dogtagclan.com.br\/blog\/%f0%9f%8f%86-dog-tag-com-foto-grave-a-imagem-de-quem-voce-ama-e-leve-para-sempre-no-peito\/#webpage\"},\"author\":{\"@id\":\"https:\/\/dogtagclan.com.br\/blog\/#\/schema\/person\/b7279d930f15e2a85c89cd3b2f1d8df5\"},\"headline\":\"\\ud83c\\udfc6 Dog Tag com Foto: Grave a Imagem de Quem Voc\\u00ea Ama e Leve Para Sempre no Peito\",\"datePublished\":\"2025-06-04T11:05:38+00:00\",\"dateModified\":\"2025-06-04T11:05:39+00:00\",\"mainEntityOfPage\":{\"@id\":\"https:\/\/dogtagclan.com.br\/blog\/%f0%9f%8f%86-dog-tag-com-foto-grave-a-imagem-de-quem-voce-ama-e-leve-para-sempre-no-peito\/#webpage\"},\"commentCount\":0,\"publisher\":{\"@id\":\"https:\/\/dogtagclan.com.br\/blog\/#organization\"},\"image\":{\"@id\":\"https:\/\/dogtagclan.com.br\/blog\/%f0%9f%8f%86-dog-tag-com-foto-grave-a-imagem-de-quem-voce-ama-e-leve-para-sempre-no-peito\/#primaryimage\"},\"articleSection\":\"Dog tags,Dog Tags Personalizadas\",\"inLanguage\":\"pt-BR\",\"potentialAction\":[{\"@type\":\"CommentAction\",\"name\":\"Comment\",\"target\":[\"https:\/\/dogtagclan.com.br\/blog\/%f0%9f%8f%86-dog-tag-com-foto-grave-a-imagem-de-quem-voce-ama-e-leve-para-sempre-no-peito\/#respond\"]}]},{\"@type\":\"Person\",\"@id\":\"https:\/\/dogtagclan.com.br\/blog\/#\/schema\/person\/b7279d930f15e2a85c89cd3b2f1d8df5\",\"name\":\"dogtagclan\",\"description\":\"\\\"A DogTagClan \\u00e9 especializada na fabrica\\u00e7\\u00e3o e personaliza\\u00e7\\u00e3o de Dog Tags, crach\\u00e1s e acess\\u00f3rios. Produzimos pe\\u00e7as em a\\u00e7o inoxid\\u00e1vel com grava\\u00e7\\u00f5es de alta precis\\u00e3o para identifica\\u00e7\\u00e3o pessoal e profissional.\\\"\",\"sameAs\":[\"https:\/\/blog.dogtagclan.com.br\",\"https:\/\/www.facebook.com\/dogtagclan\",\"https:\/\/www.instagram.com\/dogtagclan\",\"https:\/\/twitter.com\/https:\/\/x.com\/Dogtagclanclan\",\"https:\/\/www.youtube.com\/dogtagclan\"]}]}<\/script>\n<!-- \/ Yoast SEO Premium plugin. -->","_links":{"self":[{"href":"https:\/\/dogtagclan.com.br\/blog\/wp-json\/wp\/v2\/posts\/4334"}],"collection":[{"href":"https:\/\/dogtagclan.com.br\/blog\/wp-json\/wp\/v2\/posts"}],"about":[{"href":"https:\/\/dogtagclan.com.br\/blog\/wp-json\/wp\/v2\/types\/post"}],"author":[{"embeddable":true,"href":"https:\/\/dogtagclan.com.br\/blog\/wp-json\/wp\/v2\/users\/1"}],"replies":[{"embeddable":true,"href":"https:\/\/dogtagclan.com.br\/blog\/wp-json\/wp\/v2\/comments?post=4334"}],"version-history":[{"count":0,"href":"https:\/\/dogtagclan.com.br\/blog\/wp-json\/wp\/v2\/posts\/4334\/revisions"}],"wp:featuredmedia":[{"embeddable":true,"href":"https:\/\/dogtagclan.com.br\/blog\/wp-json\/wp\/v2\/media\/4335"}],"wp:attachment":[{"href":"https:\/\/dogtagclan.com.br\/blog\/wp-json\/wp\/v2\/media?parent=4334"}],"wp:term":[{"taxonomy":"category","embeddable":true,"href":"https:\/\/dogtagclan.com.br\/blog\/wp-json\/wp\/v2\/categories?post=4334"},{"taxonomy":"post_tag","embeddable":true,"href":"https:\/\/dogtagclan.com.br\/blog\/wp-json\/wp\/v2\/tags?post=4334"}],"curies":[{"name":"wp","href":"https:\/\/api.w.org\/{rel}","templated":true}]}}