{"id":4320,"date":"2025-06-01T14:20:07","date_gmt":"2025-06-01T17:20:07","guid":{"rendered":"https:\/\/dogtagclan.com.br\/blog\/?p=4320"},"modified":"2025-06-03T12:32:35","modified_gmt":"2025-06-03T15:32:35","slug":"dog-tag-militar-brasileiro-identidade-honra-e-tradicao-gravadas-no-aco","status":"publish","type":"post","link":"https:\/\/dogtagclan.com.br\/blog\/dog-tag-militar-brasileiro-identidade-honra-e-tradicao-gravadas-no-aco\/","title":{"rendered":"Dog Tag Militar Brasileiro: Identidade, Honra e Tradi\u00e7\u00e3o Gravadas no A\u00e7o"},"content":{"rendered":"\n<h3 class=\"wp-block-heading\" id=\"h-o-que-uma-dog-tag-militar\">O Que \u00c9 Uma Dog Tag Militar?<\/h3>\n\n\n\n<p>A dog tag \u00e9 uma plaqueta de identifica\u00e7\u00e3o militar usada por soldados para portar dados essenciais como nome, tipo sangu\u00edneo, n\u00famero de identifica\u00e7\u00e3o e religi\u00e3o. No contexto brasileiro, essas plaquetas representam n\u00e3o apenas uma identifica\u00e7\u00e3o funcional, mas tamb\u00e9m s\u00edmbolos de honra, irmandade e mem\u00f3ria.<\/p>\n\n\n\n<h3 class=\"wp-block-heading\" id=\"h-por-que-usar-uma-dog-tag-militar-personalizada\">Por Que Usar Uma Dog Tag Militar Personalizada?<\/h3>\n\n\n\n<p>No Brasil, muitos militares, reservistas, policiais e at\u00e9 mesmo civis apaixonados por temas militares adotam a dog tag personalizada como forma de express\u00e3o, mem\u00f3ria ou homenagens. Seja para representar sua forma\u00e7\u00e3o, uma miss\u00e3o cumprida, ou homenagear um companheiro que partiu, a grava\u00e7\u00e3o da dog tag torna-se algo eterno.<\/p>\n\n\n\n<figure class=\"wp-block-image size-large\"><img decoding=\"async\" width=\"768\" height=\"1024\" src=\"https:\/\/dogtagclan.com.br\/blog\/wp-content\/uploads\/2025\/05\/dog-tag-alto-relevo-aco-768x1024.jpg\" alt=\"\" class=\"wp-image-4100\" srcset=\"https:\/\/dogtagclan.com.br\/blog\/wp-content\/uploads\/2025\/05\/dog-tag-alto-relevo-aco-768x1024.jpg 768w, https:\/\/dogtagclan.com.br\/blog\/wp-content\/uploads\/2025\/05\/dog-tag-alto-relevo-aco-225x300.jpg 225w, https:\/\/dogtagclan.com.br\/blog\/wp-content\/uploads\/2025\/05\/dog-tag-alto-relevo-aco-640x853.jpg 640w, https:\/\/dogtagclan.com.br\/blog\/wp-content\/uploads\/2025\/05\/dog-tag-alto-relevo-aco-150x200.jpg 150w, https:\/\/dogtagclan.com.br\/blog\/wp-content\/uploads\/2025\/05\/dog-tag-alto-relevo-aco.jpg 960w\" sizes=\"(max-width: 768px) 100vw, 768px\" \/><\/figure>\n\n\n\n<h3 class=\"wp-block-heading\" id=\"h-caracter-sticas-da-dog-tag-militar-da-dogtagclan\">Caracter\u00edsticas da Dog Tag Militar da DogTagClan:<\/h3>\n\n\n\n<ul>\n<li><strong>Material:<\/strong> A\u00e7o inoxid\u00e1vel, resistente \u00e0 \u00e1gua e ao tempo<\/li>\n\n\n\n<li><strong>Grava\u00e7\u00e3o:<\/strong> Em alto-relevo, ponta de diamante ou com imagem personalizada<\/li>\n\n\n\n<li><strong>Modelos de Correntes:<\/strong> Corrente bolinha inox (2.4mm), black piano, lat\u00e3o ou dourada<\/li>\n\n\n\n<li><strong>Silenciador opcional<\/strong> em silicone militar (v\u00e1rias cores)<\/li>\n\n\n\n<li><strong>Grava\u00e7\u00e3o frente e verso<\/strong> ou uso de duas chapas<\/li>\n<\/ul>\n\n\n\n<h3 class=\"wp-block-heading\" id=\"h-sugest-es-de-grava-o\">Sugest\u00f5es de Grava\u00e7\u00e3o:<\/h3>\n\n\n\n<ul>\n<li>Nome completo<\/li>\n\n\n\n<li>Tipo sangu\u00edneo<\/li>\n\n\n\n<li>Religi\u00e3o<\/li>\n\n\n\n<li>N\u00famero de identidade<\/li>\n\n\n\n<li>Bras\u00e3o do batalh\u00e3o ou s\u00edmbolo do curso<\/li>\n\n\n\n<li>Frases como:\n<ul>\n<li>&#8220;Miss\u00e3o dada \u00e9 miss\u00e3o cumprida&#8221;<\/li>\n\n\n\n<li>&#8220;Deus \u00e9 fiel&#8221;<\/li>\n\n\n\n<li>&#8220;Pelo Brasil, com honra&#8221;<\/li>\n<\/ul>\n<\/li>\n<\/ul>\n\n\n\n<h3 class=\"wp-block-heading\" id=\"h-quem-pode-usar\">Quem Pode Usar:<\/h3>\n\n\n\n<ul>\n<li>Soldados da ativa ou da reserva<\/li>\n\n\n\n<li>Cabos, sargentos, oficiais<\/li>\n\n\n\n<li>Policiais militares e civis<\/li>\n\n\n\n<li>Colecionadores e entusiastas do militarismo<\/li>\n\n\n\n<li>Familiares de militares para homenagens<\/li>\n<\/ul>\n\n\n\n<figure class=\"wp-block-image size-full is-resized\"><img decoding=\"async\" width=\"768\" height=\"1024\" src=\"https:\/\/dogtagclan.com.br\/blog\/wp-content\/uploads\/2025\/04\/bdogtag-frase.jpg\" alt=\"\" class=\"wp-image-3799\" style=\"width:472px;height:auto\" srcset=\"https:\/\/dogtagclan.com.br\/blog\/wp-content\/uploads\/2025\/04\/bdogtag-frase.jpg 768w, https:\/\/dogtagclan.com.br\/blog\/wp-content\/uploads\/2025\/04\/bdogtag-frase-225x300.jpg 225w, https:\/\/dogtagclan.com.br\/blog\/wp-content\/uploads\/2025\/04\/bdogtag-frase-640x853.jpg 640w, https:\/\/dogtagclan.com.br\/blog\/wp-content\/uploads\/2025\/04\/bdogtag-frase-150x200.jpg 150w\" sizes=\"(max-width: 768px) 100vw, 768px\" \/><\/figure>\n\n\n\n<h3 class=\"wp-block-heading\" id=\"h-dog-tag-como-presente\">Dog Tag Como Presente:<\/h3>\n\n\n\n<p>A dog tag \u00e9 uma excelente op\u00e7\u00e3o de presente para:<\/p>\n\n\n\n<ul>\n<li>Formaturas de militares<\/li>\n\n\n\n<li>Datas comemorativas como Dia do Soldado ou Dia do Ex\u00e9rcito<\/li>\n\n\n\n<li>Homenagens a veteranos<\/li>\n\n\n\n<li>Datas afetivas (como presente de pai militar, namorado, irm\u00e3o de farda)<\/li>\n<\/ul>\n\n\n\n<h3 class=\"wp-block-heading\" id=\"h-benef-cios-da-dog-tag-militar-brasileira\">Benef\u00edcios da Dog Tag Militar Brasileira:<\/h3>\n\n\n\n<ul>\n<li>Estilo aut\u00eantico<\/li>\n\n\n\n<li>Simbolismo forte<\/li>\n\n\n\n<li>Personaliza\u00e7\u00e3o sob medida<\/li>\n\n\n\n<li>Entrega para todo o Brasil<\/li>\n<\/ul>\n\n\n\n<figure class=\"wp-block-image size-full is-resized\"><img decoding=\"async\" width=\"1024\" height=\"1024\" src=\"https:\/\/dogtagclan.com.br\/blog\/wp-content\/uploads\/2025\/05\/selvas.jpg\" alt=\"Dog Tag militar personalizada com grava\u00e7\u00e3o \u201cSelva! Honra e Miss\u00e3o A\u00e7o\u201d e espa\u00e7o para dados pessoais\" class=\"wp-image-4239\" style=\"width:374px;height:auto\" srcset=\"https:\/\/dogtagclan.com.br\/blog\/wp-content\/uploads\/2025\/05\/selvas.jpg 1024w, https:\/\/dogtagclan.com.br\/blog\/wp-content\/uploads\/2025\/05\/selvas-300x300.jpg 300w, https:\/\/dogtagclan.com.br\/blog\/wp-content\/uploads\/2025\/05\/selvas-150x150.jpg 150w, https:\/\/dogtagclan.com.br\/blog\/wp-content\/uploads\/2025\/05\/selvas-768x768.jpg 768w, https:\/\/dogtagclan.com.br\/blog\/wp-content\/uploads\/2025\/05\/selvas-96x96.jpg 96w\" sizes=\"(max-width: 1024px) 100vw, 1024px\" \/><figcaption class=\"wp-element-caption\">Plaqueta militar personalizada com a palavra SELVA, arma t\u00e1tica e \u00e1rea para grava\u00e7\u00e3o de dados. Produto DogTagClan.<\/figcaption><\/figure>\n\n\n\n<h3 class=\"wp-block-heading\" id=\"h-onde-comprar-dog-tag-militar-no-brasil\">Onde Comprar Dog Tag Militar no Brasil?<\/h3>\n\n\n\n<p>A DogTagClan \u00e9 refer\u00eancia nacional na fabrica\u00e7\u00e3o de dog tags militares personalizadas. Com grava\u00e7\u00f5es feitas em a\u00e7o de alta qualidade, nossa loja oferece envio para todo o Brasil com op\u00e7\u00f5es de personaliza\u00e7\u00e3o exclusivas.<\/p>\n\n\n\n<p>\ud83d\udc49 Compre agora: <a href=\"https:\/\/dogtagclan.com.br\">dogtagclan.com.br<\/a> \ud83d\udcf2 WhatsApp: <a href=\"https:\/\/wa.me\/554174001990\" target=\"_blank\" rel=\"noopener\">Clique para falar conosco<\/a><\/p>\n\n\n\n<hr class=\"wp-block-separator has-alpha-channel-opacity\"\/>\n\n\n\n<h3 class=\"wp-block-heading\" id=\"h-faq-perguntas-frequentes\">FAQ &#8211; Perguntas Frequentes<\/h3>\n\n\n\n<p><strong>\u00c9 permitido civis usarem dog tag militar?<\/strong> Sim, para fins simb\u00f3licos, estil\u00edsticos ou de homenagem, a utiliza\u00e7\u00e3o \u00e9 livre.<\/p>\n\n\n\n<p><strong>Posso gravar imagem e texto?<\/strong> Sim, a DogTagClan oferece grava\u00e7\u00e3o em imagem e texto, frente e verso.<\/p>\n\n\n\n<p><strong>Qual a diferen\u00e7a entre grava\u00e7\u00e3o alto-relevo e ponta de diamante?<\/strong> O alto-relevo \u00e9 mais marcado e tradicional. A ponta de diamante \u00e9 mais detalhada e delicada.<\/p>\n\n\n\n<p><strong>Como saber o tamanho certo da corrente?<\/strong> Oferecemos op\u00e7\u00f5es de 60cm, 70cm e tamb\u00e9m correntes curtas para chaveiros ou uso t\u00e1tico.<\/p>\n\n\n\n<hr class=\"wp-block-separator has-alpha-channel-opacity\"\/>\n","protected":false},"excerpt":{"rendered":"<p>O Que \u00c9 Uma Dog Tag Militar? A dog tag \u00e9 uma plaqueta de identifica\u00e7\u00e3o militar usada por soldados para<\/p>\n","protected":false},"author":1,"featured_media":4321,"comment_status":"open","ping_status":"open","sticky":false,"template":"","format":"standard","meta":{"footnotes":""},"categories":[1,11,17],"tags":[],"yoast_head":"<!-- This site is optimized with the Yoast SEO Premium plugin v15.5 - https:\/\/yoast.com\/wordpress\/plugins\/seo\/ -->\n<title>Dog Tag Militar Brasileiro: Identidade, Honra e Tradi\u00e7\u00e3o Gravadas no A\u00e7o | DogTagClan Blog<\/title>\n<meta name=\"description\" content=\"A dog tag \u00e9 uma plaqueta de identifica\u00e7\u00e3o militar usada por soldados para portar dados essenciais como nome, tipo sangu\u00edneo, n\u00famero de identifica\u00e7\u00e3o e religi\u00e3o.\" \/>\n<meta name=\"robots\" content=\"index, follow, max-snippet:-1, max-image-preview:large, max-video-preview:-1\" \/>\n<link rel=\"canonical\" href=\"https:\/\/dogtagclan.com.br\/blog\/dog-tag-militar-brasileiro-identidade-honra-e-tradicao-gravadas-no-aco\/\" \/>\n<meta property=\"og:locale\" content=\"pt_BR\" \/>\n<meta property=\"og:type\" content=\"article\" \/>\n<meta property=\"og:title\" content=\"Dog Tag Militar Brasileiro: Identidade, Honra e Tradi\u00e7\u00e3o Gravadas no A\u00e7o | DogTagClan Blog\" \/>\n<meta property=\"og:description\" content=\"A dog tag \u00e9 uma plaqueta de identifica\u00e7\u00e3o militar usada por soldados para portar dados essenciais como nome, tipo sangu\u00edneo, n\u00famero de identifica\u00e7\u00e3o e religi\u00e3o.\" \/>\n<meta property=\"og:url\" content=\"https:\/\/dogtagclan.com.br\/blog\/dog-tag-militar-brasileiro-identidade-honra-e-tradicao-gravadas-no-aco\/\" \/>\n<meta property=\"og:site_name\" content=\"DogTagClan Blog\" \/>\n<meta property=\"article:publisher\" content=\"https:\/\/www.facebook.com\/dogtagclan\" \/>\n<meta property=\"article:author\" content=\"https:\/\/www.facebook.com\/dogtagclan\" \/>\n<meta property=\"article:published_time\" content=\"2025-06-01T17:20:07+00:00\" \/>\n<meta property=\"article:modified_time\" content=\"2025-06-03T15:32:35+00:00\" \/>\n<meta property=\"og:image\" content=\"https:\/\/dogtagclan.com.br\/blog\/wp-content\/uploads\/2025\/06\/Sem-Titulo-1.jpg\" \/>\n\t<meta property=\"og:image:width\" content=\"1024\" \/>\n\t<meta property=\"og:image:height\" content=\"1024\" \/>\n<meta name=\"twitter:card\" content=\"summary_large_image\" \/>\n<meta name=\"twitter:creator\" content=\"@https:\/\/x.com\/Dogtagclanclan\" \/>\n<meta name=\"twitter:label1\" content=\"Est. tempo de leitura\">\n\t<meta name=\"twitter:data1\" content=\"2 minutos\">\n<script type=\"application\/ld+json\" class=\"yoast-schema-graph\">{\"@context\":\"https:\/\/schema.org\",\"@graph\":[{\"@type\":\"Organization\",\"@id\":\"https:\/\/dogtagclan.com.br\/blog\/#organization\",\"name\":\"DogTagClan | Dog Tags, Crach\\u00e1s e Acess\\u00f3rios Personalizados\",\"url\":\"https:\/\/dogtagclan.com.br\/blog\/\",\"sameAs\":[\"https:\/\/www.facebook.com\/dogtagclan\"],\"logo\":{\"@type\":\"ImageObject\",\"@id\":\"https:\/\/dogtagclan.com.br\/blog\/#logo\",\"inLanguage\":\"pt-BR\",\"url\":\"https:\/\/dogtagclan.com.br\/blog\/wp-content\/uploads\/2023\/02\/cropped-doftagclan-logo.png\",\"width\":250,\"height\":140,\"caption\":\"DogTagClan | Dog Tags, Crach\\u00e1s e Acess\\u00f3rios Personalizados\"},\"image\":{\"@id\":\"https:\/\/dogtagclan.com.br\/blog\/#logo\"}},{\"@type\":\"WebSite\",\"@id\":\"https:\/\/dogtagclan.com.br\/blog\/#website\",\"url\":\"https:\/\/dogtagclan.com.br\/blog\/\",\"name\":\"DogTagClan Blog\",\"description\":\"A gente faz, do seu Jeito\",\"publisher\":{\"@id\":\"https:\/\/dogtagclan.com.br\/blog\/#organization\"},\"potentialAction\":[{\"@type\":\"SearchAction\",\"target\":\"https:\/\/dogtagclan.com.br\/blog\/?s={search_term_string}\",\"query-input\":\"required name=search_term_string\"}],\"inLanguage\":\"pt-BR\"},{\"@type\":\"ImageObject\",\"@id\":\"https:\/\/dogtagclan.com.br\/blog\/dog-tag-militar-brasileiro-identidade-honra-e-tradicao-gravadas-no-aco\/#primaryimage\",\"inLanguage\":\"pt-BR\",\"url\":\"https:\/\/dogtagclan.com.br\/blog\/wp-content\/uploads\/2025\/06\/Sem-Titulo-1.jpg\",\"width\":1024,\"height\":1024,\"caption\":\"Modelo original da Dog Tag Militar Brasileira com bandeira nacional. Ideal para soldados, veteranos ou como lembran\\u00e7a de formatura.\"},{\"@type\":\"WebPage\",\"@id\":\"https:\/\/dogtagclan.com.br\/blog\/dog-tag-militar-brasileiro-identidade-honra-e-tradicao-gravadas-no-aco\/#webpage\",\"url\":\"https:\/\/dogtagclan.com.br\/blog\/dog-tag-militar-brasileiro-identidade-honra-e-tradicao-gravadas-no-aco\/\",\"name\":\"Dog Tag Militar Brasileiro: Identidade, Honra e Tradi\\u00e7\\u00e3o Gravadas no A\\u00e7o | DogTagClan Blog\",\"isPartOf\":{\"@id\":\"https:\/\/dogtagclan.com.br\/blog\/#website\"},\"primaryImageOfPage\":{\"@id\":\"https:\/\/dogtagclan.com.br\/blog\/dog-tag-militar-brasileiro-identidade-honra-e-tradicao-gravadas-no-aco\/#primaryimage\"},\"datePublished\":\"2025-06-01T17:20:07+00:00\",\"dateModified\":\"2025-06-03T15:32:35+00:00\",\"description\":\"A dog tag \\u00e9 uma plaqueta de identifica\\u00e7\\u00e3o militar usada por soldados para portar dados essenciais como nome, tipo sangu\\u00edneo, n\\u00famero de identifica\\u00e7\\u00e3o e religi\\u00e3o.\",\"inLanguage\":\"pt-BR\",\"potentialAction\":[{\"@type\":\"ReadAction\",\"target\":[\"https:\/\/dogtagclan.com.br\/blog\/dog-tag-militar-brasileiro-identidade-honra-e-tradicao-gravadas-no-aco\/\"]}]},{\"@type\":\"Article\",\"@id\":\"https:\/\/dogtagclan.com.br\/blog\/dog-tag-militar-brasileiro-identidade-honra-e-tradicao-gravadas-no-aco\/#article\",\"isPartOf\":{\"@id\":\"https:\/\/dogtagclan.com.br\/blog\/dog-tag-militar-brasileiro-identidade-honra-e-tradicao-gravadas-no-aco\/#webpage\"},\"author\":{\"@id\":\"https:\/\/dogtagclan.com.br\/blog\/#\/schema\/person\/b7279d930f15e2a85c89cd3b2f1d8df5\"},\"headline\":\"Dog Tag Militar Brasileiro: Identidade, Honra e Tradi\\u00e7\\u00e3o Gravadas no A\\u00e7o\",\"datePublished\":\"2025-06-01T17:20:07+00:00\",\"dateModified\":\"2025-06-03T15:32:35+00:00\",\"mainEntityOfPage\":{\"@id\":\"https:\/\/dogtagclan.com.br\/blog\/dog-tag-militar-brasileiro-identidade-honra-e-tradicao-gravadas-no-aco\/#webpage\"},\"commentCount\":0,\"publisher\":{\"@id\":\"https:\/\/dogtagclan.com.br\/blog\/#organization\"},\"image\":{\"@id\":\"https:\/\/dogtagclan.com.br\/blog\/dog-tag-militar-brasileiro-identidade-honra-e-tradicao-gravadas-no-aco\/#primaryimage\"},\"articleSection\":\"Dog tags,Dog Tags Personalizadas\",\"inLanguage\":\"pt-BR\",\"potentialAction\":[{\"@type\":\"CommentAction\",\"name\":\"Comment\",\"target\":[\"https:\/\/dogtagclan.com.br\/blog\/dog-tag-militar-brasileiro-identidade-honra-e-tradicao-gravadas-no-aco\/#respond\"]}]},{\"@type\":\"Person\",\"@id\":\"https:\/\/dogtagclan.com.br\/blog\/#\/schema\/person\/b7279d930f15e2a85c89cd3b2f1d8df5\",\"name\":\"dogtagclan\",\"description\":\"\\\"A DogTagClan \\u00e9 especializada na fabrica\\u00e7\\u00e3o e personaliza\\u00e7\\u00e3o de Dog Tags, crach\\u00e1s e acess\\u00f3rios. Produzimos pe\\u00e7as em a\\u00e7o inoxid\\u00e1vel com grava\\u00e7\\u00f5es de alta precis\\u00e3o para identifica\\u00e7\\u00e3o pessoal e profissional.\\\"\",\"sameAs\":[\"https:\/\/blog.dogtagclan.com.br\",\"https:\/\/www.facebook.com\/dogtagclan\",\"https:\/\/www.instagram.com\/dogtagclan\",\"https:\/\/twitter.com\/https:\/\/x.com\/Dogtagclanclan\",\"https:\/\/www.youtube.com\/dogtagclan\"]}]}<\/script>\n<!-- \/ Yoast SEO Premium plugin. -->","_links":{"self":[{"href":"https:\/\/dogtagclan.com.br\/blog\/wp-json\/wp\/v2\/posts\/4320"}],"collection":[{"href":"https:\/\/dogtagclan.com.br\/blog\/wp-json\/wp\/v2\/posts"}],"about":[{"href":"https:\/\/dogtagclan.com.br\/blog\/wp-json\/wp\/v2\/types\/post"}],"author":[{"embeddable":true,"href":"https:\/\/dogtagclan.com.br\/blog\/wp-json\/wp\/v2\/users\/1"}],"replies":[{"embeddable":true,"href":"https:\/\/dogtagclan.com.br\/blog\/wp-json\/wp\/v2\/comments?post=4320"}],"version-history":[{"count":0,"href":"https:\/\/dogtagclan.com.br\/blog\/wp-json\/wp\/v2\/posts\/4320\/revisions"}],"wp:featuredmedia":[{"embeddable":true,"href":"https:\/\/dogtagclan.com.br\/blog\/wp-json\/wp\/v2\/media\/4321"}],"wp:attachment":[{"href":"https:\/\/dogtagclan.com.br\/blog\/wp-json\/wp\/v2\/media?parent=4320"}],"wp:term":[{"taxonomy":"category","embeddable":true,"href":"https:\/\/dogtagclan.com.br\/blog\/wp-json\/wp\/v2\/categories?post=4320"},{"taxonomy":"post_tag","embeddable":true,"href":"https:\/\/dogtagclan.com.br\/blog\/wp-json\/wp\/v2\/tags?post=4320"}],"curies":[{"name":"wp","href":"https:\/\/api.w.org\/{rel}","templated":true}]}}