{"id":4309,"date":"2025-05-28T14:17:51","date_gmt":"2025-05-28T17:17:51","guid":{"rendered":"https:\/\/dogtagclan.com.br\/blog\/?p=4309"},"modified":"2025-05-28T14:17:52","modified_gmt":"2025-05-28T17:17:52","slug":"broche-de-identificacao-para-funcionario-nome-cargo-e-logo-da-empresa-gravados-com-qualidade-profissional","status":"publish","type":"post","link":"https:\/\/dogtagclan.com.br\/blog\/broche-de-identificacao-para-funcionario-nome-cargo-e-logo-da-empresa-gravados-com-qualidade-profissional\/","title":{"rendered":"Broche de Identifica\u00e7\u00e3o para Funcion\u00e1rio \u2013 Nome, Cargo e Logo da Empresa Gravados com Qualidade Profissional"},"content":{"rendered":"\n<p>Na rotina corporativa, identificar com clareza quem \u00e9 quem \u00e9 mais do que uma quest\u00e3o de organiza\u00e7\u00e3o: \u00e9 seguran\u00e7a, \u00e9 profissionalismo e \u00e9 representa\u00e7\u00e3o. E \u00e9 por isso que o <strong>Broche de Identifica\u00e7\u00e3o para Funcion\u00e1rios da DogTagClan<\/strong> \u00e9 a escolha ideal para empresas que valorizam sua equipe e sua imagem.<\/p>\n\n\n\n<figure class=\"wp-block-image size-full is-resized\"><img decoding=\"async\" width=\"500\" height=\"500\" src=\"https:\/\/dogtagclan.com.br\/blog\/wp-content\/uploads\/2025\/04\/kit-cracha.jpg\" alt=\"Kit 10 Broches Crach\u00e1 A\u00e7o Inox Personalizado com Alfinete N\u00edquel \u2013 Ideal para Churrascarias, Imobili\u00e1rias, A\u00e7ougues e Sal\u00f5es de Beleza. Enviamos para todo o Brasil.\" class=\"wp-image-4000\" style=\"width:385px;height:auto\" srcset=\"https:\/\/dogtagclan.com.br\/blog\/wp-content\/uploads\/2025\/04\/kit-cracha.jpg 500w, https:\/\/dogtagclan.com.br\/blog\/wp-content\/uploads\/2025\/04\/kit-cracha-300x300.jpg 300w, https:\/\/dogtagclan.com.br\/blog\/wp-content\/uploads\/2025\/04\/kit-cracha-150x150.jpg 150w, https:\/\/dogtagclan.com.br\/blog\/wp-content\/uploads\/2025\/04\/kit-cracha-96x96.jpg 96w\" sizes=\"(max-width: 500px) 100vw, 500px\" \/><figcaption class=\"wp-element-caption\">Broches personalizados com logo da empresa e nome do colaborador. Fixa\u00e7\u00e3o com alfinete, resistentes e ideais para uso profissional.\n\n<\/figcaption><\/figure>\n\n\n\n<hr class=\"wp-block-separator has-alpha-channel-opacity\"\/>\n\n\n\n<h3 class=\"wp-block-heading\" id=\"h-personaliza-o-completa-nome-cargo-e-logo\">\ud83d\udd39 Personaliza\u00e7\u00e3o Completa: Nome, Cargo e Logo<\/h3>\n\n\n\n<p>Voc\u00ea envia a logo da empresa, os nomes e os cargos dos funcion\u00e1rios, e a gente cuida do resto! Gravamos com alta qualidade em a\u00e7o inox, usando o processo de sublima\u00e7\u00e3o para garantir uma identifica\u00e7\u00e3o clara, n\u00edtida e duradoura.<\/p>\n\n\n\n<hr class=\"wp-block-separator has-alpha-channel-opacity\"\/>\n\n\n\n<h3 class=\"wp-block-heading\" id=\"h-visual-profissional-e-elegante\">\ud83d\udc41\ufe0f Visual Profissional e Elegante<\/h3>\n\n\n\n<p>O crach\u00e1 broche \u00e9 feito em <strong>chapa de a\u00e7o inox 6cm x 2,5cm<\/strong>, resistente e com acabamento moderno. Dispon\u00edvel com dois tipos de fixa\u00e7\u00e3o:<\/p>\n\n\n\n<ul>\n<li>\ud83e\udeac <strong>Alfinete tradicional<\/strong><\/li>\n\n\n\n<li>\ud83d\udd0b <strong>\u00cdm\u00e3 de alta ades\u00e3o<\/strong>, ideal para uniformes delicados<\/li>\n<\/ul>\n\n\n\n<figure class=\"wp-block-image size-full\"><img decoding=\"async\" width=\"500\" height=\"500\" src=\"https:\/\/dogtagclan.com.br\/blog\/wp-content\/uploads\/2025\/03\/cx-escolhe.jpg\" alt=\"cx escolhe\" class=\"wp-image-3173\" srcset=\"https:\/\/dogtagclan.com.br\/blog\/wp-content\/uploads\/2025\/03\/cx-escolhe.jpg 500w, https:\/\/dogtagclan.com.br\/blog\/wp-content\/uploads\/2025\/03\/cx-escolhe-300x300.jpg 300w, https:\/\/dogtagclan.com.br\/blog\/wp-content\/uploads\/2025\/03\/cx-escolhe-150x150.jpg 150w, https:\/\/dogtagclan.com.br\/blog\/wp-content\/uploads\/2025\/03\/cx-escolhe-96x96.jpg 96w\" sizes=\"(max-width: 500px) 100vw, 500px\" \/><\/figure>\n\n\n\n<hr class=\"wp-block-separator has-alpha-channel-opacity\"\/>\n\n\n\n<h3 class=\"wp-block-heading\" id=\"h-ideal-para-todos-os-setores\">\ud83c\udf10 Ideal para Todos os Setores:<\/h3>\n\n\n\n<ul>\n<li>Empresas privadas<\/li>\n\n\n\n<li>Escrit\u00f3rios corporativos<\/li>\n\n\n\n<li>Eventos e feiras de neg\u00f3cios<\/li>\n\n\n\n<li>Lojas e com\u00e9rcios<\/li>\n\n\n\n<li>Recepcionistas, seguran\u00e7as, gerentes e equipes de vendas<\/li>\n<\/ul>\n\n\n\n<hr class=\"wp-block-separator has-alpha-channel-opacity\"\/>\n\n\n\n<h3 class=\"wp-block-heading\" id=\"h-kits-com-10-ou-mais-unidades\">\ud83d\udcc5 Kits com 10 ou Mais Unidades<\/h3>\n\n\n\n<p>Produzimos kits personalizados a partir de <strong>10 unidades<\/strong>, perfeitos para uniformizar toda a equipe com qualidade e rapidez.<\/p>\n\n\n\n<hr class=\"wp-block-separator has-alpha-channel-opacity\"\/>\n\n\n\n<h3 class=\"wp-block-heading\" id=\"h-6-entregamos-para-todo-o-brasil\">\ud83d\udece6 Entregamos para Todo o Brasil<\/h3>\n\n\n\n<p>Pe\u00e7a online com seguran\u00e7a e praticidade:<\/p>\n\n\n\n<p>\ud83d\udccd Link oficial para compra: <a href=\"https:\/\/dogtagclan.com.br\/departamento\/adicionais\/cracha-broche\">https:\/\/dogtagclan.com.br\/departamento\/adicionais\/cracha-broche<\/a><\/p>\n\n\n\n<p>\ud83d\udcde WhatsApp direto: <a href=\"https:\/\/wa.me\/554174001990\" target=\"_blank\" rel=\"noopener\">https:\/\/wa.me\/554174001990<\/a><\/p>\n\n\n\n<hr class=\"wp-block-separator has-alpha-channel-opacity\"\/>\n\n\n\n<h3 class=\"wp-block-heading\" id=\"h-faq-d-vidas-frequentes\">\u2753 FAQ: D\u00favidas Frequentes<\/h3>\n\n\n\n<p><strong>\u2709\ufe0f Posso pedir uma unidade individual?<\/strong><br>Trabalhamos com pedidos a partir de 10 unidades para garantir pre\u00e7o justo e produ\u00e7\u00e3o otimizada.<\/p>\n\n\n\n<p><strong>\u2709\ufe0f Voc\u00eas imprimem o logo da minha empresa?<\/strong><br>Sim! Basta enviar a arte em alta qualidade no momento do pedido.<\/p>\n\n\n\n<p><strong>\u2709\ufe0f A fixa\u00e7\u00e3o com \u00edm\u00e3 segura bem?<\/strong><br>Sim, usamos im\u00e3s de alta ades\u00e3o que fixam com firmeza e n\u00e3o danificam o uniforme.<\/p>\n\n\n\n<p><strong>\u2709\ufe0f Em quanto tempo recebo?<\/strong><br>O prazo de produ\u00e7\u00e3o \u00e9 de 3 dias \u00fateis + envio via transportadora ou Correios.<\/p>\n\n\n\n<hr class=\"wp-block-separator has-alpha-channel-opacity\"\/>\n\n\n\n<h3 class=\"wp-block-heading\" id=\"h-conclus-o\">\ud83d\ude80 Conclus\u00e3o<\/h3>\n\n\n\n<p>Se sua empresa busca mais do que um crach\u00e1 comum, o <strong>Broche de Identifica\u00e7\u00e3o da DogTagClan<\/strong> \u00e9 a solu\u00e7\u00e3o ideal: dur\u00e1vel, elegante, com sua identidade visual gravada no a\u00e7o.<\/p>\n\n\n\n<p>Garanta j\u00e1 o seu kit e transforme a apresenta\u00e7\u00e3o da sua equipe.<\/p>\n\n\n\n<p>\ud83d\udc49 Acesse: <a href=\"https:\/\/dogtagclan.com.br\/departamento\/adicionais\/cracha-broche\">https:\/\/dogtagclan.com.br\/departamento\/adicionais\/cracha-broche<\/a> \ud83d\udc49 WhatsApp: <a href=\"https:\/\/wa.me\/554174001990\" target=\"_blank\" rel=\"noopener\">https:\/\/wa.me\/554174001990<\/a><\/p>\n","protected":false},"excerpt":{"rendered":"<p>Na rotina corporativa, identificar com clareza quem \u00e9 quem \u00e9 mais do que uma quest\u00e3o de organiza\u00e7\u00e3o: \u00e9 seguran\u00e7a, \u00e9<\/p>\n","protected":false},"author":1,"featured_media":3294,"comment_status":"open","ping_status":"open","sticky":false,"template":"","format":"standard","meta":{"footnotes":""},"categories":[557,554],"tags":[],"yoast_head":"<!-- This site is optimized with the Yoast SEO Premium plugin v15.5 - https:\/\/yoast.com\/wordpress\/plugins\/seo\/ -->\n<title>Broche de Identifica\u00e7\u00e3o para Funcion\u00e1rio \u2013 Nome, Cargo e Logo da Empresa Gravados com Qualidade Profissional | DogTagClan Blog<\/title>\n<meta name=\"description\" content=\"Na rotina corporativa, identificar com clareza quem \u00e9 quem \u00e9 mais do que uma quest\u00e3o de organiza\u00e7\u00e3o: \u00e9 seguran\u00e7a, \u00e9 profissionalismo e \u00e9 representa\u00e7\u00e3o. E \u00e9 por\" \/>\n<meta name=\"robots\" content=\"index, follow, max-snippet:-1, max-image-preview:large, max-video-preview:-1\" \/>\n<link rel=\"canonical\" href=\"https:\/\/dogtagclan.com.br\/blog\/broche-de-identificacao-para-funcionario-nome-cargo-e-logo-da-empresa-gravados-com-qualidade-profissional\/\" \/>\n<meta property=\"og:locale\" content=\"pt_BR\" \/>\n<meta property=\"og:type\" content=\"article\" \/>\n<meta property=\"og:title\" content=\"Broche de Identifica\u00e7\u00e3o para Funcion\u00e1rio \u2013 Nome, Cargo e Logo da Empresa Gravados com Qualidade Profissional | DogTagClan Blog\" \/>\n<meta property=\"og:description\" content=\"Na rotina corporativa, identificar com clareza quem \u00e9 quem \u00e9 mais do que uma quest\u00e3o de organiza\u00e7\u00e3o: \u00e9 seguran\u00e7a, \u00e9 profissionalismo e \u00e9 representa\u00e7\u00e3o. E \u00e9 por\" \/>\n<meta property=\"og:url\" content=\"https:\/\/dogtagclan.com.br\/blog\/broche-de-identificacao-para-funcionario-nome-cargo-e-logo-da-empresa-gravados-com-qualidade-profissional\/\" \/>\n<meta property=\"og:site_name\" content=\"DogTagClan Blog\" \/>\n<meta property=\"article:publisher\" content=\"https:\/\/www.facebook.com\/dogtagclan\" \/>\n<meta property=\"article:author\" content=\"https:\/\/www.facebook.com\/dogtagclan\" \/>\n<meta property=\"article:published_time\" content=\"2025-05-28T17:17:51+00:00\" \/>\n<meta property=\"article:modified_time\" content=\"2025-05-28T17:17:52+00:00\" \/>\n<meta property=\"og:image\" content=\"https:\/\/dogtagclan.com.br\/blog\/wp-content\/uploads\/2025\/03\/03-Titulo-1-1.jpg\" \/>\n\t<meta property=\"og:image:width\" content=\"500\" \/>\n\t<meta property=\"og:image:height\" content=\"500\" \/>\n<meta name=\"twitter:card\" content=\"summary_large_image\" \/>\n<meta name=\"twitter:creator\" content=\"@https:\/\/x.com\/Dogtagclanclan\" \/>\n<meta name=\"twitter:label1\" content=\"Est. tempo de leitura\">\n\t<meta name=\"twitter:data1\" content=\"2 minutos\">\n<script type=\"application\/ld+json\" class=\"yoast-schema-graph\">{\"@context\":\"https:\/\/schema.org\",\"@graph\":[{\"@type\":\"Organization\",\"@id\":\"https:\/\/dogtagclan.com.br\/blog\/#organization\",\"name\":\"DogTagClan | Dog Tags, Crach\\u00e1s e Acess\\u00f3rios Personalizados\",\"url\":\"https:\/\/dogtagclan.com.br\/blog\/\",\"sameAs\":[\"https:\/\/www.facebook.com\/dogtagclan\"],\"logo\":{\"@type\":\"ImageObject\",\"@id\":\"https:\/\/dogtagclan.com.br\/blog\/#logo\",\"inLanguage\":\"pt-BR\",\"url\":\"https:\/\/dogtagclan.com.br\/blog\/wp-content\/uploads\/2023\/02\/cropped-doftagclan-logo.png\",\"width\":250,\"height\":140,\"caption\":\"DogTagClan | Dog Tags, Crach\\u00e1s e Acess\\u00f3rios Personalizados\"},\"image\":{\"@id\":\"https:\/\/dogtagclan.com.br\/blog\/#logo\"}},{\"@type\":\"WebSite\",\"@id\":\"https:\/\/dogtagclan.com.br\/blog\/#website\",\"url\":\"https:\/\/dogtagclan.com.br\/blog\/\",\"name\":\"DogTagClan Blog\",\"description\":\"A gente faz, do seu Jeito\",\"publisher\":{\"@id\":\"https:\/\/dogtagclan.com.br\/blog\/#organization\"},\"potentialAction\":[{\"@type\":\"SearchAction\",\"target\":\"https:\/\/dogtagclan.com.br\/blog\/?s={search_term_string}\",\"query-input\":\"required name=search_term_string\"}],\"inLanguage\":\"pt-BR\"},{\"@type\":\"ImageObject\",\"@id\":\"https:\/\/dogtagclan.com.br\/blog\/broche-de-identificacao-para-funcionario-nome-cargo-e-logo-da-empresa-gravados-com-qualidade-profissional\/#primaryimage\",\"inLanguage\":\"pt-BR\",\"url\":\"https:\/\/dogtagclan.com.br\/blog\/wp-content\/uploads\/2025\/03\/03-Titulo-1-1.jpg\",\"width\":500,\"height\":500,\"caption\":\"Broches personalizados em a\\u00e7o inox com fixa\\u00e7\\u00e3o por \\u00edm\\u00e3 ou alfinete, ideais para uso profissional. Enviamos para todo o Brasil.\"},{\"@type\":\"WebPage\",\"@id\":\"https:\/\/dogtagclan.com.br\/blog\/broche-de-identificacao-para-funcionario-nome-cargo-e-logo-da-empresa-gravados-com-qualidade-profissional\/#webpage\",\"url\":\"https:\/\/dogtagclan.com.br\/blog\/broche-de-identificacao-para-funcionario-nome-cargo-e-logo-da-empresa-gravados-com-qualidade-profissional\/\",\"name\":\"Broche de Identifica\\u00e7\\u00e3o para Funcion\\u00e1rio \\u2013 Nome, Cargo e Logo da Empresa Gravados com Qualidade Profissional | DogTagClan Blog\",\"isPartOf\":{\"@id\":\"https:\/\/dogtagclan.com.br\/blog\/#website\"},\"primaryImageOfPage\":{\"@id\":\"https:\/\/dogtagclan.com.br\/blog\/broche-de-identificacao-para-funcionario-nome-cargo-e-logo-da-empresa-gravados-com-qualidade-profissional\/#primaryimage\"},\"datePublished\":\"2025-05-28T17:17:51+00:00\",\"dateModified\":\"2025-05-28T17:17:52+00:00\",\"description\":\"Na rotina corporativa, identificar com clareza quem \\u00e9 quem \\u00e9 mais do que uma quest\\u00e3o de organiza\\u00e7\\u00e3o: \\u00e9 seguran\\u00e7a, \\u00e9 profissionalismo e \\u00e9 representa\\u00e7\\u00e3o. E \\u00e9 por\",\"inLanguage\":\"pt-BR\",\"potentialAction\":[{\"@type\":\"ReadAction\",\"target\":[\"https:\/\/dogtagclan.com.br\/blog\/broche-de-identificacao-para-funcionario-nome-cargo-e-logo-da-empresa-gravados-com-qualidade-profissional\/\"]}]},{\"@type\":\"Article\",\"@id\":\"https:\/\/dogtagclan.com.br\/blog\/broche-de-identificacao-para-funcionario-nome-cargo-e-logo-da-empresa-gravados-com-qualidade-profissional\/#article\",\"isPartOf\":{\"@id\":\"https:\/\/dogtagclan.com.br\/blog\/broche-de-identificacao-para-funcionario-nome-cargo-e-logo-da-empresa-gravados-com-qualidade-profissional\/#webpage\"},\"author\":{\"@id\":\"https:\/\/dogtagclan.com.br\/blog\/#\/schema\/person\/b7279d930f15e2a85c89cd3b2f1d8df5\"},\"headline\":\"Broche de Identifica\\u00e7\\u00e3o para Funcion\\u00e1rio \\u2013 Nome, Cargo e Logo da Empresa Gravados com Qualidade Profissional\",\"datePublished\":\"2025-05-28T17:17:51+00:00\",\"dateModified\":\"2025-05-28T17:17:52+00:00\",\"mainEntityOfPage\":{\"@id\":\"https:\/\/dogtagclan.com.br\/blog\/broche-de-identificacao-para-funcionario-nome-cargo-e-logo-da-empresa-gravados-com-qualidade-profissional\/#webpage\"},\"commentCount\":0,\"publisher\":{\"@id\":\"https:\/\/dogtagclan.com.br\/blog\/#organization\"},\"image\":{\"@id\":\"https:\/\/dogtagclan.com.br\/blog\/broche-de-identificacao-para-funcionario-nome-cargo-e-logo-da-empresa-gravados-com-qualidade-profissional\/#primaryimage\"},\"articleSection\":\"Crach\\u00e1 de Identifica\\u00e7\\u00e3o,Crachas e broches personalizados\",\"inLanguage\":\"pt-BR\",\"potentialAction\":[{\"@type\":\"CommentAction\",\"name\":\"Comment\",\"target\":[\"https:\/\/dogtagclan.com.br\/blog\/broche-de-identificacao-para-funcionario-nome-cargo-e-logo-da-empresa-gravados-com-qualidade-profissional\/#respond\"]}]},{\"@type\":\"Person\",\"@id\":\"https:\/\/dogtagclan.com.br\/blog\/#\/schema\/person\/b7279d930f15e2a85c89cd3b2f1d8df5\",\"name\":\"dogtagclan\",\"description\":\"\\\"A DogTagClan \\u00e9 especializada na fabrica\\u00e7\\u00e3o e personaliza\\u00e7\\u00e3o de Dog Tags, crach\\u00e1s e acess\\u00f3rios. Produzimos pe\\u00e7as em a\\u00e7o inoxid\\u00e1vel com grava\\u00e7\\u00f5es de alta precis\\u00e3o para identifica\\u00e7\\u00e3o pessoal e profissional.\\\"\",\"sameAs\":[\"https:\/\/blog.dogtagclan.com.br\",\"https:\/\/www.facebook.com\/dogtagclan\",\"https:\/\/www.instagram.com\/dogtagclan\",\"https:\/\/twitter.com\/https:\/\/x.com\/Dogtagclanclan\",\"https:\/\/www.youtube.com\/dogtagclan\"]}]}<\/script>\n<!-- \/ Yoast SEO Premium plugin. -->","_links":{"self":[{"href":"https:\/\/dogtagclan.com.br\/blog\/wp-json\/wp\/v2\/posts\/4309"}],"collection":[{"href":"https:\/\/dogtagclan.com.br\/blog\/wp-json\/wp\/v2\/posts"}],"about":[{"href":"https:\/\/dogtagclan.com.br\/blog\/wp-json\/wp\/v2\/types\/post"}],"author":[{"embeddable":true,"href":"https:\/\/dogtagclan.com.br\/blog\/wp-json\/wp\/v2\/users\/1"}],"replies":[{"embeddable":true,"href":"https:\/\/dogtagclan.com.br\/blog\/wp-json\/wp\/v2\/comments?post=4309"}],"version-history":[{"count":0,"href":"https:\/\/dogtagclan.com.br\/blog\/wp-json\/wp\/v2\/posts\/4309\/revisions"}],"wp:featuredmedia":[{"embeddable":true,"href":"https:\/\/dogtagclan.com.br\/blog\/wp-json\/wp\/v2\/media\/3294"}],"wp:attachment":[{"href":"https:\/\/dogtagclan.com.br\/blog\/wp-json\/wp\/v2\/media?parent=4309"}],"wp:term":[{"taxonomy":"category","embeddable":true,"href":"https:\/\/dogtagclan.com.br\/blog\/wp-json\/wp\/v2\/categories?post=4309"},{"taxonomy":"post_tag","embeddable":true,"href":"https:\/\/dogtagclan.com.br\/blog\/wp-json\/wp\/v2\/tags?post=4309"}],"curies":[{"name":"wp","href":"https:\/\/api.w.org\/{rel}","templated":true}]}}