{"id":4306,"date":"2025-05-27T15:38:05","date_gmt":"2025-05-27T18:38:05","guid":{"rendered":"https:\/\/dogtagclan.com.br\/blog\/?p=4306"},"modified":"2025-05-27T15:38:05","modified_gmt":"2025-05-27T18:38:05","slug":"dog-tag-com-foto-de-quem-partiu-homenagem-eterna-gravada-no-aco-inox","status":"publish","type":"post","link":"https:\/\/dogtagclan.com.br\/blog\/dog-tag-com-foto-de-quem-partiu-homenagem-eterna-gravada-no-aco-inox\/","title":{"rendered":"Dog Tag com Foto de Quem Partiu \u2013 Homenagem Eterna Gravada no A\u00e7o Inox"},"content":{"rendered":"\n<p>Carregar no peito a mem\u00f3ria de quem partiu \u00e9 uma forma de manter viva a presen\u00e7a de quem amamos. Pensando nisso, a DogTagClan oferece a <strong>Dog Tag com foto e frase personalizada<\/strong>, feita sob medida para homenagear aquela pessoa inesquec\u00edvel.<\/p>\n\n\n\n<p>Gravada em <strong>a\u00e7o inox<\/strong>, com op\u00e7\u00f5es de grava\u00e7\u00e3o frente e verso, corrente resistente e op\u00e7\u00f5es como <strong>silenciador, black piano, dourada e lat\u00e3o<\/strong>, essa \u00e9 uma lembran\u00e7a eterna que atravessa o tempo com significado.<\/p>\n\n\n\n<h3 class=\"wp-block-heading\" id=\"h-para-quem-partiu-mas-ficou-no-cora-o\">\ud83d\udc94 Para Quem Partiu, Mas Ficou no Cora\u00e7\u00e3o<\/h3>\n\n\n\n<figure class=\"wp-block-image size-large is-resized\"><a href=\"https:\/\/dogtagclan.com.br\/produto\/dog-tag-namorados\"><img decoding=\"async\" width=\"768\" height=\"1024\" src=\"https:\/\/dogtagclan.com.br\/blog\/wp-content\/uploads\/2025\/05\/namorado11ssd-768x1024.jpg\" alt=\"\" class=\"wp-image-4262\" style=\"width:523px;height:auto\" srcset=\"https:\/\/dogtagclan.com.br\/blog\/wp-content\/uploads\/2025\/05\/namorado11ssd-768x1024.jpg 768w, https:\/\/dogtagclan.com.br\/blog\/wp-content\/uploads\/2025\/05\/namorado11ssd-225x300.jpg 225w, https:\/\/dogtagclan.com.br\/blog\/wp-content\/uploads\/2025\/05\/namorado11ssd-640x853.jpg 640w, https:\/\/dogtagclan.com.br\/blog\/wp-content\/uploads\/2025\/05\/namorado11ssd-150x200.jpg 150w, https:\/\/dogtagclan.com.br\/blog\/wp-content\/uploads\/2025\/05\/namorado11ssd.jpg 960w\" sizes=\"(max-width: 768px) 100vw, 768px\" \/><\/a><\/figure>\n\n\n\n<p>Ideal para:<\/p>\n\n\n\n<ul>\n<li>Homenagear pais, m\u00e3es, av\u00f4s e av\u00f3s falecidos.<\/li>\n\n\n\n<li>Guardar a imagem de filhos, irm\u00e3os ou amigos que marcaram sua vida.<\/li>\n\n\n\n<li>Ter por perto aquela pessoa que partiu mas permanece presente todos os dias.<\/li>\n<\/ul>\n\n\n\n<h3 class=\"wp-block-heading\" id=\"h-o-que-gravar-na-dog-tag-de-homenagem\">\ud83c\udfa8 O Que Gravar na Dog Tag de Homenagem?<\/h3>\n\n\n\n<p>Aqui v\u00e3o algumas sugest\u00f5es emocionantes para personalizar a sua:<\/p>\n\n\n\n<p><strong>Frases:<\/strong><\/p>\n\n\n\n<ul>\n<li>&#8220;Saudade \u00e9 o amor que fica.&#8221;<\/li>\n\n\n\n<li>&#8220;Te carrego no peito, pra sempre.&#8221;<\/li>\n\n\n\n<li>&#8220;Voc\u00ea partiu, mas vive em mim.&#8221;<\/li>\n\n\n\n<li>&#8220;Eternamente em meu cora\u00e7\u00e3o.&#8221;<\/li>\n\n\n\n<li>&#8220;Meu anjo da guarda.&#8221;<\/li>\n\n\n\n<li>&#8220;Te amarei at\u00e9 o fim dos meus dias.&#8221;<\/li>\n<\/ul>\n\n\n\n<p><strong>Exemplo de grava\u00e7\u00e3o completa:<\/strong><\/p>\n\n\n\n<pre class=\"wp-block-code\"><code>M\u00c3E AMADA\nMARIA DOS SANTOS\n*1954  +2023\nSAUDADE \u00c9 O AMOR QUE FICA<\/code><\/pre>\n\n\n\n<p><strong>Foto gravada:<\/strong> Voc\u00ea pode enviar uma imagem da pessoa homenageada. A DogTagClan grava com alta precis\u00e3o para eternizar a express\u00e3o, o sorriso ou o momento especial.<\/p>\n\n\n\n<h3 class=\"wp-block-heading\" id=\"h-entrega-para-todo-o-brasil\">\ud83c\udfe6 Entrega para Todo o Brasil<\/h3>\n\n\n\n<p>Seu pedido ser\u00e1 produzido com carinho e enviado com seguran\u00e7a para qualquer lugar do pa\u00eds.<\/p>\n\n\n\n<p>\u2709\ufe0f <strong>Compre agora<\/strong> pela loja oficial: <a>https:\/\/dogtagclan.com.br\/produto\/dog-tag-para-namorados-personalizada-com-nome-frase-ou-foto<\/a><\/p>\n\n\n\n<p>\ud83d\udce1 Atendimento r\u00e1pido via WhatsApp: <a>https:\/\/wa.me\/554174001990<\/a><\/p>\n\n\n\n<hr class=\"wp-block-separator has-alpha-channel-opacity\"\/>\n","protected":false},"excerpt":{"rendered":"<p>Carregar no peito a mem\u00f3ria de quem partiu \u00e9 uma forma de manter viva a presen\u00e7a de quem amamos. Pensando<\/p>\n","protected":false},"author":1,"featured_media":4307,"comment_status":"open","ping_status":"open","sticky":false,"template":"","format":"standard","meta":{"footnotes":""},"categories":[11,17],"tags":[],"yoast_head":"<!-- This site is optimized with the Yoast SEO Premium plugin v15.5 - https:\/\/yoast.com\/wordpress\/plugins\/seo\/ -->\n<title>Dog Tag com Foto de Quem Partiu \u2013 Homenagem Eterna Gravada no A\u00e7o Inox | DogTagClan Blog<\/title>\n<meta name=\"description\" content=\"Carregar no peito a mem\u00f3ria de quem partiu \u00e9 uma forma de manter viva a presen\u00e7a de quem amamos. Pensando nisso, a DogTagClan oferece a Dog Tag com\" \/>\n<meta name=\"robots\" content=\"index, follow, max-snippet:-1, max-image-preview:large, max-video-preview:-1\" \/>\n<link rel=\"canonical\" href=\"https:\/\/dogtagclan.com.br\/blog\/dog-tag-com-foto-de-quem-partiu-homenagem-eterna-gravada-no-aco-inox\/\" \/>\n<meta property=\"og:locale\" content=\"pt_BR\" \/>\n<meta property=\"og:type\" content=\"article\" \/>\n<meta property=\"og:title\" content=\"Dog Tag com Foto de Quem Partiu \u2013 Homenagem Eterna Gravada no A\u00e7o Inox | DogTagClan Blog\" \/>\n<meta property=\"og:description\" content=\"Carregar no peito a mem\u00f3ria de quem partiu \u00e9 uma forma de manter viva a presen\u00e7a de quem amamos. Pensando nisso, a DogTagClan oferece a Dog Tag com\" \/>\n<meta property=\"og:url\" content=\"https:\/\/dogtagclan.com.br\/blog\/dog-tag-com-foto-de-quem-partiu-homenagem-eterna-gravada-no-aco-inox\/\" \/>\n<meta property=\"og:site_name\" content=\"DogTagClan Blog\" \/>\n<meta property=\"article:publisher\" content=\"https:\/\/www.facebook.com\/dogtagclan\" \/>\n<meta property=\"article:author\" content=\"https:\/\/www.facebook.com\/dogtagclan\" \/>\n<meta property=\"article:published_time\" content=\"2025-05-27T18:38:05+00:00\" \/>\n<meta property=\"og:image\" content=\"https:\/\/dogtagclan.com.br\/blog\/wp-content\/uploads\/2025\/05\/09afe84e-1733-4622-9740-26dd27a91c55.png\" \/>\n\t<meta property=\"og:image:width\" content=\"1024\" \/>\n\t<meta property=\"og:image:height\" content=\"1024\" \/>\n<meta name=\"twitter:card\" content=\"summary_large_image\" \/>\n<meta name=\"twitter:creator\" content=\"@https:\/\/x.com\/Dogtagclanclan\" \/>\n<meta name=\"twitter:label1\" content=\"Est. tempo de leitura\">\n\t<meta name=\"twitter:data1\" content=\"1 minuto\">\n<script type=\"application\/ld+json\" class=\"yoast-schema-graph\">{\"@context\":\"https:\/\/schema.org\",\"@graph\":[{\"@type\":\"Organization\",\"@id\":\"https:\/\/dogtagclan.com.br\/blog\/#organization\",\"name\":\"DogTagClan | Dog Tags, Crach\\u00e1s e Acess\\u00f3rios Personalizados\",\"url\":\"https:\/\/dogtagclan.com.br\/blog\/\",\"sameAs\":[\"https:\/\/www.facebook.com\/dogtagclan\"],\"logo\":{\"@type\":\"ImageObject\",\"@id\":\"https:\/\/dogtagclan.com.br\/blog\/#logo\",\"inLanguage\":\"pt-BR\",\"url\":\"https:\/\/dogtagclan.com.br\/blog\/wp-content\/uploads\/2023\/02\/cropped-doftagclan-logo.png\",\"width\":250,\"height\":140,\"caption\":\"DogTagClan | Dog Tags, Crach\\u00e1s e Acess\\u00f3rios Personalizados\"},\"image\":{\"@id\":\"https:\/\/dogtagclan.com.br\/blog\/#logo\"}},{\"@type\":\"WebSite\",\"@id\":\"https:\/\/dogtagclan.com.br\/blog\/#website\",\"url\":\"https:\/\/dogtagclan.com.br\/blog\/\",\"name\":\"DogTagClan Blog\",\"description\":\"A gente faz, do seu Jeito\",\"publisher\":{\"@id\":\"https:\/\/dogtagclan.com.br\/blog\/#organization\"},\"potentialAction\":[{\"@type\":\"SearchAction\",\"target\":\"https:\/\/dogtagclan.com.br\/blog\/?s={search_term_string}\",\"query-input\":\"required name=search_term_string\"}],\"inLanguage\":\"pt-BR\"},{\"@type\":\"ImageObject\",\"@id\":\"https:\/\/dogtagclan.com.br\/blog\/dog-tag-com-foto-de-quem-partiu-homenagem-eterna-gravada-no-aco-inox\/#primaryimage\",\"inLanguage\":\"pt-BR\",\"url\":\"https:\/\/dogtagclan.com.br\/blog\/wp-content\/uploads\/2025\/05\/09afe84e-1733-4622-9740-26dd27a91c55.png\",\"width\":1024,\"height\":1024,\"caption\":\"Presente de saudade: dog tag personalizada com foto e frase para homenagear quem j\\u00e1 partiu. Produto exclusivo da DogTagClan.\"},{\"@type\":\"WebPage\",\"@id\":\"https:\/\/dogtagclan.com.br\/blog\/dog-tag-com-foto-de-quem-partiu-homenagem-eterna-gravada-no-aco-inox\/#webpage\",\"url\":\"https:\/\/dogtagclan.com.br\/blog\/dog-tag-com-foto-de-quem-partiu-homenagem-eterna-gravada-no-aco-inox\/\",\"name\":\"Dog Tag com Foto de Quem Partiu \\u2013 Homenagem Eterna Gravada no A\\u00e7o Inox | DogTagClan Blog\",\"isPartOf\":{\"@id\":\"https:\/\/dogtagclan.com.br\/blog\/#website\"},\"primaryImageOfPage\":{\"@id\":\"https:\/\/dogtagclan.com.br\/blog\/dog-tag-com-foto-de-quem-partiu-homenagem-eterna-gravada-no-aco-inox\/#primaryimage\"},\"datePublished\":\"2025-05-27T18:38:05+00:00\",\"dateModified\":\"2025-05-27T18:38:05+00:00\",\"description\":\"Carregar no peito a mem\\u00f3ria de quem partiu \\u00e9 uma forma de manter viva a presen\\u00e7a de quem amamos. Pensando nisso, a DogTagClan oferece a Dog Tag com\",\"inLanguage\":\"pt-BR\",\"potentialAction\":[{\"@type\":\"ReadAction\",\"target\":[\"https:\/\/dogtagclan.com.br\/blog\/dog-tag-com-foto-de-quem-partiu-homenagem-eterna-gravada-no-aco-inox\/\"]}]},{\"@type\":\"Article\",\"@id\":\"https:\/\/dogtagclan.com.br\/blog\/dog-tag-com-foto-de-quem-partiu-homenagem-eterna-gravada-no-aco-inox\/#article\",\"isPartOf\":{\"@id\":\"https:\/\/dogtagclan.com.br\/blog\/dog-tag-com-foto-de-quem-partiu-homenagem-eterna-gravada-no-aco-inox\/#webpage\"},\"author\":{\"@id\":\"https:\/\/dogtagclan.com.br\/blog\/#\/schema\/person\/b7279d930f15e2a85c89cd3b2f1d8df5\"},\"headline\":\"Dog Tag com Foto de Quem Partiu \\u2013 Homenagem Eterna Gravada no A\\u00e7o Inox\",\"datePublished\":\"2025-05-27T18:38:05+00:00\",\"dateModified\":\"2025-05-27T18:38:05+00:00\",\"mainEntityOfPage\":{\"@id\":\"https:\/\/dogtagclan.com.br\/blog\/dog-tag-com-foto-de-quem-partiu-homenagem-eterna-gravada-no-aco-inox\/#webpage\"},\"commentCount\":0,\"publisher\":{\"@id\":\"https:\/\/dogtagclan.com.br\/blog\/#organization\"},\"image\":{\"@id\":\"https:\/\/dogtagclan.com.br\/blog\/dog-tag-com-foto-de-quem-partiu-homenagem-eterna-gravada-no-aco-inox\/#primaryimage\"},\"articleSection\":\"Dog tags,Dog Tags Personalizadas\",\"inLanguage\":\"pt-BR\",\"potentialAction\":[{\"@type\":\"CommentAction\",\"name\":\"Comment\",\"target\":[\"https:\/\/dogtagclan.com.br\/blog\/dog-tag-com-foto-de-quem-partiu-homenagem-eterna-gravada-no-aco-inox\/#respond\"]}]},{\"@type\":\"Person\",\"@id\":\"https:\/\/dogtagclan.com.br\/blog\/#\/schema\/person\/b7279d930f15e2a85c89cd3b2f1d8df5\",\"name\":\"dogtagclan\",\"description\":\"\\\"A DogTagClan \\u00e9 especializada na fabrica\\u00e7\\u00e3o e personaliza\\u00e7\\u00e3o de Dog Tags, crach\\u00e1s e acess\\u00f3rios. Produzimos pe\\u00e7as em a\\u00e7o inoxid\\u00e1vel com grava\\u00e7\\u00f5es de alta precis\\u00e3o para identifica\\u00e7\\u00e3o pessoal e profissional.\\\"\",\"sameAs\":[\"https:\/\/blog.dogtagclan.com.br\",\"https:\/\/www.facebook.com\/dogtagclan\",\"https:\/\/www.instagram.com\/dogtagclan\",\"https:\/\/twitter.com\/https:\/\/x.com\/Dogtagclanclan\",\"https:\/\/www.youtube.com\/dogtagclan\"]}]}<\/script>\n<!-- \/ Yoast SEO Premium plugin. -->","_links":{"self":[{"href":"https:\/\/dogtagclan.com.br\/blog\/wp-json\/wp\/v2\/posts\/4306"}],"collection":[{"href":"https:\/\/dogtagclan.com.br\/blog\/wp-json\/wp\/v2\/posts"}],"about":[{"href":"https:\/\/dogtagclan.com.br\/blog\/wp-json\/wp\/v2\/types\/post"}],"author":[{"embeddable":true,"href":"https:\/\/dogtagclan.com.br\/blog\/wp-json\/wp\/v2\/users\/1"}],"replies":[{"embeddable":true,"href":"https:\/\/dogtagclan.com.br\/blog\/wp-json\/wp\/v2\/comments?post=4306"}],"version-history":[{"count":0,"href":"https:\/\/dogtagclan.com.br\/blog\/wp-json\/wp\/v2\/posts\/4306\/revisions"}],"wp:featuredmedia":[{"embeddable":true,"href":"https:\/\/dogtagclan.com.br\/blog\/wp-json\/wp\/v2\/media\/4307"}],"wp:attachment":[{"href":"https:\/\/dogtagclan.com.br\/blog\/wp-json\/wp\/v2\/media?parent=4306"}],"wp:term":[{"taxonomy":"category","embeddable":true,"href":"https:\/\/dogtagclan.com.br\/blog\/wp-json\/wp\/v2\/categories?post=4306"},{"taxonomy":"post_tag","embeddable":true,"href":"https:\/\/dogtagclan.com.br\/blog\/wp-json\/wp\/v2\/tags?post=4306"}],"curies":[{"name":"wp","href":"https:\/\/api.w.org\/{rel}","templated":true}]}}