{"id":4249,"date":"2025-05-21T08:14:44","date_gmt":"2025-05-21T11:14:44","guid":{"rendered":"https:\/\/dogtagclan.com.br\/blog\/?p=4249"},"modified":"2025-05-21T08:14:45","modified_gmt":"2025-05-21T11:14:45","slug":"colar-militar-personalizado-gravacao-com-nome-fe-e-proposito-em-aco-inox","status":"publish","type":"post","link":"https:\/\/dogtagclan.com.br\/blog\/colar-militar-personalizado-gravacao-com-nome-fe-e-proposito-em-aco-inox\/","title":{"rendered":"Colar Militar Personalizado: Grava\u00e7\u00e3o com Nome, F\u00e9 e Prop\u00f3sito em A\u00e7o Inox"},"content":{"rendered":"\n<p>Se voc\u00ea chegou at\u00e9 aqui procurando um <strong>colar militar personalizado<\/strong>, est\u00e1 no lugar certo. Esse acess\u00f3rio vai al\u00e9m do estilo: ele carrega identidade, emo\u00e7\u00e3o e prop\u00f3sito. Seja para uso pr\u00f3prio, presente para algu\u00e9m especial ou uma homenagem militar, um colar com grava\u00e7\u00e3o personalizada \u00e9 uma forma <strong>forte e significativa de expressar o que importa<\/strong>.<\/p>\n\n\n\n<h2 class=\"wp-block-heading\" id=\"h-o-que-um-colar-militar-personalizado\">O Que \u00e9 um Colar Militar Personalizado?<\/h2>\n\n\n\n<p>Inspirado nas tradicionais <strong>dog tags do Ex\u00e9rcito<\/strong>, o colar militar personalizado ganhou novas formas e fun\u00e7\u00f5es: ele \u00e9 usado hoje tanto por militares quanto por civis que desejam carregar algo \u00fanico e cheio de significado.<\/p>\n\n\n\n<p>\u00c9 uma pe\u00e7a que une <strong>resist\u00eancia, estilo e sentimento<\/strong>, feita em a\u00e7o inoxid\u00e1vel e com grava\u00e7\u00f5es que n\u00e3o apagam com o tempo.<\/p>\n\n\n\n<figure class=\"wp-block-image size-large is-resized\"><img decoding=\"async\" width=\"768\" height=\"1024\" src=\"https:\/\/dogtagclan.com.br\/blog\/wp-content\/uploads\/2025\/05\/dog-tag-alto-relevo-aco-768x1024.jpg\" alt=\"\" class=\"wp-image-4100\" style=\"width:247px;height:auto\" srcset=\"https:\/\/dogtagclan.com.br\/blog\/wp-content\/uploads\/2025\/05\/dog-tag-alto-relevo-aco-768x1024.jpg 768w, https:\/\/dogtagclan.com.br\/blog\/wp-content\/uploads\/2025\/05\/dog-tag-alto-relevo-aco-225x300.jpg 225w, https:\/\/dogtagclan.com.br\/blog\/wp-content\/uploads\/2025\/05\/dog-tag-alto-relevo-aco-640x853.jpg 640w, https:\/\/dogtagclan.com.br\/blog\/wp-content\/uploads\/2025\/05\/dog-tag-alto-relevo-aco-150x200.jpg 150w, https:\/\/dogtagclan.com.br\/blog\/wp-content\/uploads\/2025\/05\/dog-tag-alto-relevo-aco.jpg 960w\" sizes=\"(max-width: 768px) 100vw, 768px\" \/><\/figure>\n\n\n\n<h2 class=\"wp-block-heading\" id=\"h-para-que-serve-um-colar-militar-personalizado\">Para Que Serve um Colar Militar Personalizado?<\/h2>\n\n\n\n<ul>\n<li>Identifica\u00e7\u00e3o militar ou simb\u00f3lica<\/li>\n\n\n\n<li>Presente para soldados, reservistas, policiais e bombeiros<\/li>\n\n\n\n<li>Grava\u00e7\u00e3o de <strong>nome, tipo sangu\u00edneo, RG, CPF, frases de f\u00e9 ou vers\u00edculos<\/strong><\/li>\n\n\n\n<li>Homenagem a algu\u00e9m que j\u00e1 partiu<\/li>\n\n\n\n<li>Marca pessoal de estilo com fundo emocional<\/li>\n<\/ul>\n\n\n\n<h2 class=\"wp-block-heading\" id=\"h-modelos-dispon-veis-na-dogtagclan\">Modelos Dispon\u00edveis na DogTagClan<\/h2>\n\n\n\n<p>Na <strong>DogTagClan<\/strong>, voc\u00ea encontra colares militares personalizados com <strong>acabamento profissional<\/strong> e entrega em todo o Brasil. Veja os principais modelos:<\/p>\n\n\n\n<figure class=\"wp-block-image size-full is-resized\"><img decoding=\"async\" width=\"500\" height=\"500\" src=\"https:\/\/dogtagclan.com.br\/blog\/wp-content\/uploads\/2025\/05\/Sem-Titulo-1-1.jpg\" alt=\"\" class=\"wp-image-4243\" style=\"width:252px;height:auto\" srcset=\"https:\/\/dogtagclan.com.br\/blog\/wp-content\/uploads\/2025\/05\/Sem-Titulo-1-1.jpg 500w, https:\/\/dogtagclan.com.br\/blog\/wp-content\/uploads\/2025\/05\/Sem-Titulo-1-1-300x300.jpg 300w, https:\/\/dogtagclan.com.br\/blog\/wp-content\/uploads\/2025\/05\/Sem-Titulo-1-1-150x150.jpg 150w, https:\/\/dogtagclan.com.br\/blog\/wp-content\/uploads\/2025\/05\/Sem-Titulo-1-1-96x96.jpg 96w\" sizes=\"(max-width: 500px) 100vw, 500px\" \/><\/figure>\n\n\n\n<h3 class=\"wp-block-heading\" id=\"h-1-grava-o-em-alto-relevo\">\ud83d\udd39 1. Grava\u00e7\u00e3o em Alto Relevo<\/h3>\n\n\n\n<ul>\n<li>Letras em relevo permanente<\/li>\n\n\n\n<li>Estilo original militar americano<\/li>\n\n\n\n<li>Ideal para uso di\u00e1rio ou em servi\u00e7o<\/li>\n<\/ul>\n\n\n\n<h3 class=\"wp-block-heading\" id=\"h-2-grava-o-com-ponta-de-diamante\">\ud83d\udd39 2. Grava\u00e7\u00e3o com Ponta de Diamante<\/h3>\n\n\n\n<ul>\n<li>Texto com acabamento brilhante e preciso<\/li>\n\n\n\n<li>Excelente para homenagens e vers\u00edculos<\/li>\n<\/ul>\n\n\n\n<h3 class=\"wp-block-heading\" id=\"h-3-sublima-o-com-imagem\">\ud83d\udd39 3. Sublima\u00e7\u00e3o com Imagem<\/h3>\n\n\n\n<ul>\n<li>Personalize com foto, bras\u00e3o ou frase<\/li>\n\n\n\n<li>Impress\u00e3o em alta resolu\u00e7\u00e3o, ideal para presentes criativos<\/li>\n<\/ul>\n\n\n\n<p>Todos os modelos acompanham:<\/p>\n\n\n\n<ul>\n<li>Corrente de bolinha 62cm (ou tamanho sob medida)<\/li>\n\n\n\n<li>Op\u00e7\u00e3o com ou sem silenciador<\/li>\n\n\n\n<li>Material 100% a\u00e7o inox \u2013 n\u00e3o enferruja, n\u00e3o escurece<\/li>\n<\/ul>\n\n\n\n<figure class=\"wp-block-image size-full is-resized\"><img decoding=\"async\" width=\"500\" height=\"500\" src=\"https:\/\/dogtagclan.com.br\/blog\/wp-content\/uploads\/2025\/05\/caveira-platinada.jpg\" alt=\"Dog Tag Caveira Justi\u00e7a Platinado da DogTagClan com grava\u00e7\u00e3o personalizada em a\u00e7o inox\" class=\"wp-image-4190\" style=\"width:304px;height:auto\" srcset=\"https:\/\/dogtagclan.com.br\/blog\/wp-content\/uploads\/2025\/05\/caveira-platinada.jpg 500w, https:\/\/dogtagclan.com.br\/blog\/wp-content\/uploads\/2025\/05\/caveira-platinada-300x300.jpg 300w, https:\/\/dogtagclan.com.br\/blog\/wp-content\/uploads\/2025\/05\/caveira-platinada-150x150.jpg 150w, https:\/\/dogtagclan.com.br\/blog\/wp-content\/uploads\/2025\/05\/caveira-platinada-96x96.jpg 96w\" sizes=\"(max-width: 500px) 100vw, 500px\" \/><figcaption class=\"wp-element-caption\">Modelo Caveira Justi\u00e7a Platinado com visual t\u00e1tico e grava\u00e7\u00e3o personalizada em a\u00e7o inox.<\/figcaption><\/figure>\n\n\n\n<h2 class=\"wp-block-heading\" id=\"h-o-que-gravar-em-um-colar-militar-personalizado\">O Que Gravar em um Colar Militar Personalizado?<\/h2>\n\n\n\n<p>As op\u00e7\u00f5es de grava\u00e7\u00e3o s\u00e3o amplas:<\/p>\n\n\n\n<ul>\n<li>Nome <\/li>\n\n\n\n<li>Patente ou fun\u00e7\u00e3o<\/li>\n\n\n\n<li>Tipo sangu\u00edneo e RG<\/li>\n\n\n\n<li>Vers\u00edculos como <em>Salmos 91<\/em>, <em>Isa\u00edas 41:10<\/em>, <em>Salmos 119:105<\/em><\/li>\n\n\n\n<li>Datas especiais (formatura, miss\u00e3o, casamento, nascimento)<\/li>\n\n\n\n<li>Frases como: &#8220;Miss\u00e3o Cumprida&#8221;, &#8220;Honra e Lealdade&#8221;, &#8220;Meu Soldado, Meu Amor&#8221;<\/li>\n<\/ul>\n\n\n\n<figure class=\"wp-block-image size-full is-resized\"><img decoding=\"async\" width=\"500\" height=\"500\" src=\"https:\/\/dogtagclan.com.br\/blog\/wp-content\/uploads\/2025\/05\/samos-23.jpg\" alt=\"Dog tag Salmos 23 com brilho no escuro \u2013 placa religiosa personalizada que ilumina no escuro com corrente\" class=\"wp-image-4184\" style=\"width:346px;height:auto\" srcset=\"https:\/\/dogtagclan.com.br\/blog\/wp-content\/uploads\/2025\/05\/samos-23.jpg 500w, https:\/\/dogtagclan.com.br\/blog\/wp-content\/uploads\/2025\/05\/samos-23-300x300.jpg 300w, https:\/\/dogtagclan.com.br\/blog\/wp-content\/uploads\/2025\/05\/samos-23-150x150.jpg 150w, https:\/\/dogtagclan.com.br\/blog\/wp-content\/uploads\/2025\/05\/samos-23-96x96.jpg 96w\" sizes=\"(max-width: 500px) 100vw, 500px\" \/><figcaption class=\"wp-element-caption\">Dog Tag personalizada com Salmo 23. Grava\u00e7\u00e3o de f\u00e9 que brilha no escuro, ideal para crist\u00e3os.<\/figcaption><\/figure>\n\n\n\n<h2 class=\"wp-block-heading\" id=\"h-um-presente-com-prop-sito-real\">Um Presente com Prop\u00f3sito Real<\/h2>\n\n\n\n<p>Se voc\u00ea procura algo marcante para presentear algu\u00e9m que serve com honra, o colar militar personalizado \u00e9 <strong>uma escolha certeira<\/strong>.<\/p>\n\n\n\n<p>\ud83c\udf81 Ideal para:<\/p>\n\n\n\n<ul>\n<li>Namorados, maridos e pais militares<\/li>\n\n\n\n<li>Jovens que est\u00e3o se formando no quartel<\/li>\n\n\n\n<li>Presentes de anivers\u00e1rio, Dia do Soldado ou formatura<\/li>\n\n\n\n<li>Homenagens de f\u00e9 ou saudade<\/li>\n<\/ul>\n\n\n\n<h2 class=\"wp-block-heading\" id=\"h-enviamos-para-todo-o-brasil\">Enviamos Para Todo o Brasil<\/h2>\n\n\n\n<p>\ud83d\uded2 Acesse o site oficial: <a href=\"https:\/\/www.dogtagclan.com.br\">www.dogtagclan.com.br<\/a><br>\ud83d\udcf2 Atendimento pelo WhatsApp: <a>Clique aqui<\/a><br>\ud83d\udce6 Produtos com envio r\u00e1pido, com cuidado em cada detalhe<\/p>\n\n\n\n<h2 class=\"wp-block-heading\" id=\"h-conclus-o\">Conclus\u00e3o<\/h2>\n\n\n\n<p>Um <strong>colar militar personalizado<\/strong> \u00e9 mais do que um acess\u00f3rio: \u00e9 uma extens\u00e3o da sua hist\u00f3ria, um elo de mem\u00f3ria e f\u00e9. Seja com uma frase marcante, um nome ou uma imagem significativa, ele se torna parte de quem usa.<\/p>\n\n\n\n<p>Grave no a\u00e7o o que n\u00e3o pode ser esquecido.<\/p>\n","protected":false},"excerpt":{"rendered":"<p>Se voc\u00ea chegou at\u00e9 aqui procurando um colar militar personalizado, est\u00e1 no lugar certo. Esse acess\u00f3rio vai al\u00e9m do estilo:<\/p>\n","protected":false},"author":1,"featured_media":4250,"comment_status":"open","ping_status":"open","sticky":false,"template":"","format":"standard","meta":{"footnotes":""},"categories":[11,17],"tags":[],"yoast_head":"<!-- This site is optimized with the Yoast SEO Premium plugin v15.5 - https:\/\/yoast.com\/wordpress\/plugins\/seo\/ -->\n<title>Colar Militar Personalizado: Grava\u00e7\u00e3o com Nome, F\u00e9 e Prop\u00f3sito em A\u00e7o Inox | DogTagClan Blog<\/title>\n<meta name=\"description\" content=\"Se voc\u00ea chegou at\u00e9 aqui procurando um colar militar personalizado, est\u00e1 no lugar certo. Esse acess\u00f3rio vai al\u00e9m do estilo: ele carrega identidade,\" \/>\n<meta name=\"robots\" content=\"index, follow, max-snippet:-1, max-image-preview:large, max-video-preview:-1\" \/>\n<link rel=\"canonical\" href=\"https:\/\/dogtagclan.com.br\/blog\/colar-militar-personalizado-gravacao-com-nome-fe-e-proposito-em-aco-inox\/\" \/>\n<meta property=\"og:locale\" content=\"pt_BR\" \/>\n<meta property=\"og:type\" content=\"article\" \/>\n<meta property=\"og:title\" content=\"Colar Militar Personalizado: Grava\u00e7\u00e3o com Nome, F\u00e9 e Prop\u00f3sito em A\u00e7o Inox | DogTagClan Blog\" \/>\n<meta property=\"og:description\" content=\"Se voc\u00ea chegou at\u00e9 aqui procurando um colar militar personalizado, est\u00e1 no lugar certo. Esse acess\u00f3rio vai al\u00e9m do estilo: ele carrega identidade,\" \/>\n<meta property=\"og:url\" content=\"https:\/\/dogtagclan.com.br\/blog\/colar-militar-personalizado-gravacao-com-nome-fe-e-proposito-em-aco-inox\/\" \/>\n<meta property=\"og:site_name\" content=\"DogTagClan Blog\" \/>\n<meta property=\"article:publisher\" content=\"https:\/\/www.facebook.com\/dogtagclan\" \/>\n<meta property=\"article:author\" content=\"https:\/\/www.facebook.com\/dogtagclan\" \/>\n<meta property=\"article:published_time\" content=\"2025-05-21T11:14:44+00:00\" \/>\n<meta property=\"article:modified_time\" content=\"2025-05-21T11:14:45+00:00\" \/>\n<meta property=\"og:image\" content=\"https:\/\/dogtagclan.com.br\/blog\/wp-content\/uploads\/2025\/05\/raw-32.jpg\" \/>\n\t<meta property=\"og:image:width\" content=\"1024\" \/>\n\t<meta property=\"og:image:height\" content=\"1024\" \/>\n<meta name=\"twitter:card\" content=\"summary_large_image\" \/>\n<meta name=\"twitter:creator\" content=\"@https:\/\/x.com\/Dogtagclanclan\" \/>\n<meta name=\"twitter:label1\" content=\"Est. tempo de leitura\">\n\t<meta name=\"twitter:data1\" content=\"2 minutos\">\n<script type=\"application\/ld+json\" class=\"yoast-schema-graph\">{\"@context\":\"https:\/\/schema.org\",\"@graph\":[{\"@type\":\"Organization\",\"@id\":\"https:\/\/dogtagclan.com.br\/blog\/#organization\",\"name\":\"DogTagClan | Dog Tags, Crach\\u00e1s e Acess\\u00f3rios Personalizados\",\"url\":\"https:\/\/dogtagclan.com.br\/blog\/\",\"sameAs\":[\"https:\/\/www.facebook.com\/dogtagclan\"],\"logo\":{\"@type\":\"ImageObject\",\"@id\":\"https:\/\/dogtagclan.com.br\/blog\/#logo\",\"inLanguage\":\"pt-BR\",\"url\":\"https:\/\/dogtagclan.com.br\/blog\/wp-content\/uploads\/2023\/02\/cropped-doftagclan-logo.png\",\"width\":250,\"height\":140,\"caption\":\"DogTagClan | Dog Tags, Crach\\u00e1s e Acess\\u00f3rios Personalizados\"},\"image\":{\"@id\":\"https:\/\/dogtagclan.com.br\/blog\/#logo\"}},{\"@type\":\"WebSite\",\"@id\":\"https:\/\/dogtagclan.com.br\/blog\/#website\",\"url\":\"https:\/\/dogtagclan.com.br\/blog\/\",\"name\":\"DogTagClan Blog\",\"description\":\"A gente faz, do seu Jeito\",\"publisher\":{\"@id\":\"https:\/\/dogtagclan.com.br\/blog\/#organization\"},\"potentialAction\":[{\"@type\":\"SearchAction\",\"target\":\"https:\/\/dogtagclan.com.br\/blog\/?s={search_term_string}\",\"query-input\":\"required name=search_term_string\"}],\"inLanguage\":\"pt-BR\"},{\"@type\":\"ImageObject\",\"@id\":\"https:\/\/dogtagclan.com.br\/blog\/colar-militar-personalizado-gravacao-com-nome-fe-e-proposito-em-aco-inox\/#primaryimage\",\"inLanguage\":\"pt-BR\",\"url\":\"https:\/\/dogtagclan.com.br\/blog\/wp-content\/uploads\/2025\/05\/raw-32.jpg\",\"width\":1024,\"height\":1024,\"caption\":\"Colar militar personalizado com grava\\u00e7\\u00e3o em alto relevo, ponta de diamante e sublima\\u00e7\\u00e3o \\u2013 DogTagClan\"},{\"@type\":\"WebPage\",\"@id\":\"https:\/\/dogtagclan.com.br\/blog\/colar-militar-personalizado-gravacao-com-nome-fe-e-proposito-em-aco-inox\/#webpage\",\"url\":\"https:\/\/dogtagclan.com.br\/blog\/colar-militar-personalizado-gravacao-com-nome-fe-e-proposito-em-aco-inox\/\",\"name\":\"Colar Militar Personalizado: Grava\\u00e7\\u00e3o com Nome, F\\u00e9 e Prop\\u00f3sito em A\\u00e7o Inox | DogTagClan Blog\",\"isPartOf\":{\"@id\":\"https:\/\/dogtagclan.com.br\/blog\/#website\"},\"primaryImageOfPage\":{\"@id\":\"https:\/\/dogtagclan.com.br\/blog\/colar-militar-personalizado-gravacao-com-nome-fe-e-proposito-em-aco-inox\/#primaryimage\"},\"datePublished\":\"2025-05-21T11:14:44+00:00\",\"dateModified\":\"2025-05-21T11:14:45+00:00\",\"description\":\"Se voc\\u00ea chegou at\\u00e9 aqui procurando um colar militar personalizado, est\\u00e1 no lugar certo. Esse acess\\u00f3rio vai al\\u00e9m do estilo: ele carrega identidade,\",\"inLanguage\":\"pt-BR\",\"potentialAction\":[{\"@type\":\"ReadAction\",\"target\":[\"https:\/\/dogtagclan.com.br\/blog\/colar-militar-personalizado-gravacao-com-nome-fe-e-proposito-em-aco-inox\/\"]}]},{\"@type\":\"Article\",\"@id\":\"https:\/\/dogtagclan.com.br\/blog\/colar-militar-personalizado-gravacao-com-nome-fe-e-proposito-em-aco-inox\/#article\",\"isPartOf\":{\"@id\":\"https:\/\/dogtagclan.com.br\/blog\/colar-militar-personalizado-gravacao-com-nome-fe-e-proposito-em-aco-inox\/#webpage\"},\"author\":{\"@id\":\"https:\/\/dogtagclan.com.br\/blog\/#\/schema\/person\/b7279d930f15e2a85c89cd3b2f1d8df5\"},\"headline\":\"Colar Militar Personalizado: Grava\\u00e7\\u00e3o com Nome, F\\u00e9 e Prop\\u00f3sito em A\\u00e7o Inox\",\"datePublished\":\"2025-05-21T11:14:44+00:00\",\"dateModified\":\"2025-05-21T11:14:45+00:00\",\"mainEntityOfPage\":{\"@id\":\"https:\/\/dogtagclan.com.br\/blog\/colar-militar-personalizado-gravacao-com-nome-fe-e-proposito-em-aco-inox\/#webpage\"},\"commentCount\":0,\"publisher\":{\"@id\":\"https:\/\/dogtagclan.com.br\/blog\/#organization\"},\"image\":{\"@id\":\"https:\/\/dogtagclan.com.br\/blog\/colar-militar-personalizado-gravacao-com-nome-fe-e-proposito-em-aco-inox\/#primaryimage\"},\"articleSection\":\"Dog tags,Dog Tags Personalizadas\",\"inLanguage\":\"pt-BR\",\"potentialAction\":[{\"@type\":\"CommentAction\",\"name\":\"Comment\",\"target\":[\"https:\/\/dogtagclan.com.br\/blog\/colar-militar-personalizado-gravacao-com-nome-fe-e-proposito-em-aco-inox\/#respond\"]}]},{\"@type\":\"Person\",\"@id\":\"https:\/\/dogtagclan.com.br\/blog\/#\/schema\/person\/b7279d930f15e2a85c89cd3b2f1d8df5\",\"name\":\"dogtagclan\",\"description\":\"\\\"A DogTagClan \\u00e9 especializada na fabrica\\u00e7\\u00e3o e personaliza\\u00e7\\u00e3o de Dog Tags, crach\\u00e1s e acess\\u00f3rios. Produzimos pe\\u00e7as em a\\u00e7o inoxid\\u00e1vel com grava\\u00e7\\u00f5es de alta precis\\u00e3o para identifica\\u00e7\\u00e3o pessoal e profissional.\\\"\",\"sameAs\":[\"https:\/\/blog.dogtagclan.com.br\",\"https:\/\/www.facebook.com\/dogtagclan\",\"https:\/\/www.instagram.com\/dogtagclan\",\"https:\/\/twitter.com\/https:\/\/x.com\/Dogtagclanclan\",\"https:\/\/www.youtube.com\/dogtagclan\"]}]}<\/script>\n<!-- \/ Yoast SEO Premium plugin. -->","_links":{"self":[{"href":"https:\/\/dogtagclan.com.br\/blog\/wp-json\/wp\/v2\/posts\/4249"}],"collection":[{"href":"https:\/\/dogtagclan.com.br\/blog\/wp-json\/wp\/v2\/posts"}],"about":[{"href":"https:\/\/dogtagclan.com.br\/blog\/wp-json\/wp\/v2\/types\/post"}],"author":[{"embeddable":true,"href":"https:\/\/dogtagclan.com.br\/blog\/wp-json\/wp\/v2\/users\/1"}],"replies":[{"embeddable":true,"href":"https:\/\/dogtagclan.com.br\/blog\/wp-json\/wp\/v2\/comments?post=4249"}],"version-history":[{"count":0,"href":"https:\/\/dogtagclan.com.br\/blog\/wp-json\/wp\/v2\/posts\/4249\/revisions"}],"wp:featuredmedia":[{"embeddable":true,"href":"https:\/\/dogtagclan.com.br\/blog\/wp-json\/wp\/v2\/media\/4250"}],"wp:attachment":[{"href":"https:\/\/dogtagclan.com.br\/blog\/wp-json\/wp\/v2\/media?parent=4249"}],"wp:term":[{"taxonomy":"category","embeddable":true,"href":"https:\/\/dogtagclan.com.br\/blog\/wp-json\/wp\/v2\/categories?post=4249"},{"taxonomy":"post_tag","embeddable":true,"href":"https:\/\/dogtagclan.com.br\/blog\/wp-json\/wp\/v2\/tags?post=4249"}],"curies":[{"name":"wp","href":"https:\/\/api.w.org\/{rel}","templated":true}]}}