{"id":4237,"date":"2025-05-19T22:34:58","date_gmt":"2025-05-20T01:34:58","guid":{"rendered":"https:\/\/dogtagclan.com.br\/blog\/?p=4237"},"modified":"2025-05-19T22:34:59","modified_gmt":"2025-05-20T01:34:59","slug":"dog-tag-selva-honra-missao-e-aco-forca-gravada-no-metal","status":"publish","type":"post","link":"https:\/\/dogtagclan.com.br\/blog\/dog-tag-selva-honra-missao-e-aco-forca-gravada-no-metal\/","title":{"rendered":"Dog Tag Selva! Honra, Miss\u00e3o e A\u00e7o \u2013 For\u00e7a Gravada no Metal"},"content":{"rendered":"\n<p>Se voc\u00ea procura um acess\u00f3rio que represente coragem, disciplina e respeito pela miss\u00e3o militar, a <strong>Dog Tag Selva da DogTagClan<\/strong> \u00e9 a escolha ideal. Muito mais do que uma simples placa de identifica\u00e7\u00e3o, ela carrega a ess\u00eancia da selva, a bravura de quem serve e a for\u00e7a de quem honra o uniforme.<\/p>\n\n\n\n<h3 class=\"wp-block-heading\" id=\"h-o-que-a-dog-tag-selva\">\u2705 O Que \u00c9 a Dog Tag Selva?<\/h3>\n\n\n\n<p>A <strong>Dog Tag Selva<\/strong> \u00e9 uma placa militar personalizada feita em <strong>a\u00e7o inox 316L<\/strong>, resistente \u00e0 \u00e1gua, ao tempo e ao desgaste. Com a frase gravada <strong>&#8220;Selva! Honra, Miss\u00e3o e A\u00e7o&#8221;<\/strong>, ela \u00e9 ideal para militares da ativa, veteranos, entusiastas da vida t\u00e1tica e familiares que desejam homenagear um her\u00f3i.<\/p>\n\n\n\n<p>Esta dog tag \u00e9 personalizada com:<\/p>\n\n\n\n<figure class=\"wp-block-image size-full is-resized\"><a href=\"https:\/\/dogtagclan.com.br\/produto\/dog-tag-selva!-honra-missao-e-aco-forca-gravada-no-metal\"><img decoding=\"async\" width=\"500\" height=\"500\" src=\"https:\/\/dogtagclan.com.br\/blog\/wp-content\/uploads\/2025\/05\/sellva.jpg\" alt=\"\" class=\"wp-image-4238\" style=\"width:307px;height:auto\" srcset=\"https:\/\/dogtagclan.com.br\/blog\/wp-content\/uploads\/2025\/05\/sellva.jpg 500w, https:\/\/dogtagclan.com.br\/blog\/wp-content\/uploads\/2025\/05\/sellva-300x300.jpg 300w, https:\/\/dogtagclan.com.br\/blog\/wp-content\/uploads\/2025\/05\/sellva-150x150.jpg 150w, https:\/\/dogtagclan.com.br\/blog\/wp-content\/uploads\/2025\/05\/sellva-96x96.jpg 96w\" sizes=\"(max-width: 500px) 100vw, 500px\" \/><\/a><\/figure>\n\n\n\n<ul>\n<li><strong>Nome completo<\/strong><\/li>\n\n\n\n<li><strong>Tipo sangu\u00edneo<\/strong><\/li>\n\n\n\n<li><strong>Frases de impacto<\/strong><\/li>\n<\/ul>\n\n\n\n<p><\/p>\n\n\n\n<h3 class=\"wp-block-heading\" id=\"h-por-que-selva\">\ud83c\udf3f Por Que &#8220;Selva&#8221;?<\/h3>\n\n\n\n<p>\u201cSelva\u201d \u00e9 mais do que um grito de guerra. \u00c9 um c\u00f3digo de honra utilizado por militares que passaram pelos cursos de selva do Ex\u00e9rcito Brasileiro. Representa resist\u00eancia, supera\u00e7\u00e3o, for\u00e7a f\u00edsica e mental \u2014 tudo isso traduzido em um acess\u00f3rio feito sob medida.<a href=\"https:\/\/dogtagclan.com.br\/produto\/dog-tag-selva!-honra-missao-e-aco-forca-gravada-no-metal\"> compre aqui <\/a><\/p>\n\n\n\n<h3 class=\"wp-block-heading\" id=\"h-grava-o-com-ponta-de-diamante\">\ud83d\udca5 Grava\u00e7\u00e3o com Ponta de Diamante<\/h3>\n\n\n\n<p><\/p>\n\n\n\n<h3 class=\"wp-block-heading\" id=\"h-o-que-acompanha\">\ud83d\udce6 O Que Acompanha?<\/h3>\n\n\n\n<ul>\n<li>2 Dog tag em a\u00e7o inox com bordas lisas ou com <strong>silenciadores de borracha<\/strong><\/li>\n\n\n\n<li>2 corrente de bolinha <\/li>\n\n\n\n<li>Personaliza\u00e7\u00e3o completa frente <\/li>\n<\/ul>\n\n\n\n<figure class=\"wp-block-image size-large is-resized\"><img decoding=\"async\" width=\"768\" height=\"1024\" src=\"https:\/\/dogtagclan.com.br\/blog\/wp-content\/uploads\/2025\/05\/dog-tag-alto-relevo-aco-1-768x1024.jpg\" alt=\"\" class=\"wp-image-4105\" style=\"width:194px;height:auto\" srcset=\"https:\/\/dogtagclan.com.br\/blog\/wp-content\/uploads\/2025\/05\/dog-tag-alto-relevo-aco-1-768x1024.jpg 768w, https:\/\/dogtagclan.com.br\/blog\/wp-content\/uploads\/2025\/05\/dog-tag-alto-relevo-aco-1-225x300.jpg 225w, https:\/\/dogtagclan.com.br\/blog\/wp-content\/uploads\/2025\/05\/dog-tag-alto-relevo-aco-1-640x853.jpg 640w, https:\/\/dogtagclan.com.br\/blog\/wp-content\/uploads\/2025\/05\/dog-tag-alto-relevo-aco-1-150x200.jpg 150w, https:\/\/dogtagclan.com.br\/blog\/wp-content\/uploads\/2025\/05\/dog-tag-alto-relevo-aco-1.jpg 960w\" sizes=\"(max-width: 768px) 100vw, 768px\" \/><\/figure>\n\n\n\n<h3 class=\"wp-block-heading\" id=\"h-para-quem-a-dog-tag-selva\">\ud83c\udfaf Para Quem \u00c9 a Dog Tag Selva?<\/h3>\n\n\n\n<p>Ideal para:<\/p>\n\n\n\n<ul>\n<li>Militares da ativa ou da reserva<\/li>\n\n\n\n<li>Policiais militares com hist\u00f3rico em selva<\/li>\n\n\n\n<li>Colecionadores de itens militares<\/li>\n\n\n\n<li>Presentes de formatura<\/li>\n\n\n\n<li>Homenagem a combatentes ou veteranos<\/li>\n\n\n\n<li>Presente de anivers\u00e1rio ou datas comemorativas<\/li>\n<\/ul>\n\n\n\n<h3 class=\"wp-block-heading\" id=\"h-presente-que-marca\">\ud83d\udc9a Presente Que Marca<\/h3>\n\n\n\n<p>Se voc\u00ea procura <strong>um presente de valor real<\/strong>, com significado e mem\u00f3ria, essa \u00e9 a escolha perfeita. A <strong>Dog Tag Selva personalizada<\/strong> vai com a <strong>mensagem que voc\u00ea desejar gravada no a\u00e7o<\/strong> \u2014 e eternizada no cora\u00e7\u00e3o de quem recebe.<\/p>\n\n\n\n<hr class=\"wp-block-separator has-alpha-channel-opacity\"\/>\n\n\n\n<h2 class=\"wp-block-heading\" id=\"h-sugest-es-de-frases-para-grava-o\">\u270d\ufe0f Sugest\u00f5es de Frases Para Grava\u00e7\u00e3o<\/h2>\n\n\n\n<ul>\n<li>\u201cSelva! Miss\u00e3o dada \u00e9 miss\u00e3o cumprida.\u201d<\/li>\n\n\n\n<li>\u201cCombater, resistir, vencer.\u201d<\/li>\n\n\n\n<li>\u201cMeu nome, minha honra.\u201d<\/li>\n\n\n\n<li>\u201cHer\u00f3i da selva brasileira.\u201d<\/li>\n\n\n\n<li>\u201cA\u00e7o temperado na floresta.\u201d<\/li>\n<\/ul>\n\n\n\n<hr class=\"wp-block-separator has-alpha-channel-opacity\"\/>\n\n\n\n<h2 class=\"wp-block-heading\" id=\"h-onde-comprar-a-dog-tag-selva\">\ud83d\udccd Onde Comprar a Dog Tag Selva?<\/h2>\n\n\n\n<p>A <strong>Dog Tag Selva personalizada est\u00e1 dispon\u00edvel exclusivamente em nosso site<\/strong>:<\/p>\n\n\n\n<p>\ud83d\udd17 <a class=\"\" href=\"https:\/\/dogtagclan.com.br\">www.dogtagclan.com.br<\/a><\/p>\n\n\n\n<p>Entregamos para todo o Brasil com rapidez e seguran\u00e7a. Fa\u00e7a sua homenagem e <strong>grave a hist\u00f3ria de quem enfrentou a selva com honra<\/strong>.<\/p>\n\n\n\n<p>\ud83d\udcf2 Fale direto com a gente no WhatsApp: <a>Clique aqui para atendimento<\/a><\/p>\n\n\n\n<p>\ud83d\udcf8 Veja mais modelos no nosso Instagram: <a class=\"\" href=\"https:\/\/instagram.com\/dogtagclan\" target=\"_blank\" rel=\"noopener\">@dogtagclan<\/a><\/p>\n\n\n\n<hr class=\"wp-block-separator has-alpha-channel-opacity\"\/>\n\n\n\n<h2 class=\"wp-block-heading\" id=\"h-faq-perguntas-frequentes\">\u2753 FAQ \u2013 Perguntas Frequentes<\/h2>\n\n\n\n<p><strong>\ud83d\udfe9 A grava\u00e7\u00e3o \u00e9 permanente?<\/strong><br>Sim! Utilizamos grava\u00e7\u00e3o  N\u00e3o apaga e \u00e9 resistente \u00e0 \u00e1gua.<\/p>\n\n\n\n<p><strong>\ud83d\udfe9 Entrega \u00e9 para todo Brasil?<\/strong><br>Sim! Entregamos em todos os estados com frete acess\u00edvel e envio r\u00e1pido.<\/p>\n\n\n\n<p><strong>\ud83d\udfe9 Tem op\u00e7\u00f5es de corrente?<\/strong><br>Sim! Corrente de bolinha 62cm ou personalizada conforme o seu gosto.<\/p>\n","protected":false},"excerpt":{"rendered":"<p>Se voc\u00ea procura um acess\u00f3rio que represente coragem, disciplina e respeito pela miss\u00e3o militar, a Dog Tag Selva da DogTagClan<\/p>\n","protected":false},"author":1,"featured_media":4239,"comment_status":"open","ping_status":"open","sticky":false,"template":"","format":"standard","meta":{"footnotes":""},"categories":[11,17],"tags":[],"yoast_head":"<!-- This site is optimized with the Yoast SEO Premium plugin v15.5 - https:\/\/yoast.com\/wordpress\/plugins\/seo\/ -->\n<title>Dog Tag Selva! Honra, Miss\u00e3o e A\u00e7o \u2013 For\u00e7a Gravada no Metal | DogTagClan Blog<\/title>\n<meta name=\"description\" content=\"Se voc\u00ea procura um acess\u00f3rio que represente coragem, disciplina e respeito pela miss\u00e3o militar, a Dog Tag Selva da DogTagClan \u00e9 a escolha ideal. Muito mais do\" \/>\n<meta name=\"robots\" content=\"index, follow, max-snippet:-1, max-image-preview:large, max-video-preview:-1\" \/>\n<link rel=\"canonical\" href=\"https:\/\/dogtagclan.com.br\/blog\/dog-tag-selva-honra-missao-e-aco-forca-gravada-no-metal\/\" \/>\n<meta property=\"og:locale\" content=\"pt_BR\" \/>\n<meta property=\"og:type\" content=\"article\" \/>\n<meta property=\"og:title\" content=\"Dog Tag Selva! Honra, Miss\u00e3o e A\u00e7o \u2013 For\u00e7a Gravada no Metal | DogTagClan Blog\" \/>\n<meta property=\"og:description\" content=\"Se voc\u00ea procura um acess\u00f3rio que represente coragem, disciplina e respeito pela miss\u00e3o militar, a Dog Tag Selva da DogTagClan \u00e9 a escolha ideal. Muito mais do\" \/>\n<meta property=\"og:url\" content=\"https:\/\/dogtagclan.com.br\/blog\/dog-tag-selva-honra-missao-e-aco-forca-gravada-no-metal\/\" \/>\n<meta property=\"og:site_name\" content=\"DogTagClan Blog\" \/>\n<meta property=\"article:publisher\" content=\"https:\/\/www.facebook.com\/dogtagclan\" \/>\n<meta property=\"article:author\" content=\"https:\/\/www.facebook.com\/dogtagclan\" \/>\n<meta property=\"article:published_time\" content=\"2025-05-20T01:34:58+00:00\" \/>\n<meta property=\"article:modified_time\" content=\"2025-05-20T01:34:59+00:00\" \/>\n<meta property=\"og:image\" content=\"https:\/\/dogtagclan.com.br\/blog\/wp-content\/uploads\/2025\/05\/selvas.jpg\" \/>\n\t<meta property=\"og:image:width\" content=\"1024\" \/>\n\t<meta property=\"og:image:height\" content=\"1024\" \/>\n<meta name=\"twitter:card\" content=\"summary_large_image\" \/>\n<meta name=\"twitter:creator\" content=\"@https:\/\/x.com\/Dogtagclanclan\" \/>\n<meta name=\"twitter:label1\" content=\"Est. tempo de leitura\">\n\t<meta name=\"twitter:data1\" content=\"2 minutos\">\n<script type=\"application\/ld+json\" class=\"yoast-schema-graph\">{\"@context\":\"https:\/\/schema.org\",\"@graph\":[{\"@type\":\"Organization\",\"@id\":\"https:\/\/dogtagclan.com.br\/blog\/#organization\",\"name\":\"DogTagClan | Dog Tags, Crach\\u00e1s e Acess\\u00f3rios Personalizados\",\"url\":\"https:\/\/dogtagclan.com.br\/blog\/\",\"sameAs\":[\"https:\/\/www.facebook.com\/dogtagclan\"],\"logo\":{\"@type\":\"ImageObject\",\"@id\":\"https:\/\/dogtagclan.com.br\/blog\/#logo\",\"inLanguage\":\"pt-BR\",\"url\":\"https:\/\/dogtagclan.com.br\/blog\/wp-content\/uploads\/2023\/02\/cropped-doftagclan-logo.png\",\"width\":250,\"height\":140,\"caption\":\"DogTagClan | Dog Tags, Crach\\u00e1s e Acess\\u00f3rios Personalizados\"},\"image\":{\"@id\":\"https:\/\/dogtagclan.com.br\/blog\/#logo\"}},{\"@type\":\"WebSite\",\"@id\":\"https:\/\/dogtagclan.com.br\/blog\/#website\",\"url\":\"https:\/\/dogtagclan.com.br\/blog\/\",\"name\":\"DogTagClan Blog\",\"description\":\"A gente faz, do seu Jeito\",\"publisher\":{\"@id\":\"https:\/\/dogtagclan.com.br\/blog\/#organization\"},\"potentialAction\":[{\"@type\":\"SearchAction\",\"target\":\"https:\/\/dogtagclan.com.br\/blog\/?s={search_term_string}\",\"query-input\":\"required name=search_term_string\"}],\"inLanguage\":\"pt-BR\"},{\"@type\":\"ImageObject\",\"@id\":\"https:\/\/dogtagclan.com.br\/blog\/dog-tag-selva-honra-missao-e-aco-forca-gravada-no-metal\/#primaryimage\",\"inLanguage\":\"pt-BR\",\"url\":\"https:\/\/dogtagclan.com.br\/blog\/wp-content\/uploads\/2025\/05\/selvas.jpg\",\"width\":1024,\"height\":1024,\"caption\":\"Plaqueta militar personalizada com a palavra SELVA, arma t\\u00e1tica e \\u00e1rea para grava\\u00e7\\u00e3o de dados. Produto DogTagClan.\"},{\"@type\":\"WebPage\",\"@id\":\"https:\/\/dogtagclan.com.br\/blog\/dog-tag-selva-honra-missao-e-aco-forca-gravada-no-metal\/#webpage\",\"url\":\"https:\/\/dogtagclan.com.br\/blog\/dog-tag-selva-honra-missao-e-aco-forca-gravada-no-metal\/\",\"name\":\"Dog Tag Selva! Honra, Miss\\u00e3o e A\\u00e7o \\u2013 For\\u00e7a Gravada no Metal | DogTagClan Blog\",\"isPartOf\":{\"@id\":\"https:\/\/dogtagclan.com.br\/blog\/#website\"},\"primaryImageOfPage\":{\"@id\":\"https:\/\/dogtagclan.com.br\/blog\/dog-tag-selva-honra-missao-e-aco-forca-gravada-no-metal\/#primaryimage\"},\"datePublished\":\"2025-05-20T01:34:58+00:00\",\"dateModified\":\"2025-05-20T01:34:59+00:00\",\"description\":\"Se voc\\u00ea procura um acess\\u00f3rio que represente coragem, disciplina e respeito pela miss\\u00e3o militar, a Dog Tag Selva da DogTagClan \\u00e9 a escolha ideal. Muito mais do\",\"inLanguage\":\"pt-BR\",\"potentialAction\":[{\"@type\":\"ReadAction\",\"target\":[\"https:\/\/dogtagclan.com.br\/blog\/dog-tag-selva-honra-missao-e-aco-forca-gravada-no-metal\/\"]}]},{\"@type\":\"Article\",\"@id\":\"https:\/\/dogtagclan.com.br\/blog\/dog-tag-selva-honra-missao-e-aco-forca-gravada-no-metal\/#article\",\"isPartOf\":{\"@id\":\"https:\/\/dogtagclan.com.br\/blog\/dog-tag-selva-honra-missao-e-aco-forca-gravada-no-metal\/#webpage\"},\"author\":{\"@id\":\"https:\/\/dogtagclan.com.br\/blog\/#\/schema\/person\/b7279d930f15e2a85c89cd3b2f1d8df5\"},\"headline\":\"Dog Tag Selva! Honra, Miss\\u00e3o e A\\u00e7o \\u2013 For\\u00e7a Gravada no Metal\",\"datePublished\":\"2025-05-20T01:34:58+00:00\",\"dateModified\":\"2025-05-20T01:34:59+00:00\",\"mainEntityOfPage\":{\"@id\":\"https:\/\/dogtagclan.com.br\/blog\/dog-tag-selva-honra-missao-e-aco-forca-gravada-no-metal\/#webpage\"},\"commentCount\":0,\"publisher\":{\"@id\":\"https:\/\/dogtagclan.com.br\/blog\/#organization\"},\"image\":{\"@id\":\"https:\/\/dogtagclan.com.br\/blog\/dog-tag-selva-honra-missao-e-aco-forca-gravada-no-metal\/#primaryimage\"},\"articleSection\":\"Dog tags,Dog Tags Personalizadas\",\"inLanguage\":\"pt-BR\",\"potentialAction\":[{\"@type\":\"CommentAction\",\"name\":\"Comment\",\"target\":[\"https:\/\/dogtagclan.com.br\/blog\/dog-tag-selva-honra-missao-e-aco-forca-gravada-no-metal\/#respond\"]}]},{\"@type\":\"Person\",\"@id\":\"https:\/\/dogtagclan.com.br\/blog\/#\/schema\/person\/b7279d930f15e2a85c89cd3b2f1d8df5\",\"name\":\"dogtagclan\",\"description\":\"\\\"A DogTagClan \\u00e9 especializada na fabrica\\u00e7\\u00e3o e personaliza\\u00e7\\u00e3o de Dog Tags, crach\\u00e1s e acess\\u00f3rios. Produzimos pe\\u00e7as em a\\u00e7o inoxid\\u00e1vel com grava\\u00e7\\u00f5es de alta precis\\u00e3o para identifica\\u00e7\\u00e3o pessoal e profissional.\\\"\",\"sameAs\":[\"https:\/\/blog.dogtagclan.com.br\",\"https:\/\/www.facebook.com\/dogtagclan\",\"https:\/\/www.instagram.com\/dogtagclan\",\"https:\/\/twitter.com\/https:\/\/x.com\/Dogtagclanclan\",\"https:\/\/www.youtube.com\/dogtagclan\"]}]}<\/script>\n<!-- \/ Yoast SEO Premium plugin. -->","_links":{"self":[{"href":"https:\/\/dogtagclan.com.br\/blog\/wp-json\/wp\/v2\/posts\/4237"}],"collection":[{"href":"https:\/\/dogtagclan.com.br\/blog\/wp-json\/wp\/v2\/posts"}],"about":[{"href":"https:\/\/dogtagclan.com.br\/blog\/wp-json\/wp\/v2\/types\/post"}],"author":[{"embeddable":true,"href":"https:\/\/dogtagclan.com.br\/blog\/wp-json\/wp\/v2\/users\/1"}],"replies":[{"embeddable":true,"href":"https:\/\/dogtagclan.com.br\/blog\/wp-json\/wp\/v2\/comments?post=4237"}],"version-history":[{"count":0,"href":"https:\/\/dogtagclan.com.br\/blog\/wp-json\/wp\/v2\/posts\/4237\/revisions"}],"wp:featuredmedia":[{"embeddable":true,"href":"https:\/\/dogtagclan.com.br\/blog\/wp-json\/wp\/v2\/media\/4239"}],"wp:attachment":[{"href":"https:\/\/dogtagclan.com.br\/blog\/wp-json\/wp\/v2\/media?parent=4237"}],"wp:term":[{"taxonomy":"category","embeddable":true,"href":"https:\/\/dogtagclan.com.br\/blog\/wp-json\/wp\/v2\/categories?post=4237"},{"taxonomy":"post_tag","embeddable":true,"href":"https:\/\/dogtagclan.com.br\/blog\/wp-json\/wp\/v2\/tags?post=4237"}],"curies":[{"name":"wp","href":"https:\/\/api.w.org\/{rel}","templated":true}]}}