{"id":4207,"date":"2025-05-15T17:22:53","date_gmt":"2025-05-15T20:22:53","guid":{"rendered":"https:\/\/dogtagclan.com.br\/blog\/?p=4207"},"modified":"2025-05-16T08:31:52","modified_gmt":"2025-05-16T11:31:52","slug":"cordao-pqd-paraquedista-com-dog-tag-personalizada-honra-que-se-leva-no-peito","status":"publish","type":"post","link":"https:\/\/dogtagclan.com.br\/blog\/cordao-pqd-paraquedista-com-dog-tag-personalizada-honra-que-se-leva-no-peito\/","title":{"rendered":"Cord\u00e3o PQD Paraquedista com Dog Tag Personalizada \u2013 Honra Que Se Leva no Peito"},"content":{"rendered":"\n<p>Se voc\u00ea \u00e9 PQD ou admira a tradi\u00e7\u00e3o dos paraquedistas do Ex\u00e9rcito Brasileiro, este artigo \u00e9 para voc\u00ea. Neste conte\u00fado pilar, vamos te apresentar tudo sobre o <strong>Cord\u00e3o PQD com Dog Tag Personalizada<\/strong>, uma combina\u00e7\u00e3o que simboliza honra, irmandade e identidade. E o melhor: \u00e9 feito pela DogTagClan, que envia para todo o Brasil com grava\u00e7\u00e3o profissional em ponta de diamante.<\/p>\n\n\n\n<h2 class=\"wp-block-heading\" id=\"h-o-que-o-cord-o-pqd\">O Que \u00e9 o Cord\u00e3o PQD?<\/h2>\n\n\n\n<p>O <strong>cord\u00e3o PQD<\/strong> \u00e9 o tradicional colar usado por paraquedistas militares, muitas vezes acompanhado por uma <strong>dog tag personalizada com dados, frases e bras\u00f5es<\/strong> do Ex\u00e9rcito Brasileiro. Ele simboliza a passagem pelo curso de forma\u00e7\u00e3o e o orgulho de ser PQDT.<\/p>\n\n\n\n<figure class=\"wp-block-image size-full is-resized\"><a href=\"https:\/\/dogtagclan.com.br\/produto\/dog-tag-paraquedista-velame\"><img decoding=\"async\" width=\"1024\" height=\"1024\" src=\"https:\/\/dogtagclan.com.br\/blog\/wp-content\/uploads\/2025\/05\/PQD-paraquedista.jpg\" alt=\"Dog tag personalizada PQD com grava\u00e7\u00e3o em a\u00e7o inox - modelo paraquedista com nome e frases militares\" class=\"wp-image-4205\" style=\"width:309px;height:auto\" srcset=\"https:\/\/dogtagclan.com.br\/blog\/wp-content\/uploads\/2025\/05\/PQD-paraquedista.jpg 1024w, https:\/\/dogtagclan.com.br\/blog\/wp-content\/uploads\/2025\/05\/PQD-paraquedista-300x300.jpg 300w, https:\/\/dogtagclan.com.br\/blog\/wp-content\/uploads\/2025\/05\/PQD-paraquedista-150x150.jpg 150w, https:\/\/dogtagclan.com.br\/blog\/wp-content\/uploads\/2025\/05\/PQD-paraquedista-768x768.jpg 768w, https:\/\/dogtagclan.com.br\/blog\/wp-content\/uploads\/2025\/05\/PQD-paraquedista-96x96.jpg 96w\" sizes=\"(max-width: 1024px) 100vw, 1024px\" \/><\/a><figcaption class=\"wp-element-caption\">Dog Tag PQD gravada em a\u00e7o inox com dados personalizados. Ideal para militares e colecionadores.<\/figcaption><\/figure>\n\n\n\n<h2 class=\"wp-block-heading\" id=\"h-dog-tag-pqd-o-que-pode-ser-gravado\">Dog Tag PQD: O Que Pode Ser Gravado?<\/h2>\n\n\n\n<p>Na DogTagClan, voc\u00ea pode personalizar com:<\/p>\n\n\n\n<ul>\n<li>Nome completo ou nome de guerra<\/li>\n\n\n\n<li>Grau: SGT, TEN, CAP, etc<\/li>\n\n\n\n<li>N\u00famero da turma (ex: PQDT 83\/93)<\/li>\n\n\n\n<li>Tipo sangu\u00edneo<\/li>\n\n\n\n<li>Bras\u00e3o do paraquedismo do Ex\u00e9rcito<\/li>\n\n\n\n<li>Frases ic\u00f4nicas como &#8220;Velame&#8221;, &#8220;Brasil Acima de Tudo&#8221; ou &#8220;Seja mais um paraquedista e orgulhe-se de ti mesmo&#8221;<\/li>\n<\/ul>\n\n\n\n<h2 class=\"wp-block-heading\" id=\"h-materiais-de-alta-qualidade\">Materiais de Alta Qualidade<\/h2>\n\n\n\n<ul>\n<li><strong>Dog Tag em a\u00e7o inox 316L<\/strong>, espessa e resistente<\/li>\n\n\n\n<li>Grava\u00e7\u00e3o profissional com ponta de diamante (PDC)<\/li>\n\n\n\n<li>Corrente de bolinha de 60cm com fecho canoa<\/li>\n\n\n\n<li>Op\u00e7\u00e3o de acabamento: fosco, brilho ou modelo escurecido<\/li>\n\n\n\n<li>Acompanha saquinho de veludo<\/li>\n<\/ul>\n\n\n\n<figure class=\"wp-block-image size-full is-resized\"><a href=\"https:\/\/dogtagclan.com.br\/departamento\/ponta-de-diamante\/dog-tag-paraquedista-retangular-premium\"><img decoding=\"async\" width=\"500\" height=\"500\" src=\"https:\/\/dogtagclan.com.br\/blog\/wp-content\/uploads\/2025\/05\/dog-tag-quadrada-retangular.jpg\" alt=\"\" class=\"wp-image-4208\" style=\"width:332px;height:auto\" srcset=\"https:\/\/dogtagclan.com.br\/blog\/wp-content\/uploads\/2025\/05\/dog-tag-quadrada-retangular.jpg 500w, https:\/\/dogtagclan.com.br\/blog\/wp-content\/uploads\/2025\/05\/dog-tag-quadrada-retangular-300x300.jpg 300w, https:\/\/dogtagclan.com.br\/blog\/wp-content\/uploads\/2025\/05\/dog-tag-quadrada-retangular-150x150.jpg 150w, https:\/\/dogtagclan.com.br\/blog\/wp-content\/uploads\/2025\/05\/dog-tag-quadrada-retangular-96x96.jpg 96w\" sizes=\"(max-width: 500px) 100vw, 500px\" \/><\/a><\/figure>\n\n\n\n<h2 class=\"wp-block-heading\" id=\"h-por-que-escolher-a-dogtagclan\">Por Que Escolher a DogTagClan?<\/h2>\n\n\n\n<p>Muitos clientes buscam produtos similares no TikTok, mas o diferencial da DogTagClan \u00e9 a <strong>grava\u00e7\u00e3o feita com maquin\u00e1rio profissional, o acabamento premium e a entrega em todo o Brasil<\/strong>. Voc\u00ea pode comprar direto no site com seguran\u00e7a e suporte no WhatsApp.<\/p>\n\n\n\n<h2 class=\"wp-block-heading\" id=\"h-cord-o-pqd-no-rio-de-janeiro-enviamos-para-todo-o-brasil\">Cord\u00e3o PQD no Rio de Janeiro? Enviamos para Todo o Brasil!<\/h2>\n\n\n\n<p>Mesmo que voc\u00ea esteja procurando <strong>cord\u00e3o PQD no Rio de Janeiro<\/strong>, saiba que a DogTagClan entrega com frete r\u00e1pido para todas as regi\u00f5es. Atendemos militares ativos, veteranos, turmas de forma\u00e7\u00e3o e familiares que desejam homenagear um PQD.<\/p>\n\n\n\n<h2 class=\"wp-block-heading\" id=\"h-quem-compra\">Quem Compra?<\/h2>\n\n\n\n<ul>\n<li>Paraquedistas formados (ativos ou veteranos)<\/li>\n\n\n\n<li>Familiares que querem presentear<\/li>\n\n\n\n<li>Grupos de turma buscando personaliza\u00e7\u00f5es em lote<\/li>\n\n\n\n<li>Colecionadores de artigos militares<\/li>\n<\/ul>\n\n\n\n<h2 class=\"wp-block-heading\" id=\"h-como-comprar\">Como Comprar<\/h2>\n\n\n\n<p>Acesse nosso site oficial: <a href=\"https:\/\/www.dogtagclan.com.br\"><strong>www.dogtagclan.com.br<\/strong><\/a><br>Ou fale direto conosco no WhatsApp clicando aqui: <a><strong>https:\/\/wa.me\/554174001990<\/strong><\/a><\/p>\n\n\n\n<h2 class=\"wp-block-heading\" id=\"h-conclus-o\">Conclus\u00e3o<\/h2>\n\n\n\n<p>O <strong>Cord\u00e3o PQD com Dog Tag Personalizada<\/strong> \u00e9 mais que um acess\u00f3rio \u2013 \u00e9 uma afirma\u00e7\u00e3o de identidade, honra e pertencimento. Se voc\u00ea quer qualidade e respeito \u00e0 tradi\u00e7\u00e3o, escolha a DogTagClan.<\/p>\n\n\n\n<p><strong>Dog Tag PQD \u00e9 com a DogTagClan. Grave sua hist\u00f3ria no a\u00e7o.<\/strong><\/p>\n","protected":false},"excerpt":{"rendered":"<p>Se voc\u00ea \u00e9 PQD ou admira a tradi\u00e7\u00e3o dos paraquedistas do Ex\u00e9rcito Brasileiro, este artigo \u00e9 para voc\u00ea. Neste conte\u00fado<\/p>\n","protected":false},"author":1,"featured_media":4205,"comment_status":"open","ping_status":"open","sticky":false,"template":"","format":"standard","meta":{"footnotes":""},"categories":[11,17],"tags":[1194,1182,1186,35,1189,1191,1185,1192,1181,1187,1183,1188,1193,1196,1195,1190,1184],"yoast_head":"<!-- This site is optimized with the Yoast SEO Premium plugin v15.5 - https:\/\/yoast.com\/wordpress\/plugins\/seo\/ -->\n<title>Cord\u00e3o PQD Paraquedista com Dog Tag Personalizada \u2013 Honra Que Se Leva no Peito | DogTagClan Blog<\/title>\n<meta name=\"description\" content=\"Se voc\u00ea \u00e9 PQD ou admira a tradi\u00e7\u00e3o dos paraquedistas do Ex\u00e9rcito Brasileiro, este artigo \u00e9 para voc\u00ea. Neste conte\u00fado pilar, vamos te apresentar\" \/>\n<meta name=\"robots\" content=\"index, follow, max-snippet:-1, max-image-preview:large, max-video-preview:-1\" \/>\n<link rel=\"canonical\" href=\"https:\/\/dogtagclan.com.br\/blog\/cordao-pqd-paraquedista-com-dog-tag-personalizada-honra-que-se-leva-no-peito\/\" \/>\n<meta property=\"og:locale\" content=\"pt_BR\" \/>\n<meta property=\"og:type\" content=\"article\" \/>\n<meta property=\"og:title\" content=\"Cord\u00e3o PQD Paraquedista com Dog Tag Personalizada \u2013 Honra Que Se Leva no Peito | DogTagClan Blog\" \/>\n<meta property=\"og:description\" content=\"Se voc\u00ea \u00e9 PQD ou admira a tradi\u00e7\u00e3o dos paraquedistas do Ex\u00e9rcito Brasileiro, este artigo \u00e9 para voc\u00ea. Neste conte\u00fado pilar, vamos te apresentar\" \/>\n<meta property=\"og:url\" content=\"https:\/\/dogtagclan.com.br\/blog\/cordao-pqd-paraquedista-com-dog-tag-personalizada-honra-que-se-leva-no-peito\/\" \/>\n<meta property=\"og:site_name\" content=\"DogTagClan Blog\" \/>\n<meta property=\"article:publisher\" content=\"https:\/\/www.facebook.com\/dogtagclan\" \/>\n<meta property=\"article:author\" content=\"https:\/\/www.facebook.com\/dogtagclan\" \/>\n<meta property=\"article:published_time\" content=\"2025-05-15T20:22:53+00:00\" \/>\n<meta property=\"article:modified_time\" content=\"2025-05-16T11:31:52+00:00\" \/>\n<meta property=\"og:image\" content=\"https:\/\/dogtagclan.com.br\/blog\/wp-content\/uploads\/2025\/05\/PQD-paraquedista.jpg\" \/>\n\t<meta property=\"og:image:width\" content=\"1024\" \/>\n\t<meta property=\"og:image:height\" content=\"1024\" \/>\n<meta name=\"twitter:card\" content=\"summary_large_image\" \/>\n<meta name=\"twitter:creator\" content=\"@https:\/\/x.com\/Dogtagclanclan\" \/>\n<meta name=\"twitter:label1\" content=\"Est. tempo de leitura\">\n\t<meta name=\"twitter:data1\" content=\"2 minutos\">\n<script type=\"application\/ld+json\" class=\"yoast-schema-graph\">{\"@context\":\"https:\/\/schema.org\",\"@graph\":[{\"@type\":\"Organization\",\"@id\":\"https:\/\/dogtagclan.com.br\/blog\/#organization\",\"name\":\"DogTagClan | Dog Tags, Crach\\u00e1s e Acess\\u00f3rios Personalizados\",\"url\":\"https:\/\/dogtagclan.com.br\/blog\/\",\"sameAs\":[\"https:\/\/www.facebook.com\/dogtagclan\"],\"logo\":{\"@type\":\"ImageObject\",\"@id\":\"https:\/\/dogtagclan.com.br\/blog\/#logo\",\"inLanguage\":\"pt-BR\",\"url\":\"https:\/\/dogtagclan.com.br\/blog\/wp-content\/uploads\/2023\/02\/cropped-doftagclan-logo.png\",\"width\":250,\"height\":140,\"caption\":\"DogTagClan | Dog Tags, Crach\\u00e1s e Acess\\u00f3rios Personalizados\"},\"image\":{\"@id\":\"https:\/\/dogtagclan.com.br\/blog\/#logo\"}},{\"@type\":\"WebSite\",\"@id\":\"https:\/\/dogtagclan.com.br\/blog\/#website\",\"url\":\"https:\/\/dogtagclan.com.br\/blog\/\",\"name\":\"DogTagClan Blog\",\"description\":\"A gente faz, do seu Jeito\",\"publisher\":{\"@id\":\"https:\/\/dogtagclan.com.br\/blog\/#organization\"},\"potentialAction\":[{\"@type\":\"SearchAction\",\"target\":\"https:\/\/dogtagclan.com.br\/blog\/?s={search_term_string}\",\"query-input\":\"required name=search_term_string\"}],\"inLanguage\":\"pt-BR\"},{\"@type\":\"ImageObject\",\"@id\":\"https:\/\/dogtagclan.com.br\/blog\/cordao-pqd-paraquedista-com-dog-tag-personalizada-honra-que-se-leva-no-peito\/#primaryimage\",\"inLanguage\":\"pt-BR\",\"url\":\"https:\/\/dogtagclan.com.br\/blog\/wp-content\/uploads\/2025\/05\/PQD-paraquedista.jpg\",\"width\":1024,\"height\":1024,\"caption\":\"Dog Tag PQD gravada em a\\u00e7o inox com dados personalizados. Ideal para militares e colecionadores.\"},{\"@type\":\"WebPage\",\"@id\":\"https:\/\/dogtagclan.com.br\/blog\/cordao-pqd-paraquedista-com-dog-tag-personalizada-honra-que-se-leva-no-peito\/#webpage\",\"url\":\"https:\/\/dogtagclan.com.br\/blog\/cordao-pqd-paraquedista-com-dog-tag-personalizada-honra-que-se-leva-no-peito\/\",\"name\":\"Cord\\u00e3o PQD Paraquedista com Dog Tag Personalizada \\u2013 Honra Que Se Leva no Peito | DogTagClan Blog\",\"isPartOf\":{\"@id\":\"https:\/\/dogtagclan.com.br\/blog\/#website\"},\"primaryImageOfPage\":{\"@id\":\"https:\/\/dogtagclan.com.br\/blog\/cordao-pqd-paraquedista-com-dog-tag-personalizada-honra-que-se-leva-no-peito\/#primaryimage\"},\"datePublished\":\"2025-05-15T20:22:53+00:00\",\"dateModified\":\"2025-05-16T11:31:52+00:00\",\"description\":\"Se voc\\u00ea \\u00e9 PQD ou admira a tradi\\u00e7\\u00e3o dos paraquedistas do Ex\\u00e9rcito Brasileiro, este artigo \\u00e9 para voc\\u00ea. Neste conte\\u00fado pilar, vamos te apresentar\",\"inLanguage\":\"pt-BR\",\"potentialAction\":[{\"@type\":\"ReadAction\",\"target\":[\"https:\/\/dogtagclan.com.br\/blog\/cordao-pqd-paraquedista-com-dog-tag-personalizada-honra-que-se-leva-no-peito\/\"]}]},{\"@type\":\"Article\",\"@id\":\"https:\/\/dogtagclan.com.br\/blog\/cordao-pqd-paraquedista-com-dog-tag-personalizada-honra-que-se-leva-no-peito\/#article\",\"isPartOf\":{\"@id\":\"https:\/\/dogtagclan.com.br\/blog\/cordao-pqd-paraquedista-com-dog-tag-personalizada-honra-que-se-leva-no-peito\/#webpage\"},\"author\":{\"@id\":\"https:\/\/dogtagclan.com.br\/blog\/#\/schema\/person\/b7279d930f15e2a85c89cd3b2f1d8df5\"},\"headline\":\"Cord\\u00e3o PQD Paraquedista com Dog Tag Personalizada \\u2013 Honra Que Se Leva no Peito\",\"datePublished\":\"2025-05-15T20:22:53+00:00\",\"dateModified\":\"2025-05-16T11:31:52+00:00\",\"mainEntityOfPage\":{\"@id\":\"https:\/\/dogtagclan.com.br\/blog\/cordao-pqd-paraquedista-com-dog-tag-personalizada-honra-que-se-leva-no-peito\/#webpage\"},\"commentCount\":0,\"publisher\":{\"@id\":\"https:\/\/dogtagclan.com.br\/blog\/#organization\"},\"image\":{\"@id\":\"https:\/\/dogtagclan.com.br\/blog\/cordao-pqd-paraquedista-com-dog-tag-personalizada-honra-que-se-leva-no-peito\/#primaryimage\"},\"keywords\":\"boneco do ex\\u00e9rcito,boneco militar pqd,boneco pqd com dog tag,dog tag personalizada,dog tag pqd,estatueta com base personalizada,estatueta com nome gravado,estatueta com plaquinha,estatueta militar,estatueta militar decorativa,estatueta paraquedista,miniatura militar personalizada,pqd brasil,presente dia do paraquedista,presente dia do soldado,presente militar personalizado,presente para paraquedista\",\"articleSection\":\"Dog tags,Dog Tags Personalizadas\",\"inLanguage\":\"pt-BR\",\"potentialAction\":[{\"@type\":\"CommentAction\",\"name\":\"Comment\",\"target\":[\"https:\/\/dogtagclan.com.br\/blog\/cordao-pqd-paraquedista-com-dog-tag-personalizada-honra-que-se-leva-no-peito\/#respond\"]}]},{\"@type\":\"Person\",\"@id\":\"https:\/\/dogtagclan.com.br\/blog\/#\/schema\/person\/b7279d930f15e2a85c89cd3b2f1d8df5\",\"name\":\"dogtagclan\",\"description\":\"\\\"A DogTagClan \\u00e9 especializada na fabrica\\u00e7\\u00e3o e personaliza\\u00e7\\u00e3o de Dog Tags, crach\\u00e1s e acess\\u00f3rios. Produzimos pe\\u00e7as em a\\u00e7o inoxid\\u00e1vel com grava\\u00e7\\u00f5es de alta precis\\u00e3o para identifica\\u00e7\\u00e3o pessoal e profissional.\\\"\",\"sameAs\":[\"https:\/\/blog.dogtagclan.com.br\",\"https:\/\/www.facebook.com\/dogtagclan\",\"https:\/\/www.instagram.com\/dogtagclan\",\"https:\/\/twitter.com\/https:\/\/x.com\/Dogtagclanclan\",\"https:\/\/www.youtube.com\/dogtagclan\"]}]}<\/script>\n<!-- \/ Yoast SEO Premium plugin. -->","_links":{"self":[{"href":"https:\/\/dogtagclan.com.br\/blog\/wp-json\/wp\/v2\/posts\/4207"}],"collection":[{"href":"https:\/\/dogtagclan.com.br\/blog\/wp-json\/wp\/v2\/posts"}],"about":[{"href":"https:\/\/dogtagclan.com.br\/blog\/wp-json\/wp\/v2\/types\/post"}],"author":[{"embeddable":true,"href":"https:\/\/dogtagclan.com.br\/blog\/wp-json\/wp\/v2\/users\/1"}],"replies":[{"embeddable":true,"href":"https:\/\/dogtagclan.com.br\/blog\/wp-json\/wp\/v2\/comments?post=4207"}],"version-history":[{"count":0,"href":"https:\/\/dogtagclan.com.br\/blog\/wp-json\/wp\/v2\/posts\/4207\/revisions"}],"wp:featuredmedia":[{"embeddable":true,"href":"https:\/\/dogtagclan.com.br\/blog\/wp-json\/wp\/v2\/media\/4205"}],"wp:attachment":[{"href":"https:\/\/dogtagclan.com.br\/blog\/wp-json\/wp\/v2\/media?parent=4207"}],"wp:term":[{"taxonomy":"category","embeddable":true,"href":"https:\/\/dogtagclan.com.br\/blog\/wp-json\/wp\/v2\/categories?post=4207"},{"taxonomy":"post_tag","embeddable":true,"href":"https:\/\/dogtagclan.com.br\/blog\/wp-json\/wp\/v2\/tags?post=4207"}],"curies":[{"name":"wp","href":"https:\/\/api.w.org\/{rel}","templated":true}]}}