{"id":4197,"date":"2025-05-14T18:33:35","date_gmt":"2025-05-14T21:33:35","guid":{"rendered":"https:\/\/dogtagclan.com.br\/blog\/?p=4197"},"modified":"2025-05-14T18:35:03","modified_gmt":"2025-05-14T21:35:03","slug":"%f0%9f%95%af%ef%b8%8f-dog-tag-caveira-da-justica-com-brilho-no-escuro-luminol-tatico-e-personalizado","status":"publish","type":"post","link":"https:\/\/dogtagclan.com.br\/blog\/%f0%9f%95%af%ef%b8%8f-dog-tag-caveira-da-justica-com-brilho-no-escuro-luminol-tatico-e-personalizado\/","title":{"rendered":"\ud83d\udd6f\ufe0f Dog Tag Caveira da Justi\u00e7a com Brilho no Escuro \u2013 Luminol T\u00e1tico e Personalizado"},"content":{"rendered":"\n<p>Se voc\u00ea procura uma <strong>dog tag diferenciada, com presen\u00e7a forte, visual impactante e que brilha no escuro<\/strong>, a <strong>Dog Tag Caveira da Justi\u00e7a Luminol<\/strong> \u00e9 a escolha perfeita. Um acess\u00f3rio <strong>t\u00e1tico, simb\u00f3lico e funcional<\/strong>, ideal para quem valoriza for\u00e7a, honra e identidade.<\/p>\n\n\n\n<figure class=\"wp-block-image size-full is-resized\"><a href=\"https:\/\/dogtagclan.com.br\/produto\/dog-tag-luminol-personalizada-brilha-no-escuro\"><img decoding=\"async\" width=\"500\" height=\"500\" src=\"https:\/\/dogtagclan.com.br\/blog\/wp-content\/uploads\/2025\/05\/brilha-no-escuro.jpg\" alt=\"\" class=\"wp-image-4198\" style=\"width:432px;height:auto\" srcset=\"https:\/\/dogtagclan.com.br\/blog\/wp-content\/uploads\/2025\/05\/brilha-no-escuro.jpg 500w, https:\/\/dogtagclan.com.br\/blog\/wp-content\/uploads\/2025\/05\/brilha-no-escuro-300x300.jpg 300w, https:\/\/dogtagclan.com.br\/blog\/wp-content\/uploads\/2025\/05\/brilha-no-escuro-150x150.jpg 150w, https:\/\/dogtagclan.com.br\/blog\/wp-content\/uploads\/2025\/05\/brilha-no-escuro-96x96.jpg 96w\" sizes=\"(max-width: 500px) 100vw, 500px\" \/><\/a><\/figure>\n\n\n\n<hr class=\"wp-block-separator has-alpha-channel-opacity\"\/>\n\n\n\n<h3 class=\"wp-block-heading\" id=\"h-o-significado-da-caveira-da-justi-a\">\u2694\ufe0f O Significado da Caveira da Justi\u00e7a<\/h3>\n\n\n\n<p>Essa dog tag foi criada para representar aqueles que <strong>n\u00e3o se calam diante do mal<\/strong>, e mant\u00eam a cabe\u00e7a erguida mesmo nas batalhas mais intensas. A caveira representa a firmeza, o senso de justi\u00e7a e a lealdade a um prop\u00f3sito \u2014 e agora, com a vers\u00e3o luminol, isso <strong>brilha at\u00e9 no escuro<\/strong>.<\/p>\n\n\n\n<hr class=\"wp-block-separator has-alpha-channel-opacity\"\/>\n\n\n\n<h3 class=\"wp-block-heading\" id=\"h-o-que-a-dog-tag-luminol\">\u2728 O Que \u00e9 a Dog Tag Luminol?<\/h3>\n\n\n\n<p>A dog tag luminol \u00e9 feita com um revestimento especial que, <strong>ap\u00f3s exposi\u00e7\u00e3o \u00e0 luz forte (como l\u00e2mpada ou sol)<\/strong>, brilha intensamente no escuro. A composi\u00e7\u00e3o qu\u00edmica do material reage \u00e0 luz e <strong>ativa um efeito visual incr\u00edvel<\/strong>, especialmente em ambientes com pouca ilumina\u00e7\u00e3o.<\/p>\n\n\n\n<hr class=\"wp-block-separator has-alpha-channel-opacity\"\/>\n\n\n\n<h3 class=\"wp-block-heading\" id=\"h-caracter-sticas-da-dog-tag-caveira-da-justi-a-luminol\">\ud83d\udccb Caracter\u00edsticas da Dog Tag Caveira da Justi\u00e7a Luminol<\/h3>\n\n\n\n<ul>\n<li>\u2705 <strong>Brilha no escuro<\/strong> ap\u00f3s ser ativada com luz direta (sol ou l\u00e2mpada)<\/li>\n\n\n\n<li>\u2705 <strong>Chapa de a\u00e7o personalizada<\/strong> com a caveira da justi\u00e7a em estilo t\u00e1tico<\/li>\n\n\n\n<li>\u2705 <strong>Grava\u00e7\u00e3o personalizada<\/strong> com nome, tipo sangu\u00edneo, frase ou s\u00edmbolo<\/li>\n\n\n\n<li>\u2705 <strong>Corrente de bolinha em n\u00edquel de 60cm<\/strong> (ou inox, sob pedido)<\/li>\n\n\n\n<li>\u2705 <strong>Silenciadores laterais ou nos 4 cantos<\/strong>, conforme sua escolha<\/li>\n\n\n\n<li>\u2705 <strong>Produto leve, vers\u00e1til e impactante<\/strong><\/li>\n\n\n\n<li>\u2705 <strong>Enviamos para todo o Brasil com FRETE GR\u00c1TIS<\/strong> em modelo luminol<\/li>\n<\/ul>\n\n\n\n<hr class=\"wp-block-separator has-alpha-channel-opacity\"\/>\n\n\n\n<figure class=\"wp-block-image size-full is-resized\"><a href=\"https:\/\/dogtagclan.com.br\/produto\/dog-tag-luminol-personalizada-brilha-no-escuro\"><img decoding=\"async\" width=\"500\" height=\"500\" src=\"https:\/\/dogtagclan.com.br\/blog\/wp-content\/uploads\/2025\/05\/dog-tag-luminol-tatico.jpg\" alt=\"\" class=\"wp-image-4201\" style=\"width:550px;height:auto\" srcset=\"https:\/\/dogtagclan.com.br\/blog\/wp-content\/uploads\/2025\/05\/dog-tag-luminol-tatico.jpg 500w, https:\/\/dogtagclan.com.br\/blog\/wp-content\/uploads\/2025\/05\/dog-tag-luminol-tatico-300x300.jpg 300w, https:\/\/dogtagclan.com.br\/blog\/wp-content\/uploads\/2025\/05\/dog-tag-luminol-tatico-150x150.jpg 150w, https:\/\/dogtagclan.com.br\/blog\/wp-content\/uploads\/2025\/05\/dog-tag-luminol-tatico-96x96.jpg 96w\" sizes=\"(max-width: 500px) 100vw, 500px\" \/><\/a><\/figure>\n\n\n\n<h3 class=\"wp-block-heading\" id=\"h-como-ativar-o-brilho-no-escuro-luminol\">\ud83d\udd26 Como Ativar o Brilho no Escuro (Luminol)<\/h3>\n\n\n\n<ol>\n<li><strong>Exponha sua Dog Tag \u00e0 luz forte por cerca de 5 minutos.<\/strong> Pode ser sol direto ou l\u00e2mpada branca potente.<\/li>\n\n\n\n<li><strong>Use normalmente ao longo do dia.<\/strong> O visual t\u00e1tico j\u00e1 chama aten\u00e7\u00e3o com ou sem brilho.<\/li>\n\n\n\n<li><strong>\u00c0 noite ou em ambientes escuros<\/strong>, ela ir\u00e1 brilhar com intensidade.<\/li>\n\n\n\n<li><strong>Quer prolongar o brilho?<\/strong> Use luz negra! O efeito luminol dura muito mais sob esse tipo de ilumina\u00e7\u00e3o.<\/li>\n<\/ol>\n\n\n\n<hr class=\"wp-block-separator has-alpha-channel-opacity\"\/>\n\n\n\n<h3 class=\"wp-block-heading\" id=\"h-para-quem-essa-dog-tag\">\ud83c\udf81 Para Quem \u00c9 Essa Dog Tag?<\/h3>\n\n\n\n<ul>\n<li>Para quem gosta de <strong>acess\u00f3rios t\u00e1ticos e estilosos<\/strong><\/li>\n\n\n\n<li>Para <strong>presentear amigos ou familiares com atitude<\/strong><\/li>\n\n\n\n<li>Para <strong>colecionadores de dog tags militares e tem\u00e1ticas<\/strong><\/li>\n\n\n\n<li>Para quem <strong>valoriza s\u00edmbolos de for\u00e7a, coragem e justi\u00e7a<\/strong><\/li>\n<\/ul>\n\n\n\n<hr class=\"wp-block-separator has-alpha-channel-opacity\"\/>\n\n\n\n<h3 class=\"wp-block-heading\" id=\"h-onde-comprar-a-dog-tag-luminol-caveira-da-justi-a\">\ud83d\uded2 Onde Comprar a Dog Tag Luminol Caveira da Justi\u00e7a?<\/h3>\n\n\n\n<p>Voc\u00ea encontra aqui mesmo, na <strong><a href=\"https:\/\/dogtagclan.com.br\/produto\/dog-tag-luminol-personalizada-brilha-no-escuro\">DogTagClan.com.br<\/a><\/strong> \u2014 especialistas em <strong>dog tags personalizadas<\/strong>, com envio para todo o Brasil.<\/p>\n\n\n\n<p>\ud83d\udcac <strong>Atendimento direto via WhatsApp<\/strong>: <a>Clique aqui para falar agora mesmo<\/a><br>\ud83d\udcf8 Siga-nos no Instagram para ver modelos reais: <a class=\"\" href=\"https:\/\/www.instagram.com\/dogtagclan\" target=\"_blank\" rel=\"noopener\">@dogtagclan<\/a><\/p>\n\n\n\n<hr class=\"wp-block-separator has-alpha-channel-opacity\"\/>\n\n\n\n<h3 class=\"wp-block-heading\" id=\"h-conclus-o\">\ud83d\udccc Conclus\u00e3o<\/h3>\n\n\n\n<p>A <strong>Dog Tag Caveira da Justi\u00e7a com Brilho no Escuro<\/strong> \u00e9 mais do que um acess\u00f3rio: \u00e9 um <strong>s\u00edmbolo de for\u00e7a, lealdade e prop\u00f3sito<\/strong>. Combinando estilo t\u00e1tico, funcionalidade e impacto visual, ela \u00e9 ideal para quem quer <strong>marcar presen\u00e7a \u2013 at\u00e9 no escuro<\/strong>.<\/p>\n","protected":false},"excerpt":{"rendered":"<p>Se voc\u00ea procura uma dog tag diferenciada, com presen\u00e7a forte, visual impactante e que brilha no escuro, a Dog Tag<\/p>\n","protected":false},"author":1,"featured_media":4198,"comment_status":"open","ping_status":"open","sticky":false,"template":"","format":"standard","meta":{"footnotes":""},"categories":[11,17],"tags":[1178,1173,1148,1179,1174,1175,1176,1177],"yoast_head":"<!-- This site is optimized with the Yoast SEO Premium plugin v15.5 - https:\/\/yoast.com\/wordpress\/plugins\/seo\/ -->\n<title>\ud83d\udd6f\ufe0f Dog Tag Caveira da Justi\u00e7a com Brilho no Escuro \u2013 Luminol T\u00e1tico e Personalizado | DogTagClan Blog<\/title>\n<meta name=\"description\" content=\"Se voc\u00ea procura uma dog tag diferenciada, com presen\u00e7a forte, visual impactante e que brilha no escuro, a Dog Tag Caveira da Justi\u00e7a Luminol\" \/>\n<meta name=\"robots\" content=\"index, follow, max-snippet:-1, max-image-preview:large, max-video-preview:-1\" \/>\n<link rel=\"canonical\" href=\"https:\/\/dogtagclan.com.br\/blog\/\ud83d\udd6f\ufe0f-dog-tag-caveira-da-justica-com-brilho-no-escuro-luminol-tatico-e-personalizado\/\" \/>\n<meta property=\"og:locale\" content=\"pt_BR\" \/>\n<meta property=\"og:type\" content=\"article\" \/>\n<meta property=\"og:title\" content=\"\ud83d\udd6f\ufe0f Dog Tag Caveira da Justi\u00e7a com Brilho no Escuro \u2013 Luminol T\u00e1tico e Personalizado | DogTagClan Blog\" \/>\n<meta property=\"og:description\" content=\"Se voc\u00ea procura uma dog tag diferenciada, com presen\u00e7a forte, visual impactante e que brilha no escuro, a Dog Tag Caveira da Justi\u00e7a Luminol\" \/>\n<meta property=\"og:url\" content=\"https:\/\/dogtagclan.com.br\/blog\/\ud83d\udd6f\ufe0f-dog-tag-caveira-da-justica-com-brilho-no-escuro-luminol-tatico-e-personalizado\/\" \/>\n<meta property=\"og:site_name\" content=\"DogTagClan Blog\" \/>\n<meta property=\"article:publisher\" content=\"https:\/\/www.facebook.com\/dogtagclan\" \/>\n<meta property=\"article:author\" content=\"https:\/\/www.facebook.com\/dogtagclan\" \/>\n<meta property=\"article:published_time\" content=\"2025-05-14T21:33:35+00:00\" \/>\n<meta property=\"article:modified_time\" content=\"2025-05-14T21:35:03+00:00\" \/>\n<meta property=\"og:image\" content=\"https:\/\/dogtagclan.com.br\/blog\/wp-content\/uploads\/2025\/05\/brilha-no-escuro.jpg\" \/>\n\t<meta property=\"og:image:width\" content=\"500\" \/>\n\t<meta property=\"og:image:height\" content=\"500\" \/>\n<meta name=\"twitter:card\" content=\"summary_large_image\" \/>\n<meta name=\"twitter:creator\" content=\"@https:\/\/x.com\/Dogtagclanclan\" \/>\n<meta name=\"twitter:label1\" content=\"Est. tempo de leitura\">\n\t<meta name=\"twitter:data1\" content=\"2 minutos\">\n<script type=\"application\/ld+json\" class=\"yoast-schema-graph\">{\"@context\":\"https:\/\/schema.org\",\"@graph\":[{\"@type\":\"Organization\",\"@id\":\"https:\/\/dogtagclan.com.br\/blog\/#organization\",\"name\":\"DogTagClan | Dog Tags, Crach\\u00e1s e Acess\\u00f3rios Personalizados\",\"url\":\"https:\/\/dogtagclan.com.br\/blog\/\",\"sameAs\":[\"https:\/\/www.facebook.com\/dogtagclan\"],\"logo\":{\"@type\":\"ImageObject\",\"@id\":\"https:\/\/dogtagclan.com.br\/blog\/#logo\",\"inLanguage\":\"pt-BR\",\"url\":\"https:\/\/dogtagclan.com.br\/blog\/wp-content\/uploads\/2023\/02\/cropped-doftagclan-logo.png\",\"width\":250,\"height\":140,\"caption\":\"DogTagClan | Dog Tags, Crach\\u00e1s e Acess\\u00f3rios Personalizados\"},\"image\":{\"@id\":\"https:\/\/dogtagclan.com.br\/blog\/#logo\"}},{\"@type\":\"WebSite\",\"@id\":\"https:\/\/dogtagclan.com.br\/blog\/#website\",\"url\":\"https:\/\/dogtagclan.com.br\/blog\/\",\"name\":\"DogTagClan Blog\",\"description\":\"A gente faz, do seu Jeito\",\"publisher\":{\"@id\":\"https:\/\/dogtagclan.com.br\/blog\/#organization\"},\"potentialAction\":[{\"@type\":\"SearchAction\",\"target\":\"https:\/\/dogtagclan.com.br\/blog\/?s={search_term_string}\",\"query-input\":\"required name=search_term_string\"}],\"inLanguage\":\"pt-BR\"},{\"@type\":\"ImageObject\",\"@id\":\"https:\/\/dogtagclan.com.br\/blog\/%f0%9f%95%af%ef%b8%8f-dog-tag-caveira-da-justica-com-brilho-no-escuro-luminol-tatico-e-personalizado\/#primaryimage\",\"inLanguage\":\"pt-BR\",\"url\":\"https:\/\/dogtagclan.com.br\/blog\/wp-content\/uploads\/2025\/05\/brilha-no-escuro.jpg\",\"width\":500,\"height\":500,\"caption\":\"Dog tag personalizada com caveira luminol que brilha no escuro. Design exclusivo da DogTagClan com silenciadores.\"},{\"@type\":\"WebPage\",\"@id\":\"https:\/\/dogtagclan.com.br\/blog\/%f0%9f%95%af%ef%b8%8f-dog-tag-caveira-da-justica-com-brilho-no-escuro-luminol-tatico-e-personalizado\/#webpage\",\"url\":\"https:\/\/dogtagclan.com.br\/blog\/%f0%9f%95%af%ef%b8%8f-dog-tag-caveira-da-justica-com-brilho-no-escuro-luminol-tatico-e-personalizado\/\",\"name\":\"\\ud83d\\udd6f\\ufe0f Dog Tag Caveira da Justi\\u00e7a com Brilho no Escuro \\u2013 Luminol T\\u00e1tico e Personalizado | DogTagClan Blog\",\"isPartOf\":{\"@id\":\"https:\/\/dogtagclan.com.br\/blog\/#website\"},\"primaryImageOfPage\":{\"@id\":\"https:\/\/dogtagclan.com.br\/blog\/%f0%9f%95%af%ef%b8%8f-dog-tag-caveira-da-justica-com-brilho-no-escuro-luminol-tatico-e-personalizado\/#primaryimage\"},\"datePublished\":\"2025-05-14T21:33:35+00:00\",\"dateModified\":\"2025-05-14T21:35:03+00:00\",\"description\":\"Se voc\\u00ea procura uma dog tag diferenciada, com presen\\u00e7a forte, visual impactante e que brilha no escuro, a Dog Tag Caveira da Justi\\u00e7a Luminol\",\"inLanguage\":\"pt-BR\",\"potentialAction\":[{\"@type\":\"ReadAction\",\"target\":[\"https:\/\/dogtagclan.com.br\/blog\/%f0%9f%95%af%ef%b8%8f-dog-tag-caveira-da-justica-com-brilho-no-escuro-luminol-tatico-e-personalizado\/\"]}]},{\"@type\":\"Article\",\"@id\":\"https:\/\/dogtagclan.com.br\/blog\/%f0%9f%95%af%ef%b8%8f-dog-tag-caveira-da-justica-com-brilho-no-escuro-luminol-tatico-e-personalizado\/#article\",\"isPartOf\":{\"@id\":\"https:\/\/dogtagclan.com.br\/blog\/%f0%9f%95%af%ef%b8%8f-dog-tag-caveira-da-justica-com-brilho-no-escuro-luminol-tatico-e-personalizado\/#webpage\"},\"author\":{\"@id\":\"https:\/\/dogtagclan.com.br\/blog\/#\/schema\/person\/b7279d930f15e2a85c89cd3b2f1d8df5\"},\"headline\":\"\\ud83d\\udd6f\\ufe0f Dog Tag Caveira da Justi\\u00e7a com Brilho no Escuro \\u2013 Luminol T\\u00e1tico e Personalizado\",\"datePublished\":\"2025-05-14T21:33:35+00:00\",\"dateModified\":\"2025-05-14T21:35:03+00:00\",\"mainEntityOfPage\":{\"@id\":\"https:\/\/dogtagclan.com.br\/blog\/%f0%9f%95%af%ef%b8%8f-dog-tag-caveira-da-justica-com-brilho-no-escuro-luminol-tatico-e-personalizado\/#webpage\"},\"commentCount\":0,\"publisher\":{\"@id\":\"https:\/\/dogtagclan.com.br\/blog\/#organization\"},\"image\":{\"@id\":\"https:\/\/dogtagclan.com.br\/blog\/%f0%9f%95%af%ef%b8%8f-dog-tag-caveira-da-justica-com-brilho-no-escuro-luminol-tatico-e-personalizado\/#primaryimage\"},\"keywords\":\"dog tag caveira luminol personalizada,dog tag caveira que brilha no escuro,dog tag luminol,dog tag luminol justiceiro,dog tag luminol t\\u00e1tica,dog tag personalizada luminol,dog tag t\\u00e1tica luminol,placa luminol com caveira\",\"articleSection\":\"Dog tags,Dog Tags Personalizadas\",\"inLanguage\":\"pt-BR\",\"potentialAction\":[{\"@type\":\"CommentAction\",\"name\":\"Comment\",\"target\":[\"https:\/\/dogtagclan.com.br\/blog\/%f0%9f%95%af%ef%b8%8f-dog-tag-caveira-da-justica-com-brilho-no-escuro-luminol-tatico-e-personalizado\/#respond\"]}]},{\"@type\":\"Person\",\"@id\":\"https:\/\/dogtagclan.com.br\/blog\/#\/schema\/person\/b7279d930f15e2a85c89cd3b2f1d8df5\",\"name\":\"dogtagclan\",\"description\":\"\\\"A DogTagClan \\u00e9 especializada na fabrica\\u00e7\\u00e3o e personaliza\\u00e7\\u00e3o de Dog Tags, crach\\u00e1s e acess\\u00f3rios. Produzimos pe\\u00e7as em a\\u00e7o inoxid\\u00e1vel com grava\\u00e7\\u00f5es de alta precis\\u00e3o para identifica\\u00e7\\u00e3o pessoal e profissional.\\\"\",\"sameAs\":[\"https:\/\/blog.dogtagclan.com.br\",\"https:\/\/www.facebook.com\/dogtagclan\",\"https:\/\/www.instagram.com\/dogtagclan\",\"https:\/\/twitter.com\/https:\/\/x.com\/Dogtagclanclan\",\"https:\/\/www.youtube.com\/dogtagclan\"]}]}<\/script>\n<!-- \/ Yoast SEO Premium plugin. -->","_links":{"self":[{"href":"https:\/\/dogtagclan.com.br\/blog\/wp-json\/wp\/v2\/posts\/4197"}],"collection":[{"href":"https:\/\/dogtagclan.com.br\/blog\/wp-json\/wp\/v2\/posts"}],"about":[{"href":"https:\/\/dogtagclan.com.br\/blog\/wp-json\/wp\/v2\/types\/post"}],"author":[{"embeddable":true,"href":"https:\/\/dogtagclan.com.br\/blog\/wp-json\/wp\/v2\/users\/1"}],"replies":[{"embeddable":true,"href":"https:\/\/dogtagclan.com.br\/blog\/wp-json\/wp\/v2\/comments?post=4197"}],"version-history":[{"count":0,"href":"https:\/\/dogtagclan.com.br\/blog\/wp-json\/wp\/v2\/posts\/4197\/revisions"}],"wp:featuredmedia":[{"embeddable":true,"href":"https:\/\/dogtagclan.com.br\/blog\/wp-json\/wp\/v2\/media\/4198"}],"wp:attachment":[{"href":"https:\/\/dogtagclan.com.br\/blog\/wp-json\/wp\/v2\/media?parent=4197"}],"wp:term":[{"taxonomy":"category","embeddable":true,"href":"https:\/\/dogtagclan.com.br\/blog\/wp-json\/wp\/v2\/categories?post=4197"},{"taxonomy":"post_tag","embeddable":true,"href":"https:\/\/dogtagclan.com.br\/blog\/wp-json\/wp\/v2\/tags?post=4197"}],"curies":[{"name":"wp","href":"https:\/\/api.w.org\/{rel}","templated":true}]}}